{"id":42189,"date":"2022-05-27T07:28:49","date_gmt":"2022-05-27T10:28:49","guid":{"rendered":"http:\/\/lahoradelcampo.com.uy\/site\/?p=42189"},"modified":"2022-05-27T07:28:54","modified_gmt":"2022-05-27T10:28:54","slug":"la-calidad-define-los-valores-y-la-demanda-en-australia","status":"publish","type":"post","link":"https:\/\/lahoradelcampo.com.uy\/site\/la-calidad-define-los-valores-y-la-demanda-en-australia\/","title":{"rendered":"La calidad define los valores y la demanda en Australia"},"content":{"rendered":"\n<figure class=\"wp-block-image\"><img data-recalc-dims=\"1\" loading=\"lazy\" decoding=\"async\" width=\"810\" height=\"405\" data-attachment-id=\"11359\" data-permalink=\"https:\/\/lahoradelcampo.com.uy\/site\/mayo-cerro-con-el-ime-recuperandose-luego-de-una-fuerte-baja\/lanas-australia-a\/\" data-orig-file=\"https:\/\/i0.wp.com\/lahoradelcampo.com.uy\/site\/wp-content\/uploads\/2019\/05\/lanas-australia-a.jpg?fit=880%2C440&amp;ssl=1\" data-orig-size=\"880,440\" data-comments-opened=\"1\" data-image-meta=\"{&quot;aperture&quot;:&quot;0&quot;,&quot;credit&quot;:&quot;&quot;,&quot;camera&quot;:&quot;&quot;,&quot;caption&quot;:&quot;&quot;,&quot;created_timestamp&quot;:&quot;0&quot;,&quot;copyright&quot;:&quot;&quot;,&quot;focal_length&quot;:&quot;0&quot;,&quot;iso&quot;:&quot;0&quot;,&quot;shutter_speed&quot;:&quot;0&quot;,&quot;title&quot;:&quot;&quot;,&quot;orientation&quot;:&quot;1&quot;}\" data-image-title=\"lanas australia a\" data-image-description=\"\" data-image-caption=\"\" data-large-file=\"https:\/\/i0.wp.com\/lahoradelcampo.com.uy\/site\/wp-content\/uploads\/2019\/05\/lanas-australia-a.jpg?fit=810%2C405&amp;ssl=1\" src=\"https:\/\/i0.wp.com\/lahoradelcampo.com.uy\/site\/wp-content\/uploads\/2019\/05\/lanas-australia-a.jpg?resize=810%2C405\" alt=\"\" class=\"wp-image-11359\" srcset=\"https:\/\/i0.wp.com\/lahoradelcampo.com.uy\/site\/wp-content\/uploads\/2019\/05\/lanas-australia-a.jpg?w=880&amp;ssl=1 880w, https:\/\/i0.wp.com\/lahoradelcampo.com.uy\/site\/wp-content\/uploads\/2019\/05\/lanas-australia-a.jpg?resize=300%2C150&amp;ssl=1 300w, https:\/\/i0.wp.com\/lahoradelcampo.com.uy\/site\/wp-content\/uploads\/2019\/05\/lanas-australia-a.jpg?resize=768%2C384&amp;ssl=1 768w, https:\/\/i0.wp.com\/lahoradelcampo.com.uy\/site\/wp-content\/uploads\/2019\/05\/lanas-australia-a.jpg?resize=820%2C410&amp;ssl=1 820w\" sizes=\"auto, (max-width: 810px) 100vw, 810px\" \/><\/figure>\n\n\n\n<p>La semana tuvo dos jornadas opuestas para el Indicador de Mercados del Este (IME) en d\u00f3lares estadounidenses y se confirm\u00f3 el quiebre en la tendencia alcista que tra\u00eda en la moneda local. <\/p>\n\n\n\n<p>El principal factor que determina la competencia entre los compradores es la calidad de la oferta, donde se presentaron lotes con bajo rendimiento al lavado, mayor presencia de contenido de materia vegetal y vellones con un nivel de color superior al esperado por los compradores. <br><\/p>\n\n\n\n<p>La demanda contin\u00faa enfocada en lanas finas, principalmente, con mayor inter\u00e9s por lotes de calidad superior y con certificaci\u00f3n Non Mulesing. Es pr\u00e1cticamente un consenso entre los operadores australianos, que los valores altos que se han venido registrando en ese tipo de micronajes se debe a la limitada oferta que existe en el mercado, en este tramo final de la zafra, donde la calidad de la oferta tiende a ser inferior. <br><\/p>\n\n\n\n<p>En el caso de las lanas medias, hubo oferta de vellones de buena calidad y con certificaci\u00f3n Non Mulesing, sin embargo los valores propuestos no conformaron a los vendedores que ten\u00edan expectativas superiores, lo que disminuyo el nivel de venta. <br><\/p>\n\n\n\n<p>La problem\u00e1tica de la log\u00edstica contin\u00faa siendo un factor de gran preocupaci\u00f3n entre los operadores, ya que esto impacta directamente en el flujo de efecto. A medida que el arribo de la lana a destino se extiende en el tiempo, tambi\u00e9n se prorroga el pago final de dicha compra. <br><\/p>\n\n\n\n<p>El IME cerr\u00f3 la semana en US$ 10,08 por kilogramo base limpia, luego de haber alcanzado los US$ 10,12 en la primera jornada. M\u00e1s all\u00e1 de la ca\u00edda en el \u00faltimo d\u00eda, el indicador cerr\u00f3 con una suba de cuatro centavos sobre el cierre del pasado mi\u00e9rcoles 18 de mayo.<br><\/p>\n\n\n\n<p>En la moneda australiana el mercado cerr\u00f3 en A$ 14,20 perdiendo 14 centavos en la semana. De esta manera se frena una suba de ocho subastas consecutivas (cuatro semanas) donde el indicador alcanz\u00f3 los A$ 14,34 por kilogramo base limpia. <br><\/p>\n\n\n\n<p>Las ventas continuar\u00e1n la pr\u00f3xima semana durante los d\u00edas martes y mi\u00e9rcoles, con una oferta inscripta que cae por debajo de los 40.000 fardos. La semana n\u00famero 48 de la presente zafra tendr\u00e1 un volumen de 38.011 fardos, que se distribuir\u00e1n en los tres centros de ventas. <br><\/p>\n\n\n\n<p>Por su parte, a partir de la semana 49, el mercado de Fremantle tendr\u00e1 una pausa de quince d\u00edas sin comercializaci\u00f3n, por lo que contin\u00faa siendo limitada la oferta en el mercado, lo que podr\u00eda mantener la demanda firme y cautelosa, dependiendo de la calidad de la oferta. <\/p>\n\n\n\n<p>Salto, 27 de mayo de 2022<\/p>\n","protected":false},"excerpt":{"rendered":"<p>La semana tuvo dos jornadas opuestas para el Indicador de Mercados del Este (IME) en d\u00f3lares estadounidenses y se confirm\u00f3 el quiebre en la tendencia alcista que tra\u00eda en la [&hellip;]<\/p>\n","protected":false},"author":5,"featured_media":11359,"comment_status":"open","ping_status":"open","sticky":false,"template":"","format":"standard","meta":{"_price":"","_stock":"","_tribe_ticket_header":"","_tribe_default_ticket_provider":"","_tribe_ticket_capacity":"0","_ticket_start_date":"","_ticket_end_date":"","_tribe_ticket_show_description":"","_tribe_ticket_show_not_going":false,"_tribe_ticket_use_global_stock":"","_tribe_ticket_global_stock_level":"","_global_stock_mode":"","_global_stock_cap":"","_tribe_rsvp_for_event":"","_tribe_ticket_going_count":"","_tribe_ticket_not_going_count":"","_tribe_tickets_list":"[]","_tribe_ticket_has_attendee_info_fields":false,"h5ap_radio_sources":[],"_jetpack_newsletter_access":"","_jetpack_dont_email_post_to_subs":false,"_jetpack_newsletter_tier_id":0,"_jetpack_memberships_contains_paywalled_content":false,"_jetpack_memberships_contains_paid_content":false,"footnotes":""},"categories":[21,13],"tags":[],"class_list":["post-42189","post","type-post","status-publish","format-standard","has-post-thumbnail","hentry","category-actualidad","category-ovinos"],"jetpack_featured_media_url":"https:\/\/i0.wp.com\/lahoradelcampo.com.uy\/site\/wp-content\/uploads\/2019\/05\/lanas-australia-a.jpg?fit=880%2C440&ssl=1","jetpack_sharing_enabled":true,"jetpack_shortlink":"https:\/\/wp.me\/p99IaT-aYt","jetpack-related-posts":[{"id":56992,"url":"https:\/\/lahoradelcampo.com.uy\/site\/australia-con-suba-sostenida-y-fuerte-demanda-ojo-con-el-aumento-de-oferta\/","url_meta":{"origin":42189,"position":0},"title":"Australia con suba sostenida y fuerte demanda; ojo con el aumento de oferta","author":"La Hora del Campo","date":"3 octubre, 2025","format":false,"excerpt":"La semana cerr\u00f3 con una nueva y pronunciada suba en los precios de la lana en Australia. El Indicador de Mercados del Este (IME) cerr\u00f3 en 15,65 d\u00f3lares australianos por kilogramo base limpia, en los dos d\u00edas de ventas el indicador avanz\u00f3 112 centavos en la moneda australiana. El mercado\u2026","rel":"","context":"En \u00abActualidad\u00bb","block_context":{"text":"Actualidad","link":"https:\/\/lahoradelcampo.com.uy\/site\/category\/actualidad\/"},"img":{"alt_text":"","src":"https:\/\/i0.wp.com\/lahoradelcampo.com.uy\/site\/wp-content\/uploads\/2018\/03\/Lanaa.jpg?fit=880%2C440&ssl=1&resize=350%2C200","width":350,"height":200,"srcset":"https:\/\/i0.wp.com\/lahoradelcampo.com.uy\/site\/wp-content\/uploads\/2018\/03\/Lanaa.jpg?fit=880%2C440&ssl=1&resize=350%2C200 1x, https:\/\/i0.wp.com\/lahoradelcampo.com.uy\/site\/wp-content\/uploads\/2018\/03\/Lanaa.jpg?fit=880%2C440&ssl=1&resize=525%2C300 1.5x, https:\/\/i0.wp.com\/lahoradelcampo.com.uy\/site\/wp-content\/uploads\/2018\/03\/Lanaa.jpg?fit=880%2C440&ssl=1&resize=700%2C400 2x"},"classes":[]},{"id":51513,"url":"https:\/\/lahoradelcampo.com.uy\/site\/se-comercializo-el-100-de-la-oferta-en-el-remate-virtual-del-norte\/","url_meta":{"origin":42189,"position":1},"title":"Se comercializ\u00f3 el 100% de la oferta en el Remate Virtual del Norte","author":"La Hora del Campo","date":"29 junio, 2023","format":false,"excerpt":"El Remate Virtual del Norte, realizado ayer en el local de la parrillada \"El Port\u00f3n\", ha dejado buenos resultados para el sector ganadero. Con una oferta voluminosa y de alta calidad, el remate logr\u00f3 vender el 100% de los lotes subastados, dejando satisfechos a los organizadores y participantes. Desde el\u2026","rel":"","context":"En \u00abActualidad\u00bb","block_context":{"text":"Actualidad","link":"https:\/\/lahoradelcampo.com.uy\/site\/category\/actualidad\/"},"img":{"alt_text":"","src":"https:\/\/i0.wp.com\/lahoradelcampo.com.uy\/site\/wp-content\/uploads\/2023\/06\/RVN-Beriauremate.jpg?fit=880%2C440&ssl=1&resize=350%2C200","width":350,"height":200,"srcset":"https:\/\/i0.wp.com\/lahoradelcampo.com.uy\/site\/wp-content\/uploads\/2023\/06\/RVN-Beriauremate.jpg?fit=880%2C440&ssl=1&resize=350%2C200 1x, https:\/\/i0.wp.com\/lahoradelcampo.com.uy\/site\/wp-content\/uploads\/2023\/06\/RVN-Beriauremate.jpg?fit=880%2C440&ssl=1&resize=525%2C300 1.5x, https:\/\/i0.wp.com\/lahoradelcampo.com.uy\/site\/wp-content\/uploads\/2023\/06\/RVN-Beriauremate.jpg?fit=880%2C440&ssl=1&resize=700%2C400 2x"},"classes":[]},{"id":17276,"url":"https:\/\/lahoradelcampo.com.uy\/site\/el-ime-cerro-la-primera-semana-de-febrero-al-alza\/","url_meta":{"origin":42189,"position":2},"title":"El IME cerr\u00f3 la primera  semana de febrero al alza","author":"La Hora del Campo","date":"7 febrero, 2020","format":false,"excerpt":"En la \u00faltima venta del mes de enero, el mercado lanero australiano mostraba un esbozo de mejoras en el Indicador de Mercados del Este (IME), a pesar que en el contexto general del mes, no lograba recuperar todo lo ganado en la primera venta luego del receso de las tradicionales\u2026","rel":"","context":"En \u00abActualidad\u00bb","block_context":{"text":"Actualidad","link":"https:\/\/lahoradelcampo.com.uy\/site\/category\/actualidad\/"},"img":{"alt_text":"","src":"https:\/\/i0.wp.com\/lahoradelcampo.com.uy\/site\/wp-content\/uploads\/2018\/03\/lana.jpg?fit=880%2C440&ssl=1&resize=350%2C200","width":350,"height":200,"srcset":"https:\/\/i0.wp.com\/lahoradelcampo.com.uy\/site\/wp-content\/uploads\/2018\/03\/lana.jpg?fit=880%2C440&ssl=1&resize=350%2C200 1x, https:\/\/i0.wp.com\/lahoradelcampo.com.uy\/site\/wp-content\/uploads\/2018\/03\/lana.jpg?fit=880%2C440&ssl=1&resize=525%2C300 1.5x, https:\/\/i0.wp.com\/lahoradelcampo.com.uy\/site\/wp-content\/uploads\/2018\/03\/lana.jpg?fit=880%2C440&ssl=1&resize=700%2C400 2x"},"classes":[]},{"id":13288,"url":"https:\/\/lahoradelcampo.com.uy\/site\/manana-se-retoman-las-ventas-en-el-mercado-lanero-australiano\/","url_meta":{"origin":42189,"position":3},"title":"Ma\u00f1ana se retoman las ventas en el mercado lanero australiano","author":"La Hora del Campo","date":"6 agosto, 2019","format":false,"excerpt":"Esta semana se reactiva el mercado lanero australiano, con mucha expectativa a nivel del mercado interno, teniendo en cuenta la quietud con la que se encuentra tanto la oferta como la demanda. El receso que ha transcurrido en las \u00faltimas tres semanas, como es tradicional, coincide con el verano en\u2026","rel":"","context":"En \u00abActualidad\u00bb","block_context":{"text":"Actualidad","link":"https:\/\/lahoradelcampo.com.uy\/site\/category\/actualidad\/"},"img":{"alt_text":"","src":"https:\/\/i0.wp.com\/lahoradelcampo.com.uy\/site\/wp-content\/uploads\/2019\/06\/Lanas-s.jpg?fit=880%2C440&ssl=1&resize=350%2C200","width":350,"height":200,"srcset":"https:\/\/i0.wp.com\/lahoradelcampo.com.uy\/site\/wp-content\/uploads\/2019\/06\/Lanas-s.jpg?fit=880%2C440&ssl=1&resize=350%2C200 1x, https:\/\/i0.wp.com\/lahoradelcampo.com.uy\/site\/wp-content\/uploads\/2019\/06\/Lanas-s.jpg?fit=880%2C440&ssl=1&resize=525%2C300 1.5x, https:\/\/i0.wp.com\/lahoradelcampo.com.uy\/site\/wp-content\/uploads\/2019\/06\/Lanas-s.jpg?fit=880%2C440&ssl=1&resize=700%2C400 2x"},"classes":[]},{"id":1989,"url":"https:\/\/lahoradelcampo.com.uy\/site\/aumento-de-la-oferta-bajo-los-precios-de-la-frutilla\/","url_meta":{"origin":42189,"position":4},"title":"Aumento de la oferta bajo  los precios de la frutilla","author":"La Hora del Campo","date":"1 octubre, 2017","format":false,"excerpt":"La producci\u00f3n de frutillas del sur viene en franco aumento - superando el 55% de la oferta- y con una mejor\u00eda en las calidad, ya que las condiciones de excesos de humedad han cesado en cierta forma, generando un escenario de precios a la baja. Si bien la tendencia es\u2026","rel":"","context":"En \u00abGranja\u00bb","block_context":{"text":"Granja","link":"https:\/\/lahoradelcampo.com.uy\/site\/category\/granja\/"},"img":{"alt_text":"","src":"https:\/\/i0.wp.com\/lahoradelcampo.com.uy\/site\/wp-content\/uploads\/2017\/09\/Frutilla.jpg?fit=880%2C440&ssl=1&resize=350%2C200","width":350,"height":200,"srcset":"https:\/\/i0.wp.com\/lahoradelcampo.com.uy\/site\/wp-content\/uploads\/2017\/09\/Frutilla.jpg?fit=880%2C440&ssl=1&resize=350%2C200 1x, https:\/\/i0.wp.com\/lahoradelcampo.com.uy\/site\/wp-content\/uploads\/2017\/09\/Frutilla.jpg?fit=880%2C440&ssl=1&resize=525%2C300 1.5x, https:\/\/i0.wp.com\/lahoradelcampo.com.uy\/site\/wp-content\/uploads\/2017\/09\/Frutilla.jpg?fit=880%2C440&ssl=1&resize=700%2C400 2x"},"classes":[]},{"id":44719,"url":"https:\/\/lahoradelcampo.com.uy\/site\/la-fluctuacion-cambiaria-incidio-fuertemente-en-el-retorno-del-ime\/","url_meta":{"origin":42189,"position":5},"title":"La fluctuaci\u00f3n cambiaria incidi\u00f3 fuertemente en el retorno del IME","author":"La Hora del Campo","date":"12 agosto, 2022","format":false,"excerpt":"La fluctuaci\u00f3n cambiaria esta semana, impulsada por los datos de la inflaci\u00f3n en Estados Unidos y el freno a un nuevo aumento de las tasas de inter\u00e9s, gener\u00f3 una importante variabilidad en las referencias de los distintos micronajes en el retorno del mercado lanero australiano, tras el receso de tres\u2026","rel":"","context":"En \u00abActualidad\u00bb","block_context":{"text":"Actualidad","link":"https:\/\/lahoradelcampo.com.uy\/site\/category\/actualidad\/"},"img":{"alt_text":"","src":"https:\/\/i0.wp.com\/lahoradelcampo.com.uy\/site\/wp-content\/uploads\/2022\/06\/Lana-australia3.jpg?fit=880%2C440&ssl=1&resize=350%2C200","width":350,"height":200,"srcset":"https:\/\/i0.wp.com\/lahoradelcampo.com.uy\/site\/wp-content\/uploads\/2022\/06\/Lana-australia3.jpg?fit=880%2C440&ssl=1&resize=350%2C200 1x, https:\/\/i0.wp.com\/lahoradelcampo.com.uy\/site\/wp-content\/uploads\/2022\/06\/Lana-australia3.jpg?fit=880%2C440&ssl=1&resize=525%2C300 1.5x, https:\/\/i0.wp.com\/lahoradelcampo.com.uy\/site\/wp-content\/uploads\/2022\/06\/Lana-australia3.jpg?fit=880%2C440&ssl=1&resize=700%2C400 2x"},"classes":[]}],"jetpack_likes_enabled":true,"_links":{"self":[{"href":"https:\/\/lahoradelcampo.com.uy\/site\/wp-json\/wp\/v2\/posts\/42189","targetHints":{"allow":["GET"]}}],"collection":[{"href":"https:\/\/lahoradelcampo.com.uy\/site\/wp-json\/wp\/v2\/posts"}],"about":[{"href":"https:\/\/lahoradelcampo.com.uy\/site\/wp-json\/wp\/v2\/types\/post"}],"author":[{"embeddable":true,"href":"https:\/\/lahoradelcampo.com.uy\/site\/wp-json\/wp\/v2\/users\/5"}],"replies":[{"embeddable":true,"href":"https:\/\/lahoradelcampo.com.uy\/site\/wp-json\/wp\/v2\/comments?post=42189"}],"version-history":[{"count":1,"href":"https:\/\/lahoradelcampo.com.uy\/site\/wp-json\/wp\/v2\/posts\/42189\/revisions"}],"predecessor-version":[{"id":42191,"href":"https:\/\/lahoradelcampo.com.uy\/site\/wp-json\/wp\/v2\/posts\/42189\/revisions\/42191"}],"wp:featuredmedia":[{"embeddable":true,"href":"https:\/\/lahoradelcampo.com.uy\/site\/wp-json\/wp\/v2\/media\/11359"}],"wp:attachment":[{"href":"https:\/\/lahoradelcampo.com.uy\/site\/wp-json\/wp\/v2\/media?parent=42189"}],"wp:term":[{"taxonomy":"category","embeddable":true,"href":"https:\/\/lahoradelcampo.com.uy\/site\/wp-json\/wp\/v2\/categories?post=42189"},{"taxonomy":"post_tag","embeddable":true,"href":"https:\/\/lahoradelcampo.com.uy\/site\/wp-json\/wp\/v2\/tags?post=42189"}],"curies":[{"name":"wp","href":"https:\/\/api.w.org\/{rel}","templated":true}]}}