{"id":42185,"date":"2022-05-27T07:25:43","date_gmt":"2022-05-27T10:25:43","guid":{"rendered":"http:\/\/lahoradelcampo.com.uy\/site\/?p=42185"},"modified":"2022-05-27T07:25:49","modified_gmt":"2022-05-27T10:25:49","slug":"aru-anuncio-la-apertura-de-las-pre-inscripciones-para-expo-prado","status":"publish","type":"post","link":"https:\/\/lahoradelcampo.com.uy\/site\/aru-anuncio-la-apertura-de-las-pre-inscripciones-para-expo-prado\/","title":{"rendered":"ARU anunci\u00f3 la apertura de las pre-inscripciones para Expo Prado"},"content":{"rendered":"\n<figure class=\"wp-block-image\"><img data-recalc-dims=\"1\" loading=\"lazy\" decoding=\"async\" width=\"810\" height=\"405\" data-attachment-id=\"14291\" data-permalink=\"https:\/\/lahoradelcampo.com.uy\/site\/el-yunque-presento-el-gran-campeon-aberdeen-angus\/angus-prado\/\" data-orig-file=\"https:\/\/i0.wp.com\/lahoradelcampo.com.uy\/site\/wp-content\/uploads\/2019\/09\/Angus-Prado.jpg?fit=880%2C440&amp;ssl=1\" data-orig-size=\"880,440\" data-comments-opened=\"1\" data-image-meta=\"{&quot;aperture&quot;:&quot;0&quot;,&quot;credit&quot;:&quot;&quot;,&quot;camera&quot;:&quot;&quot;,&quot;caption&quot;:&quot;&quot;,&quot;created_timestamp&quot;:&quot;0&quot;,&quot;copyright&quot;:&quot;&quot;,&quot;focal_length&quot;:&quot;0&quot;,&quot;iso&quot;:&quot;0&quot;,&quot;shutter_speed&quot;:&quot;0&quot;,&quot;title&quot;:&quot;&quot;,&quot;orientation&quot;:&quot;1&quot;}\" data-image-title=\"Angus Prado\" data-image-description=\"\" data-image-caption=\"\" data-large-file=\"https:\/\/i0.wp.com\/lahoradelcampo.com.uy\/site\/wp-content\/uploads\/2019\/09\/Angus-Prado.jpg?fit=810%2C405&amp;ssl=1\" src=\"https:\/\/i0.wp.com\/lahoradelcampo.com.uy\/site\/wp-content\/uploads\/2019\/09\/Angus-Prado.jpg?resize=810%2C405\" alt=\"\" class=\"wp-image-14291\" srcset=\"https:\/\/i0.wp.com\/lahoradelcampo.com.uy\/site\/wp-content\/uploads\/2019\/09\/Angus-Prado.jpg?w=880&amp;ssl=1 880w, https:\/\/i0.wp.com\/lahoradelcampo.com.uy\/site\/wp-content\/uploads\/2019\/09\/Angus-Prado.jpg?resize=300%2C150&amp;ssl=1 300w, https:\/\/i0.wp.com\/lahoradelcampo.com.uy\/site\/wp-content\/uploads\/2019\/09\/Angus-Prado.jpg?resize=768%2C384&amp;ssl=1 768w, https:\/\/i0.wp.com\/lahoradelcampo.com.uy\/site\/wp-content\/uploads\/2019\/09\/Angus-Prado.jpg?resize=820%2C410&amp;ssl=1 820w\" sizes=\"auto, (max-width: 810px) 100vw, 810px\" \/><\/figure>\n\n\n\n<p>La Asociaci\u00f3n Rural del Uruguay emiti\u00f3 un comunicado en el cual da a conocer la apertura de las pre-inscripciones para la pr\u00f3xima edici\u00f3n de la Expo Prado que tendr\u00e1 lugar del 9 al 18 de setiembre.<br><\/p>\n\n\n\n<p>Las pre-inscripciones de animales estar\u00e1 vigente del 10 al 30 de junio, en tanto que la confirmaci\u00f3n ser\u00e1 del 8 al 9 de agosto. <\/p>\n\n\n\n<p>Al mismo tiempo se informa a los caba\u00f1eros que el envi\u00f3 de Muestras de ADN hasta el 15 de julio mantendr\u00e1n la tarifa normal, en tanto que entre el 16 y 29 de julio la tarifa ser\u00e1 doble.  <\/p>\n\n\n\n<p>Salto, 27 de mayo de 2022<\/p>\n","protected":false},"excerpt":{"rendered":"<p>La Asociaci\u00f3n Rural del Uruguay emiti\u00f3 un comunicado en el cual da a conocer la apertura de las pre-inscripciones para la pr\u00f3xima edici\u00f3n de la Expo Prado que tendr\u00e1 lugar [&hellip;]<\/p>\n","protected":false},"author":5,"featured_media":14291,"comment_status":"open","ping_status":"open","sticky":false,"template":"","format":"standard","meta":{"_price":"","_stock":"","_tribe_ticket_header":"","_tribe_default_ticket_provider":"","_tribe_ticket_capacity":"0","_ticket_start_date":"","_ticket_end_date":"","_tribe_ticket_show_description":"","_tribe_ticket_show_not_going":false,"_tribe_ticket_use_global_stock":"","_tribe_ticket_global_stock_level":"","_global_stock_mode":"","_global_stock_cap":"","_tribe_rsvp_for_event":"","_tribe_ticket_going_count":"","_tribe_ticket_not_going_count":"","_tribe_tickets_list":"[]","_tribe_ticket_has_attendee_info_fields":false,"h5ap_radio_sources":[],"_jetpack_newsletter_access":"","_jetpack_dont_email_post_to_subs":false,"_jetpack_newsletter_tier_id":0,"_jetpack_memberships_contains_paywalled_content":false,"_jetpack_memberships_contains_paid_content":false,"footnotes":""},"categories":[21,5],"tags":[],"class_list":["post-42185","post","type-post","status-publish","format-standard","has-post-thumbnail","hentry","category-actualidad","category-ganaderia"],"jetpack_featured_media_url":"https:\/\/i0.wp.com\/lahoradelcampo.com.uy\/site\/wp-content\/uploads\/2019\/09\/Angus-Prado.jpg?fit=880%2C440&ssl=1","jetpack_sharing_enabled":true,"jetpack_shortlink":"https:\/\/wp.me\/p99IaT-aYp","jetpack-related-posts":[{"id":21952,"url":"https:\/\/lahoradelcampo.com.uy\/site\/hoy-cierran-las-pre-inscripciones-para-la-expo-prado-2020\/","url_meta":{"origin":42185,"position":0},"title":"Hoy cierran  las pre-inscripciones para la Expo Prado 2020","author":"La Hora del Campo","date":"20 julio, 2020","format":false,"excerpt":"Hoy cierra el periodo de pre inscripciones para Expo Prado2020, aquellos animales que no entren en este periodo, no podr\u00e1n participar de la muestra. Seg\u00fan se\u00f1alaron desde ARU, se viene trabajando a buen ritmo, recibiendo animales diariamente y con un buen n\u00famero de caba\u00f1as. La confirmaci\u00f3n de estos animales ser\u00e1\u2026","rel":"","context":"En \u00abActualidad\u00bb","block_context":{"text":"Actualidad","link":"https:\/\/lahoradelcampo.com.uy\/site\/category\/actualidad\/"},"img":{"alt_text":"","src":"https:\/\/i0.wp.com\/lahoradelcampo.com.uy\/site\/wp-content\/uploads\/2017\/09\/Hereford-Galp%C3%B3n-Prado.jpg?fit=880%2C440&ssl=1&resize=350%2C200","width":350,"height":200,"srcset":"https:\/\/i0.wp.com\/lahoradelcampo.com.uy\/site\/wp-content\/uploads\/2017\/09\/Hereford-Galp%C3%B3n-Prado.jpg?fit=880%2C440&ssl=1&resize=350%2C200 1x, https:\/\/i0.wp.com\/lahoradelcampo.com.uy\/site\/wp-content\/uploads\/2017\/09\/Hereford-Galp%C3%B3n-Prado.jpg?fit=880%2C440&ssl=1&resize=525%2C300 1.5x, https:\/\/i0.wp.com\/lahoradelcampo.com.uy\/site\/wp-content\/uploads\/2017\/09\/Hereford-Galp%C3%B3n-Prado.jpg?fit=880%2C440&ssl=1&resize=700%2C400 2x"},"classes":[]},{"id":22016,"url":"https:\/\/lahoradelcampo.com.uy\/site\/aru-prorrogo-las-pre-inscripciones-para-el-prado\/","url_meta":{"origin":42185,"position":1},"title":"ARU prorrog\u00f3 las pre-inscripciones para el Prado","author":"La Hora del Campo","date":"21 julio, 2020","format":false,"excerpt":"La Asociaci\u00f3n Rural del Uruguay (ARU) defini\u00f3 prorrogar hasta el 24 de julio las pre-inscripciones para la participaci\u00f3n en la Expo Prado 2020. Las confirmaciones se realizaran desde el 10 al 21 de agosto. Hasta el momento y de acuerdo al di\u00e1logo con las autoridades de gobierno, la muestra se\u2026","rel":"","context":"En \u00abActualidad\u00bb","block_context":{"text":"Actualidad","link":"https:\/\/lahoradelcampo.com.uy\/site\/category\/actualidad\/"},"img":{"alt_text":"","src":"https:\/\/i0.wp.com\/lahoradelcampo.com.uy\/site\/wp-content\/uploads\/2020\/07\/expopradoweb.jpg?fit=880%2C440&ssl=1&resize=350%2C200","width":350,"height":200,"srcset":"https:\/\/i0.wp.com\/lahoradelcampo.com.uy\/site\/wp-content\/uploads\/2020\/07\/expopradoweb.jpg?fit=880%2C440&ssl=1&resize=350%2C200 1x, https:\/\/i0.wp.com\/lahoradelcampo.com.uy\/site\/wp-content\/uploads\/2020\/07\/expopradoweb.jpg?fit=880%2C440&ssl=1&resize=525%2C300 1.5x, https:\/\/i0.wp.com\/lahoradelcampo.com.uy\/site\/wp-content\/uploads\/2020\/07\/expopradoweb.jpg?fit=880%2C440&ssl=1&resize=700%2C400 2x"},"classes":[]},{"id":21662,"url":"https:\/\/lahoradelcampo.com.uy\/site\/expo-prado-sin-publico\/","url_meta":{"origin":42185,"position":2},"title":"Expo Prado: Sin p\u00fablico","author":"La Hora del Campo","date":"9 julio, 2020","format":false,"excerpt":"Este lunes se reunieron las gremiales integrantes de la Asociaci\u00f3n Rural del Uruguay, v\u00eda virtual, donde se analiz\u00f3 el avance de las pre-inscripciones para la Expo Prado 2020, as\u00ed como tambi\u00e9n la respuesta de las autoridades luego de la \u00faltima reuni\u00f3n en Torre Ejecutiva. De acuerdo a la informaci\u00f3n publicada\u2026","rel":"","context":"En \u00abActualidad\u00bb","block_context":{"text":"Actualidad","link":"https:\/\/lahoradelcampo.com.uy\/site\/category\/actualidad\/"},"img":{"alt_text":"","src":"https:\/\/i0.wp.com\/lahoradelcampo.com.uy\/site\/wp-content\/uploads\/2019\/09\/Angus-Prado.jpg?fit=880%2C440&ssl=1&resize=350%2C200","width":350,"height":200,"srcset":"https:\/\/i0.wp.com\/lahoradelcampo.com.uy\/site\/wp-content\/uploads\/2019\/09\/Angus-Prado.jpg?fit=880%2C440&ssl=1&resize=350%2C200 1x, https:\/\/i0.wp.com\/lahoradelcampo.com.uy\/site\/wp-content\/uploads\/2019\/09\/Angus-Prado.jpg?fit=880%2C440&ssl=1&resize=525%2C300 1.5x, https:\/\/i0.wp.com\/lahoradelcampo.com.uy\/site\/wp-content\/uploads\/2019\/09\/Angus-Prado.jpg?fit=880%2C440&ssl=1&resize=700%2C400 2x"},"classes":[]},{"id":30826,"url":"https:\/\/lahoradelcampo.com.uy\/site\/expo-prado-exigira-la-vacunacion-contra-el-covid-19-para-autorizar-el-ingreso\/","url_meta":{"origin":42185,"position":3},"title":"Expo Prado exigir\u00e1 la vacunaci\u00f3n contra el Covid-19 para autorizar el ingreso","author":"La Hora del Campo","date":"2 junio, 2021","format":false,"excerpt":"En su reuni\u00f3n semanal, la directiva de la Asociaci\u00f3n Rural del Uruguay tomo definici\u00f3n en varios temas de cara a la Edici\u00f3n 2021 de la Expo Prado, donde adem\u00e1s se celebraran los 150 a\u00f1os de la gremial organizadora. Uno de los cambios m\u00e1s importantes tiene que ver con la duraci\u00f3n\u2026","rel":"","context":"En \u00abActualidad\u00bb","block_context":{"text":"Actualidad","link":"https:\/\/lahoradelcampo.com.uy\/site\/category\/actualidad\/"},"img":{"alt_text":"","src":"https:\/\/i0.wp.com\/lahoradelcampo.com.uy\/site\/wp-content\/uploads\/2021\/06\/expoprado.jpg?fit=880%2C440&ssl=1&resize=350%2C200","width":350,"height":200,"srcset":"https:\/\/i0.wp.com\/lahoradelcampo.com.uy\/site\/wp-content\/uploads\/2021\/06\/expoprado.jpg?fit=880%2C440&ssl=1&resize=350%2C200 1x, https:\/\/i0.wp.com\/lahoradelcampo.com.uy\/site\/wp-content\/uploads\/2021\/06\/expoprado.jpg?fit=880%2C440&ssl=1&resize=525%2C300 1.5x, https:\/\/i0.wp.com\/lahoradelcampo.com.uy\/site\/wp-content\/uploads\/2021\/06\/expoprado.jpg?fit=880%2C440&ssl=1&resize=700%2C400 2x"},"classes":[]},{"id":32542,"url":"https:\/\/lahoradelcampo.com.uy\/site\/juan-manuel-gonzalez-sera-el-jurado-del-merino-en-la-prado-2021\/","url_meta":{"origin":42185,"position":4},"title":"Juan Manuel Gonz\u00e1lez ser\u00e1 el jurado del Merino en la Prado 2021","author":"La Hora del Campo","date":"29 julio, 2021","format":false,"excerpt":"D\u00edas atr\u00e1s le dimos a conocer que el Dr. Pedro Scremini, t\u00e9cnico del Secretariado Uruguayo de la Lana, ser\u00e1 el jurado de la raza Hampshire Down. Posteriormente se fueron definiendo jurados de otras razas, entre ellas la Texel, Corriedale y Merino Australiano. En el caso de la raza Merino Australiano,\u2026","rel":"","context":"En \u00abActualidad\u00bb","block_context":{"text":"Actualidad","link":"https:\/\/lahoradelcampo.com.uy\/site\/category\/actualidad\/"},"img":{"alt_text":"","src":"https:\/\/i0.wp.com\/lahoradelcampo.com.uy\/site\/wp-content\/uploads\/2018\/01\/Merino.jpg?fit=880%2C440&ssl=1&resize=350%2C200","width":350,"height":200,"srcset":"https:\/\/i0.wp.com\/lahoradelcampo.com.uy\/site\/wp-content\/uploads\/2018\/01\/Merino.jpg?fit=880%2C440&ssl=1&resize=350%2C200 1x, https:\/\/i0.wp.com\/lahoradelcampo.com.uy\/site\/wp-content\/uploads\/2018\/01\/Merino.jpg?fit=880%2C440&ssl=1&resize=525%2C300 1.5x, https:\/\/i0.wp.com\/lahoradelcampo.com.uy\/site\/wp-content\/uploads\/2018\/01\/Merino.jpg?fit=880%2C440&ssl=1&resize=700%2C400 2x"},"classes":[]},{"id":51846,"url":"https:\/\/lahoradelcampo.com.uy\/site\/aru-prepara-reservas-de-agua-para-la-expo-prado-2023\/","url_meta":{"origin":42185,"position":5},"title":"ARU prepara reservas de agua para la Expo Prado 2023","author":"La Hora del Campo","date":"19 julio, 2023","format":false,"excerpt":"La Expo Prado, uno de los eventos m\u00e1s importantes del sector agropecuario en Uruguay, se acerca y trae consigo expectativas y desaf\u00edos para los organizadores. El Ing. Agr. Patricio Cortabarr\u00eda, presidente de la Asociaci\u00f3n Rural del Uruguay (ARU), se\u00f1al\u00f3 que uno de los m\u00e1s importantes retos que tendr\u00e1 la gremial,\u2026","rel":"","context":"En \u00abActualidad\u00bb","block_context":{"text":"Actualidad","link":"https:\/\/lahoradelcampo.com.uy\/site\/category\/actualidad\/"},"img":{"alt_text":"","src":"https:\/\/i0.wp.com\/lahoradelcampo.com.uy\/site\/wp-content\/uploads\/2023\/07\/ARU-prado1.jpg?fit=880%2C440&ssl=1&resize=350%2C200","width":350,"height":200,"srcset":"https:\/\/i0.wp.com\/lahoradelcampo.com.uy\/site\/wp-content\/uploads\/2023\/07\/ARU-prado1.jpg?fit=880%2C440&ssl=1&resize=350%2C200 1x, https:\/\/i0.wp.com\/lahoradelcampo.com.uy\/site\/wp-content\/uploads\/2023\/07\/ARU-prado1.jpg?fit=880%2C440&ssl=1&resize=525%2C300 1.5x, https:\/\/i0.wp.com\/lahoradelcampo.com.uy\/site\/wp-content\/uploads\/2023\/07\/ARU-prado1.jpg?fit=880%2C440&ssl=1&resize=700%2C400 2x"},"classes":[]}],"jetpack_likes_enabled":true,"_links":{"self":[{"href":"https:\/\/lahoradelcampo.com.uy\/site\/wp-json\/wp\/v2\/posts\/42185","targetHints":{"allow":["GET"]}}],"collection":[{"href":"https:\/\/lahoradelcampo.com.uy\/site\/wp-json\/wp\/v2\/posts"}],"about":[{"href":"https:\/\/lahoradelcampo.com.uy\/site\/wp-json\/wp\/v2\/types\/post"}],"author":[{"embeddable":true,"href":"https:\/\/lahoradelcampo.com.uy\/site\/wp-json\/wp\/v2\/users\/5"}],"replies":[{"embeddable":true,"href":"https:\/\/lahoradelcampo.com.uy\/site\/wp-json\/wp\/v2\/comments?post=42185"}],"version-history":[{"count":1,"href":"https:\/\/lahoradelcampo.com.uy\/site\/wp-json\/wp\/v2\/posts\/42185\/revisions"}],"predecessor-version":[{"id":42187,"href":"https:\/\/lahoradelcampo.com.uy\/site\/wp-json\/wp\/v2\/posts\/42185\/revisions\/42187"}],"wp:featuredmedia":[{"embeddable":true,"href":"https:\/\/lahoradelcampo.com.uy\/site\/wp-json\/wp\/v2\/media\/14291"}],"wp:attachment":[{"href":"https:\/\/lahoradelcampo.com.uy\/site\/wp-json\/wp\/v2\/media?parent=42185"}],"wp:term":[{"taxonomy":"category","embeddable":true,"href":"https:\/\/lahoradelcampo.com.uy\/site\/wp-json\/wp\/v2\/categories?post=42185"},{"taxonomy":"post_tag","embeddable":true,"href":"https:\/\/lahoradelcampo.com.uy\/site\/wp-json\/wp\/v2\/tags?post=42185"}],"curies":[{"name":"wp","href":"https:\/\/api.w.org\/{rel}","templated":true}]}}