{"id":42177,"date":"2022-05-27T07:35:52","date_gmt":"2022-05-27T10:35:52","guid":{"rendered":"http:\/\/lahoradelcampo.com.uy\/site\/?p=42177"},"modified":"2022-05-27T07:35:56","modified_gmt":"2022-05-27T10:35:56","slug":"las-jornadas-de-buiatria-vuelven-a-la-presencialidad","status":"publish","type":"post","link":"https:\/\/lahoradelcampo.com.uy\/site\/las-jornadas-de-buiatria-vuelven-a-la-presencialidad\/","title":{"rendered":"Las jornadas de buiatr\u00eda vuelven a la presencialidad"},"content":{"rendered":"\n<figure class=\"wp-block-image\"><img data-recalc-dims=\"1\" loading=\"lazy\" decoding=\"async\" width=\"810\" height=\"405\" data-attachment-id=\"42197\" data-permalink=\"https:\/\/lahoradelcampo.com.uy\/site\/las-jornadas-de-buiatria-vuelven-a-la-presencialidad\/buiatria-lanzamiento22\/\" data-orig-file=\"https:\/\/i0.wp.com\/lahoradelcampo.com.uy\/site\/wp-content\/uploads\/2022\/05\/Buiatria-lanzamiento22.jpg?fit=880%2C440&amp;ssl=1\" data-orig-size=\"880,440\" data-comments-opened=\"1\" data-image-meta=\"{&quot;aperture&quot;:&quot;0&quot;,&quot;credit&quot;:&quot;&quot;,&quot;camera&quot;:&quot;&quot;,&quot;caption&quot;:&quot;&quot;,&quot;created_timestamp&quot;:&quot;0&quot;,&quot;copyright&quot;:&quot;&quot;,&quot;focal_length&quot;:&quot;0&quot;,&quot;iso&quot;:&quot;0&quot;,&quot;shutter_speed&quot;:&quot;0&quot;,&quot;title&quot;:&quot;&quot;,&quot;orientation&quot;:&quot;1&quot;}\" data-image-title=\"Buiatria-lanzamiento22\" data-image-description=\"\" data-image-caption=\"\" data-large-file=\"https:\/\/i0.wp.com\/lahoradelcampo.com.uy\/site\/wp-content\/uploads\/2022\/05\/Buiatria-lanzamiento22.jpg?fit=810%2C405&amp;ssl=1\" src=\"https:\/\/i0.wp.com\/lahoradelcampo.com.uy\/site\/wp-content\/uploads\/2022\/05\/Buiatria-lanzamiento22.jpg?resize=810%2C405\" alt=\"\" class=\"wp-image-42197\" srcset=\"https:\/\/i0.wp.com\/lahoradelcampo.com.uy\/site\/wp-content\/uploads\/2022\/05\/Buiatria-lanzamiento22.jpg?w=880&amp;ssl=1 880w, https:\/\/i0.wp.com\/lahoradelcampo.com.uy\/site\/wp-content\/uploads\/2022\/05\/Buiatria-lanzamiento22.jpg?resize=300%2C150&amp;ssl=1 300w, https:\/\/i0.wp.com\/lahoradelcampo.com.uy\/site\/wp-content\/uploads\/2022\/05\/Buiatria-lanzamiento22.jpg?resize=768%2C384&amp;ssl=1 768w, https:\/\/i0.wp.com\/lahoradelcampo.com.uy\/site\/wp-content\/uploads\/2022\/05\/Buiatria-lanzamiento22.jpg?resize=820%2C410&amp;ssl=1 820w\" sizes=\"auto, (max-width: 810px) 100vw, 810px\" \/><\/figure>\n\n\n\n<p>La 49\u00aa edici\u00f3n de las Jornadas Uruguayas de Buiatr\u00eda se realizar\u00e1 los d\u00edas jueves 9 y viernes 10 de junio a nivel del Sal\u00f3n Egeo y el s\u00e1bado 11 de junio con una serie de cursillos en la estaci\u00f3n de la Facultad de Agronom\u00eda (EEMAC) en Paysand\u00fa. En el lanzamiento de estas jornadas, realizado en el Ministerio de Ganader\u00eda, Agricultura y Pesca (MGAP) se remarc\u00f3 la importancia de la discusi\u00f3n de los temas m\u00e1s importantes desde el punto de vista sanitario para el sector ganadero. <br><\/p>\n\n\n\n<p>El Ing. Agr. Fernando Mattos, remarc\u00f3 la importancia de la ganader\u00eda para la econom\u00eda del pa\u00eds, tanto bovina, como ovina y lechera, por lo que destac\u00f3 \u00ablo importante que significa los aspectos vinculados a la sanidad como elemento fundamental para lograr objetivos productivos y atendiendo los aspectos vinculados a las certificaciones sanitarias correspondientes que nos exigen los mercados\u00bb. <br><\/p>\n\n\n\n<p>El ministro dijo que el desaf\u00edo de la producci\u00f3n, \u00abm\u00e1s intensiva bajo el r\u00e9gimen de una realidad del cambio clim\u00e1tico que nos desaf\u00eda, significa m\u00e1s trasiego de animales\u00bb lo cual tambi\u00e9n ejerce una presi\u00f3n m\u00e1s firme sobre \u00abaspectos vinculados a enfermedades y parasitosis\u00bb paras las que se desarrollan \u00abcampa\u00f1as sanitarias que se deben llevar adelante con eficiencia y con un esp\u00edritu cooperativo entre los servicios oficiales y el libre ejercicio de la profesi\u00f3n, pero tambi\u00e9n con los productores\u00bb. <br><\/p>\n\n\n\n<p>Mattos se\u00f1al\u00f3 el \u00abrespaldo del Ministerio de Ganader\u00eda a esta iniciativa tan tradicional del Centro M\u00e9dico de Paysand\u00fa, que colabora y contribuye hace tantos a\u00f1os\u00bb y adelant\u00f3 que \u00abestaremos presentes, si estamos en el cargo, en el a\u00f1o 50 que se realizar\u00e1 en el 2023\u00bb. <br><\/p>\n\n\n\n<p>El Dr. Sebasti\u00e1n Chiozza, adjunto a la Divisi\u00f3n de Sanidad Animal de la Direcci\u00f3n General de los Servicios Ganaderos (DGSG), destac\u00f3 el nivel nacional e internacional del evento y que \u00abb\u00e1sicamente participan todos los actores de la cadena productiva del Uruguay y es una instancia muy importante de intercambio de informaci\u00f3n e investigaci\u00f3n que luego ser\u00e1 aplicada a nivel de la producci\u00f3n primaria\u00bb. <br><\/p>\n\n\n\n<p>La Dra. Gloria Arnaud, Presidente del Comit\u00e9 Organizador de las Jornadas Uruguayas de Buiatr\u00eda, destac\u00f3 la relevancia del retorno a la presencialidad, tras un 2020 donde se debi\u00f3 suspender el desarrollo de este evento y en 2021 se realiz\u00f3 de forma virtual.  Por lo que defini\u00f3 esta edici\u00f3n como las \u00abjornadas del reencuentro\u00bb.<br><\/p>\n\n\n\n<p>Como es tradicional los simposios organizados en las diferentes tem\u00e1ticas est\u00e1n enfocados a trasladar al veterinario de campo \u00ablos nuevos conocimientos, el intercambio de experiencias, y la aplicabilidad en la vida diaria de la profesi\u00f3n veterinaria en todas las \u00e1reas de trabajo\u00bb. <br><\/p>\n\n\n\n<p>Los simposios que se desarrollaran este a\u00f1o ser\u00e1n los siguientes:<\/p>\n\n\n\n<ul class=\"wp-block-list\"><li>Simposio brucelosis bovina<\/li><li>Simposio garrapata y tristeza parasitaria<\/li><li>Simposio producci\u00f3n bovina en verano <\/li><li>Simposio anestesia y cirug\u00eda del bovino<\/li><li>Simposio ovinos<\/li><li>Simposio mercados agropecuarios<\/li><li>Simposio reproducci\u00f3n animal<\/li><\/ul>\n\n\n\n<p>Posteriormente a la parte acad\u00e9mica de sal\u00f3n, el s\u00e1bado 11 se desarrollaran dos cursillos en la EEMAC, el primero sobre cirug\u00eda a campo en bovinos y el segundo sobre ecograf\u00eda y actividad ov\u00e1rica. <br><\/p>\n\n\n\n<p>Los organizadores del evento realizar\u00e1n un reconocimiento este a\u00f1o al Dr. Ra\u00fal Casas Olascoaga, \u00abque su esp\u00edritu est\u00e1 presente en las jornadas de buiatr\u00eda\u00bb. <br><\/p>\n\n\n\n<p>Las inscripciones se realizan de forma exclusiva a trav\u00e9s de la p\u00e1gina web del evento: buiatriapaysandu.uy<\/p>\n\n\n\n<p>Salto, 27 de mayo de 2022<\/p>\n","protected":false},"excerpt":{"rendered":"<p>La 49\u00aa edici\u00f3n de las Jornadas Uruguayas de Buiatr\u00eda se realizar\u00e1 los d\u00edas jueves 9 y viernes 10 de junio a nivel del Sal\u00f3n Egeo y el s\u00e1bado 11 de [&hellip;]<\/p>\n","protected":false},"author":5,"featured_media":42197,"comment_status":"open","ping_status":"open","sticky":false,"template":"","format":"standard","meta":{"_price":"","_stock":"","_tribe_ticket_header":"","_tribe_default_ticket_provider":"","_tribe_ticket_capacity":"0","_ticket_start_date":"","_ticket_end_date":"","_tribe_ticket_show_description":"","_tribe_ticket_show_not_going":false,"_tribe_ticket_use_global_stock":"","_tribe_ticket_global_stock_level":"","_global_stock_mode":"","_global_stock_cap":"","_tribe_rsvp_for_event":"","_tribe_ticket_going_count":"","_tribe_ticket_not_going_count":"","_tribe_tickets_list":"[]","_tribe_ticket_has_attendee_info_fields":false,"h5ap_radio_sources":[],"_jetpack_newsletter_access":"","_jetpack_dont_email_post_to_subs":false,"_jetpack_newsletter_tier_id":0,"_jetpack_memberships_contains_paywalled_content":false,"_jetpack_memberships_contains_paid_content":false,"footnotes":""},"categories":[21,5],"tags":[],"class_list":["post-42177","post","type-post","status-publish","format-standard","has-post-thumbnail","hentry","category-actualidad","category-ganaderia"],"jetpack_featured_media_url":"https:\/\/i0.wp.com\/lahoradelcampo.com.uy\/site\/wp-content\/uploads\/2022\/05\/Buiatria-lanzamiento22.jpg?fit=880%2C440&ssl=1","jetpack_sharing_enabled":true,"jetpack_shortlink":"https:\/\/wp.me\/p99IaT-aYh","jetpack-related-posts":[{"id":50252,"url":"https:\/\/lahoradelcampo.com.uy\/site\/confirman-la-presencia-del-presidente-de-la-republica-en-las-jornadas-de-buiatria\/","url_meta":{"origin":42177,"position":0},"title":"Confirman la presencia del Presidente de la Rep\u00fablica en las Jornadas de Buiatr\u00eda","author":"La Hora del Campo","date":"28 abril, 2023","format":false,"excerpt":"El Centro M\u00e9dico Veterinario de Paysand\u00fa (CMVP) celebra el medio siglo de las Jornadas de Buiatr\u00eda, el evento de la profesi\u00f3n veterinaria con mayor antig\u00fcedad en el mundo que se realiza de forma ininterrumpida. Dichas jornadas, organizadas por el CMVP, contar\u00e1n con la participaci\u00f3n de profesionales veterinarios de Uruguay y\u2026","rel":"","context":"En \u00abActualidad\u00bb","block_context":{"text":"Actualidad","link":"https:\/\/lahoradelcampo.com.uy\/site\/category\/actualidad\/"},"img":{"alt_text":"","src":"https:\/\/i0.wp.com\/lahoradelcampo.com.uy\/site\/wp-content\/uploads\/2023\/04\/Buiatria-lanzamiento23.jpg?fit=880%2C440&ssl=1&resize=350%2C200","width":350,"height":200,"srcset":"https:\/\/i0.wp.com\/lahoradelcampo.com.uy\/site\/wp-content\/uploads\/2023\/04\/Buiatria-lanzamiento23.jpg?fit=880%2C440&ssl=1&resize=350%2C200 1x, https:\/\/i0.wp.com\/lahoradelcampo.com.uy\/site\/wp-content\/uploads\/2023\/04\/Buiatria-lanzamiento23.jpg?fit=880%2C440&ssl=1&resize=525%2C300 1.5x, https:\/\/i0.wp.com\/lahoradelcampo.com.uy\/site\/wp-content\/uploads\/2023\/04\/Buiatria-lanzamiento23.jpg?fit=880%2C440&ssl=1&resize=700%2C400 2x"},"classes":[]},{"id":42645,"url":"https:\/\/lahoradelcampo.com.uy\/site\/veterinarios-preocupados-por-la-falta-de-personal-en-el-mgap\/","url_meta":{"origin":42177,"position":1},"title":"Veterinarios preocupados por la falta de personal en el MGAP","author":"La Hora del Campo","date":"10 junio, 2022","format":false,"excerpt":"En el marco de las 49nas Jornadas Uruguayas de Buiatr\u00eda, el Dr. Rodolfo Rivero, presidente del Centro M\u00e9dico Veterinario de Paysand\u00fa (CMVP) remarc\u00f3 que a lo largo de los \u00faltimos 49 a\u00f1os, el sector c\u00e1rnico ha atravesado \"sucesivas etapas de crisis, de precios internacionales variables, de fragilidad de los sistemas\u2026","rel":"","context":"En \u00abActualidad\u00bb","block_context":{"text":"Actualidad","link":"https:\/\/lahoradelcampo.com.uy\/site\/category\/actualidad\/"},"img":{"alt_text":"","src":"https:\/\/i0.wp.com\/lahoradelcampo.com.uy\/site\/wp-content\/uploads\/2022\/06\/Buiatria-inaugura.jpg?fit=880%2C440&ssl=1&resize=350%2C200","width":350,"height":200,"srcset":"https:\/\/i0.wp.com\/lahoradelcampo.com.uy\/site\/wp-content\/uploads\/2022\/06\/Buiatria-inaugura.jpg?fit=880%2C440&ssl=1&resize=350%2C200 1x, https:\/\/i0.wp.com\/lahoradelcampo.com.uy\/site\/wp-content\/uploads\/2022\/06\/Buiatria-inaugura.jpg?fit=880%2C440&ssl=1&resize=525%2C300 1.5x, https:\/\/i0.wp.com\/lahoradelcampo.com.uy\/site\/wp-content\/uploads\/2022\/06\/Buiatria-inaugura.jpg?fit=880%2C440&ssl=1&resize=700%2C400 2x"},"classes":[]},{"id":51151,"url":"https:\/\/lahoradelcampo.com.uy\/site\/jornadas-de-buiatria-50-anos-de-evolucion-y-compromisocon-la-salud-animal\/","url_meta":{"origin":42177,"position":2},"title":"Jornadas de Buiatr\u00eda: 50 a\u00f1os de evoluci\u00f3n y compromiso con la salud animal","author":"La Hora del Campo","date":"9 junio, 2023","format":false,"excerpt":"En abril de 1973, un grupo de visionarios dio inicio a las Jornadas de Buiatr\u00eda, un evento que ha mantenido su esp\u00edritu original a lo largo del tiempo y que contin\u00faa siendo una referencia en el campo veterinario. El presidente del Centro M\u00e9dico Veterinario de Paysand\u00fa (CMVP), el doctor Rodolfo\u2026","rel":"","context":"En \u00abActualidad\u00bb","block_context":{"text":"Actualidad","link":"https:\/\/lahoradelcampo.com.uy\/site\/category\/actualidad\/"},"img":{"alt_text":"","src":"https:\/\/i0.wp.com\/lahoradelcampo.com.uy\/site\/wp-content\/uploads\/2023\/06\/Buiatria-50-anos.jpg?fit=880%2C440&ssl=1&resize=350%2C200","width":350,"height":200,"srcset":"https:\/\/i0.wp.com\/lahoradelcampo.com.uy\/site\/wp-content\/uploads\/2023\/06\/Buiatria-50-anos.jpg?fit=880%2C440&ssl=1&resize=350%2C200 1x, https:\/\/i0.wp.com\/lahoradelcampo.com.uy\/site\/wp-content\/uploads\/2023\/06\/Buiatria-50-anos.jpg?fit=880%2C440&ssl=1&resize=525%2C300 1.5x, https:\/\/i0.wp.com\/lahoradelcampo.com.uy\/site\/wp-content\/uploads\/2023\/06\/Buiatria-50-anos.jpg?fit=880%2C440&ssl=1&resize=700%2C400 2x"},"classes":[]},{"id":56202,"url":"https:\/\/lahoradelcampo.com.uy\/site\/profesionales-de-uruguay-y-el-mundo-participan-en-las-52a-jornadas-uruguayas-de-buiatria\/","url_meta":{"origin":42177,"position":3},"title":"Profesionales de Uruguay y el mundo participan en las 52a Jornadas uruguayas de Buiatr\u00eda","author":"La Hora del Campo","date":"16 junio, 2025","format":false,"excerpt":"Con la participaci\u00f3n de cientos de veterinarios nacionales y extranjeros, autoridades del gobierno, acad\u00e9micos y empresas del sector, se inauguraron en Paysand\u00fa las 52\u00aa Jornadas Uruguayas de Buiatr\u00eda, evento que re\u00fane anualmente a la comunidad veterinaria en torno a la actualizaci\u00f3n cient\u00edfica y la reflexi\u00f3n profesional. El acto de apertura\u2026","rel":"","context":"En \u00abActualidad\u00bb","block_context":{"text":"Actualidad","link":"https:\/\/lahoradelcampo.com.uy\/site\/category\/actualidad\/"},"img":{"alt_text":"","src":"https:\/\/i0.wp.com\/lahoradelcampo.com.uy\/site\/wp-content\/uploads\/2025\/06\/Buiatria-1-1.jpg?fit=880%2C440&ssl=1&resize=350%2C200","width":350,"height":200,"srcset":"https:\/\/i0.wp.com\/lahoradelcampo.com.uy\/site\/wp-content\/uploads\/2025\/06\/Buiatria-1-1.jpg?fit=880%2C440&ssl=1&resize=350%2C200 1x, https:\/\/i0.wp.com\/lahoradelcampo.com.uy\/site\/wp-content\/uploads\/2025\/06\/Buiatria-1-1.jpg?fit=880%2C440&ssl=1&resize=525%2C300 1.5x, https:\/\/i0.wp.com\/lahoradelcampo.com.uy\/site\/wp-content\/uploads\/2025\/06\/Buiatria-1-1.jpg?fit=880%2C440&ssl=1&resize=700%2C400 2x"},"classes":[]},{"id":51079,"url":"https:\/\/lahoradelcampo.com.uy\/site\/el-jueves-comienzan-las-50a-jornadas-uruguayas-de-buiatria\/","url_meta":{"origin":42177,"position":4},"title":"El jueves comienzan las 50\u00aa Jornadas Uruguayas de Buiatr\u00eda","author":"La Hora del Campo","date":"6 junio, 2023","format":false,"excerpt":"Este jueves dar\u00e1 inicio un evento trascendental para el \u00e1mbito veterinario: las 50\u00aa Jornadas Uruguayas de Buiatr\u00eda y el 20\u00ba Congreso Latinoamericano. La ciudad de Paysand\u00fa ser\u00e1 el escenario de este encuentro, que contar\u00e1 con la presencia destacada del presidente de la Rep\u00fablica, Luis Lacalle Pou. Es la primera vez\u2026","rel":"","context":"En \u00abActualidad\u00bb","block_context":{"text":"Actualidad","link":"https:\/\/lahoradelcampo.com.uy\/site\/category\/actualidad\/"},"img":{"alt_text":"","src":"https:\/\/i0.wp.com\/lahoradelcampo.com.uy\/site\/wp-content\/uploads\/2023\/06\/Jornadabuiatria.jpg?fit=880%2C440&ssl=1&resize=350%2C200","width":350,"height":200,"srcset":"https:\/\/i0.wp.com\/lahoradelcampo.com.uy\/site\/wp-content\/uploads\/2023\/06\/Jornadabuiatria.jpg?fit=880%2C440&ssl=1&resize=350%2C200 1x, https:\/\/i0.wp.com\/lahoradelcampo.com.uy\/site\/wp-content\/uploads\/2023\/06\/Jornadabuiatria.jpg?fit=880%2C440&ssl=1&resize=525%2C300 1.5x, https:\/\/i0.wp.com\/lahoradelcampo.com.uy\/site\/wp-content\/uploads\/2023\/06\/Jornadabuiatria.jpg?fit=880%2C440&ssl=1&resize=700%2C400 2x"},"classes":[]},{"id":56107,"url":"https:\/\/lahoradelcampo.com.uy\/site\/garrapata-y-reproduccion-seran-temas-centrales-de-las-jornadas-de-buiatria\/","url_meta":{"origin":42177,"position":5},"title":"Garrapata y reproducci\u00f3n ser\u00e1n temas centrales de las Jornadas de Buiatr\u00eda","author":"La Hora del Campo","date":"15 mayo, 2025","format":false,"excerpt":"El Ministerio de Ganader\u00eda, Agricultura y Pesca (MGAP) y el comit\u00e9 organizador anunciaron oficialmente el lanzamiento de las 52as Jornadas Uruguayas de Buiatr\u00eda, un evento de larga tradici\u00f3n y reconocida importancia para el sector pecuario del pa\u00eds. La conferencia de prensa cont\u00f3 con la participaci\u00f3n del ministro, Dr. Alfredo Fratti,\u2026","rel":"","context":"En \u00abActualidad\u00bb","block_context":{"text":"Actualidad","link":"https:\/\/lahoradelcampo.com.uy\/site\/category\/actualidad\/"},"img":{"alt_text":"","src":"https:\/\/i0.wp.com\/lahoradelcampo.com.uy\/site\/wp-content\/uploads\/2025\/05\/buiatria-lanzamiento25.jpg?fit=880%2C440&ssl=1&resize=350%2C200","width":350,"height":200,"srcset":"https:\/\/i0.wp.com\/lahoradelcampo.com.uy\/site\/wp-content\/uploads\/2025\/05\/buiatria-lanzamiento25.jpg?fit=880%2C440&ssl=1&resize=350%2C200 1x, https:\/\/i0.wp.com\/lahoradelcampo.com.uy\/site\/wp-content\/uploads\/2025\/05\/buiatria-lanzamiento25.jpg?fit=880%2C440&ssl=1&resize=525%2C300 1.5x, https:\/\/i0.wp.com\/lahoradelcampo.com.uy\/site\/wp-content\/uploads\/2025\/05\/buiatria-lanzamiento25.jpg?fit=880%2C440&ssl=1&resize=700%2C400 2x"},"classes":[]}],"jetpack_likes_enabled":true,"_links":{"self":[{"href":"https:\/\/lahoradelcampo.com.uy\/site\/wp-json\/wp\/v2\/posts\/42177","targetHints":{"allow":["GET"]}}],"collection":[{"href":"https:\/\/lahoradelcampo.com.uy\/site\/wp-json\/wp\/v2\/posts"}],"about":[{"href":"https:\/\/lahoradelcampo.com.uy\/site\/wp-json\/wp\/v2\/types\/post"}],"author":[{"embeddable":true,"href":"https:\/\/lahoradelcampo.com.uy\/site\/wp-json\/wp\/v2\/users\/5"}],"replies":[{"embeddable":true,"href":"https:\/\/lahoradelcampo.com.uy\/site\/wp-json\/wp\/v2\/comments?post=42177"}],"version-history":[{"count":2,"href":"https:\/\/lahoradelcampo.com.uy\/site\/wp-json\/wp\/v2\/posts\/42177\/revisions"}],"predecessor-version":[{"id":42199,"href":"https:\/\/lahoradelcampo.com.uy\/site\/wp-json\/wp\/v2\/posts\/42177\/revisions\/42199"}],"wp:featuredmedia":[{"embeddable":true,"href":"https:\/\/lahoradelcampo.com.uy\/site\/wp-json\/wp\/v2\/media\/42197"}],"wp:attachment":[{"href":"https:\/\/lahoradelcampo.com.uy\/site\/wp-json\/wp\/v2\/media?parent=42177"}],"wp:term":[{"taxonomy":"category","embeddable":true,"href":"https:\/\/lahoradelcampo.com.uy\/site\/wp-json\/wp\/v2\/categories?post=42177"},{"taxonomy":"post_tag","embeddable":true,"href":"https:\/\/lahoradelcampo.com.uy\/site\/wp-json\/wp\/v2\/tags?post=42177"}],"curies":[{"name":"wp","href":"https:\/\/api.w.org\/{rel}","templated":true}]}}