{"id":42155,"date":"2022-05-25T07:43:39","date_gmt":"2022-05-25T10:43:39","guid":{"rendered":"http:\/\/lahoradelcampo.com.uy\/site\/?p=42155"},"modified":"2022-05-25T07:43:45","modified_gmt":"2022-05-25T10:43:45","slug":"china-inhabilito-la-planta-de-somicar-frigosalto-por-una-semana","status":"publish","type":"post","link":"https:\/\/lahoradelcampo.com.uy\/site\/china-inhabilito-la-planta-de-somicar-frigosalto-por-una-semana\/","title":{"rendered":"China inhabilit\u00f3 la planta de Somicar (FrigoSalto) por una semana"},"content":{"rendered":"\n<figure class=\"wp-block-image\"><img data-recalc-dims=\"1\" loading=\"lazy\" decoding=\"async\" width=\"810\" height=\"405\" data-attachment-id=\"10757\" data-permalink=\"https:\/\/lahoradelcampo.com.uy\/site\/china-con-mejores-valores-en-el-corto-plazo-incrementa-la-demanda-desde-el-mercosur\/somicar-3\/\" data-orig-file=\"https:\/\/i0.wp.com\/lahoradelcampo.com.uy\/site\/wp-content\/uploads\/2019\/05\/Somicar.jpg?fit=880%2C440&amp;ssl=1\" data-orig-size=\"880,440\" data-comments-opened=\"1\" data-image-meta=\"{&quot;aperture&quot;:&quot;0&quot;,&quot;credit&quot;:&quot;&quot;,&quot;camera&quot;:&quot;&quot;,&quot;caption&quot;:&quot;&quot;,&quot;created_timestamp&quot;:&quot;0&quot;,&quot;copyright&quot;:&quot;&quot;,&quot;focal_length&quot;:&quot;0&quot;,&quot;iso&quot;:&quot;0&quot;,&quot;shutter_speed&quot;:&quot;0&quot;,&quot;title&quot;:&quot;&quot;,&quot;orientation&quot;:&quot;1&quot;}\" data-image-title=\"Somicar\" data-image-description=\"\" data-image-caption=\"\" data-large-file=\"https:\/\/i0.wp.com\/lahoradelcampo.com.uy\/site\/wp-content\/uploads\/2019\/05\/Somicar.jpg?fit=810%2C405&amp;ssl=1\" src=\"https:\/\/i0.wp.com\/lahoradelcampo.com.uy\/site\/wp-content\/uploads\/2019\/05\/Somicar.jpg?resize=810%2C405\" alt=\"\" class=\"wp-image-10757\" srcset=\"https:\/\/i0.wp.com\/lahoradelcampo.com.uy\/site\/wp-content\/uploads\/2019\/05\/Somicar.jpg?w=880&amp;ssl=1 880w, https:\/\/i0.wp.com\/lahoradelcampo.com.uy\/site\/wp-content\/uploads\/2019\/05\/Somicar.jpg?resize=300%2C150&amp;ssl=1 300w, https:\/\/i0.wp.com\/lahoradelcampo.com.uy\/site\/wp-content\/uploads\/2019\/05\/Somicar.jpg?resize=768%2C384&amp;ssl=1 768w, https:\/\/i0.wp.com\/lahoradelcampo.com.uy\/site\/wp-content\/uploads\/2019\/05\/Somicar.jpg?resize=820%2C410&amp;ssl=1 820w\" sizes=\"auto, (max-width: 810px) 100vw, 810px\" \/><\/figure>\n\n\n\n<p>El 23 de mayo la Administraci\u00f3n General de Aduanas de China inhabilit\u00f3 la planta salte\u00f1a de la firma Somicar para exportar a ese destino, por una semana. En el mismo comunicado se inform\u00f3 la inhabilitaci\u00f3n de dos plantas rusas y cuatro plantas brasile\u00f1as. <br><\/p>\n\n\n\n<p>En Brasil, la planta de Marfrig de Promissao de San Pablo fue suspendida por cuatro semanas, en tanto por una semana se ha suspendido la planta de Marfrig en Varzea Grande en Mato Grosso, y las plantas de JBS en Lins, San Pablo, y Senador en Goias. <br><\/p>\n\n\n\n<p>La administraci\u00f3n de aduanas del gigante asi\u00e1tico se encuentra realizando un procedimiento muy estricto en los controles por covid-19, por lo que se est\u00e1n suspendiendo varias plantas exportadoras en el mundo. En principio la suspensi\u00f3n es por una semana, en tanto que de reiterarse nuevamente la presencia del virus en los controles, las plantas son suspendidas por cuatro semanas. <br><\/p>\n\n\n\n<p>Somicar (FrigoSalto), si bien es una planta habilitada para exportar a China, tanto en la especie bovina como ovina, el componente m\u00e1s importante de sus ventas al gigante asi\u00e1tico es a trav\u00e9s de la carne ovina. <br><\/p>\n\n\n\n<p>De acuerdo con integrantes de la firma frigor\u00edfica instalada en Salto, la faena y producci\u00f3n de carne con dicho destino contin\u00faa de forma normal, al igual que las solicitudes para exportar. La \u00fanica diferencia con respecto a la operativa previa a la sanci\u00f3n, es que si un importador en China debe solicitar el ingreso de carne procedente de la planta que se encuentra en viaje, debe esperar diez d\u00edas a partir de la resoluci\u00f3n. <\/p>\n\n\n\n<p>Salto, 25 de mayo de 2022<\/p>\n","protected":false},"excerpt":{"rendered":"<p>El 23 de mayo la Administraci\u00f3n General de Aduanas de China inhabilit\u00f3 la planta salte\u00f1a de la firma Somicar para exportar a ese destino, por una semana. En el mismo [&hellip;]<\/p>\n","protected":false},"author":5,"featured_media":10757,"comment_status":"open","ping_status":"open","sticky":false,"template":"","format":"standard","meta":{"_price":"","_stock":"","_tribe_ticket_header":"","_tribe_default_ticket_provider":"","_tribe_ticket_capacity":"0","_ticket_start_date":"","_ticket_end_date":"","_tribe_ticket_show_description":"","_tribe_ticket_show_not_going":false,"_tribe_ticket_use_global_stock":"","_tribe_ticket_global_stock_level":"","_global_stock_mode":"","_global_stock_cap":"","_tribe_rsvp_for_event":"","_tribe_ticket_going_count":"","_tribe_ticket_not_going_count":"","_tribe_tickets_list":"[]","_tribe_ticket_has_attendee_info_fields":false,"h5ap_radio_sources":[],"_jetpack_newsletter_access":"","_jetpack_dont_email_post_to_subs":false,"_jetpack_newsletter_tier_id":0,"_jetpack_memberships_contains_paywalled_content":false,"_jetpack_memberships_contains_paid_content":false,"footnotes":""},"categories":[21,5],"tags":[],"class_list":["post-42155","post","type-post","status-publish","format-standard","has-post-thumbnail","hentry","category-actualidad","category-ganaderia"],"jetpack_featured_media_url":"https:\/\/i0.wp.com\/lahoradelcampo.com.uy\/site\/wp-content\/uploads\/2019\/05\/Somicar.jpg?fit=880%2C440&ssl=1","jetpack_sharing_enabled":true,"jetpack_shortlink":"https:\/\/wp.me\/p99IaT-aXV","jetpack-related-posts":[{"id":18276,"url":"https:\/\/lahoradelcampo.com.uy\/site\/frigosalto-y-dayman-meat-continuan-operando-normal\/","url_meta":{"origin":42155,"position":0},"title":"FrigoSalto y Daym\u00e1n Meat contin\u00faan operando normal","author":"La Hora del Campo","date":"24 marzo, 2020","format":false,"excerpt":"Dentro de la situaci\u00f3n por la cual atraviesa la industria en este momento, las plantas salte\u00f1as se encuentran operando a un ritmo menor al deseado. En primer lugar y a pesar del comunicado emitido por el grupo Marfrig, la planta de faena de La Caballada contin\u00faa sin operativa, con un\u2026","rel":"","context":"En \u00abActualidad\u00bb","block_context":{"text":"Actualidad","link":"https:\/\/lahoradelcampo.com.uy\/site\/category\/actualidad\/"},"img":{"alt_text":"","src":"https:\/\/i0.wp.com\/lahoradelcampo.com.uy\/site\/wp-content\/uploads\/2020\/03\/Somicar-2.jpg?fit=880%2C440&ssl=1&resize=350%2C200","width":350,"height":200,"srcset":"https:\/\/i0.wp.com\/lahoradelcampo.com.uy\/site\/wp-content\/uploads\/2020\/03\/Somicar-2.jpg?fit=880%2C440&ssl=1&resize=350%2C200 1x, https:\/\/i0.wp.com\/lahoradelcampo.com.uy\/site\/wp-content\/uploads\/2020\/03\/Somicar-2.jpg?fit=880%2C440&ssl=1&resize=525%2C300 1.5x, https:\/\/i0.wp.com\/lahoradelcampo.com.uy\/site\/wp-content\/uploads\/2020\/03\/Somicar-2.jpg?fit=880%2C440&ssl=1&resize=700%2C400 2x"},"classes":[]},{"id":21214,"url":"https:\/\/lahoradelcampo.com.uy\/site\/situacion-en-china-y-el-parate-de-varias-plantas-se-sintio-en-la-faena\/","url_meta":{"origin":42155,"position":1},"title":"Situaci\u00f3n en China y el p\u00e1rate de varias plantas se sinti\u00f3 en la faena","author":"La Hora del Campo","date":"23 junio, 2020","format":false,"excerpt":"La incertidumbre generada la pasada semana en el mercado chino, con renegociaci\u00f3n de contratos, inspecciones a nivel de los puertos por el rebrote de Coronavirus en el gigante asi\u00e1tico, sumado al p\u00e1rate de plantas frigor\u00edficas por licencia y otras que disminuyeron su faena hasta en un 50%, la faena vacuna\u2026","rel":"","context":"En \u00abActualidad\u00bb","block_context":{"text":"Actualidad","link":"https:\/\/lahoradelcampo.com.uy\/site\/category\/actualidad\/"},"img":{"alt_text":"","src":"https:\/\/i0.wp.com\/lahoradelcampo.com.uy\/site\/wp-content\/uploads\/2018\/01\/faena%C3%A7.jpg?fit=880%2C440&ssl=1&resize=350%2C200","width":350,"height":200,"srcset":"https:\/\/i0.wp.com\/lahoradelcampo.com.uy\/site\/wp-content\/uploads\/2018\/01\/faena%C3%A7.jpg?fit=880%2C440&ssl=1&resize=350%2C200 1x, https:\/\/i0.wp.com\/lahoradelcampo.com.uy\/site\/wp-content\/uploads\/2018\/01\/faena%C3%A7.jpg?fit=880%2C440&ssl=1&resize=525%2C300 1.5x, https:\/\/i0.wp.com\/lahoradelcampo.com.uy\/site\/wp-content\/uploads\/2018\/01\/faena%C3%A7.jpg?fit=880%2C440&ssl=1&resize=700%2C400 2x"},"classes":[]},{"id":27100,"url":"https:\/\/lahoradelcampo.com.uy\/site\/la-faena-vacuna-se-mantuvo-estable-en-las-45-958-cabezas\/","url_meta":{"origin":42155,"position":2},"title":"La faena vacuna se mantuvo estable en las 45.958 cabezas","author":"La Hora del Campo","date":"26 enero, 2021","format":false,"excerpt":"Con menos plantas activas al cierre de la semana, debido al registro de casos de Covd-19 en funcionarios, fuera de las mismas, la faena vacuna cerr\u00f3 el 23 de enero en 45.958 cabezas, 20 cabezas m\u00e1s que la semana anterior. A modo de ejemplo, la planta de Tacuaremb\u00f3 Marfrig, que\u2026","rel":"","context":"En \u00abActualidad\u00bb","block_context":{"text":"Actualidad","link":"https:\/\/lahoradelcampo.com.uy\/site\/category\/actualidad\/"},"img":{"alt_text":"","src":"https:\/\/i0.wp.com\/lahoradelcampo.com.uy\/site\/wp-content\/uploads\/2017\/12\/Faena-1.jpg?fit=880%2C440&ssl=1&resize=350%2C200","width":350,"height":200,"srcset":"https:\/\/i0.wp.com\/lahoradelcampo.com.uy\/site\/wp-content\/uploads\/2017\/12\/Faena-1.jpg?fit=880%2C440&ssl=1&resize=350%2C200 1x, https:\/\/i0.wp.com\/lahoradelcampo.com.uy\/site\/wp-content\/uploads\/2017\/12\/Faena-1.jpg?fit=880%2C440&ssl=1&resize=525%2C300 1.5x, https:\/\/i0.wp.com\/lahoradelcampo.com.uy\/site\/wp-content\/uploads\/2017\/12\/Faena-1.jpg?fit=880%2C440&ssl=1&resize=700%2C400 2x"},"classes":[]},{"id":54249,"url":"https:\/\/lahoradelcampo.com.uy\/site\/faena-vacuna-cayo-pero-supera-las-47-mil-cabezas\/","url_meta":{"origin":42155,"position":3},"title":"Faena vacuna cay\u00f3, pero supera las 47 mil cabezas","author":"La Hora del Campo","date":"20 agosto, 2024","format":false,"excerpt":"Con 29 plantas activas al cierre de la semana pasada, la faena vacuna sum\u00f3 47.329 cabezas, 2.561 cabezas menos que la semana anterior (-5,1%). Por su parte, la actividad en ovinos se posicion\u00f3 en 12.047 cabezas, con 6 plantas, subiendo un 7,5% la faena respecto a la semana pasada. La\u2026","rel":"","context":"En \u00abActualidad\u00bb","block_context":{"text":"Actualidad","link":"https:\/\/lahoradelcampo.com.uy\/site\/category\/actualidad\/"},"img":{"alt_text":"","src":"https:\/\/i0.wp.com\/lahoradelcampo.com.uy\/site\/wp-content\/uploads\/2024\/08\/faena-vacuna-20-8.jpg?fit=880%2C440&ssl=1&resize=350%2C200","width":350,"height":200,"srcset":"https:\/\/i0.wp.com\/lahoradelcampo.com.uy\/site\/wp-content\/uploads\/2024\/08\/faena-vacuna-20-8.jpg?fit=880%2C440&ssl=1&resize=350%2C200 1x, https:\/\/i0.wp.com\/lahoradelcampo.com.uy\/site\/wp-content\/uploads\/2024\/08\/faena-vacuna-20-8.jpg?fit=880%2C440&ssl=1&resize=525%2C300 1.5x, https:\/\/i0.wp.com\/lahoradelcampo.com.uy\/site\/wp-content\/uploads\/2024\/08\/faena-vacuna-20-8.jpg?fit=880%2C440&ssl=1&resize=700%2C400 2x"},"classes":[]},{"id":26748,"url":"https:\/\/lahoradelcampo.com.uy\/site\/faena-crecio-un-888-interanual\/","url_meta":{"origin":42155,"position":4},"title":"Faena creci\u00f3 un 88,8% interanual","author":"La Hora del Campo","date":"12 enero, 2021","format":false,"excerpt":"Con una faena semanal vacuna de 41.911 cabezas, la actividad a nivel industrial creci\u00f3 un 48% respecto a la semana pasada y un 88,8% frente a igual semana de 2020. Seg\u00fan los datos proporcionados por el Instituto Nacional de Carnes (INAC), la faena estuvo compuesta por 19.394 novillos (46,27%), 15.484\u2026","rel":"","context":"En \u00abActualidad\u00bb","block_context":{"text":"Actualidad","link":"https:\/\/lahoradelcampo.com.uy\/site\/category\/actualidad\/"},"img":{"alt_text":"","src":"https:\/\/i0.wp.com\/lahoradelcampo.com.uy\/site\/wp-content\/uploads\/2020\/06\/Faena-vacuna.jpg?fit=880%2C440&ssl=1&resize=350%2C200","width":350,"height":200,"srcset":"https:\/\/i0.wp.com\/lahoradelcampo.com.uy\/site\/wp-content\/uploads\/2020\/06\/Faena-vacuna.jpg?fit=880%2C440&ssl=1&resize=350%2C200 1x, https:\/\/i0.wp.com\/lahoradelcampo.com.uy\/site\/wp-content\/uploads\/2020\/06\/Faena-vacuna.jpg?fit=880%2C440&ssl=1&resize=525%2C300 1.5x, https:\/\/i0.wp.com\/lahoradelcampo.com.uy\/site\/wp-content\/uploads\/2020\/06\/Faena-vacuna.jpg?fit=880%2C440&ssl=1&resize=700%2C400 2x"},"classes":[]},{"id":3375,"url":"https:\/\/lahoradelcampo.com.uy\/site\/faena-vacuna-crecio-un-86-en-la-semana\/","url_meta":{"origin":42155,"position":5},"title":"Faena vacuna creci\u00f3 un 8,6% en la semana","author":"La Hora del Campo","date":"30 octubre, 2017","format":false,"excerpt":"La faena en la semana del 22 al 28 de octubre, seg\u00fan los datos del Instituto Nacional de Carnes, se posicion\u00f3 en las 44.298 cabezas increment\u00e1ndose un 8,6% con respecto a la semana anterior. A\u00fan con la planta de La Caballada, Cledinor SA, sin actividad al igual que la pasada\u2026","rel":"","context":"En \u00abActualidad\u00bb","block_context":{"text":"Actualidad","link":"https:\/\/lahoradelcampo.com.uy\/site\/category\/actualidad\/"},"img":{"alt_text":"","src":"https:\/\/i0.wp.com\/lahoradelcampo.com.uy\/site\/wp-content\/uploads\/2017\/10\/Faena.jpg?fit=880%2C440&ssl=1&resize=350%2C200","width":350,"height":200,"srcset":"https:\/\/i0.wp.com\/lahoradelcampo.com.uy\/site\/wp-content\/uploads\/2017\/10\/Faena.jpg?fit=880%2C440&ssl=1&resize=350%2C200 1x, https:\/\/i0.wp.com\/lahoradelcampo.com.uy\/site\/wp-content\/uploads\/2017\/10\/Faena.jpg?fit=880%2C440&ssl=1&resize=525%2C300 1.5x, https:\/\/i0.wp.com\/lahoradelcampo.com.uy\/site\/wp-content\/uploads\/2017\/10\/Faena.jpg?fit=880%2C440&ssl=1&resize=700%2C400 2x"},"classes":[]}],"jetpack_likes_enabled":true,"_links":{"self":[{"href":"https:\/\/lahoradelcampo.com.uy\/site\/wp-json\/wp\/v2\/posts\/42155","targetHints":{"allow":["GET"]}}],"collection":[{"href":"https:\/\/lahoradelcampo.com.uy\/site\/wp-json\/wp\/v2\/posts"}],"about":[{"href":"https:\/\/lahoradelcampo.com.uy\/site\/wp-json\/wp\/v2\/types\/post"}],"author":[{"embeddable":true,"href":"https:\/\/lahoradelcampo.com.uy\/site\/wp-json\/wp\/v2\/users\/5"}],"replies":[{"embeddable":true,"href":"https:\/\/lahoradelcampo.com.uy\/site\/wp-json\/wp\/v2\/comments?post=42155"}],"version-history":[{"count":1,"href":"https:\/\/lahoradelcampo.com.uy\/site\/wp-json\/wp\/v2\/posts\/42155\/revisions"}],"predecessor-version":[{"id":42157,"href":"https:\/\/lahoradelcampo.com.uy\/site\/wp-json\/wp\/v2\/posts\/42155\/revisions\/42157"}],"wp:featuredmedia":[{"embeddable":true,"href":"https:\/\/lahoradelcampo.com.uy\/site\/wp-json\/wp\/v2\/media\/10757"}],"wp:attachment":[{"href":"https:\/\/lahoradelcampo.com.uy\/site\/wp-json\/wp\/v2\/media?parent=42155"}],"wp:term":[{"taxonomy":"category","embeddable":true,"href":"https:\/\/lahoradelcampo.com.uy\/site\/wp-json\/wp\/v2\/categories?post=42155"},{"taxonomy":"post_tag","embeddable":true,"href":"https:\/\/lahoradelcampo.com.uy\/site\/wp-json\/wp\/v2\/tags?post=42155"}],"curies":[{"name":"wp","href":"https:\/\/api.w.org\/{rel}","templated":true}]}}