{"id":42151,"date":"2022-05-25T07:39:38","date_gmt":"2022-05-25T10:39:38","guid":{"rendered":"http:\/\/lahoradelcampo.com.uy\/site\/?p=42151"},"modified":"2022-05-25T07:39:48","modified_gmt":"2022-05-25T10:39:48","slug":"el-consumo-mundial-de-algodon-se-recupera-en-este-2021-22","status":"publish","type":"post","link":"https:\/\/lahoradelcampo.com.uy\/site\/el-consumo-mundial-de-algodon-se-recupera-en-este-2021-22\/","title":{"rendered":"El consumo mundial de algod\u00f3n se recupera en este 2021-22"},"content":{"rendered":"\n<figure class=\"wp-block-image\"><img data-recalc-dims=\"1\" loading=\"lazy\" decoding=\"async\" width=\"810\" height=\"405\" data-attachment-id=\"7063\" data-permalink=\"https:\/\/lahoradelcampo.com.uy\/site\/usda-preve-un-record-en-el-consumo-de-algodon-en-201819\/algodon\/\" data-orig-file=\"https:\/\/i0.wp.com\/lahoradelcampo.com.uy\/site\/wp-content\/uploads\/2018\/05\/Algodon.jpg?fit=880%2C440&amp;ssl=1\" data-orig-size=\"880,440\" data-comments-opened=\"1\" data-image-meta=\"{&quot;aperture&quot;:&quot;0&quot;,&quot;credit&quot;:&quot;&quot;,&quot;camera&quot;:&quot;&quot;,&quot;caption&quot;:&quot;&quot;,&quot;created_timestamp&quot;:&quot;0&quot;,&quot;copyright&quot;:&quot;&quot;,&quot;focal_length&quot;:&quot;0&quot;,&quot;iso&quot;:&quot;0&quot;,&quot;shutter_speed&quot;:&quot;0&quot;,&quot;title&quot;:&quot;&quot;,&quot;orientation&quot;:&quot;1&quot;}\" data-image-title=\"Algodon\" data-image-description=\"\" data-image-caption=\"\" data-large-file=\"https:\/\/i0.wp.com\/lahoradelcampo.com.uy\/site\/wp-content\/uploads\/2018\/05\/Algodon.jpg?fit=810%2C405&amp;ssl=1\" src=\"https:\/\/i0.wp.com\/lahoradelcampo.com.uy\/site\/wp-content\/uploads\/2018\/05\/Algodon.jpg?resize=810%2C405\" alt=\"\" class=\"wp-image-7063\" srcset=\"https:\/\/i0.wp.com\/lahoradelcampo.com.uy\/site\/wp-content\/uploads\/2018\/05\/Algodon.jpg?w=880&amp;ssl=1 880w, https:\/\/i0.wp.com\/lahoradelcampo.com.uy\/site\/wp-content\/uploads\/2018\/05\/Algodon.jpg?resize=300%2C150&amp;ssl=1 300w, https:\/\/i0.wp.com\/lahoradelcampo.com.uy\/site\/wp-content\/uploads\/2018\/05\/Algodon.jpg?resize=768%2C384&amp;ssl=1 768w, https:\/\/i0.wp.com\/lahoradelcampo.com.uy\/site\/wp-content\/uploads\/2018\/05\/Algodon.jpg?resize=820%2C410&amp;ssl=1 820w\" sizes=\"auto, (max-width: 810px) 100vw, 810px\" \/><\/figure>\n\n\n\n<p>El comit\u00e9 del algod\u00f3n de la Organizaci\u00f3n Mundial del Comercio, se reuni\u00f3 este mes de mayo y uno de los temas que se trabajaron tiene que ver con la producci\u00f3n y el comercio de la fibra natural en un mundo con disrupciones en la log\u00edstica y la resiliencia del sector algodonero tras la pandemia.<br><\/p>\n\n\n\n<p>Matthew Looney, del Comit\u00e9 Asesor Internacional del Algod\u00f3n (ICAC), dijo en dicha reuni\u00f3n que la producci\u00f3n y el consumo mundial de algod\u00f3n se est\u00e1n recuperando en 2021-22 seg\u00fan la proyecci\u00f3n de la organizaci\u00f3n, a medida que el COVID-19 comienza a disminuir y la producci\u00f3n de algod\u00f3n en \u00c1frica occidental muestra buenos signos de recuperaci\u00f3n.<br><\/p>\n\n\n\n<p>En cuanto al comercio de algod\u00f3n, si bien tanto las importaciones como las exportaciones mundiales han disminuido con respecto a la temporada anterior, Looney dijo que a\u00fan son muy buenas hist\u00f3ricamente. <br><\/p>\n\n\n\n<p>A pesar de las complicaciones de la pandemia de COVID-19, las exportaciones de \u00c1frica occidental han aumentado progresivamente desde la temporada 2008-09. Las exportaciones para 2021-22 se estiman actualmente en 1,2 millones de toneladas, el nivel m\u00e1s alto registrado por ICAC.<br><\/p>\n\n\n\n<p>Looney dijo que si bien los altos precios del algod\u00f3n incentivaron a los agricultores a plantar m\u00e1s, las condiciones clim\u00e1ticas extremas y el costo vertiginoso de los insumos moderar\u00e1n las expectativas para 2022-23.<br><\/p>\n\n\n\n<p><strong>El d\u00eda mundial del algod\u00f3n<\/strong><br><\/p>\n\n\n\n<p>La Organizaci\u00f3n de las Naciones Unidas para la Agricultura y la Alimentaci\u00f3n (FAO) anunci\u00f3 sus planes para albergar y organizar el D\u00eda Mundial del Algod\u00f3n 2022. La Secretar\u00eda de la OMC, que ha sido anfitriona de las celebraciones durante los \u00faltimos tres a\u00f1os, expres\u00f3 su pleno apoyo a la FAO por llevar a cabo un evento exitoso. En 2021, la Asamblea General de las Naciones Unidas reconoci\u00f3 oficialmente el 7 de octubre como el D\u00eda Mundial del Algod\u00f3n y proclam\u00f3 que se celebrar\u00eda como un evento anual.<\/p>\n\n\n\n<p>Salto, 25 de mayo de 2022<\/p>\n","protected":false},"excerpt":{"rendered":"<p>El comit\u00e9 del algod\u00f3n de la Organizaci\u00f3n Mundial del Comercio, se reuni\u00f3 este mes de mayo y uno de los temas que se trabajaron tiene que ver con la producci\u00f3n [&hellip;]<\/p>\n","protected":false},"author":5,"featured_media":7063,"comment_status":"open","ping_status":"open","sticky":false,"template":"","format":"standard","meta":{"_price":"","_stock":"","_tribe_ticket_header":"","_tribe_default_ticket_provider":"","_tribe_ticket_capacity":"0","_ticket_start_date":"","_ticket_end_date":"","_tribe_ticket_show_description":"","_tribe_ticket_show_not_going":false,"_tribe_ticket_use_global_stock":"","_tribe_ticket_global_stock_level":"","_global_stock_mode":"","_global_stock_cap":"","_tribe_rsvp_for_event":"","_tribe_ticket_going_count":"","_tribe_ticket_not_going_count":"","_tribe_tickets_list":"[]","_tribe_ticket_has_attendee_info_fields":false,"h5ap_radio_sources":[],"_jetpack_newsletter_access":"","_jetpack_dont_email_post_to_subs":false,"_jetpack_newsletter_tier_id":0,"_jetpack_memberships_contains_paywalled_content":false,"_jetpack_memberships_contains_paid_content":false,"footnotes":""},"categories":[21,15],"tags":[],"class_list":["post-42151","post","type-post","status-publish","format-standard","has-post-thumbnail","hentry","category-actualidad","category-columnistas"],"jetpack_featured_media_url":"https:\/\/i0.wp.com\/lahoradelcampo.com.uy\/site\/wp-content\/uploads\/2018\/05\/Algodon.jpg?fit=880%2C440&ssl=1","jetpack_sharing_enabled":true,"jetpack_shortlink":"https:\/\/wp.me\/p99IaT-aXR","jetpack-related-posts":[{"id":32762,"url":"https:\/\/lahoradelcampo.com.uy\/site\/produccion-mundial-de-algodon-crecera-un-3-en-2021\/","url_meta":{"origin":42151,"position":0},"title":"Producci\u00f3n mundial de algod\u00f3n crecer\u00e1 un 3% en 2021","author":"La Hora del Campo","date":"5 agosto, 2021","format":false,"excerpt":"El Comit\u00e9 Internacional del Algod\u00f3n (ICAC) estim\u00f3 en su informe del mes de agosto, que la producci\u00f3n mundial de la fibra se ubicar\u00e1 en 25 millones de toneladas para la zafra 2021\/2022, lo cual representa un aumento del 3% frente a los 24,2 millones de la zafra 2020\/2021. Por su\u2026","rel":"","context":"En \u00abActualidad\u00bb","block_context":{"text":"Actualidad","link":"https:\/\/lahoradelcampo.com.uy\/site\/category\/actualidad\/"},"img":{"alt_text":"","src":"https:\/\/i0.wp.com\/lahoradelcampo.com.uy\/site\/wp-content\/uploads\/2018\/05\/Algodon.jpg?fit=880%2C440&ssl=1&resize=350%2C200","width":350,"height":200,"srcset":"https:\/\/i0.wp.com\/lahoradelcampo.com.uy\/site\/wp-content\/uploads\/2018\/05\/Algodon.jpg?fit=880%2C440&ssl=1&resize=350%2C200 1x, https:\/\/i0.wp.com\/lahoradelcampo.com.uy\/site\/wp-content\/uploads\/2018\/05\/Algodon.jpg?fit=880%2C440&ssl=1&resize=525%2C300 1.5x, https:\/\/i0.wp.com\/lahoradelcampo.com.uy\/site\/wp-content\/uploads\/2018\/05\/Algodon.jpg?fit=880%2C440&ssl=1&resize=700%2C400 2x"},"classes":[]},{"id":7061,"url":"https:\/\/lahoradelcampo.com.uy\/site\/usda-preve-un-record-en-el-consumo-de-algodon-en-201819\/","url_meta":{"origin":42151,"position":1},"title":"USDA prev\u00e9 un r\u00e9cord en el consumo de algod\u00f3n en 2018\/19","author":"La Hora del Campo","date":"11 mayo, 2018","format":false,"excerpt":"El Departamento de Agricultura de los Estados Unidos (USDA, por sus siglas en ingl\u00e9s) di\u00f3 a conocer su primer informe de proyecciones sobre el a\u00f1o comercial 2018\/2019 para el algod\u00f3n a nivel mundial, donde se espera una ca\u00edda del 5.1% en los stocks mundiales de la fibra. En un an\u00e1lisis\u2026","rel":"","context":"En \u00abActualidad\u00bb","block_context":{"text":"Actualidad","link":"https:\/\/lahoradelcampo.com.uy\/site\/category\/actualidad\/"},"img":{"alt_text":"","src":"https:\/\/i0.wp.com\/lahoradelcampo.com.uy\/site\/wp-content\/uploads\/2018\/05\/Algodon.jpg?fit=880%2C440&ssl=1&resize=350%2C200","width":350,"height":200,"srcset":"https:\/\/i0.wp.com\/lahoradelcampo.com.uy\/site\/wp-content\/uploads\/2018\/05\/Algodon.jpg?fit=880%2C440&ssl=1&resize=350%2C200 1x, https:\/\/i0.wp.com\/lahoradelcampo.com.uy\/site\/wp-content\/uploads\/2018\/05\/Algodon.jpg?fit=880%2C440&ssl=1&resize=525%2C300 1.5x, https:\/\/i0.wp.com\/lahoradelcampo.com.uy\/site\/wp-content\/uploads\/2018\/05\/Algodon.jpg?fit=880%2C440&ssl=1&resize=700%2C400 2x"},"classes":[]},{"id":16488,"url":"https:\/\/lahoradelcampo.com.uy\/site\/area-de-algodon-crece-un-2-en-brasil\/","url_meta":{"origin":42151,"position":2},"title":"\u00c1rea de algod\u00f3n crece un 2% en Brasil","author":"La Hora del Campo","date":"20 diciembre, 2019","format":false,"excerpt":"De acuerdo al informe del Departamento de Agricultura de Estados Unidos (USDA por sus siglas en ingl\u00e9s) la producci\u00f3n de algod\u00f3n para la zafra 2019\/2020 en Brasil, alcanzar\u00eda 1,65 millones de hect\u00e1reas, un crecimiento del 2% frente a la zafra pasada. La cosecha est\u00e1 prevista en 12,67 millones de fardos\u2026","rel":"","context":"En \u00abActualidad\u00bb","block_context":{"text":"Actualidad","link":"https:\/\/lahoradelcampo.com.uy\/site\/category\/actualidad\/"},"img":{"alt_text":"","src":"https:\/\/i0.wp.com\/lahoradelcampo.com.uy\/site\/wp-content\/uploads\/2019\/12\/Algodon.jpg?fit=880%2C440&ssl=1&resize=350%2C200","width":350,"height":200,"srcset":"https:\/\/i0.wp.com\/lahoradelcampo.com.uy\/site\/wp-content\/uploads\/2019\/12\/Algodon.jpg?fit=880%2C440&ssl=1&resize=350%2C200 1x, https:\/\/i0.wp.com\/lahoradelcampo.com.uy\/site\/wp-content\/uploads\/2019\/12\/Algodon.jpg?fit=880%2C440&ssl=1&resize=525%2C300 1.5x, https:\/\/i0.wp.com\/lahoradelcampo.com.uy\/site\/wp-content\/uploads\/2019\/12\/Algodon.jpg?fit=880%2C440&ssl=1&resize=700%2C400 2x"},"classes":[]},{"id":55219,"url":"https:\/\/lahoradelcampo.com.uy\/site\/produccion-de-algodon-en-brasil-rompe-record-en-23-24\/","url_meta":{"origin":42151,"position":3},"title":"Producci\u00f3n de algod\u00f3n en Brasil rompe r\u00e9cord en 23\/24","author":"La Hora del Campo","date":"4 diciembre, 2024","format":false,"excerpt":"La producci\u00f3n de algod\u00f3n en Brasil alcanzar\u00e1 un nivel hist\u00f3rico durante la temporada 2023\/24, con una estimaci\u00f3n de m\u00e1s de 3 millones de toneladas de pluma, seg\u00fan la Companhia Nacional de Abastecimento (Conab). El crecimiento estar\u00e1 impulsado por un aumento del 2,9 % en la superficie sembrada, que abarcar\u00e1 1,71\u2026","rel":"","context":"En \u00abActualidad\u00bb","block_context":{"text":"Actualidad","link":"https:\/\/lahoradelcampo.com.uy\/site\/category\/actualidad\/"},"img":{"alt_text":"","src":"https:\/\/i0.wp.com\/lahoradelcampo.com.uy\/site\/wp-content\/uploads\/2019\/12\/Algodon.jpg?fit=880%2C440&ssl=1&resize=350%2C200","width":350,"height":200,"srcset":"https:\/\/i0.wp.com\/lahoradelcampo.com.uy\/site\/wp-content\/uploads\/2019\/12\/Algodon.jpg?fit=880%2C440&ssl=1&resize=350%2C200 1x, https:\/\/i0.wp.com\/lahoradelcampo.com.uy\/site\/wp-content\/uploads\/2019\/12\/Algodon.jpg?fit=880%2C440&ssl=1&resize=525%2C300 1.5x, https:\/\/i0.wp.com\/lahoradelcampo.com.uy\/site\/wp-content\/uploads\/2019\/12\/Algodon.jpg?fit=880%2C440&ssl=1&resize=700%2C400 2x"},"classes":[]},{"id":53740,"url":"https:\/\/lahoradelcampo.com.uy\/site\/algodon-sube-la-produccion-en-turquia-y-las-exportaciones-en-brasil\/","url_meta":{"origin":42151,"position":4},"title":"Algod\u00f3n: Sube la producci\u00f3n en Turqu\u00eda y las exportaciones en Brasil","author":"La Hora del Campo","date":"10 abril, 2024","format":false,"excerpt":"La producci\u00f3n de algod\u00f3n en Turqu\u00eda est\u00e1 prevista alcanzar los 3,766 millones de fardos durante la temporada 2024\/2025 (de agosto de 2024 a julio de 2025), seg\u00fan informes del Departamento de Agricultura de los Estados Unidos (USDA). Este dato marca un avance con respecto a la estimaci\u00f3n revisada de la\u2026","rel":"","context":"En \u00abActualidad\u00bb","block_context":{"text":"Actualidad","link":"https:\/\/lahoradelcampo.com.uy\/site\/category\/actualidad\/"},"img":{"alt_text":"","src":"https:\/\/i0.wp.com\/lahoradelcampo.com.uy\/site\/wp-content\/uploads\/2019\/12\/Algodon.jpg?fit=880%2C440&ssl=1&resize=350%2C200","width":350,"height":200,"srcset":"https:\/\/i0.wp.com\/lahoradelcampo.com.uy\/site\/wp-content\/uploads\/2019\/12\/Algodon.jpg?fit=880%2C440&ssl=1&resize=350%2C200 1x, https:\/\/i0.wp.com\/lahoradelcampo.com.uy\/site\/wp-content\/uploads\/2019\/12\/Algodon.jpg?fit=880%2C440&ssl=1&resize=525%2C300 1.5x, https:\/\/i0.wp.com\/lahoradelcampo.com.uy\/site\/wp-content\/uploads\/2019\/12\/Algodon.jpg?fit=880%2C440&ssl=1&resize=700%2C400 2x"},"classes":[]},{"id":6843,"url":"https:\/\/lahoradelcampo.com.uy\/site\/la-demanda-es-el-factor-clave-para-los-valores-de-la-lana\/","url_meta":{"origin":42151,"position":5},"title":"La demanda es el factor clave  para los valores de la lana","author":"La Hora del Campo","date":"3 mayo, 2018","format":false,"excerpt":"El d\u00e9cimo congreso Mundial de la raza Merino australiano que se desarroll\u00f3 en nuestro pa\u00eds con la presencia de m\u00e1s de 400 delegados y te Australia y Nueva Zelanda Sud\u00e1frica Argentina lesotho Rusia Estados Unidos Portugal y Uruguay cont\u00f3 con una visi\u00f3n muy optimista de los productores. M\u00e1s all\u00e1 de\u2026","rel":"","context":"En \u00abActualidad\u00bb","block_context":{"text":"Actualidad","link":"https:\/\/lahoradelcampo.com.uy\/site\/category\/actualidad\/"},"img":{"alt_text":"","src":"https:\/\/i0.wp.com\/lahoradelcampo.com.uy\/site\/wp-content\/uploads\/2018\/05\/Merinocongreso.jpg?fit=880%2C440&ssl=1&resize=350%2C200","width":350,"height":200,"srcset":"https:\/\/i0.wp.com\/lahoradelcampo.com.uy\/site\/wp-content\/uploads\/2018\/05\/Merinocongreso.jpg?fit=880%2C440&ssl=1&resize=350%2C200 1x, https:\/\/i0.wp.com\/lahoradelcampo.com.uy\/site\/wp-content\/uploads\/2018\/05\/Merinocongreso.jpg?fit=880%2C440&ssl=1&resize=525%2C300 1.5x, https:\/\/i0.wp.com\/lahoradelcampo.com.uy\/site\/wp-content\/uploads\/2018\/05\/Merinocongreso.jpg?fit=880%2C440&ssl=1&resize=700%2C400 2x"},"classes":[]}],"jetpack_likes_enabled":true,"_links":{"self":[{"href":"https:\/\/lahoradelcampo.com.uy\/site\/wp-json\/wp\/v2\/posts\/42151","targetHints":{"allow":["GET"]}}],"collection":[{"href":"https:\/\/lahoradelcampo.com.uy\/site\/wp-json\/wp\/v2\/posts"}],"about":[{"href":"https:\/\/lahoradelcampo.com.uy\/site\/wp-json\/wp\/v2\/types\/post"}],"author":[{"embeddable":true,"href":"https:\/\/lahoradelcampo.com.uy\/site\/wp-json\/wp\/v2\/users\/5"}],"replies":[{"embeddable":true,"href":"https:\/\/lahoradelcampo.com.uy\/site\/wp-json\/wp\/v2\/comments?post=42151"}],"version-history":[{"count":1,"href":"https:\/\/lahoradelcampo.com.uy\/site\/wp-json\/wp\/v2\/posts\/42151\/revisions"}],"predecessor-version":[{"id":42153,"href":"https:\/\/lahoradelcampo.com.uy\/site\/wp-json\/wp\/v2\/posts\/42151\/revisions\/42153"}],"wp:featuredmedia":[{"embeddable":true,"href":"https:\/\/lahoradelcampo.com.uy\/site\/wp-json\/wp\/v2\/media\/7063"}],"wp:attachment":[{"href":"https:\/\/lahoradelcampo.com.uy\/site\/wp-json\/wp\/v2\/media?parent=42151"}],"wp:term":[{"taxonomy":"category","embeddable":true,"href":"https:\/\/lahoradelcampo.com.uy\/site\/wp-json\/wp\/v2\/categories?post=42151"},{"taxonomy":"post_tag","embeddable":true,"href":"https:\/\/lahoradelcampo.com.uy\/site\/wp-json\/wp\/v2\/tags?post=42151"}],"curies":[{"name":"wp","href":"https:\/\/api.w.org\/{rel}","templated":true}]}}