{"id":42147,"date":"2022-05-25T07:36:05","date_gmt":"2022-05-25T10:36:05","guid":{"rendered":"http:\/\/lahoradelcampo.com.uy\/site\/?p=42147"},"modified":"2022-05-25T07:36:12","modified_gmt":"2022-05-25T10:36:12","slug":"el-1-6-comienza-la-vacunacion-contra-aftosa-a-nacidos-en-2021-y-2022","status":"publish","type":"post","link":"https:\/\/lahoradelcampo.com.uy\/site\/el-1-6-comienza-la-vacunacion-contra-aftosa-a-nacidos-en-2021-y-2022\/","title":{"rendered":"El 1\/6 comienza la vacunaci\u00f3n contra aftosa a nacidos en 2021 y 2022"},"content":{"rendered":"\n<figure class=\"wp-block-image\"><img data-recalc-dims=\"1\" loading=\"lazy\" decoding=\"async\" width=\"810\" height=\"405\" data-attachment-id=\"39869\" data-permalink=\"https:\/\/lahoradelcampo.com.uy\/site\/hoy-comienza-la-vacunacion-contra-la-fiebre-aftosa-a-todos-los-bovinos\/vacunacionaftosa-2\/\" data-orig-file=\"https:\/\/i0.wp.com\/lahoradelcampo.com.uy\/site\/wp-content\/uploads\/2022\/03\/Vacunaci%C3%B3naftosa.jpg?fit=880%2C440&amp;ssl=1\" data-orig-size=\"880,440\" data-comments-opened=\"1\" data-image-meta=\"{&quot;aperture&quot;:&quot;0&quot;,&quot;credit&quot;:&quot;&quot;,&quot;camera&quot;:&quot;&quot;,&quot;caption&quot;:&quot;&quot;,&quot;created_timestamp&quot;:&quot;0&quot;,&quot;copyright&quot;:&quot;&quot;,&quot;focal_length&quot;:&quot;0&quot;,&quot;iso&quot;:&quot;0&quot;,&quot;shutter_speed&quot;:&quot;0&quot;,&quot;title&quot;:&quot;&quot;,&quot;orientation&quot;:&quot;1&quot;}\" data-image-title=\"Vacunaci\u00f3naftosa\" data-image-description=\"\" data-image-caption=\"\" data-large-file=\"https:\/\/i0.wp.com\/lahoradelcampo.com.uy\/site\/wp-content\/uploads\/2022\/03\/Vacunaci%C3%B3naftosa.jpg?fit=810%2C405&amp;ssl=1\" src=\"https:\/\/i0.wp.com\/lahoradelcampo.com.uy\/site\/wp-content\/uploads\/2022\/03\/Vacunaci%C3%B3naftosa.jpg?resize=810%2C405\" alt=\"\" class=\"wp-image-39869\" srcset=\"https:\/\/i0.wp.com\/lahoradelcampo.com.uy\/site\/wp-content\/uploads\/2022\/03\/Vacunaci%C3%B3naftosa.jpg?w=880&amp;ssl=1 880w, https:\/\/i0.wp.com\/lahoradelcampo.com.uy\/site\/wp-content\/uploads\/2022\/03\/Vacunaci%C3%B3naftosa.jpg?resize=300%2C150&amp;ssl=1 300w, https:\/\/i0.wp.com\/lahoradelcampo.com.uy\/site\/wp-content\/uploads\/2022\/03\/Vacunaci%C3%B3naftosa.jpg?resize=768%2C384&amp;ssl=1 768w, https:\/\/i0.wp.com\/lahoradelcampo.com.uy\/site\/wp-content\/uploads\/2022\/03\/Vacunaci%C3%B3naftosa.jpg?resize=820%2C410&amp;ssl=1 820w\" sizes=\"auto, (max-width: 810px) 100vw, 810px\" \/><\/figure>\n\n\n\n<p>El pr\u00f3ximo 1 de junio comienza el segundo per\u00edodo de vacunaci\u00f3n contra la fiebre aftosa en Uruguay del 2022, donde se inocular\u00e1 todos los terneros nacidos en 2021 y 2022. <br><\/p>\n\n\n\n<p>Como es tradicional se recuerda que durante los primeros quince d\u00edas del per\u00edodo (del 1 al 15 de junio) queda prohibida la realizaci\u00f3n de eventos con concentraci\u00f3n de bovinos, tales como remates feria, exposiciones, etc., en tanto que los eventos con cambio de propiedad que no impliquen movimiento con animales, si estar\u00e1n autorizados. <br><\/p>\n\n\n\n<p>Adem\u00e1s en dicho per\u00edodo queda tambi\u00e9n prohibido el movimiento de dichas categor\u00edas, quedando habilitados los movimientos a partir del 16 de junio, pero los animales deber\u00e1n tener m\u00e1s de 15 d\u00edas de inmunizados con la nueva vacuna.<br><\/p>\n\n\n\n<p>Los movimientos a faena est\u00e1n habilitados durante todo el per\u00edodo, con las vacunaciones de los dos \u00faltimos per\u00edodos y a partir del 1 de julio deber\u00e1n tener 15 d\u00edas de inmunizados.  <br><\/p>\n\n\n\n<p>Las dosis ser\u00e1n proporcionadas por el MGAP a los titulares que presenten: Declaraci\u00f3n Jurada de existencias de DICOSE al 30 de junio del 2021 y Planilla de registro de utilizaci\u00f3n de productos veterinarios actualizada (Planilla de control sanitario).<br><\/p>\n\n\n\n<p>Es importante recordar que, al momento del retiro de las dosis, es necesario tener elementos apropiados para que las vacunas no pierdan la cadena de fr\u00edo y por ende su efectividad, esto es, conservadora con hielo o refrigerante en cantidad suficiente.<br><\/p>\n\n\n\n<p>La aplicaci\u00f3n de la vacuna se realiza de forma subcut\u00e1nea en la tabla del cuello, con dosis de 2 o 3 cent\u00edmetros c\u00fabicos, dependiendo del laboratorio fabricante. <br><\/p>\n\n\n\n<p>A continuaci\u00f3n le proporcionamos los cronogramas de vacunaci\u00f3n contra fiebre aftosa, previstos por las Codesas de Artigas, Salto y Paysand\u00fa.  <br><\/p>\n\n\n\n<p><strong>Salto<\/strong><br><\/p>\n\n\n\n<p>En este presente per\u00edodo, la entrega de vacunas contra la fiebre aftosa vuelve a realizarse en las oficinas del Ministerio de Ganader\u00eda, Agricultura y Pesca de Salto (Rinc\u00f3n y Artigas), en el horario de 9 a 13 horas. As\u00ed como tambi\u00e9n se mantiene la entrega en los diferentes puestos del interior del departamento. <br><\/p>\n\n\n\n<p><strong>Cronograma de entrega de vacunas<\/strong><br><\/p>\n\n\n\n<p>Durante los primeros diez d\u00edas del mes, entre el 1 y el 10 de junio, la entrega en oficinas se realiza en el horario de 9 a 13 horas, para las seccionales policiales 10a, 12a, 13a y 14a. <br><\/p>\n\n\n\n<p>En el interior del departamento el mi\u00e9rcoles 1 de junio se entregar\u00e1 vacunas en las localidades de Pueblo Lavalleja y Guaviy\u00fa de Arapey, en la seccional 10, en el horario de 9 a 13 horas. <br><\/p>\n\n\n\n<p>El viernes 3 de marzo en las localidades de Sarand\u00ed de Arapey y Pueblo Fern\u00e1ndez, en la seccional 11, tambi\u00e9n de 9 a 13 horas. <br><\/p>\n\n\n\n<p>Se retorna a la entrega en el interior del departamento el martes 7 en el horario de 9 a 13 horas en Pepe Nu\u00f1ez, Quintana y Paso La Herrer\u00eda en la seccional 12. <br><\/p>\n\n\n\n<p>El jueves 9 de junio se entrega vacunas en la seccional 13, en las localidades de Carumb\u00e9 y Paso de las Piedras, y al mismo tiempo en Pueblo Vera en la seccional 14. Siempre en el horario de 9 a 13 horas. <br><\/p>\n\n\n\n<p>Desde el 13 al 17 de junio se realizaran entregas en las oficinas del MGAP a las seccionales 15a y 16a. <br><\/p>\n\n\n\n<p>El martes 14 de junio se entregar\u00e1 en el Sal\u00f3n Comunal de Paso Cementerio y en Establecimiento Ordeix, dentro de la seccional 14, en el horario de 9 a 13 horas. En tanto que en el local Valent\u00edn en la seccional 15, se entrega de 9 a 14 horas.<br><\/p>\n\n\n\n<p>El 16 de junio se entrega en la seccional 16, en la Policl\u00ednica de Campo de Todos, en el horario de 11 a 12 horas, mientras que a los productores de la seccional 6, en Parada Herrer\u00eda en el horario de 10 a 12 horas. <br><\/p>\n\n\n\n<p>Del 20 al 24 de junio se entregar\u00e1 la vacuna en oficinas del MGAP a los productores de las seccionales 7a, 8a y 9a. <br><\/p>\n\n\n\n<p>El 21 de junio se distribuye la vacunas en la seccional 7 para las localidades de Saucedo de 9 a 12 y en Constituci\u00f3n de 9 a 13 horas. Al d\u00eda siguiente en Bel\u00e9n de 9 a 13 horas y cierra en la Comisar\u00eda 9 de 10 a 12 horas.   <br><\/p>\n\n\n\n<p>En tanto que en las oficinas del MGAP se entregar\u00e1 del 27 al 30 de junio a los productores de las seccionales 6a, 5a, 3a y 4a. <br><\/p>\n\n\n\n<p><strong>Artigas<\/strong><br><\/p>\n\n\n\n<p>En el departamento de Artigas est\u00e1 prevista la entrega de vacunas en puestos en el interior y por semanas en las oficinas del Ministerio de Ganader\u00eda, Agricultura y Pesca (MGAP) en el departamento. En el caso de los puestos de distribuci\u00f3n, el productor debe levantar la vacuna y comienza a vacunar ese mismo d\u00eda. En los puestos la entrega siempre es de 9 a 13 horas.<br><\/p>\n\n\n\n<p>El mi\u00e9rcoles 1 de junio se entregar\u00e1 en la comisar\u00eda de seccional 11ra, el jueves 2 en la comisar\u00eda 3ra, el viernes 3 en la comisar\u00eda 10ma. El martes 7 se realiza la entrega en el predio de la Sociedad Fomento Colonia Artigas, el mi\u00e9rcoles 8 de junio en la comisar\u00eda de seccional 9na y el jueves 9 en la comisaria de Colonia Palma sobre Ruta 3.  <br><\/p>\n\n\n\n<p>La entrega en las oficinas se realizar\u00e1 de 8:30 a 14 horas, y los productores deber\u00e1n levantar y vacunar en la misma semana. Durante todo el per\u00edodo se entregar\u00e1 en las oficinas de Artigas (Berreta 482) y de Tom\u00e1s Gomensoro (19 de abril Viv. 1).<br><\/p>\n\n\n\n<p>Del 1 al 10 de junio se entrega la vacuna a las seccionales 4ta y 12da. En tanto que del 13 al 17 de junio a las seccionales 8va y 9na, entreg\u00e1ndose durante ese periodo en el local de la Fomento de Baltasar Brum. <br><\/p>\n\n\n\n<p>Del 20 al 24 de junio se entregar\u00e1 la vacuna a los productores de las seccionales 5ta, 6ta, 7ma y 10ma. En esta semana durante los d\u00edas 23 y 24 de junio tambi\u00e9n se entrega en la oficina del MGAP en Bella Uni\u00f3n. <br><\/p>\n\n\n\n<p>La entrega culmina desde el 27 al 30 de junio entreg\u00e1ndose la vacuna en las seccionales 1ra, 2da, 3ra y 11ra. <br><\/p>\n\n\n\n<p><strong>Paysand\u00fa<\/strong><br><\/p>\n\n\n\n<p>La oficina del MGAP de Paysand\u00fa informa que durante todo el per\u00edodo de vacunaci\u00f3n, del 1 al 30 de junio, se entregara vacunas a los productores de todas las seccionales en las oficinas de Paysand\u00fa, Guich\u00f3n y Tambores en el horario de 8 a 15 horas. <br><\/p>\n\n\n\n<p>Por su parte el cronograma de entrega de vacunas en el interior del departamento comienza con la entrega a los productores de las seccionales 9a, 11a, 12a y 13a: jueves 2 de junio en Comisaria El Eucalipto de 8 a 15 horas. En tanto que el viernes 3 de junio se entrega a los productores de las seccionales 5a en Sal\u00f3n Comunal de Contancia de 8 a 11 horas y en la casa de Carlos Lancieri en Colonia 19 de abril de 12 a 15 horas. Esa misma jornada tambi\u00e9n se entregar\u00e1 la vacuna a los productores de la seccional 12a, en la comisar\u00eda en Piedras Coloradas de 8 a 12 horas y en el Salton Comunal de Orgoroso de 12 a 15 horas. <br><\/p>\n\n\n\n<p>El lunes 6 de junio se entrega a productores de la seccional 11a en el Sal\u00f3n Mevir de Pi\u00f1era-Beisso de 8 a 11 horas y en el Sal\u00f3n Comunal de Merinos de 12 a 15 horas. <br><\/p>\n\n\n\n<p>El martes 7 de junio se entrega la vacuna a productores de seccional 6a en Club Santa Kilda de 8 a 11 horas y en la casa del Sr. H\u00e9ctor Lima en Arroyo Malo de 12 a 15 horas. Esa misma jornada se entrega a productores de la seccional 10a en Arbolito de 8 a 8:30 horas, en Tiatucura de 9 a 9:30 y en Tres \u00c1rboles de 10 a 15 horas. Tambi\u00e9n se realiza la entrega a las seccionales 5a y 12a en Almac\u00e9n de Pach\u00f3n en Arroyo Negro de 8 a 11 horas y en el Sal\u00f3n Comunal de La Tentaci\u00f3n de 12 a 15 horas. <br><\/p>\n\n\n\n<p>El 8 de junio se realiza la entrega a los productores de la seccional 6a en el Sal\u00f3n Comunal del Municipio de Quebracho de 8 a 15 horas, en tanto que a los productores de las seccionales 9a y 11a en el Centro de Visitantes Montes del Queguay, en Paso Andr\u00e9s P\u00e9rez de 8 a 12 horas. <br><\/p>\n\n\n\n<p>El jueves 9 de junio se entrega de 8 a 11 horas en Sal\u00f3n Comunal de Bella Vista y de 12 a 15 horas en el Sal\u00f3n de la Fomento de Santa Blanca para los productores de las seccionales 6a y 7a. Esa misma jornada se entrega de 9 a 12 horas en el destacamento policial de Piedra Sola. <br><\/p>\n\n\n\n<p>El martes 14 de junio se entrega la vacuna en el sal\u00f3n comunal de Chapicuy de 8 a 15 horas y el 16 de junio a productores de la seccional 8a en el sal\u00f3n comunal de Gallinal de 8 a 11 horas y de 12 a 15 horas en Casa Gonzalez en el kil\u00f3metro 67,5 de la ruta 26. <\/p>\n\n\n\n<p>Salto, 25 de mayo de 2022<\/p>\n","protected":false},"excerpt":{"rendered":"<p>El pr\u00f3ximo 1 de junio comienza el segundo per\u00edodo de vacunaci\u00f3n contra la fiebre aftosa en Uruguay del 2022, donde se inocular\u00e1 todos los terneros nacidos en 2021 y 2022. [&hellip;]<\/p>\n","protected":false},"author":5,"featured_media":39869,"comment_status":"open","ping_status":"open","sticky":false,"template":"","format":"standard","meta":{"_price":"","_stock":"","_tribe_ticket_header":"","_tribe_default_ticket_provider":"","_tribe_ticket_capacity":"0","_ticket_start_date":"","_ticket_end_date":"","_tribe_ticket_show_description":"","_tribe_ticket_show_not_going":false,"_tribe_ticket_use_global_stock":"","_tribe_ticket_global_stock_level":"","_global_stock_mode":"","_global_stock_cap":"","_tribe_rsvp_for_event":"","_tribe_ticket_going_count":"","_tribe_ticket_not_going_count":"","_tribe_tickets_list":"[]","_tribe_ticket_has_attendee_info_fields":false,"h5ap_radio_sources":[],"_jetpack_newsletter_access":"","_jetpack_dont_email_post_to_subs":false,"_jetpack_newsletter_tier_id":0,"_jetpack_memberships_contains_paywalled_content":false,"_jetpack_memberships_contains_paid_content":false,"footnotes":""},"categories":[21,5],"tags":[],"class_list":["post-42147","post","type-post","status-publish","format-standard","has-post-thumbnail","hentry","category-actualidad","category-ganaderia"],"jetpack_featured_media_url":"https:\/\/i0.wp.com\/lahoradelcampo.com.uy\/site\/wp-content\/uploads\/2022\/03\/Vacunaci%C3%B3naftosa.jpg?fit=880%2C440&ssl=1","jetpack_sharing_enabled":true,"jetpack_shortlink":"https:\/\/wp.me\/p99IaT-aXN","jetpack-related-posts":[{"id":38967,"url":"https:\/\/lahoradelcampo.com.uy\/site\/vacunacion-contra-la-fiebre-aftosa-comienza-el-15-de-marzo\/","url_meta":{"origin":42147,"position":0},"title":"Vacunaci\u00f3n contra la Fiebre Aftosa comienza el 15 de marzo","author":"La Hora del Campo","date":"8 febrero, 2022","format":false,"excerpt":"La Direcci\u00f3n General de Servicios Ganaderos (DGSG) del MGAP aprob\u00f3, el 4 de febrero de 2022, una serie de disposiciones en relaci\u00f3n a la Fiebre Aftosa, que incluye establecer la vacunaci\u00f3n obligatoria contra la Fiebre Aftosa de todas las categor\u00edas bovinas, entre el 15 de marzo y el 15 de\u2026","rel":"","context":"En \u00abActualidad\u00bb","block_context":{"text":"Actualidad","link":"https:\/\/lahoradelcampo.com.uy\/site\/category\/actualidad\/"},"img":{"alt_text":"","src":"https:\/\/i0.wp.com\/lahoradelcampo.com.uy\/site\/wp-content\/uploads\/2022\/02\/MGAP-Aftosa-vacuna.jpg?fit=880%2C440&ssl=1&resize=350%2C200","width":350,"height":200,"srcset":"https:\/\/i0.wp.com\/lahoradelcampo.com.uy\/site\/wp-content\/uploads\/2022\/02\/MGAP-Aftosa-vacuna.jpg?fit=880%2C440&ssl=1&resize=350%2C200 1x, https:\/\/i0.wp.com\/lahoradelcampo.com.uy\/site\/wp-content\/uploads\/2022\/02\/MGAP-Aftosa-vacuna.jpg?fit=880%2C440&ssl=1&resize=525%2C300 1.5x, https:\/\/i0.wp.com\/lahoradelcampo.com.uy\/site\/wp-content\/uploads\/2022\/02\/MGAP-Aftosa-vacuna.jpg?fit=880%2C440&ssl=1&resize=700%2C400 2x"},"classes":[]},{"id":30772,"url":"https:\/\/lahoradelcampo.com.uy\/site\/hoy-comienza-la-vacunacion-antiaftosa-a-los-bovinos-menores-de-2-anos\/","url_meta":{"origin":42147,"position":1},"title":"Hoy comienza la vacunaci\u00f3n antiaftosa a los bovinos menores de 2 a\u00f1os","author":"La Hora del Campo","date":"1 junio, 2021","format":false,"excerpt":"Hoy 1 de junio comienza el per\u00edodo de vacunaci\u00f3n contra la fiebre aftosa a todas las categor\u00edas bovinas menores de 2 a\u00f1os. Se recuerda que como condiciones indispensables para entregar la vacuna, los titulares deber\u00e1n presentar la Declaraci\u00f3n Jurada al 30 de junio del 2020; Planilla de Control Interno de\u2026","rel":"","context":"En \u00abActualidad\u00bb","block_context":{"text":"Actualidad","link":"https:\/\/lahoradelcampo.com.uy\/site\/category\/actualidad\/"},"img":{"alt_text":"","src":"https:\/\/i0.wp.com\/lahoradelcampo.com.uy\/site\/wp-content\/uploads\/2019\/04\/vacunacion.jpg?fit=880%2C440&ssl=1&resize=350%2C200","width":350,"height":200,"srcset":"https:\/\/i0.wp.com\/lahoradelcampo.com.uy\/site\/wp-content\/uploads\/2019\/04\/vacunacion.jpg?fit=880%2C440&ssl=1&resize=350%2C200 1x, https:\/\/i0.wp.com\/lahoradelcampo.com.uy\/site\/wp-content\/uploads\/2019\/04\/vacunacion.jpg?fit=880%2C440&ssl=1&resize=525%2C300 1.5x, https:\/\/i0.wp.com\/lahoradelcampo.com.uy\/site\/wp-content\/uploads\/2019\/04\/vacunacion.jpg?fit=880%2C440&ssl=1&resize=700%2C400 2x"},"classes":[]},{"id":30184,"url":"https:\/\/lahoradelcampo.com.uy\/site\/bovinos-menores-de-2-anos-se-vacunan-del-1-al-30-de-junio\/","url_meta":{"origin":42147,"position":2},"title":"Bovinos menores de 2 a\u00f1os se vacunan del 1 al 30 de junio","author":"La Hora del Campo","date":"17 mayo, 2021","format":false,"excerpt":"La Direcci\u00f3n General de los Servicios Ganaderos ha dispuesto, la vacunaci\u00f3n obligatoria contra la Fiebre Aftosa de las categor\u00edas bovinas menores de 2 a\u00f1os, en el per\u00edodo entre el 1\u00ba y el 30 de junio. Asimismo, se deber\u00e1 cumplir estrictamente con los protocolos de bioseguridad dispuestos por la normativa vigente,\u2026","rel":"","context":"En \u00abActualidad\u00bb","block_context":{"text":"Actualidad","link":"https:\/\/lahoradelcampo.com.uy\/site\/category\/actualidad\/"},"img":{"alt_text":"","src":"https:\/\/i0.wp.com\/lahoradelcampo.com.uy\/site\/wp-content\/uploads\/2021\/05\/vacunando.jpg?fit=880%2C440&ssl=1&resize=350%2C200","width":350,"height":200,"srcset":"https:\/\/i0.wp.com\/lahoradelcampo.com.uy\/site\/wp-content\/uploads\/2021\/05\/vacunando.jpg?fit=880%2C440&ssl=1&resize=350%2C200 1x, https:\/\/i0.wp.com\/lahoradelcampo.com.uy\/site\/wp-content\/uploads\/2021\/05\/vacunando.jpg?fit=880%2C440&ssl=1&resize=525%2C300 1.5x, https:\/\/i0.wp.com\/lahoradelcampo.com.uy\/site\/wp-content\/uploads\/2021\/05\/vacunando.jpg?fit=880%2C440&ssl=1&resize=700%2C400 2x"},"classes":[]},{"id":19060,"url":"https:\/\/lahoradelcampo.com.uy\/site\/vacunacion-contra-aftosa-a-menores-de-2-anos-desde-el-15-de-mayo\/","url_meta":{"origin":42147,"position":3},"title":"Vacunaci\u00f3n contra aftosa a menores de 2 a\u00f1os desde el 15 de mayo","author":"La Hora del Campo","date":"21 abril, 2020","format":false,"excerpt":"La Direcci\u00f3n General de Servicios Ganaderos resolvi\u00f3, por decreto 108\/20 del 15 de abril, establecer \u201ccon car\u00e1cter obligatorio entre el 15 de mayo y el 15 de junio\u201d la \u201cvacunaci\u00f3n contra la fiebre aftosa\u201d para las categor\u00edas vacunas menores a dos a\u00f1os. Por ese motivo, entre el 15 y el\u2026","rel":"","context":"En \u00abActualidad\u00bb","block_context":{"text":"Actualidad","link":"https:\/\/lahoradelcampo.com.uy\/site\/category\/actualidad\/"},"img":{"alt_text":"","src":"https:\/\/i0.wp.com\/lahoradelcampo.com.uy\/site\/wp-content\/uploads\/2017\/12\/Aftosa.jpg?fit=880%2C440&ssl=1&resize=350%2C200","width":350,"height":200,"srcset":"https:\/\/i0.wp.com\/lahoradelcampo.com.uy\/site\/wp-content\/uploads\/2017\/12\/Aftosa.jpg?fit=880%2C440&ssl=1&resize=350%2C200 1x, https:\/\/i0.wp.com\/lahoradelcampo.com.uy\/site\/wp-content\/uploads\/2017\/12\/Aftosa.jpg?fit=880%2C440&ssl=1&resize=525%2C300 1.5x, https:\/\/i0.wp.com\/lahoradelcampo.com.uy\/site\/wp-content\/uploads\/2017\/12\/Aftosa.jpg?fit=880%2C440&ssl=1&resize=700%2C400 2x"},"classes":[]},{"id":41471,"url":"https:\/\/lahoradelcampo.com.uy\/site\/vacunacion-para-ganados-nacidos-en-2021-2022-desde-el-1-de-junio\/","url_meta":{"origin":42147,"position":4},"title":"Vacunaci\u00f3n para ganados nacidos en 2021-2022, desde el 1 de junio","author":"La Hora del Campo","date":"4 mayo, 2022","format":false,"excerpt":"El Ministerio de Ganader\u00eda, Agricultura y Pesca, a trav\u00e9s de la Direcci\u00f3n General de los Servicios Ganaderos (DGSG) comunic\u00f3 a trav\u00e9s de una resoluci\u00f3n que el pr\u00f3ximo per\u00edodo de vacunaci\u00f3n contra fiebre aftosa ser\u00e1 del 1\u00ba al 30 de junio y abarcar\u00e1 \u00fanicamente a la categor\u00eda terneros menores de un\u2026","rel":"","context":"En \u00abActualidad\u00bb","block_context":{"text":"Actualidad","link":"https:\/\/lahoradelcampo.com.uy\/site\/category\/actualidad\/"},"img":{"alt_text":"","src":"https:\/\/i0.wp.com\/lahoradelcampo.com.uy\/site\/wp-content\/uploads\/2022\/02\/MGAP-Aftosa-vacuna.jpg?fit=880%2C440&ssl=1&resize=350%2C200","width":350,"height":200,"srcset":"https:\/\/i0.wp.com\/lahoradelcampo.com.uy\/site\/wp-content\/uploads\/2022\/02\/MGAP-Aftosa-vacuna.jpg?fit=880%2C440&ssl=1&resize=350%2C200 1x, https:\/\/i0.wp.com\/lahoradelcampo.com.uy\/site\/wp-content\/uploads\/2022\/02\/MGAP-Aftosa-vacuna.jpg?fit=880%2C440&ssl=1&resize=525%2C300 1.5x, https:\/\/i0.wp.com\/lahoradelcampo.com.uy\/site\/wp-content\/uploads\/2022\/02\/MGAP-Aftosa-vacuna.jpg?fit=880%2C440&ssl=1&resize=700%2C400 2x"},"classes":[]},{"id":16484,"url":"https:\/\/lahoradelcampo.com.uy\/site\/mgap-emitio-resolucion-sobre-vacunacion-contra-la-fiebre-aftosa\/","url_meta":{"origin":42147,"position":5},"title":"MGAP emiti\u00f3 resoluci\u00f3n sobre vacunaci\u00f3n contra la fiebre aftosa","author":"La Hora del Campo","date":"19 diciembre, 2019","format":false,"excerpt":"Brasil comenz\u00f3 ya su trayecto para dejar de vacunar contra la fiebre aftosa, tema que ha sido planteado en varias oportunidades y ha encontrado resistencia tanto en los productores como en las autoridades de nuestro pa\u00eds, que han decidido continuar con la vacunaci\u00f3n del rodeo nacional. En este sentido el\u2026","rel":"","context":"En \u00abActualidad\u00bb","block_context":{"text":"Actualidad","link":"https:\/\/lahoradelcampo.com.uy\/site\/category\/actualidad\/"},"img":{"alt_text":"","src":"https:\/\/i0.wp.com\/lahoradelcampo.com.uy\/site\/wp-content\/uploads\/2018\/03\/Aftosa.jpg?fit=880%2C440&ssl=1&resize=350%2C200","width":350,"height":200,"srcset":"https:\/\/i0.wp.com\/lahoradelcampo.com.uy\/site\/wp-content\/uploads\/2018\/03\/Aftosa.jpg?fit=880%2C440&ssl=1&resize=350%2C200 1x, https:\/\/i0.wp.com\/lahoradelcampo.com.uy\/site\/wp-content\/uploads\/2018\/03\/Aftosa.jpg?fit=880%2C440&ssl=1&resize=525%2C300 1.5x, https:\/\/i0.wp.com\/lahoradelcampo.com.uy\/site\/wp-content\/uploads\/2018\/03\/Aftosa.jpg?fit=880%2C440&ssl=1&resize=700%2C400 2x"},"classes":[]}],"jetpack_likes_enabled":true,"_links":{"self":[{"href":"https:\/\/lahoradelcampo.com.uy\/site\/wp-json\/wp\/v2\/posts\/42147","targetHints":{"allow":["GET"]}}],"collection":[{"href":"https:\/\/lahoradelcampo.com.uy\/site\/wp-json\/wp\/v2\/posts"}],"about":[{"href":"https:\/\/lahoradelcampo.com.uy\/site\/wp-json\/wp\/v2\/types\/post"}],"author":[{"embeddable":true,"href":"https:\/\/lahoradelcampo.com.uy\/site\/wp-json\/wp\/v2\/users\/5"}],"replies":[{"embeddable":true,"href":"https:\/\/lahoradelcampo.com.uy\/site\/wp-json\/wp\/v2\/comments?post=42147"}],"version-history":[{"count":1,"href":"https:\/\/lahoradelcampo.com.uy\/site\/wp-json\/wp\/v2\/posts\/42147\/revisions"}],"predecessor-version":[{"id":42149,"href":"https:\/\/lahoradelcampo.com.uy\/site\/wp-json\/wp\/v2\/posts\/42147\/revisions\/42149"}],"wp:featuredmedia":[{"embeddable":true,"href":"https:\/\/lahoradelcampo.com.uy\/site\/wp-json\/wp\/v2\/media\/39869"}],"wp:attachment":[{"href":"https:\/\/lahoradelcampo.com.uy\/site\/wp-json\/wp\/v2\/media?parent=42147"}],"wp:term":[{"taxonomy":"category","embeddable":true,"href":"https:\/\/lahoradelcampo.com.uy\/site\/wp-json\/wp\/v2\/categories?post=42147"},{"taxonomy":"post_tag","embeddable":true,"href":"https:\/\/lahoradelcampo.com.uy\/site\/wp-json\/wp\/v2\/tags?post=42147"}],"curies":[{"name":"wp","href":"https:\/\/api.w.org\/{rel}","templated":true}]}}