{"id":42143,"date":"2022-05-25T07:31:49","date_gmt":"2022-05-25T10:31:49","guid":{"rendered":"http:\/\/lahoradelcampo.com.uy\/site\/?p=42143"},"modified":"2022-05-25T07:31:54","modified_gmt":"2022-05-25T10:31:54","slug":"el-6-de-junio-se-abre-el-registro-nacional-frutihorticola","status":"publish","type":"post","link":"https:\/\/lahoradelcampo.com.uy\/site\/el-6-de-junio-se-abre-el-registro-nacional-frutihorticola\/","title":{"rendered":"El 6 de junio  se abre el Registro Nacional FrutiHort\u00edcola"},"content":{"rendered":"\n<figure class=\"wp-block-image\"><img data-recalc-dims=\"1\" loading=\"lazy\" decoding=\"async\" width=\"810\" height=\"405\" data-attachment-id=\"35967\" data-permalink=\"https:\/\/lahoradelcampo.com.uy\/site\/dgdr-dara-de-baja-los-registros-vencidos-de-productores-familiares\/productorfamiliar1\/\" data-orig-file=\"https:\/\/i0.wp.com\/lahoradelcampo.com.uy\/site\/wp-content\/uploads\/2021\/10\/productorfamiliar1.jpg?fit=880%2C440&amp;ssl=1\" data-orig-size=\"880,440\" data-comments-opened=\"1\" data-image-meta=\"{&quot;aperture&quot;:&quot;0&quot;,&quot;credit&quot;:&quot;&quot;,&quot;camera&quot;:&quot;&quot;,&quot;caption&quot;:&quot;&quot;,&quot;created_timestamp&quot;:&quot;0&quot;,&quot;copyright&quot;:&quot;&quot;,&quot;focal_length&quot;:&quot;0&quot;,&quot;iso&quot;:&quot;0&quot;,&quot;shutter_speed&quot;:&quot;0&quot;,&quot;title&quot;:&quot;&quot;,&quot;orientation&quot;:&quot;1&quot;}\" data-image-title=\"productorfamiliar1\" data-image-description=\"\" data-image-caption=\"\" data-large-file=\"https:\/\/i0.wp.com\/lahoradelcampo.com.uy\/site\/wp-content\/uploads\/2021\/10\/productorfamiliar1.jpg?fit=810%2C405&amp;ssl=1\" src=\"https:\/\/i0.wp.com\/lahoradelcampo.com.uy\/site\/wp-content\/uploads\/2021\/10\/productorfamiliar1.jpg?resize=810%2C405\" alt=\"\" class=\"wp-image-35967\" srcset=\"https:\/\/i0.wp.com\/lahoradelcampo.com.uy\/site\/wp-content\/uploads\/2021\/10\/productorfamiliar1.jpg?w=880&amp;ssl=1 880w, https:\/\/i0.wp.com\/lahoradelcampo.com.uy\/site\/wp-content\/uploads\/2021\/10\/productorfamiliar1.jpg?resize=300%2C150&amp;ssl=1 300w, https:\/\/i0.wp.com\/lahoradelcampo.com.uy\/site\/wp-content\/uploads\/2021\/10\/productorfamiliar1.jpg?resize=768%2C384&amp;ssl=1 768w, https:\/\/i0.wp.com\/lahoradelcampo.com.uy\/site\/wp-content\/uploads\/2021\/10\/productorfamiliar1.jpg?resize=820%2C410&amp;ssl=1 820w\" sizes=\"auto, (max-width: 810px) 100vw, 810px\" \/><\/figure>\n\n\n\n<p>La Direcci\u00f3n General de la Granja (DIGEGRA), comunica que a partir del lunes 06 de junio estar\u00e1 operativo el REGISTRO NACIONAL FRUTIHORT\u00cdCOLA para realizar las actualizaciones correspondientes o solicitudes de inscripci\u00f3n por primera vez. El plazo para realizar el mismo vence el viernes 08 de julio. <\/p>\n\n\n\n<p>Corresponde que se inscriba toda empresa con actividad comercial hort\u00edcola, frut\u00edcola y\/o con floricultura. Todos los productores hort\u00edcolas y frut\u00edcolas incluyendo los olivicultores, citricultores, productores de nueces y de cultivos no tradicionales como man\u00ed, granada, ar\u00e1ndanos, higos, kiwi, entre otros.<br><\/p>\n\n\n\n<p>Recordamos que la inscripci\u00f3n y\/o actualizaci\u00f3n del registro es de car\u00e1cter OBLIGATORIO y EXCLUYENTE para acceder a los diferentes beneficios que otorga el MGAP.<br><\/p>\n\n\n\n<p>Dentro de los mismos, se destacan:<br><\/p>\n\n\n\n<ul class=\"wp-block-list\"><li>Subsidios de Seguros en convenio con Banco de Seguros del Estado<\/li><li>Todas las convocatorias a Planes de negocios<\/li><li>Devoluci\u00f3n de IVA gasoil incluido en las compras de peque\u00f1os productores rurales<\/li><li>Eventuales beneficios y\/o apoyos en situaci\u00f3n de emergencia que puedan surgir en el correr del ejercicio<\/li><li><\/li><\/ul>\n\n\n\n<p>Para acceder al Registro Nacional Frutihort\u00edcola podr\u00e1 hacerlo a trav\u00e9s de la p\u00e1gina web del MGAP. Si requiere asistencia para realizar la declaraci\u00f3n puede referirse a la Agencia de DIGEGRA de su zona previa coordinaci\u00f3n telef\u00f3nica.<\/p>\n\n\n\n<p>Salto, 25 de mayo de 2022<\/p>\n","protected":false},"excerpt":{"rendered":"<p>La Direcci\u00f3n General de la Granja (DIGEGRA), comunica que a partir del lunes 06 de junio estar\u00e1 operativo el REGISTRO NACIONAL FRUTIHORT\u00cdCOLA para realizar las actualizaciones correspondientes o solicitudes de [&hellip;]<\/p>\n","protected":false},"author":5,"featured_media":35967,"comment_status":"open","ping_status":"open","sticky":false,"template":"","format":"standard","meta":{"_price":"","_stock":"","_tribe_ticket_header":"","_tribe_default_ticket_provider":"","_tribe_ticket_capacity":"0","_ticket_start_date":"","_ticket_end_date":"","_tribe_ticket_show_description":"","_tribe_ticket_show_not_going":false,"_tribe_ticket_use_global_stock":"","_tribe_ticket_global_stock_level":"","_global_stock_mode":"","_global_stock_cap":"","_tribe_rsvp_for_event":"","_tribe_ticket_going_count":"","_tribe_ticket_not_going_count":"","_tribe_tickets_list":"[]","_tribe_ticket_has_attendee_info_fields":false,"h5ap_radio_sources":[],"_jetpack_newsletter_access":"","_jetpack_dont_email_post_to_subs":false,"_jetpack_newsletter_tier_id":0,"_jetpack_memberships_contains_paywalled_content":false,"_jetpack_memberships_contains_paid_content":false,"footnotes":""},"categories":[21,9],"tags":[],"class_list":["post-42143","post","type-post","status-publish","format-standard","has-post-thumbnail","hentry","category-actualidad","category-granja"],"jetpack_featured_media_url":"https:\/\/i0.wp.com\/lahoradelcampo.com.uy\/site\/wp-content\/uploads\/2021\/10\/productorfamiliar1.jpg?fit=880%2C440&ssl=1","jetpack_sharing_enabled":true,"jetpack_shortlink":"https:\/\/wp.me\/p99IaT-aXJ","jetpack-related-posts":[{"id":50425,"url":"https:\/\/lahoradelcampo.com.uy\/site\/registro-frutihorticola-inicia-el-1-de-junio-de-2023\/","url_meta":{"origin":42143,"position":0},"title":"Registro Frutihort\u00edcola inicia el 1 de junio de 2023","author":"La Hora del Campo","date":"19 mayo, 2023","format":false,"excerpt":"La Direcci\u00f3n General de la Granja (DIGEGRA) informa que a partir del jueves 01 de junio estar\u00e1 en funcionamiento el Registro Nacional FrutiHort\u00edcola, donde se podr\u00e1n realizar actualizaciones o solicitudes de inscripci\u00f3n por primera vez. El plazo para completar el registro finaliza el viernes 30 de junio. Recordamos que la\u2026","rel":"","context":"En \u00abActualidad\u00bb","block_context":{"text":"Actualidad","link":"https:\/\/lahoradelcampo.com.uy\/site\/category\/actualidad\/"},"img":{"alt_text":"","src":"https:\/\/i0.wp.com\/lahoradelcampo.com.uy\/site\/wp-content\/uploads\/2018\/02\/web-frutas.jpg?fit=880%2C440&ssl=1&resize=350%2C200","width":350,"height":200,"srcset":"https:\/\/i0.wp.com\/lahoradelcampo.com.uy\/site\/wp-content\/uploads\/2018\/02\/web-frutas.jpg?fit=880%2C440&ssl=1&resize=350%2C200 1x, https:\/\/i0.wp.com\/lahoradelcampo.com.uy\/site\/wp-content\/uploads\/2018\/02\/web-frutas.jpg?fit=880%2C440&ssl=1&resize=525%2C300 1.5x, https:\/\/i0.wp.com\/lahoradelcampo.com.uy\/site\/wp-content\/uploads\/2018\/02\/web-frutas.jpg?fit=880%2C440&ssl=1&resize=700%2C400 2x"},"classes":[]},{"id":53899,"url":"https:\/\/lahoradelcampo.com.uy\/site\/desde-el-3-de-junio-debe-realizarse-el-registro-nacional-frutihorticola\/","url_meta":{"origin":42143,"position":1},"title":"Desde el 3 de junio debe realizarse el Registro Nacional Frutihort\u00edcola","author":"La Hora del Campo","date":"24 mayo, 2024","format":false,"excerpt":"La Direcci\u00f3n General de la Granja (DIGEGRA) ha anunciado la apertura del esperado Registro Nacional Frutihort\u00edcola, el cual estar\u00e1 operativo a partir del pr\u00f3ximo lunes 3 de junio de 2024. Este registro, de vital importancia para el sector granjero, permitir\u00e1 realizar actualizaciones y solicitudes de inscripci\u00f3n por primera vez hasta\u2026","rel":"","context":"En \u00abActualidad\u00bb","block_context":{"text":"Actualidad","link":"https:\/\/lahoradelcampo.com.uy\/site\/category\/actualidad\/"},"img":{"alt_text":"","src":"https:\/\/i0.wp.com\/lahoradelcampo.com.uy\/site\/wp-content\/uploads\/2024\/05\/frutihorticola.jpg?fit=880%2C440&ssl=1&resize=350%2C200","width":350,"height":200,"srcset":"https:\/\/i0.wp.com\/lahoradelcampo.com.uy\/site\/wp-content\/uploads\/2024\/05\/frutihorticola.jpg?fit=880%2C440&ssl=1&resize=350%2C200 1x, https:\/\/i0.wp.com\/lahoradelcampo.com.uy\/site\/wp-content\/uploads\/2024\/05\/frutihorticola.jpg?fit=880%2C440&ssl=1&resize=525%2C300 1.5x, https:\/\/i0.wp.com\/lahoradelcampo.com.uy\/site\/wp-content\/uploads\/2024\/05\/frutihorticola.jpg?fit=880%2C440&ssl=1&resize=700%2C400 2x"},"classes":[]},{"id":12545,"url":"https:\/\/lahoradelcampo.com.uy\/site\/el-12-de-julio-vence-el-plazo-para-el-registro-nacional-frutihorticola\/","url_meta":{"origin":42143,"position":2},"title":"El 12 de julio vence el plazo para el Registro Nacional Frutihort\u00edcola","author":"La Hora del Campo","date":"10 julio, 2019","format":false,"excerpt":"La Direcci\u00f3n General de la Granja (Digegra) comunic\u00f3 que a los productores frutihort\u00edcolas que el pr\u00f3ximo viernes 12 de julio vencer\u00e1 el plazo para nueva inscripci\u00f3n o actualizaci\u00f3n del Registro Nacional Frutihort\u00edcola. Desde Digegra se record\u00f3 que la inscripci\u00f3n y\/o actualizaci\u00f3n del registro es de car\u00e1cter obligatorio y excluyente para\u2026","rel":"","context":"En \u00abActualidad\u00bb","block_context":{"text":"Actualidad","link":"https:\/\/lahoradelcampo.com.uy\/site\/category\/actualidad\/"},"img":{"alt_text":"","src":"https:\/\/i0.wp.com\/lahoradelcampo.com.uy\/site\/wp-content\/uploads\/2018\/05\/Granja.jpg?fit=880%2C440&ssl=1&resize=350%2C200","width":350,"height":200,"srcset":"https:\/\/i0.wp.com\/lahoradelcampo.com.uy\/site\/wp-content\/uploads\/2018\/05\/Granja.jpg?fit=880%2C440&ssl=1&resize=350%2C200 1x, https:\/\/i0.wp.com\/lahoradelcampo.com.uy\/site\/wp-content\/uploads\/2018\/05\/Granja.jpg?fit=880%2C440&ssl=1&resize=525%2C300 1.5x, https:\/\/i0.wp.com\/lahoradelcampo.com.uy\/site\/wp-content\/uploads\/2018\/05\/Granja.jpg?fit=880%2C440&ssl=1&resize=700%2C400 2x"},"classes":[]},{"id":21868,"url":"https:\/\/lahoradelcampo.com.uy\/site\/se-extendio-hasta-el-19-07-el-plazo-para-el-registro-frutihorticola\/","url_meta":{"origin":42143,"position":3},"title":"Se extendi\u00f3 hasta el 19\/07 el plazo para el Registro Frutihort\u00edcola","author":"La Hora del Campo","date":"15 julio, 2020","format":false,"excerpt":"La Direcci\u00f3n General de la Granja (DIGEGRA), comunica que a ra\u00edz de la pandemia generada por el coronavirus COVID-19 se otorgar\u00e1 una extensi\u00f3n para gestionar el Registro Nacional Frutihort\u00edcola. Dicha prorroga finaliza indefectiblemente al 19 de julio. El registro lo deben realizar todos los productores hort\u00edcolas y frut\u00edcolas incluyendo los\u2026","rel":"","context":"En \u00abActualidad\u00bb","block_context":{"text":"Actualidad","link":"https:\/\/lahoradelcampo.com.uy\/site\/category\/actualidad\/"},"img":{"alt_text":"","src":"https:\/\/i0.wp.com\/lahoradelcampo.com.uy\/site\/wp-content\/uploads\/2017\/11\/Granjero.jpg?fit=880%2C440&ssl=1&resize=350%2C200","width":350,"height":200,"srcset":"https:\/\/i0.wp.com\/lahoradelcampo.com.uy\/site\/wp-content\/uploads\/2017\/11\/Granjero.jpg?fit=880%2C440&ssl=1&resize=350%2C200 1x, https:\/\/i0.wp.com\/lahoradelcampo.com.uy\/site\/wp-content\/uploads\/2017\/11\/Granjero.jpg?fit=880%2C440&ssl=1&resize=525%2C300 1.5x, https:\/\/i0.wp.com\/lahoradelcampo.com.uy\/site\/wp-content\/uploads\/2017\/11\/Granjero.jpg?fit=880%2C440&ssl=1&resize=700%2C400 2x"},"classes":[]},{"id":51075,"url":"https:\/\/lahoradelcampo.com.uy\/site\/nuevo-beneficio-en-aportes-patronales-al-bps-para-el-sector-granja\/","url_meta":{"origin":42143,"position":4},"title":"Nuevo beneficio en aportes patronales al BPS para el sector granja","author":"La Hora del Campo","date":"6 junio, 2023","format":false,"excerpt":"La Direcci\u00f3n General de la Granja (DIGEGRA) ha anunciado un nuevo beneficio para los productores granjeros en el marco de la Emergencia Agropecuaria. Este beneficio est\u00e1 relacionado con los aportes al Banco de Previsi\u00f3n Social (BPS) realizados durante el per\u00edodo comprendido entre el 1 de enero y el 31 de\u2026","rel":"","context":"En \u00abActualidad\u00bb","block_context":{"text":"Actualidad","link":"https:\/\/lahoradelcampo.com.uy\/site\/category\/actualidad\/"},"img":{"alt_text":"","src":"https:\/\/i0.wp.com\/lahoradelcampo.com.uy\/site\/wp-content\/uploads\/2020\/08\/zapallitosweb.jpg?fit=880%2C440&ssl=1&resize=350%2C200","width":350,"height":200,"srcset":"https:\/\/i0.wp.com\/lahoradelcampo.com.uy\/site\/wp-content\/uploads\/2020\/08\/zapallitosweb.jpg?fit=880%2C440&ssl=1&resize=350%2C200 1x, https:\/\/i0.wp.com\/lahoradelcampo.com.uy\/site\/wp-content\/uploads\/2020\/08\/zapallitosweb.jpg?fit=880%2C440&ssl=1&resize=525%2C300 1.5x, https:\/\/i0.wp.com\/lahoradelcampo.com.uy\/site\/wp-content\/uploads\/2020\/08\/zapallitosweb.jpg?fit=880%2C440&ssl=1&resize=700%2C400 2x"},"classes":[]},{"id":54823,"url":"https:\/\/lahoradelcampo.com.uy\/site\/abren-inscripciones-para-el-registro-nacional-de-faena-artesanal-predial\/","url_meta":{"origin":42143,"position":5},"title":"Abren inscripciones para el Registro Nacional de Faena Artesanal Predial","author":"La Hora del Campo","date":"8 octubre, 2024","format":false,"excerpt":"La Direcci\u00f3n General de la Granja (DIGEGRA) y la Unidad de Descentralizaci\u00f3n han abierto el per\u00edodo de inscripciones para el Registro Nacional de Faena Artesanal Predial y de Profesionales para la Habilitaci\u00f3n de Plantas de Faena, en el marco de las disposiciones de las Leyes 20.097 y 20.230. Este registro\u2026","rel":"","context":"En \u00abActualidad\u00bb","block_context":{"text":"Actualidad","link":"https:\/\/lahoradelcampo.com.uy\/site\/category\/actualidad\/"},"img":{"alt_text":"","src":"https:\/\/i0.wp.com\/lahoradelcampo.com.uy\/site\/wp-content\/uploads\/2024\/10\/productoresfamiliares.jpg?fit=880%2C440&ssl=1&resize=350%2C200","width":350,"height":200,"srcset":"https:\/\/i0.wp.com\/lahoradelcampo.com.uy\/site\/wp-content\/uploads\/2024\/10\/productoresfamiliares.jpg?fit=880%2C440&ssl=1&resize=350%2C200 1x, https:\/\/i0.wp.com\/lahoradelcampo.com.uy\/site\/wp-content\/uploads\/2024\/10\/productoresfamiliares.jpg?fit=880%2C440&ssl=1&resize=525%2C300 1.5x, https:\/\/i0.wp.com\/lahoradelcampo.com.uy\/site\/wp-content\/uploads\/2024\/10\/productoresfamiliares.jpg?fit=880%2C440&ssl=1&resize=700%2C400 2x"},"classes":[]}],"jetpack_likes_enabled":true,"_links":{"self":[{"href":"https:\/\/lahoradelcampo.com.uy\/site\/wp-json\/wp\/v2\/posts\/42143","targetHints":{"allow":["GET"]}}],"collection":[{"href":"https:\/\/lahoradelcampo.com.uy\/site\/wp-json\/wp\/v2\/posts"}],"about":[{"href":"https:\/\/lahoradelcampo.com.uy\/site\/wp-json\/wp\/v2\/types\/post"}],"author":[{"embeddable":true,"href":"https:\/\/lahoradelcampo.com.uy\/site\/wp-json\/wp\/v2\/users\/5"}],"replies":[{"embeddable":true,"href":"https:\/\/lahoradelcampo.com.uy\/site\/wp-json\/wp\/v2\/comments?post=42143"}],"version-history":[{"count":1,"href":"https:\/\/lahoradelcampo.com.uy\/site\/wp-json\/wp\/v2\/posts\/42143\/revisions"}],"predecessor-version":[{"id":42145,"href":"https:\/\/lahoradelcampo.com.uy\/site\/wp-json\/wp\/v2\/posts\/42143\/revisions\/42145"}],"wp:featuredmedia":[{"embeddable":true,"href":"https:\/\/lahoradelcampo.com.uy\/site\/wp-json\/wp\/v2\/media\/35967"}],"wp:attachment":[{"href":"https:\/\/lahoradelcampo.com.uy\/site\/wp-json\/wp\/v2\/media?parent=42143"}],"wp:term":[{"taxonomy":"category","embeddable":true,"href":"https:\/\/lahoradelcampo.com.uy\/site\/wp-json\/wp\/v2\/categories?post=42143"},{"taxonomy":"post_tag","embeddable":true,"href":"https:\/\/lahoradelcampo.com.uy\/site\/wp-json\/wp\/v2\/tags?post=42143"}],"curies":[{"name":"wp","href":"https:\/\/api.w.org\/{rel}","templated":true}]}}