{"id":42137,"date":"2022-05-25T07:23:24","date_gmt":"2022-05-25T10:23:24","guid":{"rendered":"http:\/\/lahoradelcampo.com.uy\/site\/?p=42137"},"modified":"2022-05-25T07:23:52","modified_gmt":"2022-05-25T10:23:52","slug":"digegra-convocatoria-a-productores-familiares-granjeros-deudores-del-bps","status":"publish","type":"post","link":"https:\/\/lahoradelcampo.com.uy\/site\/digegra-convocatoria-a-productores-familiares-granjeros-deudores-del-bps\/","title":{"rendered":"Digegra convoca a Productores Familiares  deudores del BPS"},"content":{"rendered":"\n<figure class=\"wp-block-image\"><img data-recalc-dims=\"1\" loading=\"lazy\" decoding=\"async\" width=\"810\" height=\"405\" data-attachment-id=\"7307\" data-permalink=\"https:\/\/lahoradelcampo.com.uy\/site\/primeros-frios-normalizan-el-nivel-de-oferta-en-el-mercado-modelo\/granja-2\/\" data-orig-file=\"https:\/\/i0.wp.com\/lahoradelcampo.com.uy\/site\/wp-content\/uploads\/2018\/05\/Granja.jpg?fit=880%2C440&amp;ssl=1\" data-orig-size=\"880,440\" data-comments-opened=\"1\" data-image-meta=\"{&quot;aperture&quot;:&quot;0&quot;,&quot;credit&quot;:&quot;&quot;,&quot;camera&quot;:&quot;&quot;,&quot;caption&quot;:&quot;&quot;,&quot;created_timestamp&quot;:&quot;0&quot;,&quot;copyright&quot;:&quot;&quot;,&quot;focal_length&quot;:&quot;0&quot;,&quot;iso&quot;:&quot;0&quot;,&quot;shutter_speed&quot;:&quot;0&quot;,&quot;title&quot;:&quot;&quot;,&quot;orientation&quot;:&quot;1&quot;}\" data-image-title=\"Granja\" data-image-description=\"\" data-image-caption=\"\" data-large-file=\"https:\/\/i0.wp.com\/lahoradelcampo.com.uy\/site\/wp-content\/uploads\/2018\/05\/Granja.jpg?fit=810%2C405&amp;ssl=1\" src=\"https:\/\/i0.wp.com\/lahoradelcampo.com.uy\/site\/wp-content\/uploads\/2018\/05\/Granja.jpg?resize=810%2C405\" alt=\"\" class=\"wp-image-7307\" srcset=\"https:\/\/i0.wp.com\/lahoradelcampo.com.uy\/site\/wp-content\/uploads\/2018\/05\/Granja.jpg?w=880&amp;ssl=1 880w, https:\/\/i0.wp.com\/lahoradelcampo.com.uy\/site\/wp-content\/uploads\/2018\/05\/Granja.jpg?resize=300%2C150&amp;ssl=1 300w, https:\/\/i0.wp.com\/lahoradelcampo.com.uy\/site\/wp-content\/uploads\/2018\/05\/Granja.jpg?resize=768%2C384&amp;ssl=1 768w, https:\/\/i0.wp.com\/lahoradelcampo.com.uy\/site\/wp-content\/uploads\/2018\/05\/Granja.jpg?resize=820%2C410&amp;ssl=1 820w\" sizes=\"auto, (max-width: 810px) 100vw, 810px\" \/><\/figure>\n\n\n\n<p>El Ministerio de Ganader\u00eda Agricultura y Pesca (MGAP) por intermedio de la Direcci\u00f3n General de la Granja (DIGEGRA) llama a productores familiares granjeros, con deudas ante el Banco de Previsi\u00f3n Social (BPS) por concepto de aportes patronales a la seguridad social originadas con anterioridad al 30 de junio de 2002, a acogerse a los beneficios de su cancelaci\u00f3n o abatimiento.<br><\/p>\n\n\n\n<p>La Ley N\u00ba19.802, de 13 de setiembre de 2019 sustituye el literal B), apartado i), del art\u00edculo 8 de la Ley N\u00ba17.844, de 21 de octubre de 2004, en la redacci\u00f3n dada por el art. 2 de la Ley N\u00ba18.827, de 21 de octubre de 2011, modificando los requisitos para destinar recursos del Fondo de Fomento de la Granja, a la cancelaci\u00f3n de adeudos por aportes patronales con el Banco de Previsi\u00f3n Social. Se faculta a cancelar o abatir aquellas deudas originadas con el Banco de Previsi\u00f3n Social (BPS) que los productores granjeros hubieren generado por la actividad de su giro, con anterioridad al 30 de junio de 2002. Para el cumplimiento de dicho objetivo, la normativa legal vigente destin\u00f3 hasta US$ 2.000.000 (dos millones de d\u00f3lares americanos).<br><\/p>\n\n\n\n<p>Por Decreto N\u00b0150\/2022, de 9 de mayo de 2022, se reglamenta el art\u00edculo 1\u00ba de la Ley N\u00ba 19.802, de 13 de setiembre de 2019 que sustituye el literal B), apartado i), del art\u00edculo 8\u00b0 de la Ley N\u00ba 17.844 de 21 de octubre de 2004.<br><\/p>\n\n\n\n<p>A efectos de regularizar los adeudos la mencionada reglamentaci\u00f3n estableci\u00f3 las condiciones operativas, as\u00ed como el monto m\u00e1ximo de apoyo por productor para la cancelaci\u00f3n o el abatimiento de las deudas teniendo en cuenta el monto original as\u00ed como las multas y recargos generados.<br><\/p>\n\n\n\n<p><strong>Requisitos<\/strong><br><\/p>\n\n\n\n<p>Las condiciones que deben cumplir los posibles beneficiarios son las siguientes: Ser Productor Familiar Granjero de los subsectores frut\u00edcola, hort\u00edcola, vit\u00edcola, ap\u00edcola, cr\u00eda de aves y\/o cr\u00eda de suinos. Productor en actividad o no. Ser deudor ante el BPS por aportes patronales a la seguridad social, con deuda que haya sido generada con anterioridad al 30 de junio de 2002. Ser deudor que se encuentre cancelando bajo modalidad de Convenio de facilidades o planes de pago etc. El plazo para la inscripci\u00f3n vence indefectiblemente el 7 de junio de 2022.<br><\/p>\n\n\n\n<p>Los interesados deber\u00e1n presentarse en las Agencias Zonales de DIGEGRA a efectos de inscribirse, ratificar o rectificar los datos correspondientes al llamado realizado por el Ministerio de Ganader\u00eda, Agricultura y Pesca, con fecha 13 de noviembre de 2014.<br><\/p>\n\n\n\n<p><strong>Informaci\u00f3n a declarar<\/strong><br><\/p>\n\n\n\n<p>N\u00famero de C\u00e9dula de Identidad (presentar C\u00e9dula de identidad original, vigente y fotocopia de la misma). N\u00ba BPS. Direcci\u00f3n (fotocopia de recibo UTE, OSE, ANTEL, etc.) y v\u00edas de comunicaci\u00f3n (tel\u00e9fono celular, correo electr\u00f3nico, etc.). <br><\/p>\n\n\n\n<p>El productor deber\u00e1 continuar el tr\u00e1mite comunic\u00e1ndose con BPS a la casilla de correo espec\u00edfica: enlacegcob@bps.gub.uy o al  0800 2001 opci\u00f3n 5 para la recepci\u00f3n de las llamadas de los deudores que culminaron el tr\u00e1mite ante MGAP\/DIGEGRA a partir del Lunes 30 de Mayo 2022.<\/p>\n\n\n\n<p>Salto, 25 de mayo de 2022<\/p>\n","protected":false},"excerpt":{"rendered":"<p>El Ministerio de Ganader\u00eda Agricultura y Pesca (MGAP) por intermedio de la Direcci\u00f3n General de la Granja (DIGEGRA) llama a productores familiares granjeros, con deudas ante el Banco de Previsi\u00f3n [&hellip;]<\/p>\n","protected":false},"author":5,"featured_media":7307,"comment_status":"open","ping_status":"open","sticky":false,"template":"","format":"standard","meta":{"_price":"","_stock":"","_tribe_ticket_header":"","_tribe_default_ticket_provider":"","_tribe_ticket_capacity":"0","_ticket_start_date":"","_ticket_end_date":"","_tribe_ticket_show_description":"","_tribe_ticket_show_not_going":false,"_tribe_ticket_use_global_stock":"","_tribe_ticket_global_stock_level":"","_global_stock_mode":"","_global_stock_cap":"","_tribe_rsvp_for_event":"","_tribe_ticket_going_count":"","_tribe_ticket_not_going_count":"","_tribe_tickets_list":"[]","_tribe_ticket_has_attendee_info_fields":false,"h5ap_radio_sources":[],"_jetpack_newsletter_access":"","_jetpack_dont_email_post_to_subs":false,"_jetpack_newsletter_tier_id":0,"_jetpack_memberships_contains_paywalled_content":false,"_jetpack_memberships_contains_paid_content":false,"footnotes":""},"categories":[21,9],"tags":[],"class_list":["post-42137","post","type-post","status-publish","format-standard","has-post-thumbnail","hentry","category-actualidad","category-granja"],"jetpack_featured_media_url":"https:\/\/i0.wp.com\/lahoradelcampo.com.uy\/site\/wp-content\/uploads\/2018\/05\/Granja.jpg?fit=880%2C440&ssl=1","jetpack_sharing_enabled":true,"jetpack_shortlink":"https:\/\/wp.me\/p99IaT-aXD","jetpack-related-posts":[{"id":42547,"url":"https:\/\/lahoradelcampo.com.uy\/site\/hasta-el-14-de-junio-deudores-del-bps-podran-presentarse-ante-la-digegra\/","url_meta":{"origin":42137,"position":0},"title":"Hasta el 14 de junio, deudores del BPS podr\u00e1n presentarse ante la Digegra","author":"La Hora del Campo","date":"8 junio, 2022","format":false,"excerpt":"El Ministerio de Ganader\u00eda Agricultura y Pesca (MGAP) por intermedio de la Direcci\u00f3n General de la Granja (Digegra) llama a productores familiares granjeros, con deudas ante el Banco de Previsi\u00f3n Social (BPS) por concepto de aportes patronales a la seguridad social originadas con anterioridad al 30 de junio de 2002,\u2026","rel":"","context":"En \u00abActualidad\u00bb","block_context":{"text":"Actualidad","link":"https:\/\/lahoradelcampo.com.uy\/site\/category\/actualidad\/"},"img":{"alt_text":"","src":"https:\/\/i0.wp.com\/lahoradelcampo.com.uy\/site\/wp-content\/uploads\/2017\/11\/Granjero.jpg?fit=880%2C440&ssl=1&resize=350%2C200","width":350,"height":200,"srcset":"https:\/\/i0.wp.com\/lahoradelcampo.com.uy\/site\/wp-content\/uploads\/2017\/11\/Granjero.jpg?fit=880%2C440&ssl=1&resize=350%2C200 1x, https:\/\/i0.wp.com\/lahoradelcampo.com.uy\/site\/wp-content\/uploads\/2017\/11\/Granjero.jpg?fit=880%2C440&ssl=1&resize=525%2C300 1.5x, https:\/\/i0.wp.com\/lahoradelcampo.com.uy\/site\/wp-content\/uploads\/2017\/11\/Granjero.jpg?fit=880%2C440&ssl=1&resize=700%2C400 2x"},"classes":[]},{"id":51075,"url":"https:\/\/lahoradelcampo.com.uy\/site\/nuevo-beneficio-en-aportes-patronales-al-bps-para-el-sector-granja\/","url_meta":{"origin":42137,"position":1},"title":"Nuevo beneficio en aportes patronales al BPS para el sector granja","author":"La Hora del Campo","date":"6 junio, 2023","format":false,"excerpt":"La Direcci\u00f3n General de la Granja (DIGEGRA) ha anunciado un nuevo beneficio para los productores granjeros en el marco de la Emergencia Agropecuaria. Este beneficio est\u00e1 relacionado con los aportes al Banco de Previsi\u00f3n Social (BPS) realizados durante el per\u00edodo comprendido entre el 1 de enero y el 31 de\u2026","rel":"","context":"En \u00abActualidad\u00bb","block_context":{"text":"Actualidad","link":"https:\/\/lahoradelcampo.com.uy\/site\/category\/actualidad\/"},"img":{"alt_text":"","src":"https:\/\/i0.wp.com\/lahoradelcampo.com.uy\/site\/wp-content\/uploads\/2020\/08\/zapallitosweb.jpg?fit=880%2C440&ssl=1&resize=350%2C200","width":350,"height":200,"srcset":"https:\/\/i0.wp.com\/lahoradelcampo.com.uy\/site\/wp-content\/uploads\/2020\/08\/zapallitosweb.jpg?fit=880%2C440&ssl=1&resize=350%2C200 1x, https:\/\/i0.wp.com\/lahoradelcampo.com.uy\/site\/wp-content\/uploads\/2020\/08\/zapallitosweb.jpg?fit=880%2C440&ssl=1&resize=525%2C300 1.5x, https:\/\/i0.wp.com\/lahoradelcampo.com.uy\/site\/wp-content\/uploads\/2020\/08\/zapallitosweb.jpg?fit=880%2C440&ssl=1&resize=700%2C400 2x"},"classes":[]},{"id":31262,"url":"https:\/\/lahoradelcampo.com.uy\/site\/mgap-extendio-el-plazo-para-presentar-comentarios-sobre-el-inagra\/","url_meta":{"origin":42137,"position":2},"title":"MGAP extendi\u00f3 el plazo para comentarios sobre el INAGRA","author":"La Hora del Campo","date":"15 junio, 2021","format":false,"excerpt":"Ante reiteradas solicitudes de las organizaciones de productores y gremiales granjeras en disponer de mayor plazo para la presentaci\u00f3n de aportes al documento preliminar de la ley de creaci\u00f3n del Instituto Nacional de la Granja, el Ministerio de Ganader\u00eda Agricultura y Pesca, representado por el Ing. Agr. Carlos Mar\u00eda Uriarte\u2026","rel":"","context":"En \u00abActualidad\u00bb","block_context":{"text":"Actualidad","link":"https:\/\/lahoradelcampo.com.uy\/site\/category\/actualidad\/"},"img":{"alt_text":"","src":"https:\/\/i0.wp.com\/lahoradelcampo.com.uy\/site\/wp-content\/uploads\/2017\/10\/Mgap.jpg?fit=880%2C440&ssl=1&resize=350%2C200","width":350,"height":200,"srcset":"https:\/\/i0.wp.com\/lahoradelcampo.com.uy\/site\/wp-content\/uploads\/2017\/10\/Mgap.jpg?fit=880%2C440&ssl=1&resize=350%2C200 1x, https:\/\/i0.wp.com\/lahoradelcampo.com.uy\/site\/wp-content\/uploads\/2017\/10\/Mgap.jpg?fit=880%2C440&ssl=1&resize=525%2C300 1.5x, https:\/\/i0.wp.com\/lahoradelcampo.com.uy\/site\/wp-content\/uploads\/2017\/10\/Mgap.jpg?fit=880%2C440&ssl=1&resize=700%2C400 2x"},"classes":[]},{"id":41521,"url":"https:\/\/lahoradelcampo.com.uy\/site\/en-octubre-finalizara-la-obra-de-la-central-horticola-de-salto\/","url_meta":{"origin":42137,"position":3},"title":"En octubre finalizar\u00e1 la obra de la Central Hort\u00edcola de Salto","author":"La Hora del Campo","date":"5 mayo, 2022","format":false,"excerpt":"El martes, el Dr. Luis Lacalle Pou, envi\u00f3 al Parlamento el Proyecto de Ley referido a la creaci\u00f3n de la persona de derecho p\u00fablico no estatal \"Central Hort\u00edcola del Norte\". En su art\u00edculo 16 el proyecto prev\u00e9 que el Poder Ejecutivo podr\u00e1 transferir, a trav\u00e9s del Ministerio de Ganader\u00eda, Agricultura\u2026","rel":"","context":"En \u00abActualidad\u00bb","block_context":{"text":"Actualidad","link":"https:\/\/lahoradelcampo.com.uy\/site\/category\/actualidad\/"},"img":{"alt_text":"","src":"https:\/\/i0.wp.com\/lahoradelcampo.com.uy\/site\/wp-content\/uploads\/2022\/05\/Saltohorticola-chn.jpg?fit=880%2C440&ssl=1&resize=350%2C200","width":350,"height":200,"srcset":"https:\/\/i0.wp.com\/lahoradelcampo.com.uy\/site\/wp-content\/uploads\/2022\/05\/Saltohorticola-chn.jpg?fit=880%2C440&ssl=1&resize=350%2C200 1x, https:\/\/i0.wp.com\/lahoradelcampo.com.uy\/site\/wp-content\/uploads\/2022\/05\/Saltohorticola-chn.jpg?fit=880%2C440&ssl=1&resize=525%2C300 1.5x, https:\/\/i0.wp.com\/lahoradelcampo.com.uy\/site\/wp-content\/uploads\/2022\/05\/Saltohorticola-chn.jpg?fit=880%2C440&ssl=1&resize=700%2C400 2x"},"classes":[]},{"id":46203,"url":"https:\/\/lahoradelcampo.com.uy\/site\/apicultores-podran-adquirir-campo-con-linea-de-credito-del-brou\/","url_meta":{"origin":42137,"position":4},"title":"Apicultores podr\u00e1n adquirir campo con l\u00ednea de cr\u00e9dito del BROU","author":"La Hora del Campo","date":"10 octubre, 2022","format":false,"excerpt":"El Ministerio de Ganader\u00eda, Agricultura y Pesca (MGAP) a trav\u00e9s de la Direcci\u00f3n General de la Granja (DIGEGRA) firmaron un acuerdo con el Banco Rep\u00fablica y Microfinanzas para habilitar l\u00edneas de cr\u00e9dito destinadas al sector ap\u00edcola. En este sentido una comisi\u00f3n formada por las instituciones mencionadas, a las que se\u2026","rel":"","context":"En \u00abActualidad\u00bb","block_context":{"text":"Actualidad","link":"https:\/\/lahoradelcampo.com.uy\/site\/category\/actualidad\/"},"img":{"alt_text":"","src":"https:\/\/i0.wp.com\/lahoradelcampo.com.uy\/site\/wp-content\/uploads\/2020\/08\/apicolasweb.jpg?fit=880%2C440&ssl=1&resize=350%2C200","width":350,"height":200,"srcset":"https:\/\/i0.wp.com\/lahoradelcampo.com.uy\/site\/wp-content\/uploads\/2020\/08\/apicolasweb.jpg?fit=880%2C440&ssl=1&resize=350%2C200 1x, https:\/\/i0.wp.com\/lahoradelcampo.com.uy\/site\/wp-content\/uploads\/2020\/08\/apicolasweb.jpg?fit=880%2C440&ssl=1&resize=525%2C300 1.5x, https:\/\/i0.wp.com\/lahoradelcampo.com.uy\/site\/wp-content\/uploads\/2020\/08\/apicolasweb.jpg?fit=880%2C440&ssl=1&resize=700%2C400 2x"},"classes":[]},{"id":27080,"url":"https:\/\/lahoradelcampo.com.uy\/site\/usu-realizo-su-encuentro-virtual-y-presento-candidatos-a-las-elecciones-del-bps\/","url_meta":{"origin":42137,"position":5},"title":"USU realiz\u00f3 su encuentro virtual y present\u00f3 candidatos a las elecciones del BPS","author":"La Hora del Campo","date":"25 enero, 2021","format":false,"excerpt":"El realizar el evento de forma virtual, sin el tradicional encuentro, donde se pod\u00eda compartir el mate en la rueda con gente de todo el pa\u00eds, o el fog\u00f3n en la noche previa, dej\u00f3 este a\u00f1o a muchos mirando la transmisi\u00f3n a trav\u00e9s de las redes sociales, por televisi\u00f3n o\u2026","rel":"","context":"En \u00abActualidad\u00bb","block_context":{"text":"Actualidad","link":"https:\/\/lahoradelcampo.com.uy\/site\/category\/actualidad\/"},"img":{"alt_text":"","src":"https:\/\/i0.wp.com\/lahoradelcampo.com.uy\/site\/wp-content\/uploads\/2021\/01\/USUHolzman.jpg?fit=880%2C440&ssl=1&resize=350%2C200","width":350,"height":200,"srcset":"https:\/\/i0.wp.com\/lahoradelcampo.com.uy\/site\/wp-content\/uploads\/2021\/01\/USUHolzman.jpg?fit=880%2C440&ssl=1&resize=350%2C200 1x, https:\/\/i0.wp.com\/lahoradelcampo.com.uy\/site\/wp-content\/uploads\/2021\/01\/USUHolzman.jpg?fit=880%2C440&ssl=1&resize=525%2C300 1.5x, https:\/\/i0.wp.com\/lahoradelcampo.com.uy\/site\/wp-content\/uploads\/2021\/01\/USUHolzman.jpg?fit=880%2C440&ssl=1&resize=700%2C400 2x"},"classes":[]}],"jetpack_likes_enabled":true,"_links":{"self":[{"href":"https:\/\/lahoradelcampo.com.uy\/site\/wp-json\/wp\/v2\/posts\/42137","targetHints":{"allow":["GET"]}}],"collection":[{"href":"https:\/\/lahoradelcampo.com.uy\/site\/wp-json\/wp\/v2\/posts"}],"about":[{"href":"https:\/\/lahoradelcampo.com.uy\/site\/wp-json\/wp\/v2\/types\/post"}],"author":[{"embeddable":true,"href":"https:\/\/lahoradelcampo.com.uy\/site\/wp-json\/wp\/v2\/users\/5"}],"replies":[{"embeddable":true,"href":"https:\/\/lahoradelcampo.com.uy\/site\/wp-json\/wp\/v2\/comments?post=42137"}],"version-history":[{"count":2,"href":"https:\/\/lahoradelcampo.com.uy\/site\/wp-json\/wp\/v2\/posts\/42137\/revisions"}],"predecessor-version":[{"id":42141,"href":"https:\/\/lahoradelcampo.com.uy\/site\/wp-json\/wp\/v2\/posts\/42137\/revisions\/42141"}],"wp:featuredmedia":[{"embeddable":true,"href":"https:\/\/lahoradelcampo.com.uy\/site\/wp-json\/wp\/v2\/media\/7307"}],"wp:attachment":[{"href":"https:\/\/lahoradelcampo.com.uy\/site\/wp-json\/wp\/v2\/media?parent=42137"}],"wp:term":[{"taxonomy":"category","embeddable":true,"href":"https:\/\/lahoradelcampo.com.uy\/site\/wp-json\/wp\/v2\/categories?post=42137"},{"taxonomy":"post_tag","embeddable":true,"href":"https:\/\/lahoradelcampo.com.uy\/site\/wp-json\/wp\/v2\/tags?post=42137"}],"curies":[{"name":"wp","href":"https:\/\/api.w.org\/{rel}","templated":true}]}}