{"id":42111,"date":"2022-05-23T07:43:30","date_gmt":"2022-05-23T10:43:30","guid":{"rendered":"http:\/\/lahoradelcampo.com.uy\/site\/?p=42111"},"modified":"2022-05-23T07:43:36","modified_gmt":"2022-05-23T10:43:36","slug":"el-mes-de-junio-viene-con-importantes-actividades-de-la-hereford","status":"publish","type":"post","link":"https:\/\/lahoradelcampo.com.uy\/site\/el-mes-de-junio-viene-con-importantes-actividades-de-la-hereford\/","title":{"rendered":"El mes de junio viene con importantes actividades de la Hereford"},"content":{"rendered":"\n<figure class=\"wp-block-image\"><img data-recalc-dims=\"1\" loading=\"lazy\" decoding=\"async\" width=\"810\" height=\"405\" data-attachment-id=\"40983\" data-permalink=\"https:\/\/lahoradelcampo.com.uy\/site\/hereford-realizara-su-exposicion-en-soriano\/hereford-nacional\/\" data-orig-file=\"https:\/\/i0.wp.com\/lahoradelcampo.com.uy\/site\/wp-content\/uploads\/2022\/04\/Hereford-nacional.jpg?fit=880%2C440&amp;ssl=1\" data-orig-size=\"880,440\" data-comments-opened=\"1\" data-image-meta=\"{&quot;aperture&quot;:&quot;0&quot;,&quot;credit&quot;:&quot;&quot;,&quot;camera&quot;:&quot;&quot;,&quot;caption&quot;:&quot;&quot;,&quot;created_timestamp&quot;:&quot;0&quot;,&quot;copyright&quot;:&quot;&quot;,&quot;focal_length&quot;:&quot;0&quot;,&quot;iso&quot;:&quot;0&quot;,&quot;shutter_speed&quot;:&quot;0&quot;,&quot;title&quot;:&quot;&quot;,&quot;orientation&quot;:&quot;1&quot;}\" data-image-title=\"Hereford-nacional\" data-image-description=\"\" data-image-caption=\"\" data-large-file=\"https:\/\/i0.wp.com\/lahoradelcampo.com.uy\/site\/wp-content\/uploads\/2022\/04\/Hereford-nacional.jpg?fit=810%2C405&amp;ssl=1\" src=\"https:\/\/i0.wp.com\/lahoradelcampo.com.uy\/site\/wp-content\/uploads\/2022\/04\/Hereford-nacional.jpg?resize=810%2C405\" alt=\"\" class=\"wp-image-40983\" srcset=\"https:\/\/i0.wp.com\/lahoradelcampo.com.uy\/site\/wp-content\/uploads\/2022\/04\/Hereford-nacional.jpg?w=880&amp;ssl=1 880w, https:\/\/i0.wp.com\/lahoradelcampo.com.uy\/site\/wp-content\/uploads\/2022\/04\/Hereford-nacional.jpg?resize=300%2C150&amp;ssl=1 300w, https:\/\/i0.wp.com\/lahoradelcampo.com.uy\/site\/wp-content\/uploads\/2022\/04\/Hereford-nacional.jpg?resize=768%2C384&amp;ssl=1 768w, https:\/\/i0.wp.com\/lahoradelcampo.com.uy\/site\/wp-content\/uploads\/2022\/04\/Hereford-nacional.jpg?resize=820%2C410&amp;ssl=1 820w\" sizes=\"auto, (max-width: 810px) 100vw, 810px\" \/><\/figure>\n\n\n\n<p>Junio ser\u00e1 un mes de destaque para la raza Hereford, con el desarrollo de la cuarta edici\u00f3n de la Exposici\u00f3n Nacional Hereford y posteriormente la realizaci\u00f3n de la gira que este a\u00f1o visitar\u00e1 el departamento de Cerro Largo. <br><\/p>\n\n\n\n<p><strong>Exposici\u00f3n Nacional<\/strong><br><\/p>\n\n\n\n<p>La exposici\u00f3n nacional, que se realiza de forma itinerante, este a\u00f1o se desarrollar\u00e1 los d\u00edas viernes 3 y s\u00e1bado 4 de junio en el local Bequel\u00f3 de la Asociaci\u00f3n Rural de Soriano. <br><\/p>\n\n\n\n<p>De acuerdo a la informaci\u00f3n brindada por la Sociedad de Criadores, en las pistas participaran m\u00e1s de 170 ejemplares en las calificaciones entre bozal y campo. <br><\/p>\n\n\n\n<p>La selecci\u00f3n de los mejores ejemplares de la muestra estar\u00e1 a cargo del Ingeniero Agr\u00f3nomo, Gonzalo Rodr\u00edguez Mendaro. Es productor criador Hereford en su establecimiento Puesto Blanco, en el Departamento de Lavalleja. <br><\/p>\n\n\n\n<p>A su vez, es asesor de distintas empresas agropecuarias, las que tienen como principal soporte a la ganader\u00eda sobre campo natural y mejoramientos extensivos. Integra el directorio de Carne de Pastizal SRL dedicado al comercio de carne vacuna con fuerte \u00e9nfasis en la conservaci\u00f3n de los pastizales naturales y su biodiversidad. <br><\/p>\n\n\n\n<p>El viernes 3 de junio se realiza a las 14 horas, un encuentro sobre \u00abEl futuro del engorde\u00bb donde participaran INAC, INIA, AUPCIN y la Sociedad de Criadores. Posteriormente se realizar\u00e1 el cuarto remate de la exposici\u00f3n a cargo de Escritorio Dutra, Touron &amp; Sainz Rasines y Zambrano &amp; C\u00eda.<br><\/p>\n\n\n\n<p>El s\u00e1bado por la ma\u00f1ana se realizar\u00e1 la calificaci\u00f3n del segundo campeonato nacional del ternero y posteriormente se calificaran los ejemplares de la exposici\u00f3n nacional hasta el cierre de las categor\u00edas por la tarde.<br><\/p>\n\n\n\n<p><strong>Gira Ganadera<\/strong><br><\/p>\n\n\n\n<p>Y si la exposici\u00f3n nacional, con la presencia de ganados de excelencia gen\u00e9tica en la pista fuera poco, junio tiene por delante la gira ganadera, donde los rodeos comerciales y el potencial de la raza quedar\u00e1 de manifiesto. <br><\/p>\n\n\n\n<p>La gira, que vuelve despu\u00e9s de las restricciones por la pandemia en a\u00f1o anteriores,  en esta oportunidad se desarrollar\u00e1 en el departamento de Cerro Largo. <br><\/p>\n\n\n\n<p>La misma se realizar\u00e1 durante los d\u00edas jueves 16 y viernes 17 de junio. La agenda comienza en \u00abEstancia Gaucho\u00bb  a las 14 horas, continuando al d\u00eda siguiente en \u00abEstancia Los Nietos\u00bb a partir de las 8 horas y a las 11 horas \u00abEstancia Mazangano\u00bb. <\/p>\n\n\n\n<p>Salto, 23 de mayo de 2022<\/p>\n","protected":false},"excerpt":{"rendered":"<p>Junio ser\u00e1 un mes de destaque para la raza Hereford, con el desarrollo de la cuarta edici\u00f3n de la Exposici\u00f3n Nacional Hereford y posteriormente la realizaci\u00f3n de la gira que [&hellip;]<\/p>\n","protected":false},"author":5,"featured_media":40983,"comment_status":"open","ping_status":"open","sticky":false,"template":"","format":"standard","meta":{"_price":"","_stock":"","_tribe_ticket_header":"","_tribe_default_ticket_provider":"","_tribe_ticket_capacity":"0","_ticket_start_date":"","_ticket_end_date":"","_tribe_ticket_show_description":"","_tribe_ticket_show_not_going":false,"_tribe_ticket_use_global_stock":"","_tribe_ticket_global_stock_level":"","_global_stock_mode":"","_global_stock_cap":"","_tribe_rsvp_for_event":"","_tribe_ticket_going_count":"","_tribe_ticket_not_going_count":"","_tribe_tickets_list":"[]","_tribe_ticket_has_attendee_info_fields":false,"h5ap_radio_sources":[],"_jetpack_newsletter_access":"","_jetpack_dont_email_post_to_subs":false,"_jetpack_newsletter_tier_id":0,"_jetpack_memberships_contains_paywalled_content":false,"_jetpack_memberships_contains_paid_content":false,"footnotes":""},"categories":[21,5],"tags":[],"class_list":["post-42111","post","type-post","status-publish","format-standard","has-post-thumbnail","hentry","category-actualidad","category-ganaderia"],"jetpack_featured_media_url":"https:\/\/i0.wp.com\/lahoradelcampo.com.uy\/site\/wp-content\/uploads\/2022\/04\/Hereford-nacional.jpg?fit=880%2C440&ssl=1","jetpack_sharing_enabled":true,"jetpack_shortlink":"https:\/\/wp.me\/p99IaT-aXd","jetpack-related-posts":[{"id":31004,"url":"https:\/\/lahoradelcampo.com.uy\/site\/3-de-julio-nueva-fecha-para-la-expo-nacional-hereford\/","url_meta":{"origin":42111,"position":0},"title":"3 de julio, nueva fecha para la Expo Nacional Hereford","author":"La Hora del Campo","date":"7 junio, 2021","format":false,"excerpt":"La Sociedad de Criadores de Hereford del Uruguay definieron una nueva fecha para la realizaci\u00f3n de la Expo Nacional Hereford, que este a\u00f1o se desarrollar\u00e1 en el predio de la Sociedad Agropecuaria de Lavalleja. La muestra, considerada por la gremial como la \"exposici\u00f3n Hereford m\u00e1s grande de sudam\u00e9rica\" tiene como\u2026","rel":"","context":"En \u00abActualidad\u00bb","block_context":{"text":"Actualidad","link":"https:\/\/lahoradelcampo.com.uy\/site\/category\/actualidad\/"},"img":{"alt_text":"","src":"https:\/\/i0.wp.com\/lahoradelcampo.com.uy\/site\/wp-content\/uploads\/2021\/06\/ExpoHereford.jpg?fit=880%2C440&ssl=1&resize=350%2C200","width":350,"height":200,"srcset":"https:\/\/i0.wp.com\/lahoradelcampo.com.uy\/site\/wp-content\/uploads\/2021\/06\/ExpoHereford.jpg?fit=880%2C440&ssl=1&resize=350%2C200 1x, https:\/\/i0.wp.com\/lahoradelcampo.com.uy\/site\/wp-content\/uploads\/2021\/06\/ExpoHereford.jpg?fit=880%2C440&ssl=1&resize=525%2C300 1.5x, https:\/\/i0.wp.com\/lahoradelcampo.com.uy\/site\/wp-content\/uploads\/2021\/06\/ExpoHereford.jpg?fit=880%2C440&ssl=1&resize=700%2C400 2x"},"classes":[]},{"id":42503,"url":"https:\/\/lahoradelcampo.com.uy\/site\/hereford-realizo-la-cuarta-edicion-de-su-exposicion-nacional\/","url_meta":{"origin":42111,"position":1},"title":"Hereford realiz\u00f3 la cuarta edici\u00f3n de su Exposici\u00f3n Nacional","author":"La Hora del Campo","date":"7 junio, 2022","format":false,"excerpt":"La Sociedad de Criadores de Hereford del Uruguay desarroll\u00f3 durante el fin de semana, la 4ta edici\u00f3n de la Exposici\u00f3n Nacional, que este a\u00f1o tuvo lugar en el local Bequel\u00f3 de la Asociaci\u00f3n Rural de Soriano. Baj\u00f3 la calificaci\u00f3n del Ing. Agr. Gonzalo Rodr\u00edguez Mendaro, con Valent\u00edn Helguero y Juan\u2026","rel":"","context":"En \u00abActualidad\u00bb","block_context":{"text":"Actualidad","link":"https:\/\/lahoradelcampo.com.uy\/site\/category\/actualidad\/"},"img":{"alt_text":"","src":"https:\/\/i0.wp.com\/lahoradelcampo.com.uy\/site\/wp-content\/uploads\/2022\/06\/Hrereford-exponacional.jpg?fit=880%2C440&ssl=1&resize=350%2C200","width":350,"height":200,"srcset":"https:\/\/i0.wp.com\/lahoradelcampo.com.uy\/site\/wp-content\/uploads\/2022\/06\/Hrereford-exponacional.jpg?fit=880%2C440&ssl=1&resize=350%2C200 1x, https:\/\/i0.wp.com\/lahoradelcampo.com.uy\/site\/wp-content\/uploads\/2022\/06\/Hrereford-exponacional.jpg?fit=880%2C440&ssl=1&resize=525%2C300 1.5x, https:\/\/i0.wp.com\/lahoradelcampo.com.uy\/site\/wp-content\/uploads\/2022\/06\/Hrereford-exponacional.jpg?fit=880%2C440&ssl=1&resize=700%2C400 2x"},"classes":[]},{"id":29290,"url":"https:\/\/lahoradelcampo.com.uy\/site\/se-postergo-la-expo-nacional-hereford-2021\/","url_meta":{"origin":42111,"position":2},"title":"Se posterg\u00f3 la Expo Nacional Hereford 2021","author":"La Hora del Campo","date":"16 abril, 2021","format":false,"excerpt":"La Sociedad de Criadores de Hereford del Uruguay (SCHU) ten\u00eda organizada la realizaci\u00f3n de la Exposici\u00f3n Nacional Hereford, durante los d\u00edas 7 y 8 de mayo en el predio de la Asociaci\u00f3n Agropecuaria de Lavalleja. Junto a dicha exposici\u00f3n estaba tambi\u00e9n organizada la realizaci\u00f3n del primer concurso Nacional de Terneros,\u2026","rel":"","context":"En \u00abActualidad\u00bb","block_context":{"text":"Actualidad","link":"https:\/\/lahoradelcampo.com.uy\/site\/category\/actualidad\/"},"img":{"alt_text":"","src":"https:\/\/i0.wp.com\/lahoradelcampo.com.uy\/site\/wp-content\/uploads\/2020\/02\/Expo-hereford-1.jpg?fit=880%2C440&ssl=1&resize=350%2C200","width":350,"height":200,"srcset":"https:\/\/i0.wp.com\/lahoradelcampo.com.uy\/site\/wp-content\/uploads\/2020\/02\/Expo-hereford-1.jpg?fit=880%2C440&ssl=1&resize=350%2C200 1x, https:\/\/i0.wp.com\/lahoradelcampo.com.uy\/site\/wp-content\/uploads\/2020\/02\/Expo-hereford-1.jpg?fit=880%2C440&ssl=1&resize=525%2C300 1.5x, https:\/\/i0.wp.com\/lahoradelcampo.com.uy\/site\/wp-content\/uploads\/2020\/02\/Expo-hereford-1.jpg?fit=880%2C440&ssl=1&resize=700%2C400 2x"},"classes":[]},{"id":44201,"url":"https:\/\/lahoradelcampo.com.uy\/site\/salto-sera-sede-de-la-expo-nacional-hereford-2023\/","url_meta":{"origin":42111,"position":3},"title":"Salto ser\u00e1 sede de la Expo Nacional Hereford 2023","author":"La Hora del Campo","date":"27 julio, 2022","format":false,"excerpt":"La Sociedad de Criadores de Hereford del Uruguay (SCHU) se prepara para lo que ser\u00e1 la participaci\u00f3n de la Expo Prado 2022, con el Ing. Agr. Andr\u00e9s Pe\u00f1agaricano como jurado de la muestra este a\u00f1o, donde se tienen pre-inscriptos 179 animales, entre ambas variedades (mocha y astada). Se recuerda que\u2026","rel":"","context":"En \u00abActualidad\u00bb","block_context":{"text":"Actualidad","link":"https:\/\/lahoradelcampo.com.uy\/site\/category\/actualidad\/"},"img":{"alt_text":"","src":"https:\/\/i0.wp.com\/lahoradelcampo.com.uy\/site\/wp-content\/uploads\/2022\/04\/Hereford-nacional.jpg?fit=880%2C440&ssl=1&resize=350%2C200","width":350,"height":200,"srcset":"https:\/\/i0.wp.com\/lahoradelcampo.com.uy\/site\/wp-content\/uploads\/2022\/04\/Hereford-nacional.jpg?fit=880%2C440&ssl=1&resize=350%2C200 1x, https:\/\/i0.wp.com\/lahoradelcampo.com.uy\/site\/wp-content\/uploads\/2022\/04\/Hereford-nacional.jpg?fit=880%2C440&ssl=1&resize=525%2C300 1.5x, https:\/\/i0.wp.com\/lahoradelcampo.com.uy\/site\/wp-content\/uploads\/2022\/04\/Hereford-nacional.jpg?fit=880%2C440&ssl=1&resize=700%2C400 2x"},"classes":[]},{"id":40981,"url":"https:\/\/lahoradelcampo.com.uy\/site\/hereford-realizara-su-exposicion-en-soriano\/","url_meta":{"origin":42111,"position":4},"title":"Hereford realizar\u00e1 su exposici\u00f3n en Soriano","author":"La Hora del Campo","date":"21 abril, 2022","format":false,"excerpt":"La Sociedad de Criadores de Hereford de Uruguay tambi\u00e9n preparan su exposici\u00f3n Nacional, que en esta oportunidad llega a su cuarta edici\u00f3n. Debido a que la muestra se realiza de forma itinerante, la actividad que comenz\u00f3 en el local de la Asociaci\u00f3n Rural y Predio Feria de Paysand\u00fa, este a\u00f1o\u2026","rel":"","context":"En \u00abActualidad\u00bb","block_context":{"text":"Actualidad","link":"https:\/\/lahoradelcampo.com.uy\/site\/category\/actualidad\/"},"img":{"alt_text":"","src":"https:\/\/i0.wp.com\/lahoradelcampo.com.uy\/site\/wp-content\/uploads\/2022\/04\/Hereford-nacional.jpg?fit=880%2C440&ssl=1&resize=350%2C200","width":350,"height":200,"srcset":"https:\/\/i0.wp.com\/lahoradelcampo.com.uy\/site\/wp-content\/uploads\/2022\/04\/Hereford-nacional.jpg?fit=880%2C440&ssl=1&resize=350%2C200 1x, https:\/\/i0.wp.com\/lahoradelcampo.com.uy\/site\/wp-content\/uploads\/2022\/04\/Hereford-nacional.jpg?fit=880%2C440&ssl=1&resize=525%2C300 1.5x, https:\/\/i0.wp.com\/lahoradelcampo.com.uy\/site\/wp-content\/uploads\/2022\/04\/Hereford-nacional.jpg?fit=880%2C440&ssl=1&resize=700%2C400 2x"},"classes":[]},{"id":9883,"url":"https:\/\/lahoradelcampo.com.uy\/site\/bordaberry-sera-el-jurado-de-la-exposicion-nacional-hereford\/","url_meta":{"origin":42111,"position":5},"title":"Bordaberry ser\u00e1 el jurado de la Exposici\u00f3n Nacional Hereford","author":"La Hora del Campo","date":"17 abril, 2019","format":false,"excerpt":"La Sociedad de Criadores de Hereford del Uruguay realizar\u00e1 los d\u00edas 10 y 11 de mayo, su segunda Exposici\u00f3n Nacional de la raza, este a\u00f1o en el predio de la Sociedad Agropecuaria de Cerro Largo. El viernes 10 de mayo se realizar\u00e1 un remate virtual y presencial de ganados de\u2026","rel":"","context":"En \u00abActualidad\u00bb","block_context":{"text":"Actualidad","link":"https:\/\/lahoradelcampo.com.uy\/site\/category\/actualidad\/"},"img":{"alt_text":"","src":"https:\/\/i0.wp.com\/lahoradelcampo.com.uy\/site\/wp-content\/uploads\/2019\/04\/Hereford.jpg?fit=880%2C440&ssl=1&resize=350%2C200","width":350,"height":200,"srcset":"https:\/\/i0.wp.com\/lahoradelcampo.com.uy\/site\/wp-content\/uploads\/2019\/04\/Hereford.jpg?fit=880%2C440&ssl=1&resize=350%2C200 1x, https:\/\/i0.wp.com\/lahoradelcampo.com.uy\/site\/wp-content\/uploads\/2019\/04\/Hereford.jpg?fit=880%2C440&ssl=1&resize=525%2C300 1.5x, https:\/\/i0.wp.com\/lahoradelcampo.com.uy\/site\/wp-content\/uploads\/2019\/04\/Hereford.jpg?fit=880%2C440&ssl=1&resize=700%2C400 2x"},"classes":[]}],"jetpack_likes_enabled":true,"_links":{"self":[{"href":"https:\/\/lahoradelcampo.com.uy\/site\/wp-json\/wp\/v2\/posts\/42111","targetHints":{"allow":["GET"]}}],"collection":[{"href":"https:\/\/lahoradelcampo.com.uy\/site\/wp-json\/wp\/v2\/posts"}],"about":[{"href":"https:\/\/lahoradelcampo.com.uy\/site\/wp-json\/wp\/v2\/types\/post"}],"author":[{"embeddable":true,"href":"https:\/\/lahoradelcampo.com.uy\/site\/wp-json\/wp\/v2\/users\/5"}],"replies":[{"embeddable":true,"href":"https:\/\/lahoradelcampo.com.uy\/site\/wp-json\/wp\/v2\/comments?post=42111"}],"version-history":[{"count":1,"href":"https:\/\/lahoradelcampo.com.uy\/site\/wp-json\/wp\/v2\/posts\/42111\/revisions"}],"predecessor-version":[{"id":42113,"href":"https:\/\/lahoradelcampo.com.uy\/site\/wp-json\/wp\/v2\/posts\/42111\/revisions\/42113"}],"wp:featuredmedia":[{"embeddable":true,"href":"https:\/\/lahoradelcampo.com.uy\/site\/wp-json\/wp\/v2\/media\/40983"}],"wp:attachment":[{"href":"https:\/\/lahoradelcampo.com.uy\/site\/wp-json\/wp\/v2\/media?parent=42111"}],"wp:term":[{"taxonomy":"category","embeddable":true,"href":"https:\/\/lahoradelcampo.com.uy\/site\/wp-json\/wp\/v2\/categories?post=42111"},{"taxonomy":"post_tag","embeddable":true,"href":"https:\/\/lahoradelcampo.com.uy\/site\/wp-json\/wp\/v2\/tags?post=42111"}],"curies":[{"name":"wp","href":"https:\/\/api.w.org\/{rel}","templated":true}]}}