{"id":42105,"date":"2022-05-23T07:34:44","date_gmt":"2022-05-23T10:34:44","guid":{"rendered":"http:\/\/lahoradelcampo.com.uy\/site\/?p=42105"},"modified":"2022-05-23T07:34:51","modified_gmt":"2022-05-23T10:34:51","slug":"la-faena-de-novillos-de-corral-representa-el-24-en-2022","status":"publish","type":"post","link":"https:\/\/lahoradelcampo.com.uy\/site\/la-faena-de-novillos-de-corral-representa-el-24-en-2022\/","title":{"rendered":"La faena de novillos de corral representa el 24% en 2022"},"content":{"rendered":"\n<figure class=\"wp-block-image\"><img data-recalc-dims=\"1\" loading=\"lazy\" decoding=\"async\" width=\"810\" height=\"405\" data-attachment-id=\"35161\" data-permalink=\"https:\/\/lahoradelcampo.com.uy\/site\/presentaron-el-anuario-de-la-direccion-de-estadisticas-agropecuarias\/novillo-gordito\/\" data-orig-file=\"https:\/\/i0.wp.com\/lahoradelcampo.com.uy\/site\/wp-content\/uploads\/2021\/10\/Novillo-gordito.jpg?fit=880%2C440&amp;ssl=1\" data-orig-size=\"880,440\" data-comments-opened=\"1\" data-image-meta=\"{&quot;aperture&quot;:&quot;0&quot;,&quot;credit&quot;:&quot;&quot;,&quot;camera&quot;:&quot;&quot;,&quot;caption&quot;:&quot;&quot;,&quot;created_timestamp&quot;:&quot;0&quot;,&quot;copyright&quot;:&quot;&quot;,&quot;focal_length&quot;:&quot;0&quot;,&quot;iso&quot;:&quot;0&quot;,&quot;shutter_speed&quot;:&quot;0&quot;,&quot;title&quot;:&quot;&quot;,&quot;orientation&quot;:&quot;1&quot;}\" data-image-title=\"Novillo-gordito\" data-image-description=\"\" data-image-caption=\"\" data-large-file=\"https:\/\/i0.wp.com\/lahoradelcampo.com.uy\/site\/wp-content\/uploads\/2021\/10\/Novillo-gordito.jpg?fit=810%2C405&amp;ssl=1\" src=\"https:\/\/i0.wp.com\/lahoradelcampo.com.uy\/site\/wp-content\/uploads\/2021\/10\/Novillo-gordito.jpg?resize=810%2C405\" alt=\"\" class=\"wp-image-35161\" srcset=\"https:\/\/i0.wp.com\/lahoradelcampo.com.uy\/site\/wp-content\/uploads\/2021\/10\/Novillo-gordito.jpg?w=880&amp;ssl=1 880w, https:\/\/i0.wp.com\/lahoradelcampo.com.uy\/site\/wp-content\/uploads\/2021\/10\/Novillo-gordito.jpg?resize=300%2C150&amp;ssl=1 300w, https:\/\/i0.wp.com\/lahoradelcampo.com.uy\/site\/wp-content\/uploads\/2021\/10\/Novillo-gordito.jpg?resize=768%2C384&amp;ssl=1 768w, https:\/\/i0.wp.com\/lahoradelcampo.com.uy\/site\/wp-content\/uploads\/2021\/10\/Novillo-gordito.jpg?resize=820%2C410&amp;ssl=1 820w\" sizes=\"auto, (max-width: 810px) 100vw, 810px\" \/><\/figure>\n\n\n\n<p>La faena vacuna en el pa\u00eds se encuentra un 14% por encima del 2021, entre el 1 de enero y el pasado 14 de mayo.  Este incremento se ha generado debido a una mayor presencia de novillos j\u00f3venes, vaquillonas y vacas adultas.<br><\/p>\n\n\n\n<p>En el caso de los novillos, la faena se encuentra en 487.810 cabezas con un incremento del 14%. En la conformaci\u00f3n de esta categor\u00eda, los novillos diente de leche crecieron un 23,7% en su participaci\u00f3n respecto al a\u00f1o pasado, mientras que los de 2 a 4 dientes, la subcategor\u00eda de mayor cantidad de animales a faena, creci\u00f3 un 37,5%. En contrapartida se registran bajas del 10,3% en la cantidad de animales de 6 dientes y 14,5% en los de 8 dientes. <br><\/p>\n\n\n\n<p>De acuerdo a informaci\u00f3n que maneja la directiva del Instituto Nacional de Carnes (INAC), la faena de animales procedentes de corrales de encierre suma un volumen en el eje de las 140.000 cabezas, lo que se acerca al 14% del total procesado por la industria. <br><\/p>\n\n\n\n<p>Al tener en cuenta que la faena de animales procedentes de los encierres, responde por novillos y vaquillonas en porcentajes de 85% y 15% respectivamente, se proyecta una faena en el eje de los 119.000 novillos y 21.000 vaquillonas. <br><\/p>\n\n\n\n<p>Estos vol\u00famenes representan el 24% de la faena nacional de novillos y el 16% de las vaquillonas. <br><\/p>\n\n\n\n<div class=\"wp-block-image\"><figure class=\"aligncenter is-resized\"><img data-recalc-dims=\"1\" loading=\"lazy\" decoding=\"async\" data-attachment-id=\"42107\" data-permalink=\"https:\/\/lahoradelcampo.com.uy\/site\/la-faena-de-novillos-de-corral-representa-el-24-en-2022\/novillos-faena\/\" data-orig-file=\"https:\/\/i0.wp.com\/lahoradelcampo.com.uy\/site\/wp-content\/uploads\/2022\/05\/Novillos-faena.jpg?fit=625%2C723&amp;ssl=1\" data-orig-size=\"625,723\" data-comments-opened=\"1\" data-image-meta=\"{&quot;aperture&quot;:&quot;0&quot;,&quot;credit&quot;:&quot;&quot;,&quot;camera&quot;:&quot;&quot;,&quot;caption&quot;:&quot;&quot;,&quot;created_timestamp&quot;:&quot;0&quot;,&quot;copyright&quot;:&quot;&quot;,&quot;focal_length&quot;:&quot;0&quot;,&quot;iso&quot;:&quot;0&quot;,&quot;shutter_speed&quot;:&quot;0&quot;,&quot;title&quot;:&quot;&quot;,&quot;orientation&quot;:&quot;1&quot;}\" data-image-title=\"Novillos faena\" data-image-description=\"\" data-image-caption=\"\" data-large-file=\"https:\/\/i0.wp.com\/lahoradelcampo.com.uy\/site\/wp-content\/uploads\/2022\/05\/Novillos-faena.jpg?fit=625%2C723&amp;ssl=1\" src=\"https:\/\/i0.wp.com\/lahoradelcampo.com.uy\/site\/wp-content\/uploads\/2022\/05\/Novillos-faena.jpg?resize=425%2C491\" alt=\"\" class=\"wp-image-42107\" width=\"425\" height=\"491\" srcset=\"https:\/\/i0.wp.com\/lahoradelcampo.com.uy\/site\/wp-content\/uploads\/2022\/05\/Novillos-faena.jpg?w=625&amp;ssl=1 625w, https:\/\/i0.wp.com\/lahoradelcampo.com.uy\/site\/wp-content\/uploads\/2022\/05\/Novillos-faena.jpg?resize=259%2C300&amp;ssl=1 259w\" sizes=\"auto, (max-width: 425px) 100vw, 425px\" \/><\/figure><\/div>\n\n\n\n<p><strong>Faena de novillos <\/strong><br><\/p>\n\n\n\n<p>Tal cual mencionamos anteriormente, la faena de novillos suma 487.810 cabezas, que representa el 49% del total procesado en las 32 plantas habilitadas en el pa\u00eds, donde se incluyen ganados de corral, de pasturas mejoradas, de campo, tanto para la exportaci\u00f3n como para el abasto. <br><\/p>\n\n\n\n<p>En este total, los novillos diente de leche y de 2 a 4 dientes, suman el 66% del total faenado en la categor\u00eda, en tanto que los de 6 y 8 dientes suman el 34%. <br><\/p>\n\n\n\n<p>La principal planta de faena ha sido Frigor\u00edfico Las Piedras con el 13,7% del total de novillos procesados. Le siguen en importancia Frigor\u00edfico Pando (8,9%) y Frigor\u00edfico Tacuaremb\u00f3 (8,6%). <\/p>\n\n\n\n<p>Salto, 23 de mayo de 2022<\/p>\n","protected":false},"excerpt":{"rendered":"<p>La faena vacuna en el pa\u00eds se encuentra un 14% por encima del 2021, entre el 1 de enero y el pasado 14 de mayo. Este incremento se ha generado [&hellip;]<\/p>\n","protected":false},"author":5,"featured_media":35161,"comment_status":"open","ping_status":"open","sticky":false,"template":"","format":"standard","meta":{"_price":"","_stock":"","_tribe_ticket_header":"","_tribe_default_ticket_provider":"","_tribe_ticket_capacity":"0","_ticket_start_date":"","_ticket_end_date":"","_tribe_ticket_show_description":"","_tribe_ticket_show_not_going":false,"_tribe_ticket_use_global_stock":"","_tribe_ticket_global_stock_level":"","_global_stock_mode":"","_global_stock_cap":"","_tribe_rsvp_for_event":"","_tribe_ticket_going_count":"","_tribe_ticket_not_going_count":"","_tribe_tickets_list":"[]","_tribe_ticket_has_attendee_info_fields":false,"h5ap_radio_sources":[],"_jetpack_newsletter_access":"","_jetpack_dont_email_post_to_subs":false,"_jetpack_newsletter_tier_id":0,"_jetpack_memberships_contains_paywalled_content":false,"_jetpack_memberships_contains_paid_content":false,"footnotes":""},"categories":[21,5],"tags":[],"class_list":["post-42105","post","type-post","status-publish","format-standard","has-post-thumbnail","hentry","category-actualidad","category-ganaderia"],"jetpack_featured_media_url":"https:\/\/i0.wp.com\/lahoradelcampo.com.uy\/site\/wp-content\/uploads\/2021\/10\/Novillo-gordito.jpg?fit=880%2C440&ssl=1","jetpack_sharing_enabled":true,"jetpack_shortlink":"https:\/\/wp.me\/p99IaT-aX7","jetpack-related-posts":[{"id":39171,"url":"https:\/\/lahoradelcampo.com.uy\/site\/faena-vacuna-crecio-un-19-con-una-mayor-participacion-de-los-novillos-precoces\/","url_meta":{"origin":42105,"position":0},"title":"Faena vacuna creci\u00f3 un 19% con una mayor participaci\u00f3n de los novillos precoces","author":"La Hora del Campo","date":"15 febrero, 2022","format":false,"excerpt":"El 2022 comenz\u00f3 con n\u00fameros destacados en el sector c\u00e1rnico, con un ganado gordo que alcanz\u00f3 los US$ 5,00, la tonelada de carne vacuna que crece un 29% y una faena que crece un 19,3% hasta el pasado 12 de febrero seg\u00fan los datos aportados por el Instituto Nacional de\u2026","rel":"","context":"En \u00abActualidad\u00bb","block_context":{"text":"Actualidad","link":"https:\/\/lahoradelcampo.com.uy\/site\/category\/actualidad\/"},"img":{"alt_text":"","src":"https:\/\/i0.wp.com\/lahoradelcampo.com.uy\/site\/wp-content\/uploads\/2019\/04\/Faena.jpg?fit=880%2C440&ssl=1&resize=350%2C200","width":350,"height":200,"srcset":"https:\/\/i0.wp.com\/lahoradelcampo.com.uy\/site\/wp-content\/uploads\/2019\/04\/Faena.jpg?fit=880%2C440&ssl=1&resize=350%2C200 1x, https:\/\/i0.wp.com\/lahoradelcampo.com.uy\/site\/wp-content\/uploads\/2019\/04\/Faena.jpg?fit=880%2C440&ssl=1&resize=525%2C300 1.5x, https:\/\/i0.wp.com\/lahoradelcampo.com.uy\/site\/wp-content\/uploads\/2019\/04\/Faena.jpg?fit=880%2C440&ssl=1&resize=700%2C400 2x"},"classes":[]},{"id":16344,"url":"https:\/\/lahoradelcampo.com.uy\/site\/faena-para-la-cuota-481-mantuvo-el-volumen-de-novillos-de-2-a-4-dientes\/","url_meta":{"origin":42105,"position":1},"title":"Faena para la cuota 481 mantuvo el volumen de novillos de 2 a 4 dientes","author":"La Hora del Campo","date":"9 diciembre, 2019","format":false,"excerpt":"Durante este a\u00f1o y hasta el 30 de noviembre la faena total de vacunos es un 6.1% inferior comparando con el mismo periodo del a\u00f1o 2018, unas 130 mil cabezas menos que faenaron. Pero el ritmo de faena durante el primer semestre de este a\u00f1o fue pr\u00e1cticamente similar al a\u00f1o\u2026","rel":"","context":"En \u00abActualidad\u00bb","block_context":{"text":"Actualidad","link":"https:\/\/lahoradelcampo.com.uy\/site\/category\/actualidad\/"},"img":{"alt_text":"","src":"https:\/\/i0.wp.com\/lahoradelcampo.com.uy\/site\/wp-content\/uploads\/2019\/04\/Corrales.jpg?fit=880%2C440&ssl=1&resize=350%2C200","width":350,"height":200,"srcset":"https:\/\/i0.wp.com\/lahoradelcampo.com.uy\/site\/wp-content\/uploads\/2019\/04\/Corrales.jpg?fit=880%2C440&ssl=1&resize=350%2C200 1x, https:\/\/i0.wp.com\/lahoradelcampo.com.uy\/site\/wp-content\/uploads\/2019\/04\/Corrales.jpg?fit=880%2C440&ssl=1&resize=525%2C300 1.5x, https:\/\/i0.wp.com\/lahoradelcampo.com.uy\/site\/wp-content\/uploads\/2019\/04\/Corrales.jpg?fit=880%2C440&ssl=1&resize=700%2C400 2x"},"classes":[]},{"id":55971,"url":"https:\/\/lahoradelcampo.com.uy\/site\/faena-vacuna-consolida-el-buen-ritmo-del-mes-de-abril\/","url_meta":{"origin":42105,"position":2},"title":"Faena vacuna consolida el buen ritmo del mes de abril","author":"La Hora del Campo","date":"22 abril, 2025","format":false,"excerpt":"A pesar de los feriados y la menor actividad habitual en Semana de Pascua, la industria frigor\u00edfica uruguaya logr\u00f3 faenar 39.723 vacunos, un 8% m\u00e1s que en el mismo per\u00edodo del a\u00f1o pasado, lo que equivale a unos 3 mil animales adicionales. Este crecimiento, registrado hasta el s\u00e1bado 19 de\u2026","rel":"","context":"En \u00abActualidad\u00bb","block_context":{"text":"Actualidad","link":"https:\/\/lahoradelcampo.com.uy\/site\/category\/actualidad\/"},"img":{"alt_text":"","src":"https:\/\/i0.wp.com\/lahoradelcampo.com.uy\/site\/wp-content\/uploads\/2017\/12\/Faena-1.jpg?fit=880%2C440&ssl=1&resize=350%2C200","width":350,"height":200,"srcset":"https:\/\/i0.wp.com\/lahoradelcampo.com.uy\/site\/wp-content\/uploads\/2017\/12\/Faena-1.jpg?fit=880%2C440&ssl=1&resize=350%2C200 1x, https:\/\/i0.wp.com\/lahoradelcampo.com.uy\/site\/wp-content\/uploads\/2017\/12\/Faena-1.jpg?fit=880%2C440&ssl=1&resize=525%2C300 1.5x, https:\/\/i0.wp.com\/lahoradelcampo.com.uy\/site\/wp-content\/uploads\/2017\/12\/Faena-1.jpg?fit=880%2C440&ssl=1&resize=700%2C400 2x"},"classes":[]},{"id":31634,"url":"https:\/\/lahoradelcampo.com.uy\/site\/en-2021-continua-cayendo-la-edad-de-faena-de-los-novillos\/","url_meta":{"origin":42105,"position":3},"title":"En 2021 contin\u00faa cayendo la edad de faena de los novillos","author":"La Hora del Campo","date":"29 junio, 2021","format":false,"excerpt":"Luego de darse a conocer los datos de faena de la presente semana, la edad de los novillos contin\u00faa descendiendo al analizar los datos del Instituto Nacional de Carnes (INAC). En el transcurso de 2021, hasta el 26 de junio, se llevan faenados en el pa\u00eds 588.397 cabezas de novillos,\u2026","rel":"","context":"En \u00abActualidad\u00bb","block_context":{"text":"Actualidad","link":"https:\/\/lahoradelcampo.com.uy\/site\/category\/actualidad\/"},"img":{"alt_text":"","src":"https:\/\/i0.wp.com\/lahoradelcampo.com.uy\/site\/wp-content\/uploads\/2017\/10\/Ganado-gordo-1.jpg?fit=880%2C440&ssl=1&resize=350%2C200","width":350,"height":200,"srcset":"https:\/\/i0.wp.com\/lahoradelcampo.com.uy\/site\/wp-content\/uploads\/2017\/10\/Ganado-gordo-1.jpg?fit=880%2C440&ssl=1&resize=350%2C200 1x, https:\/\/i0.wp.com\/lahoradelcampo.com.uy\/site\/wp-content\/uploads\/2017\/10\/Ganado-gordo-1.jpg?fit=880%2C440&ssl=1&resize=525%2C300 1.5x, https:\/\/i0.wp.com\/lahoradelcampo.com.uy\/site\/wp-content\/uploads\/2017\/10\/Ganado-gordo-1.jpg?fit=880%2C440&ssl=1&resize=700%2C400 2x"},"classes":[]},{"id":52965,"url":"https:\/\/lahoradelcampo.com.uy\/site\/record-en-2023-mas-de-54000-vacunos-faenados-en-la-semana\/","url_meta":{"origin":42105,"position":4},"title":"R\u00e9cord en 2023: M\u00e1s de 54,000 vacunos faenados en la semana","author":"La Hora del Campo","date":"31 octubre, 2023","format":false,"excerpt":"La actividad de la industria frigor\u00edfica alcanz\u00f3 un nivel hist\u00f3rico en la \u00faltima semana de octubre, con una faena de 54.497 vacunos, la m\u00e1s alta del a\u00f1o 2023 y la mayor desde mayo de 2022. Este resultado se explica por el aumento de la oferta de novillos de corral y\u2026","rel":"","context":"En \u00abActualidad\u00bb","block_context":{"text":"Actualidad","link":"https:\/\/lahoradelcampo.com.uy\/site\/category\/actualidad\/"},"img":{"alt_text":"","src":"https:\/\/i0.wp.com\/lahoradelcampo.com.uy\/site\/wp-content\/uploads\/2023\/10\/faena-vacuna12.jpg?fit=880%2C440&ssl=1&resize=350%2C200","width":350,"height":200,"srcset":"https:\/\/i0.wp.com\/lahoradelcampo.com.uy\/site\/wp-content\/uploads\/2023\/10\/faena-vacuna12.jpg?fit=880%2C440&ssl=1&resize=350%2C200 1x, https:\/\/i0.wp.com\/lahoradelcampo.com.uy\/site\/wp-content\/uploads\/2023\/10\/faena-vacuna12.jpg?fit=880%2C440&ssl=1&resize=525%2C300 1.5x, https:\/\/i0.wp.com\/lahoradelcampo.com.uy\/site\/wp-content\/uploads\/2023\/10\/faena-vacuna12.jpg?fit=880%2C440&ssl=1&resize=700%2C400 2x"},"classes":[]},{"id":25588,"url":"https:\/\/lahoradelcampo.com.uy\/site\/faena-de-corral-se-ubica-en-el-134\/","url_meta":{"origin":42105,"position":5},"title":"Faena de corral se ubica en el 13,4%","author":"La Hora del Campo","date":"19 noviembre, 2020","format":false,"excerpt":"De acuerdo a los datos aportados por el Instituto Nacional de Carnes (INAC), la faena vacuna en el pa\u00eds se posiciona en 1.700.623 cabezas al 14 de noviembre, lo que muestra una ca\u00edda del 12,6% respecto a igual per\u00edodo del a\u00f1o pasado. En el detalle la faena de novillos pasa\u2026","rel":"","context":"En \u00abActualidad\u00bb","block_context":{"text":"Actualidad","link":"https:\/\/lahoradelcampo.com.uy\/site\/category\/actualidad\/"},"img":{"alt_text":"","src":"https:\/\/i0.wp.com\/lahoradelcampo.com.uy\/site\/wp-content\/uploads\/2019\/04\/Corrales.jpg?fit=880%2C440&ssl=1&resize=350%2C200","width":350,"height":200,"srcset":"https:\/\/i0.wp.com\/lahoradelcampo.com.uy\/site\/wp-content\/uploads\/2019\/04\/Corrales.jpg?fit=880%2C440&ssl=1&resize=350%2C200 1x, https:\/\/i0.wp.com\/lahoradelcampo.com.uy\/site\/wp-content\/uploads\/2019\/04\/Corrales.jpg?fit=880%2C440&ssl=1&resize=525%2C300 1.5x, https:\/\/i0.wp.com\/lahoradelcampo.com.uy\/site\/wp-content\/uploads\/2019\/04\/Corrales.jpg?fit=880%2C440&ssl=1&resize=700%2C400 2x"},"classes":[]}],"jetpack_likes_enabled":true,"_links":{"self":[{"href":"https:\/\/lahoradelcampo.com.uy\/site\/wp-json\/wp\/v2\/posts\/42105","targetHints":{"allow":["GET"]}}],"collection":[{"href":"https:\/\/lahoradelcampo.com.uy\/site\/wp-json\/wp\/v2\/posts"}],"about":[{"href":"https:\/\/lahoradelcampo.com.uy\/site\/wp-json\/wp\/v2\/types\/post"}],"author":[{"embeddable":true,"href":"https:\/\/lahoradelcampo.com.uy\/site\/wp-json\/wp\/v2\/users\/5"}],"replies":[{"embeddable":true,"href":"https:\/\/lahoradelcampo.com.uy\/site\/wp-json\/wp\/v2\/comments?post=42105"}],"version-history":[{"count":1,"href":"https:\/\/lahoradelcampo.com.uy\/site\/wp-json\/wp\/v2\/posts\/42105\/revisions"}],"predecessor-version":[{"id":42109,"href":"https:\/\/lahoradelcampo.com.uy\/site\/wp-json\/wp\/v2\/posts\/42105\/revisions\/42109"}],"wp:featuredmedia":[{"embeddable":true,"href":"https:\/\/lahoradelcampo.com.uy\/site\/wp-json\/wp\/v2\/media\/35161"}],"wp:attachment":[{"href":"https:\/\/lahoradelcampo.com.uy\/site\/wp-json\/wp\/v2\/media?parent=42105"}],"wp:term":[{"taxonomy":"category","embeddable":true,"href":"https:\/\/lahoradelcampo.com.uy\/site\/wp-json\/wp\/v2\/categories?post=42105"},{"taxonomy":"post_tag","embeddable":true,"href":"https:\/\/lahoradelcampo.com.uy\/site\/wp-json\/wp\/v2\/tags?post=42105"}],"curies":[{"name":"wp","href":"https:\/\/api.w.org\/{rel}","templated":true}]}}