{"id":42101,"date":"2022-05-23T07:29:03","date_gmt":"2022-05-23T10:29:03","guid":{"rendered":"http:\/\/lahoradelcampo.com.uy\/site\/?p=42101"},"modified":"2022-05-23T07:29:09","modified_gmt":"2022-05-23T10:29:09","slug":"molinos-presentaran-los-rendimientos-del-arroz-el-8-de-junio-en-inia","status":"publish","type":"post","link":"https:\/\/lahoradelcampo.com.uy\/site\/molinos-presentaran-los-rendimientos-del-arroz-el-8-de-junio-en-inia\/","title":{"rendered":"Molinos presentaran los rendimientos del arroz el 8 de junio en INIA"},"content":{"rendered":"\n<figure class=\"wp-block-image\"><img data-recalc-dims=\"1\" loading=\"lazy\" decoding=\"async\" width=\"810\" height=\"405\" data-attachment-id=\"36697\" data-permalink=\"https:\/\/lahoradelcampo.com.uy\/site\/los-precios-mundiales-del-arroz-subieron-en-octubre\/arroz-grano\/\" data-orig-file=\"https:\/\/i0.wp.com\/lahoradelcampo.com.uy\/site\/wp-content\/uploads\/2021\/11\/Arroz-grano.jpg?fit=880%2C440&amp;ssl=1\" data-orig-size=\"880,440\" data-comments-opened=\"1\" data-image-meta=\"{&quot;aperture&quot;:&quot;0&quot;,&quot;credit&quot;:&quot;&quot;,&quot;camera&quot;:&quot;&quot;,&quot;caption&quot;:&quot;&quot;,&quot;created_timestamp&quot;:&quot;0&quot;,&quot;copyright&quot;:&quot;&quot;,&quot;focal_length&quot;:&quot;0&quot;,&quot;iso&quot;:&quot;0&quot;,&quot;shutter_speed&quot;:&quot;0&quot;,&quot;title&quot;:&quot;&quot;,&quot;orientation&quot;:&quot;1&quot;}\" data-image-title=\"Arroz-grano\" data-image-description=\"\" data-image-caption=\"\" data-large-file=\"https:\/\/i0.wp.com\/lahoradelcampo.com.uy\/site\/wp-content\/uploads\/2021\/11\/Arroz-grano.jpg?fit=810%2C405&amp;ssl=1\" src=\"https:\/\/i0.wp.com\/lahoradelcampo.com.uy\/site\/wp-content\/uploads\/2021\/11\/Arroz-grano.jpg?resize=810%2C405\" alt=\"\" class=\"wp-image-36697\" srcset=\"https:\/\/i0.wp.com\/lahoradelcampo.com.uy\/site\/wp-content\/uploads\/2021\/11\/Arroz-grano.jpg?w=880&amp;ssl=1 880w, https:\/\/i0.wp.com\/lahoradelcampo.com.uy\/site\/wp-content\/uploads\/2021\/11\/Arroz-grano.jpg?resize=300%2C150&amp;ssl=1 300w, https:\/\/i0.wp.com\/lahoradelcampo.com.uy\/site\/wp-content\/uploads\/2021\/11\/Arroz-grano.jpg?resize=768%2C384&amp;ssl=1 768w, https:\/\/i0.wp.com\/lahoradelcampo.com.uy\/site\/wp-content\/uploads\/2021\/11\/Arroz-grano.jpg?resize=820%2C410&amp;ssl=1 820w\" sizes=\"auto, (max-width: 810px) 100vw, 810px\" \/><\/figure>\n\n\n\n<p>El pr\u00f3ximo mi\u00e9rcoles 8 de junio se realizar\u00e1 en INIA Treinta y Tres, el Taller de an\u00e1lisis tecnol\u00f3gico-productivo de la zafra de arroz 2021-2022, con la participaci\u00f3n de los molinos, los investigadores y los productores arroceros.<br><\/p>\n\n\n\n<p>En el programa se realizar\u00e1 el registro de los participantes a las 9:30 horas, para posteriormente dar inicio a la actividad a la hora 10.<br><\/p>\n\n\n\n<p>La primera disertaci\u00f3n estar\u00e1 a cargo del Ing. Agr. \u00c1lvaro Roel quien presentar\u00e1 el \u00abAn\u00e1lisis clim\u00e1tico de la zafra\u00bb, posteriormente se realizar\u00e1 la presentaci\u00f3n de los resultados por parte de los molinos, Adecoagro, Arrozal 33, Casarone Agroindustrial y Coopar. <br><\/p>\n\n\n\n<p>Luego del almuerzo en la tarde, se presentaran los resultados por parte de Dambo y Saman, para luego finalizar con una mesa redonda, con integrantes de la Asociaci\u00f3n de Cultivadores de Arroz (ACA), la Gremial de Molinos Arroceros (GMA), el Ministerio de Ganader\u00eda, Agricultura y Pesca (MGAP) e INIA. <br><\/p>\n\n\n\n<p>La actividad ser\u00e1 presencial y tambi\u00e9n se trasmitir\u00e1 en vivo y en directo por el canal YouTube de INIA. <\/p>\n\n\n\n<p>Salto, 23 de mayo de 2022<\/p>\n","protected":false},"excerpt":{"rendered":"<p>El pr\u00f3ximo mi\u00e9rcoles 8 de junio se realizar\u00e1 en INIA Treinta y Tres, el Taller de an\u00e1lisis tecnol\u00f3gico-productivo de la zafra de arroz 2021-2022, con la participaci\u00f3n de los molinos, [&hellip;]<\/p>\n","protected":false},"author":5,"featured_media":36697,"comment_status":"open","ping_status":"open","sticky":false,"template":"","format":"standard","meta":{"_price":"","_stock":"","_tribe_ticket_header":"","_tribe_default_ticket_provider":"","_tribe_ticket_capacity":"0","_ticket_start_date":"","_ticket_end_date":"","_tribe_ticket_show_description":"","_tribe_ticket_show_not_going":false,"_tribe_ticket_use_global_stock":"","_tribe_ticket_global_stock_level":"","_global_stock_mode":"","_global_stock_cap":"","_tribe_rsvp_for_event":"","_tribe_ticket_going_count":"","_tribe_ticket_not_going_count":"","_tribe_tickets_list":"[]","_tribe_ticket_has_attendee_info_fields":false,"h5ap_radio_sources":[],"_jetpack_newsletter_access":"","_jetpack_dont_email_post_to_subs":false,"_jetpack_newsletter_tier_id":0,"_jetpack_memberships_contains_paywalled_content":false,"_jetpack_memberships_contains_paid_content":false,"footnotes":""},"categories":[21,7],"tags":[],"class_list":["post-42101","post","type-post","status-publish","format-standard","has-post-thumbnail","hentry","category-actualidad","category-agricultura"],"jetpack_featured_media_url":"https:\/\/i0.wp.com\/lahoradelcampo.com.uy\/site\/wp-content\/uploads\/2021\/11\/Arroz-grano.jpg?fit=880%2C440&ssl=1","jetpack_sharing_enabled":true,"jetpack_shortlink":"https:\/\/wp.me\/p99IaT-aX3","jetpack-related-posts":[{"id":31022,"url":"https:\/\/lahoradelcampo.com.uy\/site\/arroceros-analizaran-el-resultado-productivo-de-la-zafra-2020-21\/","url_meta":{"origin":42101,"position":0},"title":"Arroceros analizaran el resultado productivo de la zafra 2020-21","author":"La Hora del Campo","date":"7 junio, 2021","format":false,"excerpt":"En un a\u00f1o de producci\u00f3n r\u00e9cord para el arroz, con perspectivas de mejores precios y un incremento del \u00e1rea para la pr\u00f3xima zafra, el sector arrocero en su conjunto realizar\u00e1 el XVII Taller de An\u00e1lisis Tecnol\u00f3gico-Productivo, correspondiente a la zafra 2020-21. La actividad organizada por el Instituto Nacional de Investigaci\u00f3n\u2026","rel":"","context":"En \u00abActualidad\u00bb","block_context":{"text":"Actualidad","link":"https:\/\/lahoradelcampo.com.uy\/site\/category\/actualidad\/"},"img":{"alt_text":"","src":"https:\/\/i0.wp.com\/lahoradelcampo.com.uy\/site\/wp-content\/uploads\/2019\/05\/arroceros-2.jpg?fit=880%2C440&ssl=1&resize=350%2C200","width":350,"height":200,"srcset":"https:\/\/i0.wp.com\/lahoradelcampo.com.uy\/site\/wp-content\/uploads\/2019\/05\/arroceros-2.jpg?fit=880%2C440&ssl=1&resize=350%2C200 1x, https:\/\/i0.wp.com\/lahoradelcampo.com.uy\/site\/wp-content\/uploads\/2019\/05\/arroceros-2.jpg?fit=880%2C440&ssl=1&resize=525%2C300 1.5x, https:\/\/i0.wp.com\/lahoradelcampo.com.uy\/site\/wp-content\/uploads\/2019\/05\/arroceros-2.jpg?fit=880%2C440&ssl=1&resize=700%2C400 2x"},"classes":[]},{"id":50667,"url":"https:\/\/lahoradelcampo.com.uy\/site\/taller-de-analisis-de-la-zafra-de-arroz-2022-2023-resultados-prometedores\/","url_meta":{"origin":42101,"position":1},"title":"Taller de an\u00e1lisis de la zafra de arroz 2022-2023: Resultados prometedores","author":"La Hora del Campo","date":"23 mayo, 2023","format":false,"excerpt":"El pr\u00f3ximo mi\u00e9rcoles 31 de mayo se llevar\u00e1 a cabo el 19\u00b0 Taller de an\u00e1lisis tecnol\u00f3gico-productivo de la zafra de arroz 2022-2023 en INIA Treinta y Tres. Este evento contar\u00e1 con la participaci\u00f3n de importantes actores del sector, como la Asociaci\u00f3n de Cultivadores de Arroz (ACA), la Gremial de Molinos\u2026","rel":"","context":"En \u00abActualidad\u00bb","block_context":{"text":"Actualidad","link":"https:\/\/lahoradelcampo.com.uy\/site\/category\/actualidad\/"},"img":{"alt_text":"","src":"https:\/\/i0.wp.com\/lahoradelcampo.com.uy\/site\/wp-content\/uploads\/2017\/10\/arroz.jpg?fit=880%2C440&ssl=1&resize=350%2C200","width":350,"height":200,"srcset":"https:\/\/i0.wp.com\/lahoradelcampo.com.uy\/site\/wp-content\/uploads\/2017\/10\/arroz.jpg?fit=880%2C440&ssl=1&resize=350%2C200 1x, https:\/\/i0.wp.com\/lahoradelcampo.com.uy\/site\/wp-content\/uploads\/2017\/10\/arroz.jpg?fit=880%2C440&ssl=1&resize=525%2C300 1.5x, https:\/\/i0.wp.com\/lahoradelcampo.com.uy\/site\/wp-content\/uploads\/2017\/10\/arroz.jpg?fit=880%2C440&ssl=1&resize=700%2C400 2x"},"classes":[]},{"id":42443,"url":"https:\/\/lahoradelcampo.com.uy\/site\/rendimiento-arrocero-alcanza-las-184-bolsas-por-hectarea\/","url_meta":{"origin":42101,"position":2},"title":"Rendimiento arrocero alcanza las 184 bolsas por hect\u00e1rea","author":"La Hora del Campo","date":"6 junio, 2022","format":false,"excerpt":"Luego de una serie de 12 relevamientos de avance de cosecha, la Asociaci\u00f3n de Cultivadores de Arroz del Uruguay (ACA) dio por finalizada la cosecha del cereal y marc\u00f3 un rendimiento de 184 bolsas sanas, secas y limpias por hect\u00e1rea, lo cual equivale a 9.230 kilos de promedio, sobre una\u2026","rel":"","context":"En \u00abActualidad\u00bb","block_context":{"text":"Actualidad","link":"https:\/\/lahoradelcampo.com.uy\/site\/category\/actualidad\/"},"img":{"alt_text":"","src":"https:\/\/i0.wp.com\/lahoradelcampo.com.uy\/site\/wp-content\/uploads\/2019\/04\/arroz-1.jpg?fit=880%2C440&ssl=1&resize=350%2C200","width":350,"height":200,"srcset":"https:\/\/i0.wp.com\/lahoradelcampo.com.uy\/site\/wp-content\/uploads\/2019\/04\/arroz-1.jpg?fit=880%2C440&ssl=1&resize=350%2C200 1x, https:\/\/i0.wp.com\/lahoradelcampo.com.uy\/site\/wp-content\/uploads\/2019\/04\/arroz-1.jpg?fit=880%2C440&ssl=1&resize=525%2C300 1.5x, https:\/\/i0.wp.com\/lahoradelcampo.com.uy\/site\/wp-content\/uploads\/2019\/04\/arroz-1.jpg?fit=880%2C440&ssl=1&resize=700%2C400 2x"},"classes":[]},{"id":41999,"url":"https:\/\/lahoradelcampo.com.uy\/site\/rendimiento-arrocero-se-ubica-en-9-200-kilos-por-hectarea\/","url_meta":{"origin":42101,"position":3},"title":"Rendimiento arrocero se ubica en 9.200 kilos por hect\u00e1rea","author":"La Hora del Campo","date":"19 mayo, 2022","format":false,"excerpt":"Con la cosecha arrocera finalizada a nivel pa\u00eds, los productores pasan raya en cada uno de sus predios y quedan a la espera de las negociaciones para definir el precio provisorio que, por contrato, se debe fijar en el mes de julio. Seg\u00fan informaci\u00f3n brindada a La Hora del Campo,\u2026","rel":"","context":"En \u00abActualidad\u00bb","block_context":{"text":"Actualidad","link":"https:\/\/lahoradelcampo.com.uy\/site\/category\/actualidad\/"},"img":{"alt_text":"","src":"https:\/\/i0.wp.com\/lahoradelcampo.com.uy\/site\/wp-content\/uploads\/2022\/05\/arroz-planta.jpg?fit=880%2C440&ssl=1&resize=350%2C200","width":350,"height":200,"srcset":"https:\/\/i0.wp.com\/lahoradelcampo.com.uy\/site\/wp-content\/uploads\/2022\/05\/arroz-planta.jpg?fit=880%2C440&ssl=1&resize=350%2C200 1x, https:\/\/i0.wp.com\/lahoradelcampo.com.uy\/site\/wp-content\/uploads\/2022\/05\/arroz-planta.jpg?fit=880%2C440&ssl=1&resize=525%2C300 1.5x, https:\/\/i0.wp.com\/lahoradelcampo.com.uy\/site\/wp-content\/uploads\/2022\/05\/arroz-planta.jpg?fit=880%2C440&ssl=1&resize=700%2C400 2x"},"classes":[]},{"id":12191,"url":"https:\/\/lahoradelcampo.com.uy\/site\/arroz-con-rendimiento-de-165-bolsas-por-hectarea\/","url_meta":{"origin":42101,"position":4},"title":"Arroz con rendimiento de 165 bolsas por hect\u00e1rea","author":"La Hora del Campo","date":"26 junio, 2019","format":false,"excerpt":"El sector arrocero realiz\u00f3 el 15\u00ba Taller de an\u00e1lisis tecnol\u00f3gico productivo de la zafra de arroz, en este caso la 2018-19. En dicho encuentro de trabajo se presenta informaci\u00f3n por parte de los molinos en los distintos puntos del pa\u00eds, as\u00ed como tambi\u00e9n de parte de los t\u00e9cnicos de INIA\u2026","rel":"","context":"En \u00abActualidad\u00bb","block_context":{"text":"Actualidad","link":"https:\/\/lahoradelcampo.com.uy\/site\/category\/actualidad\/"},"img":{"alt_text":"","src":"https:\/\/i0.wp.com\/lahoradelcampo.com.uy\/site\/wp-content\/uploads\/2019\/04\/arroz.jpg?fit=880%2C440&ssl=1&resize=350%2C200","width":350,"height":200,"srcset":"https:\/\/i0.wp.com\/lahoradelcampo.com.uy\/site\/wp-content\/uploads\/2019\/04\/arroz.jpg?fit=880%2C440&ssl=1&resize=350%2C200 1x, https:\/\/i0.wp.com\/lahoradelcampo.com.uy\/site\/wp-content\/uploads\/2019\/04\/arroz.jpg?fit=880%2C440&ssl=1&resize=525%2C300 1.5x, https:\/\/i0.wp.com\/lahoradelcampo.com.uy\/site\/wp-content\/uploads\/2019\/04\/arroz.jpg?fit=880%2C440&ssl=1&resize=700%2C400 2x"},"classes":[]},{"id":4103,"url":"https:\/\/lahoradelcampo.com.uy\/site\/arroceros-y-molinos-sin-acuerdo\/","url_meta":{"origin":42101,"position":5},"title":"Arroceros y molinos: sin acuerdo","author":"La Hora del Campo","date":"20 noviembre, 2017","format":false,"excerpt":"La Asociaci\u00f3n de Cultivadores de Arroz y los molinos arroceros a\u00fan contin\u00faan negociando el precio definitivo para la bolsa de 50 kilos de arroz c\u00e1scara de la zafra 2016\/2017 luego que los productores no aceptaran el incremento propuesto por las industrias dentro del acuerdo. Recordemos que el pasado mes de\u2026","rel":"","context":"En \u00abActualidad\u00bb","block_context":{"text":"Actualidad","link":"https:\/\/lahoradelcampo.com.uy\/site\/category\/actualidad\/"},"img":{"alt_text":"","src":"https:\/\/i0.wp.com\/lahoradelcampo.com.uy\/site\/wp-content\/uploads\/2017\/11\/Arroceros.jpg?fit=880%2C440&ssl=1&resize=350%2C200","width":350,"height":200,"srcset":"https:\/\/i0.wp.com\/lahoradelcampo.com.uy\/site\/wp-content\/uploads\/2017\/11\/Arroceros.jpg?fit=880%2C440&ssl=1&resize=350%2C200 1x, https:\/\/i0.wp.com\/lahoradelcampo.com.uy\/site\/wp-content\/uploads\/2017\/11\/Arroceros.jpg?fit=880%2C440&ssl=1&resize=525%2C300 1.5x, https:\/\/i0.wp.com\/lahoradelcampo.com.uy\/site\/wp-content\/uploads\/2017\/11\/Arroceros.jpg?fit=880%2C440&ssl=1&resize=700%2C400 2x"},"classes":[]}],"jetpack_likes_enabled":true,"_links":{"self":[{"href":"https:\/\/lahoradelcampo.com.uy\/site\/wp-json\/wp\/v2\/posts\/42101","targetHints":{"allow":["GET"]}}],"collection":[{"href":"https:\/\/lahoradelcampo.com.uy\/site\/wp-json\/wp\/v2\/posts"}],"about":[{"href":"https:\/\/lahoradelcampo.com.uy\/site\/wp-json\/wp\/v2\/types\/post"}],"author":[{"embeddable":true,"href":"https:\/\/lahoradelcampo.com.uy\/site\/wp-json\/wp\/v2\/users\/5"}],"replies":[{"embeddable":true,"href":"https:\/\/lahoradelcampo.com.uy\/site\/wp-json\/wp\/v2\/comments?post=42101"}],"version-history":[{"count":1,"href":"https:\/\/lahoradelcampo.com.uy\/site\/wp-json\/wp\/v2\/posts\/42101\/revisions"}],"predecessor-version":[{"id":42103,"href":"https:\/\/lahoradelcampo.com.uy\/site\/wp-json\/wp\/v2\/posts\/42101\/revisions\/42103"}],"wp:featuredmedia":[{"embeddable":true,"href":"https:\/\/lahoradelcampo.com.uy\/site\/wp-json\/wp\/v2\/media\/36697"}],"wp:attachment":[{"href":"https:\/\/lahoradelcampo.com.uy\/site\/wp-json\/wp\/v2\/media?parent=42101"}],"wp:term":[{"taxonomy":"category","embeddable":true,"href":"https:\/\/lahoradelcampo.com.uy\/site\/wp-json\/wp\/v2\/categories?post=42101"},{"taxonomy":"post_tag","embeddable":true,"href":"https:\/\/lahoradelcampo.com.uy\/site\/wp-json\/wp\/v2\/tags?post=42101"}],"curies":[{"name":"wp","href":"https:\/\/api.w.org\/{rel}","templated":true}]}}