{"id":42093,"date":"2022-05-23T07:26:03","date_gmt":"2022-05-23T10:26:03","guid":{"rendered":"http:\/\/lahoradelcampo.com.uy\/site\/?p=42093"},"modified":"2022-05-23T07:26:09","modified_gmt":"2022-05-23T10:26:09","slug":"porcentajes-de-prenez-se-ubican-sobre-el-80-segun-el-ipa","status":"publish","type":"post","link":"https:\/\/lahoradelcampo.com.uy\/site\/porcentajes-de-prenez-se-ubican-sobre-el-80-segun-el-ipa\/","title":{"rendered":"Porcentajes de pre\u00f1ez se ubican sobre el 80% seg\u00fan el IPA"},"content":{"rendered":"\n<figure class=\"wp-block-image\"><img data-recalc-dims=\"1\" loading=\"lazy\" decoding=\"async\" width=\"810\" height=\"405\" data-attachment-id=\"12197\" data-permalink=\"https:\/\/lahoradelcampo.com.uy\/site\/los-datos-de-prenez-fueron-del-86-al-78-al-norte-del-rio-negro\/prenez-2\/\" data-orig-file=\"https:\/\/i0.wp.com\/lahoradelcampo.com.uy\/site\/wp-content\/uploads\/2019\/06\/Pre%C3%B1ez.jpg?fit=880%2C440&amp;ssl=1\" data-orig-size=\"880,440\" data-comments-opened=\"1\" data-image-meta=\"{&quot;aperture&quot;:&quot;0&quot;,&quot;credit&quot;:&quot;&quot;,&quot;camera&quot;:&quot;&quot;,&quot;caption&quot;:&quot;&quot;,&quot;created_timestamp&quot;:&quot;0&quot;,&quot;copyright&quot;:&quot;&quot;,&quot;focal_length&quot;:&quot;0&quot;,&quot;iso&quot;:&quot;0&quot;,&quot;shutter_speed&quot;:&quot;0&quot;,&quot;title&quot;:&quot;&quot;,&quot;orientation&quot;:&quot;1&quot;}\" data-image-title=\"Pre\u00f1ez\" data-image-description=\"\" data-image-caption=\"\" data-large-file=\"https:\/\/i0.wp.com\/lahoradelcampo.com.uy\/site\/wp-content\/uploads\/2019\/06\/Pre%C3%B1ez.jpg?fit=810%2C405&amp;ssl=1\" src=\"https:\/\/i0.wp.com\/lahoradelcampo.com.uy\/site\/wp-content\/uploads\/2019\/06\/Pre%C3%B1ez.jpg?resize=810%2C405\" alt=\"\" class=\"wp-image-12197\" srcset=\"https:\/\/i0.wp.com\/lahoradelcampo.com.uy\/site\/wp-content\/uploads\/2019\/06\/Pre%C3%B1ez.jpg?w=880&amp;ssl=1 880w, https:\/\/i0.wp.com\/lahoradelcampo.com.uy\/site\/wp-content\/uploads\/2019\/06\/Pre%C3%B1ez.jpg?resize=300%2C150&amp;ssl=1 300w, https:\/\/i0.wp.com\/lahoradelcampo.com.uy\/site\/wp-content\/uploads\/2019\/06\/Pre%C3%B1ez.jpg?resize=768%2C384&amp;ssl=1 768w, https:\/\/i0.wp.com\/lahoradelcampo.com.uy\/site\/wp-content\/uploads\/2019\/06\/Pre%C3%B1ez.jpg?resize=820%2C410&amp;ssl=1 820w\" sizes=\"auto, (max-width: 810px) 100vw, 810px\" \/><\/figure>\n\n\n\n<p>El Instituto Plan Agropecuario (IPA) present\u00f3 al cierre de la semana, la encuesta mensual de la Red de Informaci\u00f3n Nacional Ganadera (Ring) que est\u00e1 compuesta por 359 productores distribuidos en distintos puntos del pa\u00eds. En esta oportunidad la encuesta tiene en cuenta lo ocurrido en el mes de abril y los primeros 15 d\u00edas de mayo. <br><\/p>\n\n\n\n<p>Entre los datos m\u00e1s relevantes de la encuesta mensual de la instituci\u00f3n, se destaca la consolidaci\u00f3n de los buenos datos de pre\u00f1ez que se comenzaron a informar en la encuesta anterior, as\u00ed como tambi\u00e9n la ca\u00edda de la disponibilidad de forraje de cara al invierno. <br><\/p>\n\n\n\n<p><strong>Rodeos de cr\u00eda<\/strong><br><\/p>\n\n\n\n<p>La situaci\u00f3n de los rodeos de cr\u00eda, en cuanto a su condici\u00f3n corporal se mantiene pr\u00e1cticamente incambiada respecto al mes de marzo. No se identifican mejoras en los mismos a pesar del avance de los destetes. <br><\/p>\n\n\n\n<p>A\u00fan el 3 % de los productores reportan condici\u00f3n corporal cr\u00edtica, por debajo de 3,5; mientras que la mayor\u00eda de los productores, 63 %, reporta una condici\u00f3n que se ubica entre 3,5 y 4. Seg\u00fan la opini\u00f3n de los productores el mes de abril se perdi\u00f3 la oportunidad de mejorar el estado para entrar al invierno.<br><\/p>\n\n\n\n<p>Entre los productores que realizaron diagn\u00f3stico en el mes de abril, los resultados son en general, al igual que los reportados en marzo, de buenos a muy buenos y hasta excelentes.<br><\/p>\n\n\n\n<p>Se consolida en el grupo de productores asociados al Plan Agropecuario, resultados de diagn\u00f3sticos de pre\u00f1ez muy buenos. Recordamos que los productores que realizaron diagn\u00f3stico en el mes de marzo, 63 % de los mismos reportaron m\u00e1s de 80% de pre\u00f1ez. Tambi\u00e9n en la categor\u00eda vacas de segundo entore, categor\u00eda de reconocida sensibilidad, los resultados logrados son destacados.<br><\/p>\n\n\n\n<figure class=\"wp-block-image\"><img data-recalc-dims=\"1\" loading=\"lazy\" decoding=\"async\" width=\"607\" height=\"303\" data-attachment-id=\"42095\" data-permalink=\"https:\/\/lahoradelcampo.com.uy\/site\/porcentajes-de-prenez-se-ubican-sobre-el-80-segun-el-ipa\/resultado-de-diagnostico-de-gestacion-promedio-en-el-rodeo-general\/\" data-orig-file=\"https:\/\/i0.wp.com\/lahoradelcampo.com.uy\/site\/wp-content\/uploads\/2022\/05\/Resultado-de-diagn%C3%B3stico-de-gestaci%C3%B3n-promedio-en-el-rodeo-general.jpg?fit=607%2C303&amp;ssl=1\" data-orig-size=\"607,303\" data-comments-opened=\"1\" data-image-meta=\"{&quot;aperture&quot;:&quot;0&quot;,&quot;credit&quot;:&quot;&quot;,&quot;camera&quot;:&quot;&quot;,&quot;caption&quot;:&quot;&quot;,&quot;created_timestamp&quot;:&quot;0&quot;,&quot;copyright&quot;:&quot;&quot;,&quot;focal_length&quot;:&quot;0&quot;,&quot;iso&quot;:&quot;0&quot;,&quot;shutter_speed&quot;:&quot;0&quot;,&quot;title&quot;:&quot;&quot;,&quot;orientation&quot;:&quot;1&quot;}\" data-image-title=\"Resultado de diagn\u00f3stico de gestaci\u00f3n promedio en el rodeo general\" data-image-description=\"\" data-image-caption=\"\" data-large-file=\"https:\/\/i0.wp.com\/lahoradelcampo.com.uy\/site\/wp-content\/uploads\/2022\/05\/Resultado-de-diagn%C3%B3stico-de-gestaci%C3%B3n-promedio-en-el-rodeo-general.jpg?fit=607%2C303&amp;ssl=1\" src=\"https:\/\/i0.wp.com\/lahoradelcampo.com.uy\/site\/wp-content\/uploads\/2022\/05\/Resultado-de-diagn%C3%B3stico-de-gestaci%C3%B3n-promedio-en-el-rodeo-general.jpg?resize=607%2C303\" alt=\"\" class=\"wp-image-42095\" srcset=\"https:\/\/i0.wp.com\/lahoradelcampo.com.uy\/site\/wp-content\/uploads\/2022\/05\/Resultado-de-diagn%C3%B3stico-de-gestaci%C3%B3n-promedio-en-el-rodeo-general.jpg?w=607&amp;ssl=1 607w, https:\/\/i0.wp.com\/lahoradelcampo.com.uy\/site\/wp-content\/uploads\/2022\/05\/Resultado-de-diagn%C3%B3stico-de-gestaci%C3%B3n-promedio-en-el-rodeo-general.jpg?resize=300%2C150&amp;ssl=1 300w\" sizes=\"auto, (max-width: 607px) 100vw, 607px\" \/><\/figure>\n\n\n\n<p>Consultados los productores respecto al destino de las vacas de cr\u00eda en caso de lograr resultados de diagn\u00f3sticos de pre\u00f1ez superiores al 85%, el 80% respondi\u00f3 que las retendr\u00e1 en el rodeo, lo cual implica un crecimiento de la actividad.<br><\/p>\n\n\n\n<p>Por su parte, consultados sobre el destino de las vacas falladas, casi 3 de cada 4 vacas pasan a invernada, mientras el 47% respondi\u00f3 que las invernar\u00e1, el 25% las vender\u00e1 como vacas de invernada; solo un 7% las entorar\u00e1 en el invierno y el 5% en la pr\u00f3xima primavera.<br><\/p>\n\n\n\n<p><strong>Disponibilidad de forraje <\/strong><br><\/p>\n\n\n\n<p>La mejora de la disponibilidad verificada en febrero se mantuvo y se consolid\u00f3 en marzo, pero no se logr\u00f3 mantener en abril, lo cual es una \u201calerta\u201d. Mientras crece levemente el n\u00famero de productores en situaci\u00f3n cr\u00edtica, ubic\u00e1ndose en 5 %; aquellos que reportan una excelente situaci\u00f3n (m\u00e1s de 9 cm) se reducen desde 13 a 7%. El grueso de los productores, 88% reporta alturas de entre 3 y 9 cm de disponible.<br><\/p>\n\n\n\n<p>En la percepci\u00f3n de los productores abril 2022 presenta una situaci\u00f3n m\u00e1s cr\u00edtica que abril 2021. Esta percepci\u00f3n, en la mism\u00edsima entrada de un invierno anticipado, impone no solo el monitoreo permanente de la evoluci\u00f3n de la disponibilidad de pasto sino tambi\u00e9n la carga y el estado de las haciendas. <br><\/p>\n\n\n\n<p>Es clave la toma de decisiones que aumenten la oferta de alimentos (suplementaci\u00f3n), as\u00ed como las que disminuyan la demanda: destetes y ventas. La toma de decisiones en tiempo disminuye el tama\u00f1o y costo de las mismas. El escenario de precios indica un buen momento para vender y ajustar carga y\/o la suplementaci\u00f3n de categor\u00edas de recr\u00eda.<br><\/p>\n\n\n\n<p><strong>Diferimiento de Forraje<\/strong><br><\/p>\n\n\n\n<p>El cierre de potreros es una pr\u00e1ctica com\u00fan y adem\u00e1s promovida por el Plan Agropecuario, como una estrategia para la reserva de forraje en pie para invierno. El 65% de los productores reporta que cerr\u00f3 alg\u00fan potrero. Entre quienes utilizan esta estrategia, el 46% reporta que reserv\u00f3 entre el 10 y el 20% del \u00e1rea de pastoreo. <br><\/p>\n\n\n\n<p>Desde el Plan Agropecuario se insiste en la necesidad de realizar mediciones objetivas en cada establecimiento, estimando disponibilidad de forraje, a trav\u00e9s del muestreo de alturas (Uso de REGLA). Contar con esta informaci\u00f3n y poder construir el \u201c\u00cdndice sobre Plato de Comida\u201d (IsPC) es una estrategia valiosa y sencilla para planificar el per\u00edodo que viene; se puede hacer mensual o trimestralmente y nuestros t\u00e9cnicos est\u00e1n a disposici\u00f3n para evaluar consultas acerca de la medici\u00f3n, aplicaci\u00f3n y an\u00e1lisis.<br><\/p>\n\n\n\n<p><strong>Recr\u00eda <\/strong><br><\/p>\n\n\n\n<p>Respecto al peso de la categor\u00eda vaquillonas 1-2, categor\u00eda clave para organizar el rodeo en una pre\u00f1ez temprana, las respuestas son diversas, pero el 80% reporta pesos superiores a 240 kg, situaci\u00f3n muy auspiciosa y adem\u00e1s superior a lo reportado en marzo (64%).<br><\/p>\n\n\n\n<p>Un 61% de  los productores reporta tener planificado suplementar en invierno. El suplemento se\u00f1alado como preferido  (71%) es la raci\u00f3n, seguido por los fardos, en el 38% de los productores. Consideramos que el asesoramiento t\u00e9cnico sobre qu\u00e9 suplemento utilizar, en qu\u00e9 cantidad, c\u00f3mo y para qu\u00e9 es una tarea recomendable.<\/p>\n\n\n\n<p>Salto, 23 de mayo de 2022<\/p>\n","protected":false},"excerpt":{"rendered":"<p>El Instituto Plan Agropecuario (IPA) present\u00f3 al cierre de la semana, la encuesta mensual de la Red de Informaci\u00f3n Nacional Ganadera (Ring) que est\u00e1 compuesta por 359 productores distribuidos en [&hellip;]<\/p>\n","protected":false},"author":5,"featured_media":12197,"comment_status":"open","ping_status":"open","sticky":false,"template":"","format":"standard","meta":{"_price":"","_stock":"","_tribe_ticket_header":"","_tribe_default_ticket_provider":"","_tribe_ticket_capacity":"0","_ticket_start_date":"","_ticket_end_date":"","_tribe_ticket_show_description":"","_tribe_ticket_show_not_going":false,"_tribe_ticket_use_global_stock":"","_tribe_ticket_global_stock_level":"","_global_stock_mode":"","_global_stock_cap":"","_tribe_rsvp_for_event":"","_tribe_ticket_going_count":"","_tribe_ticket_not_going_count":"","_tribe_tickets_list":"[]","_tribe_ticket_has_attendee_info_fields":false,"h5ap_radio_sources":[],"_jetpack_newsletter_access":"","_jetpack_dont_email_post_to_subs":false,"_jetpack_newsletter_tier_id":0,"_jetpack_memberships_contains_paywalled_content":false,"_jetpack_memberships_contains_paid_content":false,"footnotes":""},"categories":[21,5],"tags":[],"class_list":["post-42093","post","type-post","status-publish","format-standard","has-post-thumbnail","hentry","category-actualidad","category-ganaderia"],"jetpack_featured_media_url":"https:\/\/i0.wp.com\/lahoradelcampo.com.uy\/site\/wp-content\/uploads\/2019\/06\/Pre%C3%B1ez.jpg?fit=880%2C440&ssl=1","jetpack_sharing_enabled":true,"jetpack_shortlink":"https:\/\/wp.me\/p99IaT-aWV","jetpack-related-posts":[{"id":53800,"url":"https:\/\/lahoradelcampo.com.uy\/site\/porcentajes-de-prenez-superan-el-80-segun-la-encuesta-ring\/","url_meta":{"origin":42093,"position":0},"title":"Porcentajes de pre\u00f1ez superan el 80% seg\u00fan la encuesta RING","author":"La Hora del Campo","date":"18 abril, 2024","format":false,"excerpt":"El Instituto Plan Agropecuario (IPA) ha revelado los resultados de su encuesta mensual RING (Red de Informaci\u00f3n Nacional Ganadera) correspondiente al per\u00edodo de febrero\/marzo de este a\u00f1o. Con la participaci\u00f3n de 550 productores, la 38va. edici\u00f3n de esta encuesta, llevada a cabo en los primeros diez d\u00edas de abril de\u2026","rel":"","context":"En \u00abActualidad\u00bb","block_context":{"text":"Actualidad","link":"https:\/\/lahoradelcampo.com.uy\/site\/category\/actualidad\/"},"img":{"alt_text":"","src":"https:\/\/i0.wp.com\/lahoradelcampo.com.uy\/site\/wp-content\/uploads\/2024\/04\/RING-DatosPrenez.jpg?fit=880%2C440&ssl=1&resize=350%2C200","width":350,"height":200,"srcset":"https:\/\/i0.wp.com\/lahoradelcampo.com.uy\/site\/wp-content\/uploads\/2024\/04\/RING-DatosPrenez.jpg?fit=880%2C440&ssl=1&resize=350%2C200 1x, https:\/\/i0.wp.com\/lahoradelcampo.com.uy\/site\/wp-content\/uploads\/2024\/04\/RING-DatosPrenez.jpg?fit=880%2C440&ssl=1&resize=525%2C300 1.5x, https:\/\/i0.wp.com\/lahoradelcampo.com.uy\/site\/wp-content\/uploads\/2024\/04\/RING-DatosPrenez.jpg?fit=880%2C440&ssl=1&resize=700%2C400 2x"},"classes":[]},{"id":50429,"url":"https:\/\/lahoradelcampo.com.uy\/site\/diagnosticos-de-gestacion-son-buenos-pero-inferiores-al-ano-pasado\/","url_meta":{"origin":42093,"position":1},"title":"Diagn\u00f3sticos de gestaci\u00f3n son buenos, pero inferiores al a\u00f1o pasado","author":"La Hora del Campo","date":"19 mayo, 2023","format":false,"excerpt":"En la encuesta mensual RING (Red de Informaci\u00f3n Nacional Ganadera) realizada en mayo, se recopilaron datos sobre el desempe\u00f1o y los procesos de las empresas ganaderas, a partir de las respuestas de 382 productores asociados al Plan Agropecuario. En el caso del ganado de cr\u00eda, se observ\u00f3 que las vacas\u2026","rel":"","context":"En \u00abActualidad\u00bb","block_context":{"text":"Actualidad","link":"https:\/\/lahoradelcampo.com.uy\/site\/category\/actualidad\/"},"img":{"alt_text":"","src":"https:\/\/i0.wp.com\/lahoradelcampo.com.uy\/site\/wp-content\/uploads\/2017\/12\/cria.jpg?fit=880%2C440&ssl=1&resize=350%2C200","width":350,"height":200,"srcset":"https:\/\/i0.wp.com\/lahoradelcampo.com.uy\/site\/wp-content\/uploads\/2017\/12\/cria.jpg?fit=880%2C440&ssl=1&resize=350%2C200 1x, https:\/\/i0.wp.com\/lahoradelcampo.com.uy\/site\/wp-content\/uploads\/2017\/12\/cria.jpg?fit=880%2C440&ssl=1&resize=525%2C300 1.5x, https:\/\/i0.wp.com\/lahoradelcampo.com.uy\/site\/wp-content\/uploads\/2017\/12\/cria.jpg?fit=880%2C440&ssl=1&resize=700%2C400 2x"},"classes":[]},{"id":50134,"url":"https:\/\/lahoradelcampo.com.uy\/site\/47-de-la-encuesta-ring-alcanzo-el-80-de-prenez\/","url_meta":{"origin":42093,"position":2},"title":"47% de la encuesta RING alcanz\u00f3 el 80% de pre\u00f1ez","author":"La Hora del Campo","date":"21 abril, 2023","format":false,"excerpt":"La sequ\u00eda que afect\u00f3 a todo el pa\u00eds durante los \u00faltimos meses ha sido la preocupaci\u00f3n central de los productores ganaderos. En este contexto, el Instituto Plan Agropecuario llev\u00f3 a cabo la encuesta RING, en la que participaron 377 productores asociados, para conocer las variables referidas a los procesos y\u2026","rel":"","context":"En \u00abActualidad\u00bb","block_context":{"text":"Actualidad","link":"https:\/\/lahoradelcampo.com.uy\/site\/category\/actualidad\/"},"img":{"alt_text":"","src":"https:\/\/i0.wp.com\/lahoradelcampo.com.uy\/site\/wp-content\/uploads\/2019\/06\/cria.jpg?fit=880%2C440&ssl=1&resize=350%2C200","width":350,"height":200,"srcset":"https:\/\/i0.wp.com\/lahoradelcampo.com.uy\/site\/wp-content\/uploads\/2019\/06\/cria.jpg?fit=880%2C440&ssl=1&resize=350%2C200 1x, https:\/\/i0.wp.com\/lahoradelcampo.com.uy\/site\/wp-content\/uploads\/2019\/06\/cria.jpg?fit=880%2C440&ssl=1&resize=525%2C300 1.5x, https:\/\/i0.wp.com\/lahoradelcampo.com.uy\/site\/wp-content\/uploads\/2019\/06\/cria.jpg?fit=880%2C440&ssl=1&resize=700%2C400 2x"},"classes":[]},{"id":30834,"url":"https:\/\/lahoradelcampo.com.uy\/site\/mas-del-77-de-los-productores-asociados-al-ipa-tuvo-mas-de-70-de-prenez\/","url_meta":{"origin":42093,"position":3},"title":"M\u00e1s del 77% de los productores tuvo m\u00e1s de 70% de pre\u00f1ez","author":"La Hora del Campo","date":"2 junio, 2021","format":false,"excerpt":"Resultados de la encuesta realizada a 390 Productores que integran la Red de Informaci\u00f3n Nacional Ganadera (RING), quienes fueron consultados sobre las variables m\u00e1s importantes de los sistemas productivos ganaderos. La encuesta re\u00fane datos hasta el 15 de mayo. Tambi\u00e9n compartimos informaci\u00f3n graficada en los mapas de anomal\u00edas de crecimiento\u2026","rel":"","context":"En \u00abActualidad\u00bb","block_context":{"text":"Actualidad","link":"https:\/\/lahoradelcampo.com.uy\/site\/category\/actualidad\/"},"img":{"alt_text":"","src":"https:\/\/i0.wp.com\/lahoradelcampo.com.uy\/site\/wp-content\/uploads\/2020\/04\/vacaternero.jpg?fit=880%2C440&ssl=1&resize=350%2C200","width":350,"height":200,"srcset":"https:\/\/i0.wp.com\/lahoradelcampo.com.uy\/site\/wp-content\/uploads\/2020\/04\/vacaternero.jpg?fit=880%2C440&ssl=1&resize=350%2C200 1x, https:\/\/i0.wp.com\/lahoradelcampo.com.uy\/site\/wp-content\/uploads\/2020\/04\/vacaternero.jpg?fit=880%2C440&ssl=1&resize=525%2C300 1.5x, https:\/\/i0.wp.com\/lahoradelcampo.com.uy\/site\/wp-content\/uploads\/2020\/04\/vacaternero.jpg?fit=880%2C440&ssl=1&resize=700%2C400 2x"},"classes":[]},{"id":51449,"url":"https:\/\/lahoradelcampo.com.uy\/site\/41-del-rodeo-de-cria-presenta-mas-del-80-de-prenez-en-la-encuesta-ring\/","url_meta":{"origin":42093,"position":4},"title":"41% del rodeo de cr\u00eda presenta m\u00e1s del 80% de pre\u00f1ez en la encuesta RING","author":"La Hora del Campo","date":"25 junio, 2023","format":false,"excerpt":"En los resultados de la encuesta RING (Red de Informaci\u00f3n Nacional Ganadera) correspondiente a mayo y junio, se han revelado datos preocupantes sobre el desempe\u00f1o de las empresas ganaderas en Uruguay. La encuesta, respondida por 411 productores asociados al Plan Agropecuario, muestra diferentes variables que reflejan los desaf\u00edos que enfrenta\u2026","rel":"","context":"En \u00abActualidad\u00bb","block_context":{"text":"Actualidad","link":"https:\/\/lahoradelcampo.com.uy\/site\/category\/actualidad\/"},"img":{"alt_text":"","src":"https:\/\/i0.wp.com\/lahoradelcampo.com.uy\/site\/wp-content\/uploads\/2023\/06\/IPA-Prenez.jpg?fit=880%2C440&ssl=1&resize=350%2C200","width":350,"height":200,"srcset":"https:\/\/i0.wp.com\/lahoradelcampo.com.uy\/site\/wp-content\/uploads\/2023\/06\/IPA-Prenez.jpg?fit=880%2C440&ssl=1&resize=350%2C200 1x, https:\/\/i0.wp.com\/lahoradelcampo.com.uy\/site\/wp-content\/uploads\/2023\/06\/IPA-Prenez.jpg?fit=880%2C440&ssl=1&resize=525%2C300 1.5x, https:\/\/i0.wp.com\/lahoradelcampo.com.uy\/site\/wp-content\/uploads\/2023\/06\/IPA-Prenez.jpg?fit=880%2C440&ssl=1&resize=700%2C400 2x"},"classes":[]},{"id":42899,"url":"https:\/\/lahoradelcampo.com.uy\/site\/mejores-resultados-de-prenez-estan-asociados-a-pariciones-mas-tempranas\/","url_meta":{"origin":42093,"position":5},"title":"Mejores resultados de pre\u00f1ez, est\u00e1n asociados a pariciones m\u00e1s tempranas","author":"La Hora del Campo","date":"17 junio, 2022","format":false,"excerpt":"El Instituto Plan Agropecuario present\u00f3 el resultado de la encuesta realizada a los 372 productores que integran la Red de Informaci\u00f3n Nacional Ganadera (RING), donde se busca conocer entre otros temas, la realidad del ganado de cr\u00eda durante el pasado mes de mayo y los primeros diez d\u00edas de junio.\u2026","rel":"","context":"En \u00abActualidad\u00bb","block_context":{"text":"Actualidad","link":"https:\/\/lahoradelcampo.com.uy\/site\/category\/actualidad\/"},"img":{"alt_text":"","src":"https:\/\/i0.wp.com\/lahoradelcampo.com.uy\/site\/wp-content\/uploads\/2017\/12\/cria.jpg?fit=880%2C440&ssl=1&resize=350%2C200","width":350,"height":200,"srcset":"https:\/\/i0.wp.com\/lahoradelcampo.com.uy\/site\/wp-content\/uploads\/2017\/12\/cria.jpg?fit=880%2C440&ssl=1&resize=350%2C200 1x, https:\/\/i0.wp.com\/lahoradelcampo.com.uy\/site\/wp-content\/uploads\/2017\/12\/cria.jpg?fit=880%2C440&ssl=1&resize=525%2C300 1.5x, https:\/\/i0.wp.com\/lahoradelcampo.com.uy\/site\/wp-content\/uploads\/2017\/12\/cria.jpg?fit=880%2C440&ssl=1&resize=700%2C400 2x"},"classes":[]}],"jetpack_likes_enabled":true,"_links":{"self":[{"href":"https:\/\/lahoradelcampo.com.uy\/site\/wp-json\/wp\/v2\/posts\/42093","targetHints":{"allow":["GET"]}}],"collection":[{"href":"https:\/\/lahoradelcampo.com.uy\/site\/wp-json\/wp\/v2\/posts"}],"about":[{"href":"https:\/\/lahoradelcampo.com.uy\/site\/wp-json\/wp\/v2\/types\/post"}],"author":[{"embeddable":true,"href":"https:\/\/lahoradelcampo.com.uy\/site\/wp-json\/wp\/v2\/users\/5"}],"replies":[{"embeddable":true,"href":"https:\/\/lahoradelcampo.com.uy\/site\/wp-json\/wp\/v2\/comments?post=42093"}],"version-history":[{"count":1,"href":"https:\/\/lahoradelcampo.com.uy\/site\/wp-json\/wp\/v2\/posts\/42093\/revisions"}],"predecessor-version":[{"id":42099,"href":"https:\/\/lahoradelcampo.com.uy\/site\/wp-json\/wp\/v2\/posts\/42093\/revisions\/42099"}],"wp:featuredmedia":[{"embeddable":true,"href":"https:\/\/lahoradelcampo.com.uy\/site\/wp-json\/wp\/v2\/media\/12197"}],"wp:attachment":[{"href":"https:\/\/lahoradelcampo.com.uy\/site\/wp-json\/wp\/v2\/media?parent=42093"}],"wp:term":[{"taxonomy":"category","embeddable":true,"href":"https:\/\/lahoradelcampo.com.uy\/site\/wp-json\/wp\/v2\/categories?post=42093"},{"taxonomy":"post_tag","embeddable":true,"href":"https:\/\/lahoradelcampo.com.uy\/site\/wp-json\/wp\/v2\/tags?post=42093"}],"curies":[{"name":"wp","href":"https:\/\/api.w.org\/{rel}","templated":true}]}}