{"id":42081,"date":"2022-05-23T07:07:13","date_gmt":"2022-05-23T10:07:13","guid":{"rendered":"http:\/\/lahoradelcampo.com.uy\/site\/?p=42081"},"modified":"2022-05-23T07:07:19","modified_gmt":"2022-05-23T10:07:19","slug":"plaza-rural-finalizo-su-remate-248-con-el-92-de-colocacion","status":"publish","type":"post","link":"https:\/\/lahoradelcampo.com.uy\/site\/plaza-rural-finalizo-su-remate-248-con-el-92-de-colocacion\/","title":{"rendered":"Plaza Rural finaliz\u00f3 su remate 248 con el 92% de colocaci\u00f3n"},"content":{"rendered":"\n<figure class=\"wp-block-image\"><img data-recalc-dims=\"1\" loading=\"lazy\" decoding=\"async\" width=\"810\" height=\"405\" data-attachment-id=\"42083\" data-permalink=\"https:\/\/lahoradelcampo.com.uy\/site\/plaza-rural-finalizo-su-remate-248-con-el-92-de-colocacion\/plazarural-general3\/\" data-orig-file=\"https:\/\/i0.wp.com\/lahoradelcampo.com.uy\/site\/wp-content\/uploads\/2022\/05\/Plazarural-general3.jpg?fit=880%2C440&amp;ssl=1\" data-orig-size=\"880,440\" data-comments-opened=\"1\" data-image-meta=\"{&quot;aperture&quot;:&quot;0&quot;,&quot;credit&quot;:&quot;&quot;,&quot;camera&quot;:&quot;&quot;,&quot;caption&quot;:&quot;&quot;,&quot;created_timestamp&quot;:&quot;0&quot;,&quot;copyright&quot;:&quot;&quot;,&quot;focal_length&quot;:&quot;0&quot;,&quot;iso&quot;:&quot;0&quot;,&quot;shutter_speed&quot;:&quot;0&quot;,&quot;title&quot;:&quot;&quot;,&quot;orientation&quot;:&quot;1&quot;}\" data-image-title=\"Plazarural-general3\" data-image-description=\"\" data-image-caption=\"\" data-large-file=\"https:\/\/i0.wp.com\/lahoradelcampo.com.uy\/site\/wp-content\/uploads\/2022\/05\/Plazarural-general3.jpg?fit=810%2C405&amp;ssl=1\" src=\"https:\/\/i0.wp.com\/lahoradelcampo.com.uy\/site\/wp-content\/uploads\/2022\/05\/Plazarural-general3.jpg?resize=810%2C405\" alt=\"\" class=\"wp-image-42083\" srcset=\"https:\/\/i0.wp.com\/lahoradelcampo.com.uy\/site\/wp-content\/uploads\/2022\/05\/Plazarural-general3.jpg?w=880&amp;ssl=1 880w, https:\/\/i0.wp.com\/lahoradelcampo.com.uy\/site\/wp-content\/uploads\/2022\/05\/Plazarural-general3.jpg?resize=300%2C150&amp;ssl=1 300w, https:\/\/i0.wp.com\/lahoradelcampo.com.uy\/site\/wp-content\/uploads\/2022\/05\/Plazarural-general3.jpg?resize=768%2C384&amp;ssl=1 768w, https:\/\/i0.wp.com\/lahoradelcampo.com.uy\/site\/wp-content\/uploads\/2022\/05\/Plazarural-general3.jpg?resize=820%2C410&amp;ssl=1 820w\" sizes=\"auto, (max-width: 810px) 100vw, 810px\" \/><\/figure>\n\n\n\n<p>M\u00e1s all\u00e1 de los ajustes de precios que se observaron en algunas categor\u00edas, Plaza Rural contin\u00faa colocando un alto porcentaje de una importante oferta de reposici\u00f3n como la ofrecida en este remate 248, que adem\u00e1s incluy\u00f3 el Plaza Angus. <br><\/p>\n\n\n\n<p>Ignacio Victorica, integrante del consorcio de rematadores, dijo que \u00aben l\u00edneas generales fue un muy buen remate\u00bb, puntualmente en el caso de los terneros, \u00abdonde hab\u00eda una oferta grande, donde se ven\u00eda colocando un volumen importante de la zafra, l\u00f3gicamente preve\u00edamos alg\u00fan ajuste de valor en funci\u00f3n de lo que vemos en el mercado del gordo, el clima, que de alguna manera nos daban a entender que iba a haber alguna correcci\u00f3n\u00bb. <br><\/p>\n\n\n\n<p>Por su parte Christopher Brown, dijo que el mercado de vacas de invernar \u00abfue muy fluido con el 100% de colocaci\u00f3n, como era esperable porque es una categor\u00eda muy demandada\u00bb. <br><\/p>\n\n\n\n<p>El martillero Ger\u00f3nimo Brea destac\u00f3 el volumen de la oferta de ganados pre\u00f1ados, as\u00ed como tambi\u00e9n la calidad de la misma.  \u00abSe alcanzaron muy buenos valores con muchos lotes por encima de los US$ 1.000 y luego bajando los kilos los ganados estuvieron en el eje de los 800 a 900. Los ganados que quedaron fueron los que ten\u00edan pretensiones\u00bb dijo el integrante de Plaza Rural. <\/p>\n\n\n\n<p> Tras las tres jornadas de ventas se coloc\u00f3 el 92%, es decir 22.074 cabezas. <\/p>\n\n\n\n<p>Salto, 23 de mayo de 2022<\/p>\n","protected":false},"excerpt":{"rendered":"<p>M\u00e1s all\u00e1 de los ajustes de precios que se observaron en algunas categor\u00edas, Plaza Rural contin\u00faa colocando un alto porcentaje de una importante oferta de reposici\u00f3n como la ofrecida en [&hellip;]<\/p>\n","protected":false},"author":5,"featured_media":42083,"comment_status":"open","ping_status":"open","sticky":false,"template":"","format":"standard","meta":{"_price":"","_stock":"","_tribe_ticket_header":"","_tribe_default_ticket_provider":"","_tribe_ticket_capacity":"0","_ticket_start_date":"","_ticket_end_date":"","_tribe_ticket_show_description":"","_tribe_ticket_show_not_going":false,"_tribe_ticket_use_global_stock":"","_tribe_ticket_global_stock_level":"","_global_stock_mode":"","_global_stock_cap":"","_tribe_rsvp_for_event":"","_tribe_ticket_going_count":"","_tribe_ticket_not_going_count":"","_tribe_tickets_list":"[]","_tribe_ticket_has_attendee_info_fields":false,"h5ap_radio_sources":[],"_jetpack_newsletter_access":"","_jetpack_dont_email_post_to_subs":false,"_jetpack_newsletter_tier_id":0,"_jetpack_memberships_contains_paywalled_content":false,"_jetpack_memberships_contains_paid_content":false,"footnotes":""},"categories":[21,5],"tags":[],"class_list":["post-42081","post","type-post","status-publish","format-standard","has-post-thumbnail","hentry","category-actualidad","category-ganaderia"],"jetpack_featured_media_url":"https:\/\/i0.wp.com\/lahoradelcampo.com.uy\/site\/wp-content\/uploads\/2022\/05\/Plazarural-general3.jpg?fit=880%2C440&ssl=1","jetpack_sharing_enabled":true,"jetpack_shortlink":"https:\/\/wp.me\/p99IaT-aWJ","jetpack-related-posts":[{"id":41321,"url":"https:\/\/lahoradelcampo.com.uy\/site\/plaza-rural-cerro-el-remate-247-con-23-796-vacunos\/","url_meta":{"origin":42081,"position":0},"title":"Plaza Rural cerr\u00f3 el remate 247 con 23.796 vacunos","author":"La Hora del Campo","date":"29 abril, 2022","format":false,"excerpt":"Plaza Rural finaliz\u00f3 en la jornada de ayer su remate 247, la segunda venta del mes de abril, con un 97% de colocaci\u00f3n de la oferta y valores destacados y al alza en varias categor\u00edas. Carlos De Freitas, presidente del consorcio de rematadores, dijo que \"para el volumen que manejamos\u2026","rel":"","context":"En \u00abActualidad\u00bb","block_context":{"text":"Actualidad","link":"https:\/\/lahoradelcampo.com.uy\/site\/category\/actualidad\/"},"img":{"alt_text":"","src":"https:\/\/i0.wp.com\/lahoradelcampo.com.uy\/site\/wp-content\/uploads\/2019\/07\/plaza-rural.jpg?fit=880%2C440&ssl=1&resize=350%2C200","width":350,"height":200,"srcset":"https:\/\/i0.wp.com\/lahoradelcampo.com.uy\/site\/wp-content\/uploads\/2019\/07\/plaza-rural.jpg?fit=880%2C440&ssl=1&resize=350%2C200 1x, https:\/\/i0.wp.com\/lahoradelcampo.com.uy\/site\/wp-content\/uploads\/2019\/07\/plaza-rural.jpg?fit=880%2C440&ssl=1&resize=525%2C300 1.5x, https:\/\/i0.wp.com\/lahoradelcampo.com.uy\/site\/wp-content\/uploads\/2019\/07\/plaza-rural.jpg?fit=880%2C440&ssl=1&resize=700%2C400 2x"},"classes":[]},{"id":42033,"url":"https:\/\/lahoradelcampo.com.uy\/site\/plaza-rural-comercializo-el-95-en-los-dos-primeros-dias-de-plaza-angus\/","url_meta":{"origin":42081,"position":1},"title":"Plaza Rural comercializ\u00f3 el 95% en los dos primeros d\u00edas de Plaza Angus","author":"La Hora del Campo","date":"20 mayo, 2022","format":false,"excerpt":"Plaza Rural ha comercializado 17.181 vacunos tras los dos primeros d\u00edas de ventas del remate 248 que concluye hoy viernes con m\u00e1s de 2.100 vacas de invernada, m\u00e1s de 3.100 vientres pre\u00f1ados, finalizando con vientres entorados, piezas de cr\u00eda y vientres de pedigree. Alejandro Zambrano, integrante del consorcio, dijo que\u2026","rel":"","context":"En \u00abActualidad\u00bb","block_context":{"text":"Actualidad","link":"https:\/\/lahoradelcampo.com.uy\/site\/category\/actualidad\/"},"img":{"alt_text":"","src":"https:\/\/i0.wp.com\/lahoradelcampo.com.uy\/site\/wp-content\/uploads\/2022\/05\/PlazaRural-general2.jpg?fit=880%2C440&ssl=1&resize=350%2C200","width":350,"height":200,"srcset":"https:\/\/i0.wp.com\/lahoradelcampo.com.uy\/site\/wp-content\/uploads\/2022\/05\/PlazaRural-general2.jpg?fit=880%2C440&ssl=1&resize=350%2C200 1x, https:\/\/i0.wp.com\/lahoradelcampo.com.uy\/site\/wp-content\/uploads\/2022\/05\/PlazaRural-general2.jpg?fit=880%2C440&ssl=1&resize=525%2C300 1.5x, https:\/\/i0.wp.com\/lahoradelcampo.com.uy\/site\/wp-content\/uploads\/2022\/05\/PlazaRural-general2.jpg?fit=880%2C440&ssl=1&resize=700%2C400 2x"},"classes":[]},{"id":41981,"url":"https:\/\/lahoradelcampo.com.uy\/site\/plaza-rural-coloco-el-957-de-ventas-en-la-primera-jornada-del-plaza-angus\/","url_meta":{"origin":42081,"position":2},"title":"Plaza Rural coloc\u00f3 el 95,7% de ventas en la primera jornada del Plaza Angus","author":"La Hora del Campo","date":"19 mayo, 2022","format":false,"excerpt":"Plaza Rural concret\u00f3 en la jornada de ayer la primera jornada de ventas de su remate 248, que incluye el Plaza Angus, con un 95,7% de colocaci\u00f3n. Donde con m\u00e1s de ocho horas de remate y una oferta que super\u00f3 los 6.000 terneros, se registr\u00f3 un baja del 4,7% en\u2026","rel":"","context":"En \u00abActualidad\u00bb","block_context":{"text":"Actualidad","link":"https:\/\/lahoradelcampo.com.uy\/site\/category\/actualidad\/"},"img":{"alt_text":"","src":"https:\/\/i0.wp.com\/lahoradelcampo.com.uy\/site\/wp-content\/uploads\/2022\/05\/PLazaRural-general.jpg?fit=880%2C440&ssl=1&resize=350%2C200","width":350,"height":200,"srcset":"https:\/\/i0.wp.com\/lahoradelcampo.com.uy\/site\/wp-content\/uploads\/2022\/05\/PLazaRural-general.jpg?fit=880%2C440&ssl=1&resize=350%2C200 1x, https:\/\/i0.wp.com\/lahoradelcampo.com.uy\/site\/wp-content\/uploads\/2022\/05\/PLazaRural-general.jpg?fit=880%2C440&ssl=1&resize=525%2C300 1.5x, https:\/\/i0.wp.com\/lahoradelcampo.com.uy\/site\/wp-content\/uploads\/2022\/05\/PLazaRural-general.jpg?fit=880%2C440&ssl=1&resize=700%2C400 2x"},"classes":[]},{"id":49990,"url":"https:\/\/lahoradelcampo.com.uy\/site\/plaza-rural-disperso-mas-de-10-000-vacunos-en-el-primer-remate-de-abril\/","url_meta":{"origin":42081,"position":3},"title":"Plaza Rural dispers\u00f3 m\u00e1s de 10.000 vacunos en el primer remate de abril","author":"La Hora del Campo","date":"16 abril, 2023","format":false,"excerpt":"Plaza Rural celebr\u00f3 su primer remate de abril con excelentes resultados. La firma dispers\u00f3 10.753 vacunos, logrando una tasa de venta del 95% de la oferta, consolidando la firmeza del mercado de reposici\u00f3n. Alejandro Zambrano Zerbino, director de Zambrano & C\u00eda., destac\u00f3 el \u00e9xito del remate, atribuy\u00e9ndolo al dinamismo del\u2026","rel":"","context":"En \u00abActualidad\u00bb","block_context":{"text":"Actualidad","link":"https:\/\/lahoradelcampo.com.uy\/site\/category\/actualidad\/"},"img":{"alt_text":"","src":"https:\/\/i0.wp.com\/lahoradelcampo.com.uy\/site\/wp-content\/uploads\/2022\/05\/PlazaRural-general2.jpg?fit=880%2C440&ssl=1&resize=350%2C200","width":350,"height":200,"srcset":"https:\/\/i0.wp.com\/lahoradelcampo.com.uy\/site\/wp-content\/uploads\/2022\/05\/PlazaRural-general2.jpg?fit=880%2C440&ssl=1&resize=350%2C200 1x, https:\/\/i0.wp.com\/lahoradelcampo.com.uy\/site\/wp-content\/uploads\/2022\/05\/PlazaRural-general2.jpg?fit=880%2C440&ssl=1&resize=525%2C300 1.5x, https:\/\/i0.wp.com\/lahoradelcampo.com.uy\/site\/wp-content\/uploads\/2022\/05\/PlazaRural-general2.jpg?fit=880%2C440&ssl=1&resize=700%2C400 2x"},"classes":[]},{"id":21666,"url":"https:\/\/lahoradelcampo.com.uy\/site\/plaza-rural-coloco-el-90-de-la-oferta-en-su-primer-dia-de-ventas\/","url_meta":{"origin":42081,"position":4},"title":"Plaza Rural coloc\u00f3 el 90% de la  oferta en su primer d\u00eda de ventas","author":"La Hora del Campo","date":"9 julio, 2020","format":false,"excerpt":"El consorcio de rematadores de Plaza Rural concret\u00f3 el primer d\u00eda de ventas del remate 222, con suba en las cotizaciones de todas las categor\u00edas comercializadas y un 90% de colocaci\u00f3n. En este sentido los terneros registraron una suba del 3,9% respecto al remate anterior, tras cerrar en US$ 2,17.\u2026","rel":"","context":"En \u00abActualidad\u00bb","block_context":{"text":"Actualidad","link":"https:\/\/lahoradelcampo.com.uy\/site\/category\/actualidad\/"},"img":{"alt_text":"","src":"https:\/\/i0.wp.com\/lahoradelcampo.com.uy\/site\/wp-content\/uploads\/2017\/10\/Plaza-Rural-1.jpg?fit=880%2C440&ssl=1&resize=350%2C200","width":350,"height":200,"srcset":"https:\/\/i0.wp.com\/lahoradelcampo.com.uy\/site\/wp-content\/uploads\/2017\/10\/Plaza-Rural-1.jpg?fit=880%2C440&ssl=1&resize=350%2C200 1x, https:\/\/i0.wp.com\/lahoradelcampo.com.uy\/site\/wp-content\/uploads\/2017\/10\/Plaza-Rural-1.jpg?fit=880%2C440&ssl=1&resize=525%2C300 1.5x, https:\/\/i0.wp.com\/lahoradelcampo.com.uy\/site\/wp-content\/uploads\/2017\/10\/Plaza-Rural-1.jpg?fit=880%2C440&ssl=1&resize=700%2C400 2x"},"classes":[]},{"id":43981,"url":"https:\/\/lahoradelcampo.com.uy\/site\/plaza-rural-cerro-el-primer-dia-del-remate-250-con-100-de-ventas\/","url_meta":{"origin":42081,"position":5},"title":"Plaza Rural cerr\u00f3 el primer d\u00eda del remate 250, con 100%  de ventas","author":"La Hora del Campo","date":"21 julio, 2022","format":false,"excerpt":"En la jornada de ayer, Plaza Rural concret\u00f3 la primera jornada de ventas de su remate 250, con un 100% de ventas y valores que en algunas categor\u00edas superaron los registrados en la venta anterior. Carlos De Freitas, presidente del consorcio de rematadores, dijo al cierre del remate \"un rematazo,\u2026","rel":"","context":"En \u00abActualidad\u00bb","block_context":{"text":"Actualidad","link":"https:\/\/lahoradelcampo.com.uy\/site\/category\/actualidad\/"},"img":{"alt_text":"","src":"https:\/\/i0.wp.com\/lahoradelcampo.com.uy\/site\/wp-content\/uploads\/2022\/07\/Plaza-todos-juntos.jpg?fit=880%2C440&ssl=1&resize=350%2C200","width":350,"height":200,"srcset":"https:\/\/i0.wp.com\/lahoradelcampo.com.uy\/site\/wp-content\/uploads\/2022\/07\/Plaza-todos-juntos.jpg?fit=880%2C440&ssl=1&resize=350%2C200 1x, https:\/\/i0.wp.com\/lahoradelcampo.com.uy\/site\/wp-content\/uploads\/2022\/07\/Plaza-todos-juntos.jpg?fit=880%2C440&ssl=1&resize=525%2C300 1.5x, https:\/\/i0.wp.com\/lahoradelcampo.com.uy\/site\/wp-content\/uploads\/2022\/07\/Plaza-todos-juntos.jpg?fit=880%2C440&ssl=1&resize=700%2C400 2x"},"classes":[]}],"jetpack_likes_enabled":true,"_links":{"self":[{"href":"https:\/\/lahoradelcampo.com.uy\/site\/wp-json\/wp\/v2\/posts\/42081","targetHints":{"allow":["GET"]}}],"collection":[{"href":"https:\/\/lahoradelcampo.com.uy\/site\/wp-json\/wp\/v2\/posts"}],"about":[{"href":"https:\/\/lahoradelcampo.com.uy\/site\/wp-json\/wp\/v2\/types\/post"}],"author":[{"embeddable":true,"href":"https:\/\/lahoradelcampo.com.uy\/site\/wp-json\/wp\/v2\/users\/5"}],"replies":[{"embeddable":true,"href":"https:\/\/lahoradelcampo.com.uy\/site\/wp-json\/wp\/v2\/comments?post=42081"}],"version-history":[{"count":1,"href":"https:\/\/lahoradelcampo.com.uy\/site\/wp-json\/wp\/v2\/posts\/42081\/revisions"}],"predecessor-version":[{"id":42085,"href":"https:\/\/lahoradelcampo.com.uy\/site\/wp-json\/wp\/v2\/posts\/42081\/revisions\/42085"}],"wp:featuredmedia":[{"embeddable":true,"href":"https:\/\/lahoradelcampo.com.uy\/site\/wp-json\/wp\/v2\/media\/42083"}],"wp:attachment":[{"href":"https:\/\/lahoradelcampo.com.uy\/site\/wp-json\/wp\/v2\/media?parent=42081"}],"wp:term":[{"taxonomy":"category","embeddable":true,"href":"https:\/\/lahoradelcampo.com.uy\/site\/wp-json\/wp\/v2\/categories?post=42081"},{"taxonomy":"post_tag","embeddable":true,"href":"https:\/\/lahoradelcampo.com.uy\/site\/wp-json\/wp\/v2\/tags?post=42081"}],"curies":[{"name":"wp","href":"https:\/\/api.w.org\/{rel}","templated":true}]}}