{"id":42057,"date":"2022-05-20T09:49:12","date_gmt":"2022-05-20T12:49:12","guid":{"rendered":"http:\/\/lahoradelcampo.com.uy\/site\/?p=42057"},"modified":"2022-05-20T09:49:18","modified_gmt":"2022-05-20T12:49:18","slug":"el-novillo-tipo-subio-52","status":"publish","type":"post","link":"https:\/\/lahoradelcampo.com.uy\/site\/el-novillo-tipo-subio-52\/","title":{"rendered":"El Novillo Tipo subi\u00f3 5,2%"},"content":{"rendered":"\n<figure class=\"wp-block-image\"><img data-recalc-dims=\"1\" loading=\"lazy\" decoding=\"async\" width=\"810\" height=\"405\" data-attachment-id=\"38757\" data-permalink=\"https:\/\/lahoradelcampo.com.uy\/site\/baja-oferta-y-alto-ritmo-de-faena-impulsan-los-valores-de-la-hacienda-gorda\/novillos-gordo\/\" data-orig-file=\"https:\/\/i0.wp.com\/lahoradelcampo.com.uy\/site\/wp-content\/uploads\/2022\/02\/novillos-gordo.jpg?fit=880%2C440&amp;ssl=1\" data-orig-size=\"880,440\" data-comments-opened=\"1\" data-image-meta=\"{&quot;aperture&quot;:&quot;0&quot;,&quot;credit&quot;:&quot;&quot;,&quot;camera&quot;:&quot;&quot;,&quot;caption&quot;:&quot;&quot;,&quot;created_timestamp&quot;:&quot;0&quot;,&quot;copyright&quot;:&quot;&quot;,&quot;focal_length&quot;:&quot;0&quot;,&quot;iso&quot;:&quot;0&quot;,&quot;shutter_speed&quot;:&quot;0&quot;,&quot;title&quot;:&quot;&quot;,&quot;orientation&quot;:&quot;1&quot;}\" data-image-title=\"novillos-gordo\" data-image-description=\"\" data-image-caption=\"\" data-large-file=\"https:\/\/i0.wp.com\/lahoradelcampo.com.uy\/site\/wp-content\/uploads\/2022\/02\/novillos-gordo.jpg?fit=810%2C405&amp;ssl=1\" src=\"https:\/\/i0.wp.com\/lahoradelcampo.com.uy\/site\/wp-content\/uploads\/2022\/02\/novillos-gordo.jpg?resize=810%2C405\" alt=\"\" class=\"wp-image-38757\" srcset=\"https:\/\/i0.wp.com\/lahoradelcampo.com.uy\/site\/wp-content\/uploads\/2022\/02\/novillos-gordo.jpg?w=880&amp;ssl=1 880w, https:\/\/i0.wp.com\/lahoradelcampo.com.uy\/site\/wp-content\/uploads\/2022\/02\/novillos-gordo.jpg?resize=300%2C150&amp;ssl=1 300w, https:\/\/i0.wp.com\/lahoradelcampo.com.uy\/site\/wp-content\/uploads\/2022\/02\/novillos-gordo.jpg?resize=768%2C384&amp;ssl=1 768w, https:\/\/i0.wp.com\/lahoradelcampo.com.uy\/site\/wp-content\/uploads\/2022\/02\/novillos-gordo.jpg?resize=820%2C410&amp;ssl=1 820w\" sizes=\"auto, (max-width: 810px) 100vw, 810px\" \/><\/figure>\n\n\n\n<p>En el mes de abril de 2022 el valor de generado por la venta de todos los productos de un Novillo Tipo 2.0, luego del proceso industrial, fue de US$ 1.826 por cabeza, 5,2% superior al valor en d\u00f3lares del mes de marzo de 2022.<br><\/p>\n\n\n\n<p>El incremento se explica por el aumento en el valor de todos los productos -canasta de exportaci\u00f3n, canal al mercado interno, menudencias y subproductos-, con excepci\u00f3n del cuero, cuyo precio se mantuvo estable.<br><\/p>\n\n\n\n<p>En el mes de abril de 2022, el valor de la hacienda mantuvo la tendencia creciente de los \u00faltimos meses y se ubic\u00f3 en US$ 1.501 por cabeza, mostrando un aumento del 5% respecto al mes anterior.<br><\/p>\n\n\n\n<p>El valor agregado industrial, que hab\u00eda disminuido consecutivamente en los meses previos, recuper\u00f3 US$ 20 cabeza respecto al mes de marzo, pero se mantuvo bastante por debajo de los valores alcanzados en los dos primeros meses del a\u00f1o.<br><\/p>\n\n\n\n<p>En abril de 2022 la participaci\u00f3n porcentual por componente y fue 82%-18%, hacienda y valor agregado industrial, respectivamente, manteni\u00e9ndose estable con respecto al mes previo. <\/p>\n\n\n\n<p>En el cuatrimestre enero-abril 2022, el valor promedio ponderado del Novillo Tipo 2.0 fue US$ 1.738 por cabeza. La participaci\u00f3n de la hacienda y del valor agregado industrial fue 80% y 20%, respectivamente.<\/p>\n\n\n\n<p>Salto, 20 de mayo de 2022<\/p>\n","protected":false},"excerpt":{"rendered":"<p>En el mes de abril de 2022 el valor de generado por la venta de todos los productos de un Novillo Tipo 2.0, luego del proceso industrial, fue de US$ [&hellip;]<\/p>\n","protected":false},"author":5,"featured_media":38757,"comment_status":"open","ping_status":"open","sticky":false,"template":"","format":"standard","meta":{"_price":"","_stock":"","_tribe_ticket_header":"","_tribe_default_ticket_provider":"","_tribe_ticket_capacity":"0","_ticket_start_date":"","_ticket_end_date":"","_tribe_ticket_show_description":"","_tribe_ticket_show_not_going":false,"_tribe_ticket_use_global_stock":"","_tribe_ticket_global_stock_level":"","_global_stock_mode":"","_global_stock_cap":"","_tribe_rsvp_for_event":"","_tribe_ticket_going_count":"","_tribe_ticket_not_going_count":"","_tribe_tickets_list":"[]","_tribe_ticket_has_attendee_info_fields":false,"h5ap_radio_sources":[],"_jetpack_newsletter_access":"","_jetpack_dont_email_post_to_subs":false,"_jetpack_newsletter_tier_id":0,"_jetpack_memberships_contains_paywalled_content":false,"_jetpack_memberships_contains_paid_content":false,"footnotes":""},"categories":[21,5],"tags":[],"class_list":["post-42057","post","type-post","status-publish","format-standard","has-post-thumbnail","hentry","category-actualidad","category-ganaderia"],"jetpack_featured_media_url":"https:\/\/i0.wp.com\/lahoradelcampo.com.uy\/site\/wp-content\/uploads\/2022\/02\/novillos-gordo.jpg?fit=880%2C440&ssl=1","jetpack_sharing_enabled":true,"jetpack_shortlink":"https:\/\/wp.me\/p99IaT-aWl","jetpack-related-posts":[{"id":50393,"url":"https:\/\/lahoradelcampo.com.uy\/site\/el-novillo-tipo-2-0-aumento-09-su-valor-en-abril\/","url_meta":{"origin":42057,"position":0},"title":"El Novillo Tipo 2.0 aument\u00f3 0,9% su valor en abril","author":"La Hora del Campo","date":"16 mayo, 2023","format":false,"excerpt":"El Instituto Nacional de Carnes (INAC) present\u00f3 recientemente el informe del mes de abril sobre el Novillo Tipo 2.0, un indicador estad\u00edstico que busca proporcionar transparencia en la cadena c\u00e1rnica. En este informe, se estima el ingreso que se obtiene por la venta de todos los productos (carne, menudencias y\u2026","rel":"","context":"En \u00abActualidad\u00bb","block_context":{"text":"Actualidad","link":"https:\/\/lahoradelcampo.com.uy\/site\/category\/actualidad\/"},"img":{"alt_text":"","src":"https:\/\/i0.wp.com\/lahoradelcampo.com.uy\/site\/wp-content\/uploads\/2023\/05\/Novillotipo-inac-abril23.jpg?fit=880%2C440&ssl=1&resize=350%2C200","width":350,"height":200,"srcset":"https:\/\/i0.wp.com\/lahoradelcampo.com.uy\/site\/wp-content\/uploads\/2023\/05\/Novillotipo-inac-abril23.jpg?fit=880%2C440&ssl=1&resize=350%2C200 1x, https:\/\/i0.wp.com\/lahoradelcampo.com.uy\/site\/wp-content\/uploads\/2023\/05\/Novillotipo-inac-abril23.jpg?fit=880%2C440&ssl=1&resize=525%2C300 1.5x, https:\/\/i0.wp.com\/lahoradelcampo.com.uy\/site\/wp-content\/uploads\/2023\/05\/Novillotipo-inac-abril23.jpg?fit=880%2C440&ssl=1&resize=700%2C400 2x"},"classes":[]},{"id":42843,"url":"https:\/\/lahoradelcampo.com.uy\/site\/el-novillo-tipo-2-0-subio-24-en-el-mes-de-mayo-segun-inac\/","url_meta":{"origin":42057,"position":1},"title":"El Novillo Tipo 2.0 subi\u00f3 2,4% en el mes de mayo, seg\u00fan INAC","author":"La Hora del Campo","date":"16 junio, 2022","format":false,"excerpt":"El Novillo Tipo 2.0 registr\u00f3 un incremento del 2,4% en su cotizaci\u00f3n durante el mes de mayo, situ\u00e1ndose en US$ 1.870 por cabeza. Recordemos que este indicador representa la venta de todos los productos generados, tanto al mercado interno como al internacional de un novillo de razas carniceras y sus\u2026","rel":"","context":"En \u00abActualidad\u00bb","block_context":{"text":"Actualidad","link":"https:\/\/lahoradelcampo.com.uy\/site\/category\/actualidad\/"},"img":{"alt_text":"","src":"https:\/\/i0.wp.com\/lahoradelcampo.com.uy\/site\/wp-content\/uploads\/2021\/10\/novillo-gordo.jpg?fit=880%2C440&ssl=1&resize=350%2C200","width":350,"height":200,"srcset":"https:\/\/i0.wp.com\/lahoradelcampo.com.uy\/site\/wp-content\/uploads\/2021\/10\/novillo-gordo.jpg?fit=880%2C440&ssl=1&resize=350%2C200 1x, https:\/\/i0.wp.com\/lahoradelcampo.com.uy\/site\/wp-content\/uploads\/2021\/10\/novillo-gordo.jpg?fit=880%2C440&ssl=1&resize=525%2C300 1.5x, https:\/\/i0.wp.com\/lahoradelcampo.com.uy\/site\/wp-content\/uploads\/2021\/10\/novillo-gordo.jpg?fit=880%2C440&ssl=1&resize=700%2C400 2x"},"classes":[]},{"id":31320,"url":"https:\/\/lahoradelcampo.com.uy\/site\/valor-del-novillo-tipo-subio-21-durante-el-mes-de-mayo\/","url_meta":{"origin":42057,"position":2},"title":"Valor del novillo tipo subi\u00f3 2,1% durante el mes de mayo","author":"La Hora del Campo","date":"16 junio, 2021","format":false,"excerpt":"En el mes de mayo 2021 el valor generado por la venta de todos los productos de un Novillo Tipo luego del proceso industrial (peso vivo 480 kilogramos, rendimiento en cuarta balanza 54%, razas brit\u00e1nicas y sus cruzas) fue de US$ 1.196 por cabeza, un 2,1% superior al valor en\u2026","rel":"","context":"En \u00abActualidad\u00bb","block_context":{"text":"Actualidad","link":"https:\/\/lahoradelcampo.com.uy\/site\/category\/actualidad\/"},"img":{"alt_text":"","src":"https:\/\/i0.wp.com\/lahoradelcampo.com.uy\/site\/wp-content\/uploads\/2019\/07\/Novillos.jpg?fit=880%2C440&ssl=1&resize=350%2C200","width":350,"height":200,"srcset":"https:\/\/i0.wp.com\/lahoradelcampo.com.uy\/site\/wp-content\/uploads\/2019\/07\/Novillos.jpg?fit=880%2C440&ssl=1&resize=350%2C200 1x, https:\/\/i0.wp.com\/lahoradelcampo.com.uy\/site\/wp-content\/uploads\/2019\/07\/Novillos.jpg?fit=880%2C440&ssl=1&resize=525%2C300 1.5x, https:\/\/i0.wp.com\/lahoradelcampo.com.uy\/site\/wp-content\/uploads\/2019\/07\/Novillos.jpg?fit=880%2C440&ssl=1&resize=700%2C400 2x"},"classes":[]},{"id":43935,"url":"https:\/\/lahoradelcampo.com.uy\/site\/novillo-tipo-cayo-un-17-en-el-mes-de-julio\/","url_meta":{"origin":42057,"position":3},"title":"Novillo Tipo cay\u00f3 un 1,7% en el mes de julio","author":"La Hora del Campo","date":"20 julio, 2022","format":false,"excerpt":"En el mes de junio de 2022 el valor de generado por la venta de todos los productos de un Novillo Tipo 2.0 luego del proceso industrial fue de US$ 1.838 por cabeza, 1,7% inferior al valor en d\u00f3lares del mes de mayo de 2022. Luego de mantener una tendencia\u2026","rel":"","context":"En \u00abActualidad\u00bb","block_context":{"text":"Actualidad","link":"https:\/\/lahoradelcampo.com.uy\/site\/category\/actualidad\/"},"img":{"alt_text":"","src":"https:\/\/i0.wp.com\/lahoradelcampo.com.uy\/site\/wp-content\/uploads\/2019\/06\/novillo.jpg?fit=880%2C440&ssl=1&resize=350%2C200","width":350,"height":200,"srcset":"https:\/\/i0.wp.com\/lahoradelcampo.com.uy\/site\/wp-content\/uploads\/2019\/06\/novillo.jpg?fit=880%2C440&ssl=1&resize=350%2C200 1x, https:\/\/i0.wp.com\/lahoradelcampo.com.uy\/site\/wp-content\/uploads\/2019\/06\/novillo.jpg?fit=880%2C440&ssl=1&resize=525%2C300 1.5x, https:\/\/i0.wp.com\/lahoradelcampo.com.uy\/site\/wp-content\/uploads\/2019\/06\/novillo.jpg?fit=880%2C440&ssl=1&resize=700%2C400 2x"},"classes":[]},{"id":44777,"url":"https:\/\/lahoradelcampo.com.uy\/site\/novillo-tipo-cae-por-segundo-mes-consecutivo\/","url_meta":{"origin":42057,"position":4},"title":"Novillo tipo cae por segundo mes consecutivo","author":"La Hora del Campo","date":"16 agosto, 2022","format":false,"excerpt":"En el mes de julio de 2022 el valor de generado por la venta de todos los productos de un Novillo Tipo 2.0 luego del proceso industrial fue de US$ 1.785 por cabeza, 2,9% inferior al valor en d\u00f3lares del mes de junio de 2022. Por segundo mes consecutivo se\u2026","rel":"","context":"En \u00abActualidad\u00bb","block_context":{"text":"Actualidad","link":"https:\/\/lahoradelcampo.com.uy\/site\/category\/actualidad\/"},"img":{"alt_text":"","src":"https:\/\/i0.wp.com\/lahoradelcampo.com.uy\/site\/wp-content\/uploads\/2021\/10\/Novillo-gordito.jpg?fit=880%2C440&ssl=1&resize=350%2C200","width":350,"height":200,"srcset":"https:\/\/i0.wp.com\/lahoradelcampo.com.uy\/site\/wp-content\/uploads\/2021\/10\/Novillo-gordito.jpg?fit=880%2C440&ssl=1&resize=350%2C200 1x, https:\/\/i0.wp.com\/lahoradelcampo.com.uy\/site\/wp-content\/uploads\/2021\/10\/Novillo-gordito.jpg?fit=880%2C440&ssl=1&resize=525%2C300 1.5x, https:\/\/i0.wp.com\/lahoradelcampo.com.uy\/site\/wp-content\/uploads\/2021\/10\/Novillo-gordito.jpg?fit=880%2C440&ssl=1&resize=700%2C400 2x"},"classes":[]},{"id":50088,"url":"https:\/\/lahoradelcampo.com.uy\/site\/novillo-tipo-2-0-subio-un-15-en-marzo\/","url_meta":{"origin":42057,"position":5},"title":"Novillo Tipo 2.0 subi\u00f3 un 1,5% en marzo","author":"La Hora del Campo","date":"19 abril, 2023","format":false,"excerpt":"El Instituto Nacional de Carnes (INAC) present\u00f3 el informe mensual del Novillo Tipo 2.0 correspondiente al mes de marzo de 2023 este martes, donde se observ\u00f3 una suba del 1,5% en su cotizaci\u00f3n. Valor del Novillo Tipo 2.0 Seg\u00fan el informe del INAC, en el mes de marzo de 2023\u2026","rel":"","context":"En \u00abActualidad\u00bb","block_context":{"text":"Actualidad","link":"https:\/\/lahoradelcampo.com.uy\/site\/category\/actualidad\/"},"img":{"alt_text":"","src":"https:\/\/i0.wp.com\/lahoradelcampo.com.uy\/site\/wp-content\/uploads\/2020\/07\/INACweb3.jpg?fit=880%2C440&ssl=1&resize=350%2C200","width":350,"height":200,"srcset":"https:\/\/i0.wp.com\/lahoradelcampo.com.uy\/site\/wp-content\/uploads\/2020\/07\/INACweb3.jpg?fit=880%2C440&ssl=1&resize=350%2C200 1x, https:\/\/i0.wp.com\/lahoradelcampo.com.uy\/site\/wp-content\/uploads\/2020\/07\/INACweb3.jpg?fit=880%2C440&ssl=1&resize=525%2C300 1.5x, https:\/\/i0.wp.com\/lahoradelcampo.com.uy\/site\/wp-content\/uploads\/2020\/07\/INACweb3.jpg?fit=880%2C440&ssl=1&resize=700%2C400 2x"},"classes":[]}],"jetpack_likes_enabled":true,"_links":{"self":[{"href":"https:\/\/lahoradelcampo.com.uy\/site\/wp-json\/wp\/v2\/posts\/42057","targetHints":{"allow":["GET"]}}],"collection":[{"href":"https:\/\/lahoradelcampo.com.uy\/site\/wp-json\/wp\/v2\/posts"}],"about":[{"href":"https:\/\/lahoradelcampo.com.uy\/site\/wp-json\/wp\/v2\/types\/post"}],"author":[{"embeddable":true,"href":"https:\/\/lahoradelcampo.com.uy\/site\/wp-json\/wp\/v2\/users\/5"}],"replies":[{"embeddable":true,"href":"https:\/\/lahoradelcampo.com.uy\/site\/wp-json\/wp\/v2\/comments?post=42057"}],"version-history":[{"count":1,"href":"https:\/\/lahoradelcampo.com.uy\/site\/wp-json\/wp\/v2\/posts\/42057\/revisions"}],"predecessor-version":[{"id":42059,"href":"https:\/\/lahoradelcampo.com.uy\/site\/wp-json\/wp\/v2\/posts\/42057\/revisions\/42059"}],"wp:featuredmedia":[{"embeddable":true,"href":"https:\/\/lahoradelcampo.com.uy\/site\/wp-json\/wp\/v2\/media\/38757"}],"wp:attachment":[{"href":"https:\/\/lahoradelcampo.com.uy\/site\/wp-json\/wp\/v2\/media?parent=42057"}],"wp:term":[{"taxonomy":"category","embeddable":true,"href":"https:\/\/lahoradelcampo.com.uy\/site\/wp-json\/wp\/v2\/categories?post=42057"},{"taxonomy":"post_tag","embeddable":true,"href":"https:\/\/lahoradelcampo.com.uy\/site\/wp-json\/wp\/v2\/tags?post=42057"}],"curies":[{"name":"wp","href":"https:\/\/api.w.org\/{rel}","templated":true}]}}