{"id":42047,"date":"2022-05-20T09:38:24","date_gmt":"2022-05-20T12:38:24","guid":{"rendered":"http:\/\/lahoradelcampo.com.uy\/site\/?p=42047"},"modified":"2022-05-20T09:38:29","modified_gmt":"2022-05-20T12:38:29","slug":"semana-muy-positiva-para-el-ime-que-vuelve-a-superar-los-us-10","status":"publish","type":"post","link":"https:\/\/lahoradelcampo.com.uy\/site\/semana-muy-positiva-para-el-ime-que-vuelve-a-superar-los-us-10\/","title":{"rendered":"Semana muy positiva para el IME, que vuelve a superar los US$ 10"},"content":{"rendered":"\n<figure class=\"wp-block-image\"><img data-recalc-dims=\"1\" loading=\"lazy\" decoding=\"async\" width=\"810\" height=\"405\" data-attachment-id=\"11821\" data-permalink=\"https:\/\/lahoradelcampo.com.uy\/site\/primeras-esquilas-se-atrasan-por-las-lluvias-el-mercado-sin-operaciones\/lana-australia-1\/\" data-orig-file=\"https:\/\/i0.wp.com\/lahoradelcampo.com.uy\/site\/wp-content\/uploads\/2019\/06\/Lana-australia-1.jpg?fit=880%2C440&amp;ssl=1\" data-orig-size=\"880,440\" data-comments-opened=\"1\" data-image-meta=\"{&quot;aperture&quot;:&quot;0&quot;,&quot;credit&quot;:&quot;&quot;,&quot;camera&quot;:&quot;&quot;,&quot;caption&quot;:&quot;&quot;,&quot;created_timestamp&quot;:&quot;0&quot;,&quot;copyright&quot;:&quot;&quot;,&quot;focal_length&quot;:&quot;0&quot;,&quot;iso&quot;:&quot;0&quot;,&quot;shutter_speed&quot;:&quot;0&quot;,&quot;title&quot;:&quot;&quot;,&quot;orientation&quot;:&quot;1&quot;}\" data-image-title=\"Lana australia 1\" data-image-description=\"\" data-image-caption=\"\" data-large-file=\"https:\/\/i0.wp.com\/lahoradelcampo.com.uy\/site\/wp-content\/uploads\/2019\/06\/Lana-australia-1.jpg?fit=810%2C405&amp;ssl=1\" src=\"https:\/\/i0.wp.com\/lahoradelcampo.com.uy\/site\/wp-content\/uploads\/2019\/06\/Lana-australia-1.jpg?resize=810%2C405\" alt=\"\" class=\"wp-image-11821\" srcset=\"https:\/\/i0.wp.com\/lahoradelcampo.com.uy\/site\/wp-content\/uploads\/2019\/06\/Lana-australia-1.jpg?w=880&amp;ssl=1 880w, https:\/\/i0.wp.com\/lahoradelcampo.com.uy\/site\/wp-content\/uploads\/2019\/06\/Lana-australia-1.jpg?resize=300%2C150&amp;ssl=1 300w, https:\/\/i0.wp.com\/lahoradelcampo.com.uy\/site\/wp-content\/uploads\/2019\/06\/Lana-australia-1.jpg?resize=768%2C384&amp;ssl=1 768w, https:\/\/i0.wp.com\/lahoradelcampo.com.uy\/site\/wp-content\/uploads\/2019\/06\/Lana-australia-1.jpg?resize=820%2C410&amp;ssl=1 820w\" sizes=\"auto, (max-width: 810px) 100vw, 810px\" \/><\/figure>\n\n\n\n<p>Tras cerrar por debajo de los US$ 10 en la \u00faltima semana ventas del mes de abril, con un tipo de cambio que jug\u00f3 negativamente para quienes observan el mercado lanero australiano en d\u00f3lares estadounidenses, esta semana, con la ca\u00edda de la moneda norteamericana se logr\u00f3 revertir parte de las p\u00e9rdidas y volver a superar esa referencia un indicador que en d\u00f3lares australianos no ha parado de subir. <br><\/p>\n\n\n\n<p>Las preocupaciones que generan cierta incertidumbre en el mercado lanero contin\u00faan siendo las mismas, el impacto de la inflaci\u00f3n sobre la decisi\u00f3n del consumidor final tanto en Estados Unidos como en Europa, en esta \u00faltima con el adicional de la guerra entre Rusia y Ucrania, a lo que tambi\u00e9n se suma las medidas pol\u00edticas en China para detener el avance del covid-19, que est\u00e1n mostrando resultados positivos, ya con varios d\u00edas sin contagios en Shangai. <br><\/p>\n\n\n\n<p>Esta semana, operadores australianos, marcaron claramente la presi\u00f3n que realiz\u00f3 la demanda desde China, India y Europa principalmente por lanas finas, de buena calidad y con certificaciones de sustentabilidad y sin el proceso de Mulesing. Esto ante una menor oferta de lanas merino observada tanto en Sidney como en Melbourne, con el centro del norte presentando las dos \u00faltimas semanas las menores ofertas de la actual zafra.<br><\/p>\n\n\n\n<p>El IME cerr\u00f3 a US$ 10,04 por kilogramo base limpia, sumando 10 centavos respecto al pasado mi\u00e9rcoles 11 de mayo. En la moneda australiana el mercado cerr\u00f3 en A$ 14,34 subiendo siete centavos. <\/p>\n\n\n\n<p>Ante la oferta semanal de 43.662 fardos, el mercado adquiri\u00f3 el 89,9%. La operativa comercial contin\u00faa la pr\u00f3xima semana, con una oferta inscripta de 46.392 fardos, seg\u00fan inform\u00f3 Australian Wool Exchage (Awex), para los d\u00edas martes y mi\u00e9rcoles. <\/p>\n\n\n\n<p>Salto, 20 de mayo de 2022<\/p>\n","protected":false},"excerpt":{"rendered":"<p>Tras cerrar por debajo de los US$ 10 en la \u00faltima semana ventas del mes de abril, con un tipo de cambio que jug\u00f3 negativamente para quienes observan el mercado [&hellip;]<\/p>\n","protected":false},"author":5,"featured_media":11821,"comment_status":"open","ping_status":"open","sticky":false,"template":"","format":"standard","meta":{"_price":"","_stock":"","_tribe_ticket_header":"","_tribe_default_ticket_provider":"","_tribe_ticket_capacity":"0","_ticket_start_date":"","_ticket_end_date":"","_tribe_ticket_show_description":"","_tribe_ticket_show_not_going":false,"_tribe_ticket_use_global_stock":"","_tribe_ticket_global_stock_level":"","_global_stock_mode":"","_global_stock_cap":"","_tribe_rsvp_for_event":"","_tribe_ticket_going_count":"","_tribe_ticket_not_going_count":"","_tribe_tickets_list":"[]","_tribe_ticket_has_attendee_info_fields":false,"h5ap_radio_sources":[],"_jetpack_newsletter_access":"","_jetpack_dont_email_post_to_subs":false,"_jetpack_newsletter_tier_id":0,"_jetpack_memberships_contains_paywalled_content":false,"_jetpack_memberships_contains_paid_content":false,"footnotes":""},"categories":[21,13],"tags":[],"class_list":["post-42047","post","type-post","status-publish","format-standard","has-post-thumbnail","hentry","category-actualidad","category-ovinos"],"jetpack_featured_media_url":"https:\/\/i0.wp.com\/lahoradelcampo.com.uy\/site\/wp-content\/uploads\/2019\/06\/Lana-australia-1.jpg?fit=880%2C440&ssl=1","jetpack_sharing_enabled":true,"jetpack_shortlink":"https:\/\/wp.me\/p99IaT-aWb","jetpack-related-posts":[{"id":5309,"url":"https:\/\/lahoradelcampo.com.uy\/site\/esta-semana-se-reactiva-el-mercado-lanero-internacional\/","url_meta":{"origin":42047,"position":0},"title":"Esta semana se reactiva el mercado lanero internacional","author":"La Hora del Campo","date":"8 enero, 2018","format":false,"excerpt":"El cierre del a\u00f1o calendario 2017, y con el la primera parte de la zafra lanera 2017\/2018 ha sido inolvidable para el mercado lanero australiano con el Indicador de Mercados del Este alcanzando un r\u00e9cord hist\u00f3rico tras otro en la moneda australiana y porque no tambi\u00e9n en d\u00f3lares norteamericanos aunque\u2026","rel":"","context":"En \u00abActualidad\u00bb","block_context":{"text":"Actualidad","link":"https:\/\/lahoradelcampo.com.uy\/site\/category\/actualidad\/"},"img":{"alt_text":"","src":"https:\/\/i0.wp.com\/lahoradelcampo.com.uy\/site\/wp-content\/uploads\/2017\/10\/Lanas-2.jpg?fit=880%2C440&ssl=1&resize=350%2C200","width":350,"height":200,"srcset":"https:\/\/i0.wp.com\/lahoradelcampo.com.uy\/site\/wp-content\/uploads\/2017\/10\/Lanas-2.jpg?fit=880%2C440&ssl=1&resize=350%2C200 1x, https:\/\/i0.wp.com\/lahoradelcampo.com.uy\/site\/wp-content\/uploads\/2017\/10\/Lanas-2.jpg?fit=880%2C440&ssl=1&resize=525%2C300 1.5x, https:\/\/i0.wp.com\/lahoradelcampo.com.uy\/site\/wp-content\/uploads\/2017\/10\/Lanas-2.jpg?fit=880%2C440&ssl=1&resize=700%2C400 2x"},"classes":[]},{"id":50449,"url":"https:\/\/lahoradelcampo.com.uy\/site\/mercado-lanero-australiano-cerro-la-semana-con-bajas-en-el-ime\/","url_meta":{"origin":42047,"position":1},"title":"Mercado lanero australiano cerr\u00f3 la semana con bajas en el IME","author":"La Hora del Campo","date":"20 mayo, 2023","format":false,"excerpt":"El Indicador de Mercados del Este (IME) en d\u00f3lares estadounidenses cerr\u00f3 la semana con una tendencia negativa, registrando una p\u00e9rdida de 28 centavos despu\u00e9s de tres d\u00edas de actividad. A pesar de las fluctuaciones cambiarias que impactaron negativamente, la demanda contin\u00faa mostrando preferencia por lanas de buena calidad, con menor\u2026","rel":"","context":"En \u00abActualidad\u00bb","block_context":{"text":"Actualidad","link":"https:\/\/lahoradelcampo.com.uy\/site\/category\/actualidad\/"},"img":{"alt_text":"","src":"https:\/\/i0.wp.com\/lahoradelcampo.com.uy\/site\/wp-content\/uploads\/2018\/03\/lana.jpg?fit=880%2C440&ssl=1&resize=350%2C200","width":350,"height":200,"srcset":"https:\/\/i0.wp.com\/lahoradelcampo.com.uy\/site\/wp-content\/uploads\/2018\/03\/lana.jpg?fit=880%2C440&ssl=1&resize=350%2C200 1x, https:\/\/i0.wp.com\/lahoradelcampo.com.uy\/site\/wp-content\/uploads\/2018\/03\/lana.jpg?fit=880%2C440&ssl=1&resize=525%2C300 1.5x, https:\/\/i0.wp.com\/lahoradelcampo.com.uy\/site\/wp-content\/uploads\/2018\/03\/lana.jpg?fit=880%2C440&ssl=1&resize=700%2C400 2x"},"classes":[]},{"id":49288,"url":"https:\/\/lahoradelcampo.com.uy\/site\/el-ime-continua-bajando-por-un-tobogan\/","url_meta":{"origin":42047,"position":2},"title":"El IME contin\u00faa bajando por un tobog\u00e1n","author":"La Hora del Campo","date":"18 marzo, 2023","format":false,"excerpt":"Las turbulencias bancarias han generado incertidumbres econ\u00f3micas a nivel mundial, que le pegaron de lleno esta semana al mercado lanero australiano, por lo que el Indicador de Mercados del Este (IME) contin\u00faa bajando por un tobog\u00e1n. Esta semana a la ca\u00edda que se ven\u00eda arrastrando en la moneda norteamericana, tambi\u00e9n\u2026","rel":"","context":"En \u00abActualidad\u00bb","block_context":{"text":"Actualidad","link":"https:\/\/lahoradelcampo.com.uy\/site\/category\/actualidad\/"},"img":{"alt_text":"","src":"https:\/\/i0.wp.com\/lahoradelcampo.com.uy\/site\/wp-content\/uploads\/2019\/04\/Lanas-Australia.jpg?fit=880%2C440&ssl=1&resize=350%2C200","width":350,"height":200,"srcset":"https:\/\/i0.wp.com\/lahoradelcampo.com.uy\/site\/wp-content\/uploads\/2019\/04\/Lanas-Australia.jpg?fit=880%2C440&ssl=1&resize=350%2C200 1x, https:\/\/i0.wp.com\/lahoradelcampo.com.uy\/site\/wp-content\/uploads\/2019\/04\/Lanas-Australia.jpg?fit=880%2C440&ssl=1&resize=525%2C300 1.5x, https:\/\/i0.wp.com\/lahoradelcampo.com.uy\/site\/wp-content\/uploads\/2019\/04\/Lanas-Australia.jpg?fit=880%2C440&ssl=1&resize=700%2C400 2x"},"classes":[]},{"id":56363,"url":"https:\/\/lahoradelcampo.com.uy\/site\/mercado-lanero-australiano-se-fue-al-receso-con-fuerte-suba-en-el-ime\/","url_meta":{"origin":42047,"position":3},"title":"Mercado Lanero Australiano se fue al receso con fuerte suba en el IME","author":"La Hora del Campo","date":"25 julio, 2025","format":false,"excerpt":"El mercado lanero australiano cerr\u00f3 las primeras cuatro semanas de ventas de la presente zafra lanera, previo al tradicional receso de invierno, con un destacado incremento en las cotizaciones de los distintos micronajes, superando la barrera de los US$ 8,00 en el Indicador de Mercados del Este (IME). Esta \u00faltima\u2026","rel":"","context":"En \u00abActualidad\u00bb","block_context":{"text":"Actualidad","link":"https:\/\/lahoradelcampo.com.uy\/site\/category\/actualidad\/"},"img":{"alt_text":"","src":"https:\/\/i0.wp.com\/lahoradelcampo.com.uy\/site\/wp-content\/uploads\/2024\/05\/Lana-australiaaa.jpg?fit=880%2C440&ssl=1&resize=350%2C200","width":350,"height":200,"srcset":"https:\/\/i0.wp.com\/lahoradelcampo.com.uy\/site\/wp-content\/uploads\/2024\/05\/Lana-australiaaa.jpg?fit=880%2C440&ssl=1&resize=350%2C200 1x, https:\/\/i0.wp.com\/lahoradelcampo.com.uy\/site\/wp-content\/uploads\/2024\/05\/Lana-australiaaa.jpg?fit=880%2C440&ssl=1&resize=525%2C300 1.5x, https:\/\/i0.wp.com\/lahoradelcampo.com.uy\/site\/wp-content\/uploads\/2024\/05\/Lana-australiaaa.jpg?fit=880%2C440&ssl=1&resize=700%2C400 2x"},"classes":[]},{"id":11599,"url":"https:\/\/lahoradelcampo.com.uy\/site\/la-baja-calidad-de-la-oferta-continua-presionando-el-mercado-lanero-en-australia\/","url_meta":{"origin":42047,"position":4},"title":"La baja calidad de la oferta contin\u00faa presionando el mercado lanero en Australia","author":"La Hora del Campo","date":"7 junio, 2019","format":false,"excerpt":"Con el primer tiempo jugado, era posible pensar en una nueva semana positiva para el Indicador de Mercados del Este en Australia, la semana anterior hab\u00eda presentado lanas de buena calidad, Fremantle estaba inoperativo y la oferta era muy inferior a semanas anteriores y el tipo de cambio hab\u00eda dado\u2026","rel":"","context":"En \u00abActualidad\u00bb","block_context":{"text":"Actualidad","link":"https:\/\/lahoradelcampo.com.uy\/site\/category\/actualidad\/"},"img":{"alt_text":"","src":"https:\/\/i0.wp.com\/lahoradelcampo.com.uy\/site\/wp-content\/uploads\/2018\/05\/Lanas-SUL.jpg?fit=880%2C440&ssl=1&resize=350%2C200","width":350,"height":200,"srcset":"https:\/\/i0.wp.com\/lahoradelcampo.com.uy\/site\/wp-content\/uploads\/2018\/05\/Lanas-SUL.jpg?fit=880%2C440&ssl=1&resize=350%2C200 1x, https:\/\/i0.wp.com\/lahoradelcampo.com.uy\/site\/wp-content\/uploads\/2018\/05\/Lanas-SUL.jpg?fit=880%2C440&ssl=1&resize=525%2C300 1.5x, https:\/\/i0.wp.com\/lahoradelcampo.com.uy\/site\/wp-content\/uploads\/2018\/05\/Lanas-SUL.jpg?fit=880%2C440&ssl=1&resize=700%2C400 2x"},"classes":[]},{"id":6111,"url":"https:\/\/lahoradelcampo.com.uy\/site\/mercado-lanero-australiano-perdio-us-022-esta-semana\/","url_meta":{"origin":42047,"position":5},"title":"Mercado lanero australiano  perdi\u00f3 US$ 0,22 esta semana","author":"La Hora del Campo","date":"8 marzo, 2018","format":false,"excerpt":"El mercado lanero australiano contin\u00fao ajustando a la baja esta semana, si bien en las anteriores el ajuste fue b\u00e1sicamente por el tipo de cambio, en estos \u00faltimos tres d\u00edas de remates la demanda presiono a la baja los precios en la moneda local y a pesar de una fluctuaci\u00f3n\u2026","rel":"","context":"En \u00abActualidad\u00bb","block_context":{"text":"Actualidad","link":"https:\/\/lahoradelcampo.com.uy\/site\/category\/actualidad\/"},"img":{"alt_text":"","src":"https:\/\/i0.wp.com\/lahoradelcampo.com.uy\/site\/wp-content\/uploads\/2018\/03\/lana.jpg?fit=880%2C440&ssl=1&resize=350%2C200","width":350,"height":200,"srcset":"https:\/\/i0.wp.com\/lahoradelcampo.com.uy\/site\/wp-content\/uploads\/2018\/03\/lana.jpg?fit=880%2C440&ssl=1&resize=350%2C200 1x, https:\/\/i0.wp.com\/lahoradelcampo.com.uy\/site\/wp-content\/uploads\/2018\/03\/lana.jpg?fit=880%2C440&ssl=1&resize=525%2C300 1.5x, https:\/\/i0.wp.com\/lahoradelcampo.com.uy\/site\/wp-content\/uploads\/2018\/03\/lana.jpg?fit=880%2C440&ssl=1&resize=700%2C400 2x"},"classes":[]}],"jetpack_likes_enabled":true,"_links":{"self":[{"href":"https:\/\/lahoradelcampo.com.uy\/site\/wp-json\/wp\/v2\/posts\/42047","targetHints":{"allow":["GET"]}}],"collection":[{"href":"https:\/\/lahoradelcampo.com.uy\/site\/wp-json\/wp\/v2\/posts"}],"about":[{"href":"https:\/\/lahoradelcampo.com.uy\/site\/wp-json\/wp\/v2\/types\/post"}],"author":[{"embeddable":true,"href":"https:\/\/lahoradelcampo.com.uy\/site\/wp-json\/wp\/v2\/users\/5"}],"replies":[{"embeddable":true,"href":"https:\/\/lahoradelcampo.com.uy\/site\/wp-json\/wp\/v2\/comments?post=42047"}],"version-history":[{"count":1,"href":"https:\/\/lahoradelcampo.com.uy\/site\/wp-json\/wp\/v2\/posts\/42047\/revisions"}],"predecessor-version":[{"id":42049,"href":"https:\/\/lahoradelcampo.com.uy\/site\/wp-json\/wp\/v2\/posts\/42047\/revisions\/42049"}],"wp:featuredmedia":[{"embeddable":true,"href":"https:\/\/lahoradelcampo.com.uy\/site\/wp-json\/wp\/v2\/media\/11821"}],"wp:attachment":[{"href":"https:\/\/lahoradelcampo.com.uy\/site\/wp-json\/wp\/v2\/media?parent=42047"}],"wp:term":[{"taxonomy":"category","embeddable":true,"href":"https:\/\/lahoradelcampo.com.uy\/site\/wp-json\/wp\/v2\/categories?post=42047"},{"taxonomy":"post_tag","embeddable":true,"href":"https:\/\/lahoradelcampo.com.uy\/site\/wp-json\/wp\/v2\/tags?post=42047"}],"curies":[{"name":"wp","href":"https:\/\/api.w.org\/{rel}","templated":true}]}}