{"id":42041,"date":"2022-05-20T07:59:32","date_gmt":"2022-05-20T10:59:32","guid":{"rendered":"http:\/\/lahoradelcampo.com.uy\/site\/?p=42041"},"modified":"2022-05-20T08:00:34","modified_gmt":"2022-05-20T11:00:34","slug":"corriedale-con-alta-prolificidad-produccion-de-carne-y-un-buen-vellon","status":"publish","type":"post","link":"https:\/\/lahoradelcampo.com.uy\/site\/corriedale-con-alta-prolificidad-produccion-de-carne-y-un-buen-vellon\/","title":{"rendered":"Corriedale con alta prolificidad, producci\u00f3n de carne y un buen vell\u00f3n"},"content":{"rendered":"\n<figure class=\"wp-block-image\"><img data-recalc-dims=\"1\" loading=\"lazy\" decoding=\"async\" width=\"810\" height=\"405\" data-attachment-id=\"42043\" data-permalink=\"https:\/\/lahoradelcampo.com.uy\/site\/corriedale-con-alta-prolificidad-produccion-de-carne-y-un-buen-vellon\/corriedale-4\/\" data-orig-file=\"https:\/\/i0.wp.com\/lahoradelcampo.com.uy\/site\/wp-content\/uploads\/2022\/05\/corriedale.jpg?fit=880%2C440&amp;ssl=1\" data-orig-size=\"880,440\" data-comments-opened=\"1\" data-image-meta=\"{&quot;aperture&quot;:&quot;0&quot;,&quot;credit&quot;:&quot;&quot;,&quot;camera&quot;:&quot;&quot;,&quot;caption&quot;:&quot;&quot;,&quot;created_timestamp&quot;:&quot;0&quot;,&quot;copyright&quot;:&quot;&quot;,&quot;focal_length&quot;:&quot;0&quot;,&quot;iso&quot;:&quot;0&quot;,&quot;shutter_speed&quot;:&quot;0&quot;,&quot;title&quot;:&quot;&quot;,&quot;orientation&quot;:&quot;1&quot;}\" data-image-title=\"corriedale\" data-image-description=\"\" data-image-caption=\"\" data-large-file=\"https:\/\/i0.wp.com\/lahoradelcampo.com.uy\/site\/wp-content\/uploads\/2022\/05\/corriedale.jpg?fit=810%2C405&amp;ssl=1\" src=\"https:\/\/i0.wp.com\/lahoradelcampo.com.uy\/site\/wp-content\/uploads\/2022\/05\/corriedale.jpg?resize=810%2C405\" alt=\"\" class=\"wp-image-42043\" srcset=\"https:\/\/i0.wp.com\/lahoradelcampo.com.uy\/site\/wp-content\/uploads\/2022\/05\/corriedale.jpg?w=880&amp;ssl=1 880w, https:\/\/i0.wp.com\/lahoradelcampo.com.uy\/site\/wp-content\/uploads\/2022\/05\/corriedale.jpg?resize=300%2C150&amp;ssl=1 300w, https:\/\/i0.wp.com\/lahoradelcampo.com.uy\/site\/wp-content\/uploads\/2022\/05\/corriedale.jpg?resize=768%2C384&amp;ssl=1 768w, https:\/\/i0.wp.com\/lahoradelcampo.com.uy\/site\/wp-content\/uploads\/2022\/05\/corriedale.jpg?resize=820%2C410&amp;ssl=1 820w\" sizes=\"auto, (max-width: 810px) 100vw, 810px\" \/><\/figure>\n\n\n\n<p>La Sociedad de Criadores de Corriedale del Uruguay ha marcado su definici\u00f3n del \u00abCorriedale 2030\u00bb y luego de dos a\u00f1os sin realizar la gira anual, la recorrida que comenz\u00f3 en la jornada de ayer permite visualizar majadas de alta prolificidad, adaptadas a los distintos sistemas productivos, con alta facilidad de producir carne y sin perder caracter\u00edsticas con vellones m\u00e1s finos. <br><\/p>\n\n\n\n<p>La gira anual ha visitado ayer el establecimiento \u00abDo\u00f1a Emilia\u00bb de la familia Pe\u00f1a, en Florida, donde se observ\u00f3 \u00abuna interesante relaci\u00f3n entre el vacuno y el ovino\u00bb dijo Mariano Rodr\u00edguez, presidente de la gremial, y agreg\u00f3 que tambi\u00e9n se observaron animales de la caba\u00f1a \u00abEl Aguarachay\u00bb de Luciano Dotti, que acerc\u00f3 all\u00ed sus ejemplares. <br><\/p>\n\n\n\n<p>Posteriormente, en el departamento de Lavalleja, se visit\u00f3 el predio \u00abDo\u00f1a Elisa\u00bb de Arnoldo Larrosa, donde se observ\u00f3 el sistema productivo y los planteles de la caba\u00f1a. En este caso tambi\u00e9n se cont\u00f3 con la presencia de productores que son beneficiarios del convenio de la sociedad de criadores con el Ministerio de Desarrollo Social (MIDES), \u00abes un convenio que llevamos 6 a\u00f1os y con ambas instituciones siempre a disposici\u00f3n de los productores, por lo que fue muy importante que nos contaran sus experiencias\u00bb. <br><\/p>\n\n\n\n<p>Por la tarde se visit\u00f3 la caba\u00f1a \u00abEl Coraje\u00bb de Mario Dighiero, un productor lechero que posee \u00abun plantel Corriedale que ha trabajado muy bien en prolificidad y finura, y adem\u00e1s tiene animales muy buenos que conviven con un tambo\u00bb.  Rodr\u00edguez, quien realiz\u00f3 una pasant\u00eda hace algunos a\u00f1os en Nueva Zelanda, record\u00f3 que en ese momento se ve\u00eda como los neozelandeses manejaban las ovejas en las praderas como si fueran las vacas lecheras, con altos niveles de productividad de carne. <br><\/p>\n\n\n\n<p>\u00abSe ha empezado a manejar mucho en Uruguay, porque hay muchos predios chicos intensificando en la oveja y eso es parte del convenio que tenemos con el Mides\u00bb, dijo Mariano Rodr\u00edguez quien se\u00f1al\u00f3 que en 2022 se llegar\u00e1 a \u00ab270 peque\u00f1os productores con 15 ovejas que est\u00e1n trabajando de forma muy intensiva en peque\u00f1os predios\u00bb. Lo m\u00e1s importante de este acuerdo, es que la mayor\u00eda de esos peque\u00f1os productores son \u00abasalariados rurales\u00bb que tienen la oportunidad de avanzar en la producci\u00f3n ovina<br><\/p>\n\n\n\n<p>Especializaci\u00f3n en la raza<br><\/p>\n\n\n\n<p>La raza se ha planteado la definici\u00f3n del \u00abCorriedale 2030\u00bb que \u00abb\u00e1sicamente es una oveja con alta prolificidad, muy f\u00e1cil de manejar, con alta facilidad de producir carne y eso hace que sean carcasas buscadas por la industria\u00bb, en tanto que desde el punto de vista de la lana se\u00f1al\u00f3 que \u00absin perder otras cualidades que tiene, como en cantidad de lana y calidad del vell\u00f3n, irnos a vellones m\u00e1s finos es una alternativa, pero que no influye tanto en los ingresos\u00bb. <br><\/p>\n\n\n\n<p>En este sentido Mariano Rodr\u00edguez dijo que \u00aben el observatorio que tenemos en la Sociedad de Criadores hoy, el ingreso por lana anda en el entorno del 20%, el ingreso mayor est\u00e1 entre el 75% y 80% por la carne y gracias a dios tenemos una raza que nos permite hacer las dos cosas y con todas las otras cualidades que tiene\u00bb. Para el productor en la actualidad es f\u00e1cil encontrar majadas con se\u00f1aladas por encima del 120% y tambi\u00e9n lanas que promedian las 25 o 26 micras, lo que indica que la raza ha avanzado en varios sentidos. <br><\/p>\n\n\n\n<p>En la jornada de hoy contin\u00faa la gira Corriedale, con la visita al predio \u00abSanta In\u00e9s\u00bb de Pedro Dartayete, \u00abuna familia que arranco hace m\u00e1s de 20 a\u00f1os a seleccionar por prolificidad y tiene unos n\u00fameros excepcionales en se\u00f1alada y que la verdad es bien interesante ver los resultados\u00bb. Posteriormente se realizar\u00e1 una parada en \u00abSan Salvador\u00bb de los hermanos Garc\u00eda Pintos y al mediod\u00eda se llega a \u00abSan Gerardo\u00bb de Garc\u00eda Pintos.<\/p>\n\n\n\n<p>Salto, 20 de mayo de 2022<\/p>\n","protected":false},"excerpt":{"rendered":"<p>La Sociedad de Criadores de Corriedale del Uruguay ha marcado su definici\u00f3n del \u00abCorriedale 2030\u00bb y luego de dos a\u00f1os sin realizar la gira anual, la recorrida que comenz\u00f3 en [&hellip;]<\/p>\n","protected":false},"author":5,"featured_media":42043,"comment_status":"open","ping_status":"open","sticky":false,"template":"","format":"standard","meta":{"_price":"","_stock":"","_tribe_ticket_header":"","_tribe_default_ticket_provider":"","_tribe_ticket_capacity":"0","_ticket_start_date":"","_ticket_end_date":"","_tribe_ticket_show_description":"","_tribe_ticket_show_not_going":false,"_tribe_ticket_use_global_stock":"","_tribe_ticket_global_stock_level":"","_global_stock_mode":"","_global_stock_cap":"","_tribe_rsvp_for_event":"","_tribe_ticket_going_count":"","_tribe_ticket_not_going_count":"","_tribe_tickets_list":"[]","_tribe_ticket_has_attendee_info_fields":false,"h5ap_radio_sources":[],"_jetpack_newsletter_access":"","_jetpack_dont_email_post_to_subs":false,"_jetpack_newsletter_tier_id":0,"_jetpack_memberships_contains_paywalled_content":false,"_jetpack_memberships_contains_paid_content":false,"footnotes":""},"categories":[21,13],"tags":[],"class_list":["post-42041","post","type-post","status-publish","format-standard","has-post-thumbnail","hentry","category-actualidad","category-ovinos"],"jetpack_featured_media_url":"https:\/\/i0.wp.com\/lahoradelcampo.com.uy\/site\/wp-content\/uploads\/2022\/05\/corriedale.jpg?fit=880%2C440&ssl=1","jetpack_sharing_enabled":true,"jetpack_shortlink":"https:\/\/wp.me\/p99IaT-aW5","jetpack-related-posts":[{"id":11705,"url":"https:\/\/lahoradelcampo.com.uy\/site\/gira-corriedale-mostro-el-compromiso-del-empresario-agropecuario-con-el-rubro-ovino\/","url_meta":{"origin":42041,"position":0},"title":"Gira Corriedale mostr\u00f3 el compromiso del empresario agropecuario con el rubro ovino","author":"La Hora del Campo","date":"10 junio, 2019","format":false,"excerpt":"La Sociedad de Criadores de Corriedale del Uruguay realiz\u00f3 su gira anual durante los d\u00edas jueves 6 y viernes 7 de junio visitando predios en los departamentos de San Jos\u00e9, R\u00edo Negro y Tacuaremb\u00f3, donde se visitaron dos caba\u00f1as y un predio comercial, adem\u00e1s del compartimento ovino Santa Leopoldina. El\u2026","rel":"","context":"En \u00abActualidad\u00bb","block_context":{"text":"Actualidad","link":"https:\/\/lahoradelcampo.com.uy\/site\/category\/actualidad\/"},"img":{"alt_text":"","src":"https:\/\/i0.wp.com\/lahoradelcampo.com.uy\/site\/wp-content\/uploads\/2019\/06\/gira-corriedale.jpg?fit=880%2C440&ssl=1&resize=350%2C200","width":350,"height":200,"srcset":"https:\/\/i0.wp.com\/lahoradelcampo.com.uy\/site\/wp-content\/uploads\/2019\/06\/gira-corriedale.jpg?fit=880%2C440&ssl=1&resize=350%2C200 1x, https:\/\/i0.wp.com\/lahoradelcampo.com.uy\/site\/wp-content\/uploads\/2019\/06\/gira-corriedale.jpg?fit=880%2C440&ssl=1&resize=525%2C300 1.5x, https:\/\/i0.wp.com\/lahoradelcampo.com.uy\/site\/wp-content\/uploads\/2019\/06\/gira-corriedale.jpg?fit=880%2C440&ssl=1&resize=700%2C400 2x"},"classes":[]},{"id":34289,"url":"https:\/\/lahoradelcampo.com.uy\/site\/mariano-rodriguez-asumio-la-presidencia-del-corriedale\/","url_meta":{"origin":42041,"position":1},"title":"Mariano Rodr\u00edguez asumi\u00f3  la presidencia del Corriedale","author":"La Hora del Campo","date":"17 septiembre, 2021","format":false,"excerpt":"En la jornada de ayer la Sociedad de Criadores de Corriedale del Uruguay se reuni\u00f3 en asamblea y defini\u00f3 la nueva directiva de la raza, que estar\u00e1 presidida por Mariano Rodr\u00edguez, integrante de caba\u00f1a La Estela de la zona de Risso en Soriano. El productor hace 10 a\u00f1os que forma\u2026","rel":"","context":"En \u00abActualidad\u00bb","block_context":{"text":"Actualidad","link":"https:\/\/lahoradelcampo.com.uy\/site\/category\/actualidad\/"},"img":{"alt_text":"","src":"https:\/\/i0.wp.com\/lahoradelcampo.com.uy\/site\/wp-content\/uploads\/2021\/09\/Prado-Corriedale.jpg?fit=880%2C440&ssl=1&resize=350%2C200","width":350,"height":200,"srcset":"https:\/\/i0.wp.com\/lahoradelcampo.com.uy\/site\/wp-content\/uploads\/2021\/09\/Prado-Corriedale.jpg?fit=880%2C440&ssl=1&resize=350%2C200 1x, https:\/\/i0.wp.com\/lahoradelcampo.com.uy\/site\/wp-content\/uploads\/2021\/09\/Prado-Corriedale.jpg?fit=880%2C440&ssl=1&resize=525%2C300 1.5x, https:\/\/i0.wp.com\/lahoradelcampo.com.uy\/site\/wp-content\/uploads\/2021\/09\/Prado-Corriedale.jpg?fit=880%2C440&ssl=1&resize=700%2C400 2x"},"classes":[]},{"id":6989,"url":"https:\/\/lahoradelcampo.com.uy\/site\/criadores-de-corriedale-presentaron-su-gira-2018\/","url_meta":{"origin":42041,"position":2},"title":"Criadores de Corriedale presentaron su gira 2018","author":"La Hora del Campo","date":"9 mayo, 2018","format":false,"excerpt":"En la jornada de ayer la Sociedad de Criadores de Corriedale del Uruguay realiz\u00f3 el lanzamiento de su gira anual 2018, la cual se realizar\u00e1 en los departamentos de Paysand\u00fa y Salto durante los d\u00edas jueves 24 y viernes 25 de mayo. El presidente de la gremial que nuclea a\u2026","rel":"","context":"En \u00abActualidad\u00bb","block_context":{"text":"Actualidad","link":"https:\/\/lahoradelcampo.com.uy\/site\/category\/actualidad\/"},"img":{"alt_text":"","src":"https:\/\/i0.wp.com\/lahoradelcampo.com.uy\/site\/wp-content\/uploads\/2018\/05\/Corriedale.jpg?fit=880%2C440&ssl=1&resize=350%2C200","width":350,"height":200,"srcset":"https:\/\/i0.wp.com\/lahoradelcampo.com.uy\/site\/wp-content\/uploads\/2018\/05\/Corriedale.jpg?fit=880%2C440&ssl=1&resize=350%2C200 1x, https:\/\/i0.wp.com\/lahoradelcampo.com.uy\/site\/wp-content\/uploads\/2018\/05\/Corriedale.jpg?fit=880%2C440&ssl=1&resize=525%2C300 1.5x, https:\/\/i0.wp.com\/lahoradelcampo.com.uy\/site\/wp-content\/uploads\/2018\/05\/Corriedale.jpg?fit=880%2C440&ssl=1&resize=700%2C400 2x"},"classes":[]},{"id":7359,"url":"https:\/\/lahoradelcampo.com.uy\/site\/gira-corriedale-finalizo-en-valentin-con-una-excelente-muestra-de-vientres\/","url_meta":{"origin":42041,"position":3},"title":"Gira Corriedale finaliz\u00f3 en Valent\u00edn con una excelente muestra de vientres","author":"La Hora del Campo","date":"26 mayo, 2018","format":false,"excerpt":"La Sociedad de Criadores de Corriedale del Uruguay finaliz\u00f3 el d\u00eda viernes su tradicional gira anual con una excelente muestra de vientres en el predio de la Asociaci\u00f3n Fomento Rural de Valent\u00edn, con la participaci\u00f3n de diez caba\u00f1as de la zona que aportaron el material gen\u00e9tico. Previamente en la ma\u00f1ana\u2026","rel":"","context":"En \u00abActualidad\u00bb","block_context":{"text":"Actualidad","link":"https:\/\/lahoradelcampo.com.uy\/site\/category\/actualidad\/"},"img":{"alt_text":"","src":"https:\/\/i0.wp.com\/lahoradelcampo.com.uy\/site\/wp-content\/uploads\/2018\/05\/corriedale-3.jpg?fit=880%2C440&ssl=1&resize=350%2C200","width":350,"height":200,"srcset":"https:\/\/i0.wp.com\/lahoradelcampo.com.uy\/site\/wp-content\/uploads\/2018\/05\/corriedale-3.jpg?fit=880%2C440&ssl=1&resize=350%2C200 1x, https:\/\/i0.wp.com\/lahoradelcampo.com.uy\/site\/wp-content\/uploads\/2018\/05\/corriedale-3.jpg?fit=880%2C440&ssl=1&resize=525%2C300 1.5x, https:\/\/i0.wp.com\/lahoradelcampo.com.uy\/site\/wp-content\/uploads\/2018\/05\/corriedale-3.jpg?fit=880%2C440&ssl=1&resize=700%2C400 2x"},"classes":[]},{"id":30018,"url":"https:\/\/lahoradelcampo.com.uy\/site\/corriedale-hay-que-afinar-hasta-donde-se-pueda\/","url_meta":{"origin":42041,"position":4},"title":"Corriedale: \u00abhay que afinar hasta donde se pueda\u00bb","author":"La Hora del Campo","date":"13 mayo, 2021","format":false,"excerpt":"El Ing. Agr. Alejando Stirling, productor y caba\u00f1ero Corriedale, concuerda en que \"en Uruguay siempre fuimos m\u00e1s laneros y la lana tiene mucho que ver y pesa en la decisi\u00f3n del productor\", aun hablando de una raza doble prop\u00f3sito donde la carne es un componente importante en la ecuaci\u00f3n econ\u00f3mica\u2026","rel":"","context":"En \u00abActualidad\u00bb","block_context":{"text":"Actualidad","link":"https:\/\/lahoradelcampo.com.uy\/site\/category\/actualidad\/"},"img":{"alt_text":"","src":"https:\/\/i0.wp.com\/lahoradelcampo.com.uy\/site\/wp-content\/uploads\/2021\/05\/Alejandrostirling.jpg?fit=880%2C440&ssl=1&resize=350%2C200","width":350,"height":200,"srcset":"https:\/\/i0.wp.com\/lahoradelcampo.com.uy\/site\/wp-content\/uploads\/2021\/05\/Alejandrostirling.jpg?fit=880%2C440&ssl=1&resize=350%2C200 1x, https:\/\/i0.wp.com\/lahoradelcampo.com.uy\/site\/wp-content\/uploads\/2021\/05\/Alejandrostirling.jpg?fit=880%2C440&ssl=1&resize=525%2C300 1.5x, https:\/\/i0.wp.com\/lahoradelcampo.com.uy\/site\/wp-content\/uploads\/2021\/05\/Alejandrostirling.jpg?fit=880%2C440&ssl=1&resize=700%2C400 2x"},"classes":[]},{"id":7347,"url":"https:\/\/lahoradelcampo.com.uy\/site\/primer-dia-de-la-gira-corriedale-visito-predios-comerciales-y-la-eemacen-paysandu\/","url_meta":{"origin":42041,"position":5},"title":"Primer d\u00eda de la gira Corriedale visit\u00f3 predios comerciales y la EEMACen Paysand\u00fa","author":"La Hora del Campo","date":"25 mayo, 2018","format":false,"excerpt":"En la jornada de ayer comenz\u00f3 la gira anual de la Sociedad de Criadors de Corriedale del Uruguay, a unos 15 kil\u00f3metros al sureste de Guich\u00f3n, en donde se ubican predios comerciales que fueron elegidos por la gremial para mostrar el potencial productivo de la raza, por la tarde se\u2026","rel":"","context":"En \u00abGanader\u00eda\u00bb","block_context":{"text":"Ganader\u00eda","link":"https:\/\/lahoradelcampo.com.uy\/site\/category\/ganaderia\/"},"img":{"alt_text":"","src":"https:\/\/i0.wp.com\/lahoradelcampo.com.uy\/site\/wp-content\/uploads\/2018\/05\/Corriedale-2.jpg?fit=880%2C440&ssl=1&resize=350%2C200","width":350,"height":200,"srcset":"https:\/\/i0.wp.com\/lahoradelcampo.com.uy\/site\/wp-content\/uploads\/2018\/05\/Corriedale-2.jpg?fit=880%2C440&ssl=1&resize=350%2C200 1x, https:\/\/i0.wp.com\/lahoradelcampo.com.uy\/site\/wp-content\/uploads\/2018\/05\/Corriedale-2.jpg?fit=880%2C440&ssl=1&resize=525%2C300 1.5x, https:\/\/i0.wp.com\/lahoradelcampo.com.uy\/site\/wp-content\/uploads\/2018\/05\/Corriedale-2.jpg?fit=880%2C440&ssl=1&resize=700%2C400 2x"},"classes":[]}],"jetpack_likes_enabled":true,"_links":{"self":[{"href":"https:\/\/lahoradelcampo.com.uy\/site\/wp-json\/wp\/v2\/posts\/42041","targetHints":{"allow":["GET"]}}],"collection":[{"href":"https:\/\/lahoradelcampo.com.uy\/site\/wp-json\/wp\/v2\/posts"}],"about":[{"href":"https:\/\/lahoradelcampo.com.uy\/site\/wp-json\/wp\/v2\/types\/post"}],"author":[{"embeddable":true,"href":"https:\/\/lahoradelcampo.com.uy\/site\/wp-json\/wp\/v2\/users\/5"}],"replies":[{"embeddable":true,"href":"https:\/\/lahoradelcampo.com.uy\/site\/wp-json\/wp\/v2\/comments?post=42041"}],"version-history":[{"count":1,"href":"https:\/\/lahoradelcampo.com.uy\/site\/wp-json\/wp\/v2\/posts\/42041\/revisions"}],"predecessor-version":[{"id":42045,"href":"https:\/\/lahoradelcampo.com.uy\/site\/wp-json\/wp\/v2\/posts\/42041\/revisions\/42045"}],"wp:featuredmedia":[{"embeddable":true,"href":"https:\/\/lahoradelcampo.com.uy\/site\/wp-json\/wp\/v2\/media\/42043"}],"wp:attachment":[{"href":"https:\/\/lahoradelcampo.com.uy\/site\/wp-json\/wp\/v2\/media?parent=42041"}],"wp:term":[{"taxonomy":"category","embeddable":true,"href":"https:\/\/lahoradelcampo.com.uy\/site\/wp-json\/wp\/v2\/categories?post=42041"},{"taxonomy":"post_tag","embeddable":true,"href":"https:\/\/lahoradelcampo.com.uy\/site\/wp-json\/wp\/v2\/tags?post=42041"}],"curies":[{"name":"wp","href":"https:\/\/api.w.org\/{rel}","templated":true}]}}