{"id":42033,"date":"2022-05-20T07:43:16","date_gmt":"2022-05-20T10:43:16","guid":{"rendered":"http:\/\/lahoradelcampo.com.uy\/site\/?p=42033"},"modified":"2022-05-20T07:43:21","modified_gmt":"2022-05-20T10:43:21","slug":"plaza-rural-comercializo-el-95-en-los-dos-primeros-dias-de-plaza-angus","status":"publish","type":"post","link":"https:\/\/lahoradelcampo.com.uy\/site\/plaza-rural-comercializo-el-95-en-los-dos-primeros-dias-de-plaza-angus\/","title":{"rendered":"Plaza Rural comercializ\u00f3 el 95% en los dos primeros d\u00edas de Plaza Angus"},"content":{"rendered":"\n<figure class=\"wp-block-image\"><img data-recalc-dims=\"1\" loading=\"lazy\" decoding=\"async\" width=\"810\" height=\"405\" data-attachment-id=\"42037\" data-permalink=\"https:\/\/lahoradelcampo.com.uy\/site\/plaza-rural-comercializo-el-95-en-los-dos-primeros-dias-de-plaza-angus\/plazarural-general2\/\" data-orig-file=\"https:\/\/i0.wp.com\/lahoradelcampo.com.uy\/site\/wp-content\/uploads\/2022\/05\/PlazaRural-general2.jpg?fit=880%2C440&amp;ssl=1\" data-orig-size=\"880,440\" data-comments-opened=\"1\" data-image-meta=\"{&quot;aperture&quot;:&quot;0&quot;,&quot;credit&quot;:&quot;&quot;,&quot;camera&quot;:&quot;&quot;,&quot;caption&quot;:&quot;&quot;,&quot;created_timestamp&quot;:&quot;0&quot;,&quot;copyright&quot;:&quot;&quot;,&quot;focal_length&quot;:&quot;0&quot;,&quot;iso&quot;:&quot;0&quot;,&quot;shutter_speed&quot;:&quot;0&quot;,&quot;title&quot;:&quot;&quot;,&quot;orientation&quot;:&quot;1&quot;}\" data-image-title=\"PlazaRural-general2\" data-image-description=\"\" data-image-caption=\"\" data-large-file=\"https:\/\/i0.wp.com\/lahoradelcampo.com.uy\/site\/wp-content\/uploads\/2022\/05\/PlazaRural-general2.jpg?fit=810%2C405&amp;ssl=1\" src=\"https:\/\/i0.wp.com\/lahoradelcampo.com.uy\/site\/wp-content\/uploads\/2022\/05\/PlazaRural-general2.jpg?resize=810%2C405\" alt=\"\" class=\"wp-image-42037\" srcset=\"https:\/\/i0.wp.com\/lahoradelcampo.com.uy\/site\/wp-content\/uploads\/2022\/05\/PlazaRural-general2.jpg?w=880&amp;ssl=1 880w, https:\/\/i0.wp.com\/lahoradelcampo.com.uy\/site\/wp-content\/uploads\/2022\/05\/PlazaRural-general2.jpg?resize=300%2C150&amp;ssl=1 300w, https:\/\/i0.wp.com\/lahoradelcampo.com.uy\/site\/wp-content\/uploads\/2022\/05\/PlazaRural-general2.jpg?resize=768%2C384&amp;ssl=1 768w, https:\/\/i0.wp.com\/lahoradelcampo.com.uy\/site\/wp-content\/uploads\/2022\/05\/PlazaRural-general2.jpg?resize=820%2C410&amp;ssl=1 820w\" sizes=\"auto, (max-width: 810px) 100vw, 810px\" \/><\/figure>\n\n\n\n<p>Plaza Rural ha comercializado 17.181 vacunos tras los dos primeros d\u00edas de ventas del remate 248 que concluye hoy viernes con m\u00e1s de 2.100 vacas de invernada, m\u00e1s de 3.100 vientres pre\u00f1ados, finalizando con vientres entorados, piezas de cr\u00eda y vientres de pedigree.<br><\/p>\n\n\n\n<p>Alejandro Zambrano, integrante del consorcio, dijo que \u00abfueron dos d\u00edas muy intensos, con muy buenas propuestas en todas las categor\u00edas\u00bb. Para lo que fue puntualmente las ventas de ayer, el consignatario marc\u00f3 que \u00aben las terneras, al igual que el remate pasado el volumen colocado fue m\u00e1s discrecional, se colocaron el 85% de lo que pas\u00f3 por pista, porque algunos lotes no pasaron\u00bb. <br><\/p>\n\n\n\n<p>En esta categor\u00eda, seg\u00fan el rematador, \u00abvenimos con el reflejo del primer remate de abril de Plaza que fue realmente excepcional para esa categor\u00eda y hoy el mercado est\u00e1 en otro nivel de precios, donde todo lo que no se vendi\u00f3 fue porque los vendedores ten\u00edan otra posici\u00f3n y no porque no hubiera inter\u00e9s\u00bb. <br><\/p>\n\n\n\n<p>En el caso de los lotes mixtos, se vendi\u00f3 el 92% y las vaquillonas de 1 a 2 a\u00f1os y m\u00e1s de 2 a\u00f1os \u00abdonde hab\u00eda una tremenda oferta y donde se vendi\u00f3 el 100% habla que se arm\u00f3 un muy lindo mercado\u00bb. <br><\/p>\n\n\n\n<figure class=\"wp-block-image\"><img data-recalc-dims=\"1\" loading=\"lazy\" decoding=\"async\" width=\"810\" height=\"504\" data-attachment-id=\"42035\" data-permalink=\"https:\/\/lahoradelcampo.com.uy\/site\/plaza-rural-comercializo-el-95-en-los-dos-primeros-dias-de-plaza-angus\/ftjzftpwuaq9bnl\/\" data-orig-file=\"https:\/\/i0.wp.com\/lahoradelcampo.com.uy\/site\/wp-content\/uploads\/2022\/05\/FTJzfTPWUAQ9bNl.jpg?fit=989%2C615&amp;ssl=1\" data-orig-size=\"989,615\" data-comments-opened=\"1\" data-image-meta=\"{&quot;aperture&quot;:&quot;0&quot;,&quot;credit&quot;:&quot;&quot;,&quot;camera&quot;:&quot;&quot;,&quot;caption&quot;:&quot;&quot;,&quot;created_timestamp&quot;:&quot;0&quot;,&quot;copyright&quot;:&quot;&quot;,&quot;focal_length&quot;:&quot;0&quot;,&quot;iso&quot;:&quot;0&quot;,&quot;shutter_speed&quot;:&quot;0&quot;,&quot;title&quot;:&quot;&quot;,&quot;orientation&quot;:&quot;0&quot;}\" data-image-title=\"FTJzfTPWUAQ9bNl\" data-image-description=\"\" data-image-caption=\"\" data-large-file=\"https:\/\/i0.wp.com\/lahoradelcampo.com.uy\/site\/wp-content\/uploads\/2022\/05\/FTJzfTPWUAQ9bNl.jpg?fit=810%2C504&amp;ssl=1\" src=\"https:\/\/i0.wp.com\/lahoradelcampo.com.uy\/site\/wp-content\/uploads\/2022\/05\/FTJzfTPWUAQ9bNl.jpg?resize=810%2C504\" alt=\"\" class=\"wp-image-42035\" srcset=\"https:\/\/i0.wp.com\/lahoradelcampo.com.uy\/site\/wp-content\/uploads\/2022\/05\/FTJzfTPWUAQ9bNl.jpg?w=989&amp;ssl=1 989w, https:\/\/i0.wp.com\/lahoradelcampo.com.uy\/site\/wp-content\/uploads\/2022\/05\/FTJzfTPWUAQ9bNl.jpg?resize=300%2C187&amp;ssl=1 300w, https:\/\/i0.wp.com\/lahoradelcampo.com.uy\/site\/wp-content\/uploads\/2022\/05\/FTJzfTPWUAQ9bNl.jpg?resize=768%2C478&amp;ssl=1 768w\" sizes=\"auto, (max-width: 810px) 100vw, 810px\" \/><\/figure>\n\n\n\n<p>Para la jornada de hoy se tendr\u00e1 \u00abuna muy buena oferta de ganados pre\u00f1ados, con algunas liquidaciones de vientres angus que llaman la atenci\u00f3n, es uno de los remates m\u00e1s voluminosos que tendremos en esta categor\u00eda\u00bb dijo el martillero. <\/p>\n\n\n\n<p>Salto, 20 de mayo de 2022<\/p>\n","protected":false},"excerpt":{"rendered":"<p>Plaza Rural ha comercializado 17.181 vacunos tras los dos primeros d\u00edas de ventas del remate 248 que concluye hoy viernes con m\u00e1s de 2.100 vacas de invernada, m\u00e1s de 3.100 [&hellip;]<\/p>\n","protected":false},"author":5,"featured_media":42037,"comment_status":"open","ping_status":"open","sticky":false,"template":"","format":"standard","meta":{"_price":"","_stock":"","_tribe_ticket_header":"","_tribe_default_ticket_provider":"","_tribe_ticket_capacity":"0","_ticket_start_date":"","_ticket_end_date":"","_tribe_ticket_show_description":"","_tribe_ticket_show_not_going":false,"_tribe_ticket_use_global_stock":"","_tribe_ticket_global_stock_level":"","_global_stock_mode":"","_global_stock_cap":"","_tribe_rsvp_for_event":"","_tribe_ticket_going_count":"","_tribe_ticket_not_going_count":"","_tribe_tickets_list":"[]","_tribe_ticket_has_attendee_info_fields":false,"h5ap_radio_sources":[],"_jetpack_newsletter_access":"","_jetpack_dont_email_post_to_subs":false,"_jetpack_newsletter_tier_id":0,"_jetpack_memberships_contains_paywalled_content":false,"_jetpack_memberships_contains_paid_content":false,"footnotes":""},"categories":[21,5],"tags":[],"class_list":["post-42033","post","type-post","status-publish","format-standard","has-post-thumbnail","hentry","category-actualidad","category-ganaderia"],"jetpack_featured_media_url":"https:\/\/i0.wp.com\/lahoradelcampo.com.uy\/site\/wp-content\/uploads\/2022\/05\/PlazaRural-general2.jpg?fit=880%2C440&ssl=1","jetpack_sharing_enabled":true,"jetpack_shortlink":"https:\/\/wp.me\/p99IaT-aVX","jetpack-related-posts":[{"id":20860,"url":"https:\/\/lahoradelcampo.com.uy\/site\/plaza-rural-coloco-el-904-de-la-oferta-en-los-dos-dias-de-ventas\/","url_meta":{"origin":42033,"position":0},"title":"Plaza Rural coloc\u00f3 el 90,4% de la oferta en los dos d\u00edas de ventas","author":"La Hora del Campo","date":"12 junio, 2020","format":false,"excerpt":"En sus dos primeros d\u00edas de actividad, en el remate 221, el consorcio de rematadores de Plaza Rural se encuentra registrando un remate con alto nivel de colocaci\u00f3n, con agilidad en los negocios, salvo en aquellos lotes provenientes de la zona declarada de emergencia agropecuaria. En la jornada de ayer,\u2026","rel":"","context":"En \u00abActualidad\u00bb","block_context":{"text":"Actualidad","link":"https:\/\/lahoradelcampo.com.uy\/site\/category\/actualidad\/"},"img":{"alt_text":"","src":"https:\/\/i0.wp.com\/lahoradelcampo.com.uy\/site\/wp-content\/uploads\/2017\/11\/Plaza.jpg?fit=880%2C440&ssl=1&resize=350%2C200","width":350,"height":200,"srcset":"https:\/\/i0.wp.com\/lahoradelcampo.com.uy\/site\/wp-content\/uploads\/2017\/11\/Plaza.jpg?fit=880%2C440&ssl=1&resize=350%2C200 1x, https:\/\/i0.wp.com\/lahoradelcampo.com.uy\/site\/wp-content\/uploads\/2017\/11\/Plaza.jpg?fit=880%2C440&ssl=1&resize=525%2C300 1.5x, https:\/\/i0.wp.com\/lahoradelcampo.com.uy\/site\/wp-content\/uploads\/2017\/11\/Plaza.jpg?fit=880%2C440&ssl=1&resize=700%2C400 2x"},"classes":[]},{"id":44043,"url":"https:\/\/lahoradelcampo.com.uy\/site\/plaza-rural-cerro-su-remate-250-con-el-97-de-ventas\/","url_meta":{"origin":42033,"position":1},"title":"Plaza Rural cerr\u00f3 su remate 250, con el 97% de ventas","author":"La Hora del Campo","date":"22 julio, 2022","format":false,"excerpt":"Plaza Rural cerr\u00f3 en la jornada de ayer su remate 250, festejando adem\u00e1s sus 21 a\u00f1os de actividad. Al finalizar la operativa, se coloc\u00f3 el 97% del total ofertado. El martillero Walter Hugo Abelenda, dijo que la jornada comenz\u00f3 con la venta de dos lotes de ovinos, \"se vendieron muy\u2026","rel":"","context":"En \u00abActualidad\u00bb","block_context":{"text":"Actualidad","link":"https:\/\/lahoradelcampo.com.uy\/site\/category\/actualidad\/"},"img":{"alt_text":"","src":"https:\/\/i0.wp.com\/lahoradelcampo.com.uy\/site\/wp-content\/uploads\/2022\/05\/PLazaRural-general.jpg?fit=880%2C440&ssl=1&resize=350%2C200","width":350,"height":200,"srcset":"https:\/\/i0.wp.com\/lahoradelcampo.com.uy\/site\/wp-content\/uploads\/2022\/05\/PLazaRural-general.jpg?fit=880%2C440&ssl=1&resize=350%2C200 1x, https:\/\/i0.wp.com\/lahoradelcampo.com.uy\/site\/wp-content\/uploads\/2022\/05\/PLazaRural-general.jpg?fit=880%2C440&ssl=1&resize=525%2C300 1.5x, https:\/\/i0.wp.com\/lahoradelcampo.com.uy\/site\/wp-content\/uploads\/2022\/05\/PLazaRural-general.jpg?fit=880%2C440&ssl=1&resize=700%2C400 2x"},"classes":[]},{"id":55998,"url":"https:\/\/lahoradelcampo.com.uy\/site\/plaza-rural-inicia-hoy-las-ventas-con-mas-de-7-000-terneros\/","url_meta":{"origin":42033,"position":2},"title":"Plaza Rural inicia hoy las ventas con m\u00e1s de 7.000 terneros","author":"La Hora del Campo","date":"24 abril, 2025","format":false,"excerpt":"Con un volumen significativo de m\u00e1s de 7.000 terneros, terneras y lotes mixtos, la segunda venta de abril de Plaza Rural, seg\u00fan lo anticip\u00f3 Francisco C\u00e1nepa, principal del escritorio Rub\u00e9n F. C\u00e1nepa, se llevar\u00e1 a cabo en dos jornadas, comenzando en el d\u00eda de hoy con las categor\u00edas mencionadas y\u2026","rel":"","context":"En \u00abActualidad\u00bb","block_context":{"text":"Actualidad","link":"https:\/\/lahoradelcampo.com.uy\/site\/category\/actualidad\/"},"img":{"alt_text":"","src":"https:\/\/i0.wp.com\/lahoradelcampo.com.uy\/site\/wp-content\/uploads\/2024\/07\/FranciscoCanepa.jpg?fit=880%2C440&ssl=1&resize=350%2C200","width":350,"height":200,"srcset":"https:\/\/i0.wp.com\/lahoradelcampo.com.uy\/site\/wp-content\/uploads\/2024\/07\/FranciscoCanepa.jpg?fit=880%2C440&ssl=1&resize=350%2C200 1x, https:\/\/i0.wp.com\/lahoradelcampo.com.uy\/site\/wp-content\/uploads\/2024\/07\/FranciscoCanepa.jpg?fit=880%2C440&ssl=1&resize=525%2C300 1.5x, https:\/\/i0.wp.com\/lahoradelcampo.com.uy\/site\/wp-content\/uploads\/2024\/07\/FranciscoCanepa.jpg?fit=880%2C440&ssl=1&resize=700%2C400 2x"},"classes":[]},{"id":30272,"url":"https:\/\/lahoradelcampo.com.uy\/site\/plaza-rural-comienza-hoy-su-remate-234-con-24-000-vacunos\/","url_meta":{"origin":42033,"position":3},"title":"Plaza Rural comienza hoy su remate 234, con 24.000 vacunos","author":"La Hora del Campo","date":"19 mayo, 2021","format":false,"excerpt":"A partir de la hora 9:00 y por tv cable e internet, comienza las ventas del remate 234 de Plaza Rural, que en esta oportunidad incluye el Plaza Angus, con ganados certificados por la Sociedad de Criadores de Aberdeen Angus del Uruguay. El remate que comienza hoy, se extender\u00e1 hasta\u2026","rel":"","context":"En \u00abActualidad\u00bb","block_context":{"text":"Actualidad","link":"https:\/\/lahoradelcampo.com.uy\/site\/category\/actualidad\/"},"img":{"alt_text":"","src":"https:\/\/i0.wp.com\/lahoradelcampo.com.uy\/site\/wp-content\/uploads\/2021\/02\/PLazarural.jpg?fit=880%2C440&ssl=1&resize=350%2C200","width":350,"height":200,"srcset":"https:\/\/i0.wp.com\/lahoradelcampo.com.uy\/site\/wp-content\/uploads\/2021\/02\/PLazarural.jpg?fit=880%2C440&ssl=1&resize=350%2C200 1x, https:\/\/i0.wp.com\/lahoradelcampo.com.uy\/site\/wp-content\/uploads\/2021\/02\/PLazarural.jpg?fit=880%2C440&ssl=1&resize=525%2C300 1.5x, https:\/\/i0.wp.com\/lahoradelcampo.com.uy\/site\/wp-content\/uploads\/2021\/02\/PLazarural.jpg?fit=880%2C440&ssl=1&resize=700%2C400 2x"},"classes":[]},{"id":28810,"url":"https:\/\/lahoradelcampo.com.uy\/site\/plaza-rural-coloco-el-95-de-la-oferta-del-remate-231\/","url_meta":{"origin":42033,"position":4},"title":"Plaza Rural coloc\u00f3 el 95% de la oferta del remate 231","author":"La Hora del Campo","date":"25 marzo, 2021","format":false,"excerpt":"El remate comenz\u00f3 la semana pasada y se desarroll\u00f3 durante 4 d\u00edas, finalizando el martes con 30.989 vacunos colocados, el 95% de la oferta y con importante repunte de los valores. Los vientres pre\u00f1ados fue la categor\u00eda con menos porcentaje de ventas (49%), los vientres entorados el 62% y las\u2026","rel":"","context":"En \u00abActualidad\u00bb","block_context":{"text":"Actualidad","link":"https:\/\/lahoradelcampo.com.uy\/site\/category\/actualidad\/"},"img":{"alt_text":"","src":"https:\/\/i0.wp.com\/lahoradelcampo.com.uy\/site\/wp-content\/uploads\/2021\/02\/PLazarural.jpg?fit=880%2C440&ssl=1&resize=350%2C200","width":350,"height":200,"srcset":"https:\/\/i0.wp.com\/lahoradelcampo.com.uy\/site\/wp-content\/uploads\/2021\/02\/PLazarural.jpg?fit=880%2C440&ssl=1&resize=350%2C200 1x, https:\/\/i0.wp.com\/lahoradelcampo.com.uy\/site\/wp-content\/uploads\/2021\/02\/PLazarural.jpg?fit=880%2C440&ssl=1&resize=525%2C300 1.5x, https:\/\/i0.wp.com\/lahoradelcampo.com.uy\/site\/wp-content\/uploads\/2021\/02\/PLazarural.jpg?fit=880%2C440&ssl=1&resize=700%2C400 2x"},"classes":[]},{"id":28702,"url":"https:\/\/lahoradelcampo.com.uy\/site\/en-las-tres-primeras-jornadas-de-ventas-plaza-rural-coloco-el-95\/","url_meta":{"origin":42033,"position":5},"title":"En las tres primeras jornadas de ventas Plaza Rural coloc\u00f3 el 95%","author":"La Hora del Campo","date":"22 marzo, 2021","format":false,"excerpt":"El consorcio de rematadores de Plaza Rural concret\u00f3 los tres primeros d\u00edas de ventas, con un 95% de colocaci\u00f3n de la oferta. El primer d\u00eda con las ventas de los terneros, el mercado se present\u00f3 fuerte al alza, con subas importantes respecto al remate anterior. En este sentido la demanda\u2026","rel":"","context":"En \u00abActualidad\u00bb","block_context":{"text":"Actualidad","link":"https:\/\/lahoradelcampo.com.uy\/site\/category\/actualidad\/"},"img":{"alt_text":"","src":"https:\/\/i0.wp.com\/lahoradelcampo.com.uy\/site\/wp-content\/uploads\/2021\/02\/PLazarural.jpg?fit=880%2C440&ssl=1&resize=350%2C200","width":350,"height":200,"srcset":"https:\/\/i0.wp.com\/lahoradelcampo.com.uy\/site\/wp-content\/uploads\/2021\/02\/PLazarural.jpg?fit=880%2C440&ssl=1&resize=350%2C200 1x, https:\/\/i0.wp.com\/lahoradelcampo.com.uy\/site\/wp-content\/uploads\/2021\/02\/PLazarural.jpg?fit=880%2C440&ssl=1&resize=525%2C300 1.5x, https:\/\/i0.wp.com\/lahoradelcampo.com.uy\/site\/wp-content\/uploads\/2021\/02\/PLazarural.jpg?fit=880%2C440&ssl=1&resize=700%2C400 2x"},"classes":[]}],"jetpack_likes_enabled":true,"_links":{"self":[{"href":"https:\/\/lahoradelcampo.com.uy\/site\/wp-json\/wp\/v2\/posts\/42033","targetHints":{"allow":["GET"]}}],"collection":[{"href":"https:\/\/lahoradelcampo.com.uy\/site\/wp-json\/wp\/v2\/posts"}],"about":[{"href":"https:\/\/lahoradelcampo.com.uy\/site\/wp-json\/wp\/v2\/types\/post"}],"author":[{"embeddable":true,"href":"https:\/\/lahoradelcampo.com.uy\/site\/wp-json\/wp\/v2\/users\/5"}],"replies":[{"embeddable":true,"href":"https:\/\/lahoradelcampo.com.uy\/site\/wp-json\/wp\/v2\/comments?post=42033"}],"version-history":[{"count":1,"href":"https:\/\/lahoradelcampo.com.uy\/site\/wp-json\/wp\/v2\/posts\/42033\/revisions"}],"predecessor-version":[{"id":42039,"href":"https:\/\/lahoradelcampo.com.uy\/site\/wp-json\/wp\/v2\/posts\/42033\/revisions\/42039"}],"wp:featuredmedia":[{"embeddable":true,"href":"https:\/\/lahoradelcampo.com.uy\/site\/wp-json\/wp\/v2\/media\/42037"}],"wp:attachment":[{"href":"https:\/\/lahoradelcampo.com.uy\/site\/wp-json\/wp\/v2\/media?parent=42033"}],"wp:term":[{"taxonomy":"category","embeddable":true,"href":"https:\/\/lahoradelcampo.com.uy\/site\/wp-json\/wp\/v2\/categories?post=42033"},{"taxonomy":"post_tag","embeddable":true,"href":"https:\/\/lahoradelcampo.com.uy\/site\/wp-json\/wp\/v2\/tags?post=42033"}],"curies":[{"name":"wp","href":"https:\/\/api.w.org\/{rel}","templated":true}]}}