{"id":42027,"date":"2022-05-19T10:11:58","date_gmt":"2022-05-19T13:11:58","guid":{"rendered":"http:\/\/lahoradelcampo.com.uy\/site\/?p=42027"},"modified":"2022-05-19T10:12:04","modified_gmt":"2022-05-19T13:12:04","slug":"clu-analiza-realizar-una-liquidacion-parcial-de-la-zafra-lanera","status":"publish","type":"post","link":"https:\/\/lahoradelcampo.com.uy\/site\/clu-analiza-realizar-una-liquidacion-parcial-de-la-zafra-lanera\/","title":{"rendered":"CLU analiza realizar una liquidaci\u00f3n parcial de la zafra lanera"},"content":{"rendered":"\n<figure class=\"wp-block-image\"><img data-recalc-dims=\"1\" loading=\"lazy\" decoding=\"async\" width=\"810\" height=\"405\" data-attachment-id=\"42029\" data-permalink=\"https:\/\/lahoradelcampo.com.uy\/site\/clu-analiza-realizar-una-liquidacion-parcial-de-la-zafra-lanera\/clu-diegosaavedra\/\" data-orig-file=\"https:\/\/i0.wp.com\/lahoradelcampo.com.uy\/site\/wp-content\/uploads\/2022\/05\/CLU-diegosaavedra.jpg?fit=880%2C440&amp;ssl=1\" data-orig-size=\"880,440\" data-comments-opened=\"1\" data-image-meta=\"{&quot;aperture&quot;:&quot;0&quot;,&quot;credit&quot;:&quot;&quot;,&quot;camera&quot;:&quot;&quot;,&quot;caption&quot;:&quot;&quot;,&quot;created_timestamp&quot;:&quot;0&quot;,&quot;copyright&quot;:&quot;&quot;,&quot;focal_length&quot;:&quot;0&quot;,&quot;iso&quot;:&quot;0&quot;,&quot;shutter_speed&quot;:&quot;0&quot;,&quot;title&quot;:&quot;&quot;,&quot;orientation&quot;:&quot;1&quot;}\" data-image-title=\"CLU-diegosaavedra\" data-image-description=\"\" data-image-caption=\"\" data-large-file=\"https:\/\/i0.wp.com\/lahoradelcampo.com.uy\/site\/wp-content\/uploads\/2022\/05\/CLU-diegosaavedra.jpg?fit=810%2C405&amp;ssl=1\" src=\"https:\/\/i0.wp.com\/lahoradelcampo.com.uy\/site\/wp-content\/uploads\/2022\/05\/CLU-diegosaavedra.jpg?resize=810%2C405\" alt=\"\" class=\"wp-image-42029\" srcset=\"https:\/\/i0.wp.com\/lahoradelcampo.com.uy\/site\/wp-content\/uploads\/2022\/05\/CLU-diegosaavedra.jpg?w=880&amp;ssl=1 880w, https:\/\/i0.wp.com\/lahoradelcampo.com.uy\/site\/wp-content\/uploads\/2022\/05\/CLU-diegosaavedra.jpg?resize=300%2C150&amp;ssl=1 300w, https:\/\/i0.wp.com\/lahoradelcampo.com.uy\/site\/wp-content\/uploads\/2022\/05\/CLU-diegosaavedra.jpg?resize=768%2C384&amp;ssl=1 768w, https:\/\/i0.wp.com\/lahoradelcampo.com.uy\/site\/wp-content\/uploads\/2022\/05\/CLU-diegosaavedra.jpg?resize=820%2C410&amp;ssl=1 820w\" sizes=\"auto, (max-width: 810px) 100vw, 810px\" \/><\/figure>\n\n\n\n<p>La situaci\u00f3n del mercado lanero ha mantenido su tendencia pr\u00e1cticamente toda la zafra, m\u00e1s all\u00e1 de un centavo m\u00e1s o un centavo menos. La demanda est\u00e1 focalizada en lanas merinas, principalmente de alta calidad y con certificaciones de sustentabilidad, en tanto que las lanas medias y gruesas han venido m\u00e1s demoradas en su colocaci\u00f3n y con bajos valores. <br><\/p>\n\n\n\n<p>Central Lanera Uruguaya como todas las zafras recibe lana de distintos puntos del pa\u00eds y al mismo tiempo de micronajes. El mecanismo de la gremial ha sido hist\u00f3ricamente comercializar la lana a nivel internacional y trasladar al mercado interno dichos valores, a trav\u00e9s de la liquidaci\u00f3n final al cierre de cada zafra. Este a\u00f1o debido al comportamiento del mercado y el menor volumen de lanas medias y gruesas comercializado, se ha venido analizando realizar una liquidaci\u00f3n parcial de aquellas lanas que se han colocado fluidamente y trasladar en el tiempo el pago de aquellas que a\u00fan no se han logrado comercializar. <br><\/p>\n\n\n\n<p>Diego Saavedra, Gerente de Central Lanera Uruguaya, consultado sobre el atraso en las ventas y por ende que se dilate en el tiempo la liquidaci\u00f3n final dijo \u00abes posible que s\u00ed, principalmente en las lanas medias y gruesas\u00bb. Indic\u00f3 que se analiza \u00abliquidar lo que son las lanas merino, que han tenido una comercializaci\u00f3n m\u00e1s fluida, y dejar el resto de las lanas un poco despu\u00e9s porque directamente no se han vendido\u00bb. <br><\/p>\n\n\n\n<p>Explic\u00f3 que \u00abesto es un planteo 100% cooperativo, no podemos estar pagando lanas que no se han vendido o que hay una proporci\u00f3n muy importante que no se ha podido comercializar\u00bb. <br><\/p>\n\n\n\n<p>Respecto al promedio de esta zafra, Saavedra dijo que \u00abeste ser\u00e1 un buen a\u00f1o, porque ha pasado de todo en esta zafra y adem\u00e1s cosas imprevisibles. Muchos productores que no quisieron vender por fuera hoy se encuentran con que el mercado est\u00e1 m\u00e1s cauteloso\u00bb. Remarc\u00f3 que las ventas \u00abobviamente vienen m\u00e1s atrasadas que lo normal, porque estamos lejos de una demanda normal\u00bb. <\/p>\n\n\n\n<p>Salto, 19 de mayo de 2022<\/p>\n","protected":false},"excerpt":{"rendered":"<p>La situaci\u00f3n del mercado lanero ha mantenido su tendencia pr\u00e1cticamente toda la zafra, m\u00e1s all\u00e1 de un centavo m\u00e1s o un centavo menos. La demanda est\u00e1 focalizada en lanas merinas, [&hellip;]<\/p>\n","protected":false},"author":5,"featured_media":42029,"comment_status":"open","ping_status":"open","sticky":false,"template":"","format":"standard","meta":{"_price":"","_stock":"","_tribe_ticket_header":"","_tribe_default_ticket_provider":"","_tribe_ticket_capacity":"0","_ticket_start_date":"","_ticket_end_date":"","_tribe_ticket_show_description":"","_tribe_ticket_show_not_going":false,"_tribe_ticket_use_global_stock":"","_tribe_ticket_global_stock_level":"","_global_stock_mode":"","_global_stock_cap":"","_tribe_rsvp_for_event":"","_tribe_ticket_going_count":"","_tribe_ticket_not_going_count":"","_tribe_tickets_list":"[]","_tribe_ticket_has_attendee_info_fields":false,"h5ap_radio_sources":[],"_jetpack_newsletter_access":"","_jetpack_dont_email_post_to_subs":false,"_jetpack_newsletter_tier_id":0,"_jetpack_memberships_contains_paywalled_content":false,"_jetpack_memberships_contains_paid_content":false,"footnotes":""},"categories":[21,13],"tags":[],"class_list":["post-42027","post","type-post","status-publish","format-standard","has-post-thumbnail","hentry","category-actualidad","category-ovinos"],"jetpack_featured_media_url":"https:\/\/i0.wp.com\/lahoradelcampo.com.uy\/site\/wp-content\/uploads\/2022\/05\/CLU-diegosaavedra.jpg?fit=880%2C440&ssl=1","jetpack_sharing_enabled":true,"jetpack_shortlink":"https:\/\/wp.me\/p99IaT-aVR","jetpack-related-posts":[{"id":45407,"url":"https:\/\/lahoradelcampo.com.uy\/site\/mercado-lanero-uruguayo-nominal\/","url_meta":{"origin":42027,"position":0},"title":"Mercado lanero uruguayo: Nominal","author":"La Hora del Campo","date":"9 septiembre, 2022","format":false,"excerpt":"La ca\u00edda del IME a nivel internacional ha pausado hasta las expectativas de alg\u00fan posible negocio esta semana. En algunos casos productores con alguna expectativa y\/o necesidad de venta de su lote de lana en el corto plazo, informaron a Faxlana que el lunes la propuesta de valores de una\u2026","rel":"","context":"En \u00abActualidad\u00bb","block_context":{"text":"Actualidad","link":"https:\/\/lahoradelcampo.com.uy\/site\/category\/actualidad\/"},"img":{"alt_text":"","src":"https:\/\/i0.wp.com\/lahoradelcampo.com.uy\/site\/wp-content\/uploads\/2019\/05\/Lana-esquila.jpg?fit=880%2C440&ssl=1&resize=350%2C200","width":350,"height":200,"srcset":"https:\/\/i0.wp.com\/lahoradelcampo.com.uy\/site\/wp-content\/uploads\/2019\/05\/Lana-esquila.jpg?fit=880%2C440&ssl=1&resize=350%2C200 1x, https:\/\/i0.wp.com\/lahoradelcampo.com.uy\/site\/wp-content\/uploads\/2019\/05\/Lana-esquila.jpg?fit=880%2C440&ssl=1&resize=525%2C300 1.5x, https:\/\/i0.wp.com\/lahoradelcampo.com.uy\/site\/wp-content\/uploads\/2019\/05\/Lana-esquila.jpg?fit=880%2C440&ssl=1&resize=700%2C400 2x"},"classes":[]},{"id":56122,"url":"https:\/\/lahoradelcampo.com.uy\/site\/mercado-lanero-estable-al-cierre-de-zafra-con-alto-nivel-de-colocacion-en-lanas-medias\/","url_meta":{"origin":42027,"position":1},"title":"Mercado lanero estable al cierre de zafra, con alto nivel de colocaci\u00f3n en lanas medias","author":"La Hora del Campo","date":"25 mayo, 2025","format":false,"excerpt":"La zafra de lana en Uruguay y Australia se encuentra en su fase de cierre, marcando un per\u00edodo que, seg\u00fan los expertos, se ha desarrollado con relativa tranquilidad y estabilidad en el mercado. Santiago Onandi, presidente de la Uni\u00f3n de Consignatarios y Rematadores de Lana del Uruguay y encargado del\u2026","rel":"","context":"En \u00abActualidad\u00bb","block_context":{"text":"Actualidad","link":"https:\/\/lahoradelcampo.com.uy\/site\/category\/actualidad\/"},"img":{"alt_text":"","src":"https:\/\/i0.wp.com\/lahoradelcampo.com.uy\/site\/wp-content\/uploads\/2025\/05\/SantiagoOnandi-1.jpg?fit=880%2C440&ssl=1&resize=350%2C200","width":350,"height":200,"srcset":"https:\/\/i0.wp.com\/lahoradelcampo.com.uy\/site\/wp-content\/uploads\/2025\/05\/SantiagoOnandi-1.jpg?fit=880%2C440&ssl=1&resize=350%2C200 1x, https:\/\/i0.wp.com\/lahoradelcampo.com.uy\/site\/wp-content\/uploads\/2025\/05\/SantiagoOnandi-1.jpg?fit=880%2C440&ssl=1&resize=525%2C300 1.5x, https:\/\/i0.wp.com\/lahoradelcampo.com.uy\/site\/wp-content\/uploads\/2025\/05\/SantiagoOnandi-1.jpg?fit=880%2C440&ssl=1&resize=700%2C400 2x"},"classes":[]},{"id":6729,"url":"https:\/\/lahoradelcampo.com.uy\/site\/centra-lanera-y-calsal-liquidaron-el-100-de-la-lana-de-la-zafra-201718\/","url_meta":{"origin":42027,"position":2},"title":"Centra Lanera y Calsal liquidaron el 100% de la lana de la zafra 2017\/18","author":"La Hora del Campo","date":"28 abril, 2018","format":false,"excerpt":"Las cooperativas Central Lanera Uruguaya y Calsal realizaron en la jornada de ayer la liquidaci\u00f3n de la zafra lanera 2017\/2018 a sus productores remitentes, pag\u00e1ndose el 100% de la lana. Central Lanera ratific\u00f3 su compromiso de premiar a sus productores con bonificaciones y sobreprecios por esquila temprana, acondicionada y que\u2026","rel":"","context":"En \u00abActualidad\u00bb","block_context":{"text":"Actualidad","link":"https:\/\/lahoradelcampo.com.uy\/site\/category\/actualidad\/"},"img":{"alt_text":"","src":"https:\/\/i0.wp.com\/lahoradelcampo.com.uy\/site\/wp-content\/uploads\/2018\/05\/calsal.jpg?fit=880%2C440&ssl=1&resize=350%2C200","width":350,"height":200,"srcset":"https:\/\/i0.wp.com\/lahoradelcampo.com.uy\/site\/wp-content\/uploads\/2018\/05\/calsal.jpg?fit=880%2C440&ssl=1&resize=350%2C200 1x, https:\/\/i0.wp.com\/lahoradelcampo.com.uy\/site\/wp-content\/uploads\/2018\/05\/calsal.jpg?fit=880%2C440&ssl=1&resize=525%2C300 1.5x, https:\/\/i0.wp.com\/lahoradelcampo.com.uy\/site\/wp-content\/uploads\/2018\/05\/calsal.jpg?fit=880%2C440&ssl=1&resize=700%2C400 2x"},"classes":[]},{"id":57210,"url":"https:\/\/lahoradelcampo.com.uy\/site\/se-lleva-vendido-un-43-mas-de-lana-que-en-la-zafra-pasada\/","url_meta":{"origin":42027,"position":3},"title":"Se lleva vendido un 43% m\u00e1s de lana que en la zafra pasada","author":"La Hora del Campo","date":"2 marzo, 2026","format":false,"excerpt":"La actual zafra lanera 2025\/2026, lleva acumulado un total de 3.451.905 kilos de lana entre julio de 2025 y febrero de este a\u00f1o, registr\u00e1ndose as\u00ed una facturaci\u00f3n de US$ 20.503.664, seg\u00fan la informaci\u00f3n brindada por productores, consignatarios y representantes de las industrias, tanto al Secretariado Uruguayo de la Lana (SUL)\u2026","rel":"","context":"En \u00abActualidad\u00bb","block_context":{"text":"Actualidad","link":"https:\/\/lahoradelcampo.com.uy\/site\/category\/actualidad\/"},"img":{"alt_text":"","src":"https:\/\/i0.wp.com\/lahoradelcampo.com.uy\/site\/wp-content\/uploads\/2025\/11\/lana-uruguay-2.jpg?fit=1200%2C900&ssl=1&resize=350%2C200","width":350,"height":200,"srcset":"https:\/\/i0.wp.com\/lahoradelcampo.com.uy\/site\/wp-content\/uploads\/2025\/11\/lana-uruguay-2.jpg?fit=1200%2C900&ssl=1&resize=350%2C200 1x, https:\/\/i0.wp.com\/lahoradelcampo.com.uy\/site\/wp-content\/uploads\/2025\/11\/lana-uruguay-2.jpg?fit=1200%2C900&ssl=1&resize=525%2C300 1.5x, https:\/\/i0.wp.com\/lahoradelcampo.com.uy\/site\/wp-content\/uploads\/2025\/11\/lana-uruguay-2.jpg?fit=1200%2C900&ssl=1&resize=700%2C400 2x, https:\/\/i0.wp.com\/lahoradelcampo.com.uy\/site\/wp-content\/uploads\/2025\/11\/lana-uruguay-2.jpg?fit=1200%2C900&ssl=1&resize=1050%2C600 3x"},"classes":[]},{"id":45375,"url":"https:\/\/lahoradelcampo.com.uy\/site\/clu-comenzo-a-liquidar-las-lanas-medias-y-gruesas-de-la-ultima-zafra\/","url_meta":{"origin":42027,"position":4},"title":"CLU comenz\u00f3 a liquidar las lanas medias y gruesas de la \u00faltima zafra","author":"La Hora del Campo","date":"8 septiembre, 2022","format":false,"excerpt":"Central Lanera Uruguaya (CLU) realiz\u00f3 una liquidaci\u00f3n parcial en mayo de las lanas remitidas a la cooperativa durante la \u00faltima zafra, en tanto que esta semana comenz\u00f3 a realizar el pago del resto de los micronajes que a esa fecha se encontraban con un alto porcentaje a\u00fan sin colocaci\u00f3n. Recordemos\u2026","rel":"","context":"En \u00abActualidad\u00bb","block_context":{"text":"Actualidad","link":"https:\/\/lahoradelcampo.com.uy\/site\/category\/actualidad\/"},"img":{"alt_text":"","src":"https:\/\/i0.wp.com\/lahoradelcampo.com.uy\/site\/wp-content\/uploads\/2022\/05\/CLU-diegosaavedra.jpg?fit=880%2C440&ssl=1&resize=350%2C200","width":350,"height":200,"srcset":"https:\/\/i0.wp.com\/lahoradelcampo.com.uy\/site\/wp-content\/uploads\/2022\/05\/CLU-diegosaavedra.jpg?fit=880%2C440&ssl=1&resize=350%2C200 1x, https:\/\/i0.wp.com\/lahoradelcampo.com.uy\/site\/wp-content\/uploads\/2022\/05\/CLU-diegosaavedra.jpg?fit=880%2C440&ssl=1&resize=525%2C300 1.5x, https:\/\/i0.wp.com\/lahoradelcampo.com.uy\/site\/wp-content\/uploads\/2022\/05\/CLU-diegosaavedra.jpg?fit=880%2C440&ssl=1&resize=700%2C400 2x"},"classes":[]},{"id":32326,"url":"https:\/\/lahoradelcampo.com.uy\/site\/una-zafra-lanera-muy-particular-y-complicada\/","url_meta":{"origin":42027,"position":5},"title":"Una zafra lanera muy particular y complicada","author":"La Hora del Campo","date":"23 julio, 2021","format":false,"excerpt":"Con el mes de junio cerr\u00f3 la zafra lanera 2020\/21, la cual fue de menos a m\u00e1s en las lanas finas y fue dif\u00edcil para las lanas medias a gruesas. Si se observan los negocios informados mes a mes, tanto por los consignatarios laneros como por el Secretariado Uruguayo de\u2026","rel":"","context":"En \u00abActualidad\u00bb","block_context":{"text":"Actualidad","link":"https:\/\/lahoradelcampo.com.uy\/site\/category\/actualidad\/"},"img":{"alt_text":"","src":"https:\/\/i0.wp.com\/lahoradelcampo.com.uy\/site\/wp-content\/uploads\/2020\/09\/RicardoStewart.jpg?fit=880%2C440&ssl=1&resize=350%2C200","width":350,"height":200,"srcset":"https:\/\/i0.wp.com\/lahoradelcampo.com.uy\/site\/wp-content\/uploads\/2020\/09\/RicardoStewart.jpg?fit=880%2C440&ssl=1&resize=350%2C200 1x, https:\/\/i0.wp.com\/lahoradelcampo.com.uy\/site\/wp-content\/uploads\/2020\/09\/RicardoStewart.jpg?fit=880%2C440&ssl=1&resize=525%2C300 1.5x, https:\/\/i0.wp.com\/lahoradelcampo.com.uy\/site\/wp-content\/uploads\/2020\/09\/RicardoStewart.jpg?fit=880%2C440&ssl=1&resize=700%2C400 2x"},"classes":[]}],"jetpack_likes_enabled":true,"_links":{"self":[{"href":"https:\/\/lahoradelcampo.com.uy\/site\/wp-json\/wp\/v2\/posts\/42027","targetHints":{"allow":["GET"]}}],"collection":[{"href":"https:\/\/lahoradelcampo.com.uy\/site\/wp-json\/wp\/v2\/posts"}],"about":[{"href":"https:\/\/lahoradelcampo.com.uy\/site\/wp-json\/wp\/v2\/types\/post"}],"author":[{"embeddable":true,"href":"https:\/\/lahoradelcampo.com.uy\/site\/wp-json\/wp\/v2\/users\/5"}],"replies":[{"embeddable":true,"href":"https:\/\/lahoradelcampo.com.uy\/site\/wp-json\/wp\/v2\/comments?post=42027"}],"version-history":[{"count":1,"href":"https:\/\/lahoradelcampo.com.uy\/site\/wp-json\/wp\/v2\/posts\/42027\/revisions"}],"predecessor-version":[{"id":42031,"href":"https:\/\/lahoradelcampo.com.uy\/site\/wp-json\/wp\/v2\/posts\/42027\/revisions\/42031"}],"wp:featuredmedia":[{"embeddable":true,"href":"https:\/\/lahoradelcampo.com.uy\/site\/wp-json\/wp\/v2\/media\/42029"}],"wp:attachment":[{"href":"https:\/\/lahoradelcampo.com.uy\/site\/wp-json\/wp\/v2\/media?parent=42027"}],"wp:term":[{"taxonomy":"category","embeddable":true,"href":"https:\/\/lahoradelcampo.com.uy\/site\/wp-json\/wp\/v2\/categories?post=42027"},{"taxonomy":"post_tag","embeddable":true,"href":"https:\/\/lahoradelcampo.com.uy\/site\/wp-json\/wp\/v2\/tags?post=42027"}],"curies":[{"name":"wp","href":"https:\/\/api.w.org\/{rel}","templated":true}]}}