{"id":42021,"date":"2022-05-19T10:08:46","date_gmt":"2022-05-19T13:08:46","guid":{"rendered":"http:\/\/lahoradelcampo.com.uy\/site\/?p=42021"},"modified":"2022-05-19T10:08:52","modified_gmt":"2022-05-19T13:08:52","slug":"inac-participo-de-la-cumbre-de-la-industria-alimentaria-global","status":"publish","type":"post","link":"https:\/\/lahoradelcampo.com.uy\/site\/inac-participo-de-la-cumbre-de-la-industria-alimentaria-global\/","title":{"rendered":"INAC particip\u00f3 de la Cumbre de la Industria Alimentaria Global"},"content":{"rendered":"\n<figure class=\"wp-block-image\"><img data-recalc-dims=\"1\" loading=\"lazy\" decoding=\"async\" width=\"810\" height=\"405\" data-attachment-id=\"42023\" data-permalink=\"https:\/\/lahoradelcampo.com.uy\/site\/inac-participo-de-la-cumbre-de-la-industria-alimentaria-global\/inac-sial-china\/\" data-orig-file=\"https:\/\/i0.wp.com\/lahoradelcampo.com.uy\/site\/wp-content\/uploads\/2022\/05\/INAC-Sial-China.jpg?fit=880%2C440&amp;ssl=1\" data-orig-size=\"880,440\" data-comments-opened=\"1\" data-image-meta=\"{&quot;aperture&quot;:&quot;0&quot;,&quot;credit&quot;:&quot;&quot;,&quot;camera&quot;:&quot;&quot;,&quot;caption&quot;:&quot;&quot;,&quot;created_timestamp&quot;:&quot;0&quot;,&quot;copyright&quot;:&quot;&quot;,&quot;focal_length&quot;:&quot;0&quot;,&quot;iso&quot;:&quot;0&quot;,&quot;shutter_speed&quot;:&quot;0&quot;,&quot;title&quot;:&quot;&quot;,&quot;orientation&quot;:&quot;1&quot;}\" data-image-title=\"INAC-Sial China\" data-image-description=\"\" data-image-caption=\"\" data-large-file=\"https:\/\/i0.wp.com\/lahoradelcampo.com.uy\/site\/wp-content\/uploads\/2022\/05\/INAC-Sial-China.jpg?fit=810%2C405&amp;ssl=1\" src=\"https:\/\/i0.wp.com\/lahoradelcampo.com.uy\/site\/wp-content\/uploads\/2022\/05\/INAC-Sial-China.jpg?resize=810%2C405\" alt=\"\" class=\"wp-image-42023\" srcset=\"https:\/\/i0.wp.com\/lahoradelcampo.com.uy\/site\/wp-content\/uploads\/2022\/05\/INAC-Sial-China.jpg?w=880&amp;ssl=1 880w, https:\/\/i0.wp.com\/lahoradelcampo.com.uy\/site\/wp-content\/uploads\/2022\/05\/INAC-Sial-China.jpg?resize=300%2C150&amp;ssl=1 300w, https:\/\/i0.wp.com\/lahoradelcampo.com.uy\/site\/wp-content\/uploads\/2022\/05\/INAC-Sial-China.jpg?resize=768%2C384&amp;ssl=1 768w, https:\/\/i0.wp.com\/lahoradelcampo.com.uy\/site\/wp-content\/uploads\/2022\/05\/INAC-Sial-China.jpg?resize=820%2C410&amp;ssl=1 820w\" sizes=\"auto, (max-width: 810px) 100vw, 810px\" \/><\/figure>\n\n\n\n<p>En la jornada de ayer, mi\u00e9rcoles 18 de mayo, el Instituto Nacional de Carnes (INAC) realiz\u00f3 una presentaci\u00f3n de la producci\u00f3n y exportaci\u00f3n de carnes uruguayas a China, con una audiencia online de veinte mil personas. La gerente de la oficina del instituto en Asia, Victoria Cai, fue la encargada de realizar la informaci\u00f3n en el marco de la \u00abCumbre de la Industria Alimentaria Global de SIAL\u00bb, que se desarrolla hasta ma\u00f1ana 20 de mayo.<br><\/p>\n\n\n\n<p>Esta cumbre forma parte de la feria SIAL, que se desarrollar\u00eda en Shangh\u00e1i pero debido a los casos de covid se ha pospuesto para el mes de diciembre. Los organizadores del evento decidieron realizar esta cumbre de forma online, con la presencia de expositores de distintos puntos del mundo. <br><\/p>\n\n\n\n<p>Dicha cumbre lleva el lema \u00abProgresando juntos, Prosperando juntos\u00bb, re\u00fane a expertos y l\u00edderes de la industria a nivel mundial y presenta, entre otros temas, las tendencias minoristas de alimentos globales y discute las estrategias de las cadenas de suministro ante la desafiante din\u00e1mica actual. <br><\/p>\n\n\n\n<p>La presentaci\u00f3n del Instituto Nacional de Carnes estuvo centrada en aportar \u00abuna actualizaci\u00f3n de la producci\u00f3n de carnes de Uruguay, su foco exportador a China y las potenciales oportunidades a desarrollar\u00bb. <\/p>\n\n\n\n<p>Salto, 19 de mayo de 2022<\/p>\n","protected":false},"excerpt":{"rendered":"<p>En la jornada de ayer, mi\u00e9rcoles 18 de mayo, el Instituto Nacional de Carnes (INAC) realiz\u00f3 una presentaci\u00f3n de la producci\u00f3n y exportaci\u00f3n de carnes uruguayas a China, con una [&hellip;]<\/p>\n","protected":false},"author":5,"featured_media":42023,"comment_status":"open","ping_status":"open","sticky":false,"template":"","format":"standard","meta":{"_price":"","_stock":"","_tribe_ticket_header":"","_tribe_default_ticket_provider":"","_tribe_ticket_capacity":"0","_ticket_start_date":"","_ticket_end_date":"","_tribe_ticket_show_description":"","_tribe_ticket_show_not_going":false,"_tribe_ticket_use_global_stock":"","_tribe_ticket_global_stock_level":"","_global_stock_mode":"","_global_stock_cap":"","_tribe_rsvp_for_event":"","_tribe_ticket_going_count":"","_tribe_ticket_not_going_count":"","_tribe_tickets_list":"[]","_tribe_ticket_has_attendee_info_fields":false,"h5ap_radio_sources":[],"_jetpack_newsletter_access":"","_jetpack_dont_email_post_to_subs":false,"_jetpack_newsletter_tier_id":0,"_jetpack_memberships_contains_paywalled_content":false,"_jetpack_memberships_contains_paid_content":false,"footnotes":""},"categories":[21,5],"tags":[],"class_list":["post-42021","post","type-post","status-publish","format-standard","has-post-thumbnail","hentry","category-actualidad","category-ganaderia"],"jetpack_featured_media_url":"https:\/\/i0.wp.com\/lahoradelcampo.com.uy\/site\/wp-content\/uploads\/2022\/05\/INAC-Sial-China.jpg?fit=880%2C440&ssl=1","jetpack_sharing_enabled":true,"jetpack_shortlink":"https:\/\/wp.me\/p99IaT-aVL","jetpack-related-posts":[{"id":50433,"url":"https:\/\/lahoradelcampo.com.uy\/site\/uruguay-invitado-de-honor-en-la-cumbre-mundial-de-la-industria-alimentaria\/","url_meta":{"origin":42021,"position":0},"title":"Uruguay: invitado de honor en la Cumbre Mundial de la Industria Alimentaria","author":"La Hora del Campo","date":"19 mayo, 2023","format":false,"excerpt":"Uruguay ha sido reconocido como pa\u00eds invitado de honor en la Expo Sial China, celebrada en Shangh\u00e1i, en el marco de la Cumbre Mundial de la Industria Alimentaria (SIAL). El ministro Fernando Mattos particip\u00f3 en la inauguraci\u00f3n de este importante evento, representando a Uruguay y aprovechando la ocasi\u00f3n para agradecer\u2026","rel":"","context":"En \u00abActualidad\u00bb","block_context":{"text":"Actualidad","link":"https:\/\/lahoradelcampo.com.uy\/site\/category\/actualidad\/"},"img":{"alt_text":"","src":"https:\/\/i0.wp.com\/lahoradelcampo.com.uy\/site\/wp-content\/uploads\/2023\/05\/Mattos-SialShanghai.jpg?fit=880%2C440&ssl=1&resize=350%2C200","width":350,"height":200,"srcset":"https:\/\/i0.wp.com\/lahoradelcampo.com.uy\/site\/wp-content\/uploads\/2023\/05\/Mattos-SialShanghai.jpg?fit=880%2C440&ssl=1&resize=350%2C200 1x, https:\/\/i0.wp.com\/lahoradelcampo.com.uy\/site\/wp-content\/uploads\/2023\/05\/Mattos-SialShanghai.jpg?fit=880%2C440&ssl=1&resize=525%2C300 1.5x, https:\/\/i0.wp.com\/lahoradelcampo.com.uy\/site\/wp-content\/uploads\/2023\/05\/Mattos-SialShanghai.jpg?fit=880%2C440&ssl=1&resize=700%2C400 2x"},"classes":[]},{"id":50475,"url":"https:\/\/lahoradelcampo.com.uy\/site\/exitosa-agenda-desarrollada-por-inac-en-la-expo-sial-shanghai\/","url_meta":{"origin":42021,"position":1},"title":"Exitosa agenda desarrollada por INAC en la Expo Sial Shanghai","author":"La Hora del Campo","date":"20 mayo, 2023","format":false,"excerpt":"La delegaci\u00f3n de Uruguay ha estado llevando a cabo una serie de actividades promocionales en Shanghai como parte de su participaci\u00f3n en la feria Sial China 2023. INAC (Instituto Nacional de Carnes) ha planeado una participaci\u00f3n destacada en el \"La Cuisine\", un show culinario donde la carne es el ingrediente\u2026","rel":"","context":"En \u00abActualidad\u00bb","block_context":{"text":"Actualidad","link":"https:\/\/lahoradelcampo.com.uy\/site\/category\/actualidad\/"},"img":{"alt_text":"","src":"https:\/\/i0.wp.com\/lahoradelcampo.com.uy\/site\/wp-content\/uploads\/2023\/05\/INAC-SialShanghai.jpg?fit=880%2C440&ssl=1&resize=350%2C200","width":350,"height":200,"srcset":"https:\/\/i0.wp.com\/lahoradelcampo.com.uy\/site\/wp-content\/uploads\/2023\/05\/INAC-SialShanghai.jpg?fit=880%2C440&ssl=1&resize=350%2C200 1x, https:\/\/i0.wp.com\/lahoradelcampo.com.uy\/site\/wp-content\/uploads\/2023\/05\/INAC-SialShanghai.jpg?fit=880%2C440&ssl=1&resize=525%2C300 1.5x, https:\/\/i0.wp.com\/lahoradelcampo.com.uy\/site\/wp-content\/uploads\/2023\/05\/INAC-SialShanghai.jpg?fit=880%2C440&ssl=1&resize=700%2C400 2x"},"classes":[]},{"id":7029,"url":"https:\/\/lahoradelcampo.com.uy\/site\/25-empresas-participaran-de-sial-china-2018\/","url_meta":{"origin":42021,"position":2},"title":"25 empresas participaran de Sial China 2018","author":"La Hora del Campo","date":"10 mayo, 2018","format":false,"excerpt":"El pr\u00f3ximo 16 de mayo comenzar\u00e1 en Shanghai la feria de alimentos y bebidas: Sial China 2018, en la cual participar\u00e1 nuevamente el Instituto Nacional de Carnes con un stand de 512 metros cuadrados, el cual albergar\u00e1 a 25 empresas uruguayas que estar\u00e1n presentes. Uruguay participa de esta feria desde\u2026","rel":"","context":"En \u00abActualidad\u00bb","block_context":{"text":"Actualidad","link":"https:\/\/lahoradelcampo.com.uy\/site\/category\/actualidad\/"},"img":{"alt_text":"","src":"https:\/\/i0.wp.com\/lahoradelcampo.com.uy\/site\/wp-content\/uploads\/2018\/05\/Inac.jpg?fit=880%2C440&ssl=1&resize=350%2C200","width":350,"height":200,"srcset":"https:\/\/i0.wp.com\/lahoradelcampo.com.uy\/site\/wp-content\/uploads\/2018\/05\/Inac.jpg?fit=880%2C440&ssl=1&resize=350%2C200 1x, https:\/\/i0.wp.com\/lahoradelcampo.com.uy\/site\/wp-content\/uploads\/2018\/05\/Inac.jpg?fit=880%2C440&ssl=1&resize=525%2C300 1.5x, https:\/\/i0.wp.com\/lahoradelcampo.com.uy\/site\/wp-content\/uploads\/2018\/05\/Inac.jpg?fit=880%2C440&ssl=1&resize=700%2C400 2x"},"classes":[]},{"id":10591,"url":"https:\/\/lahoradelcampo.com.uy\/site\/30-empresas-frigorificas-y-brokers-uruguayos-estaran-en-el-sial-china-2019\/","url_meta":{"origin":42021,"position":3},"title":"30 empresas frigor\u00edficas y brokers uruguayos estar\u00e1n en el SIAL China 2019","author":"La Hora del Campo","date":"7 mayo, 2019","format":false,"excerpt":"Del 14 al 16 de mayo se realizar\u00e1 en Shangai la feria Sial China con la participaci\u00f3n de los principales pa\u00edses exportadores de carne hacia el gigante asi\u00e1tico, en un encuentro que marca el momento de los negocios hacia el mercado m\u00e1s importante en la actualidad para las carnes uruguayas.\u2026","rel":"","context":"En \u00abActualidad\u00bb","block_context":{"text":"Actualidad","link":"https:\/\/lahoradelcampo.com.uy\/site\/category\/actualidad\/"},"img":{"alt_text":"","src":"https:\/\/i0.wp.com\/lahoradelcampo.com.uy\/site\/wp-content\/uploads\/2019\/05\/SIAL-China.jpg?fit=880%2C440&ssl=1&resize=350%2C200","width":350,"height":200,"srcset":"https:\/\/i0.wp.com\/lahoradelcampo.com.uy\/site\/wp-content\/uploads\/2019\/05\/SIAL-China.jpg?fit=880%2C440&ssl=1&resize=350%2C200 1x, https:\/\/i0.wp.com\/lahoradelcampo.com.uy\/site\/wp-content\/uploads\/2019\/05\/SIAL-China.jpg?fit=880%2C440&ssl=1&resize=525%2C300 1.5x, https:\/\/i0.wp.com\/lahoradelcampo.com.uy\/site\/wp-content\/uploads\/2019\/05\/SIAL-China.jpg?fit=880%2C440&ssl=1&resize=700%2C400 2x"},"classes":[]},{"id":30348,"url":"https:\/\/lahoradelcampo.com.uy\/site\/sial-china-compradores-preguntan-sobre-el-problema-del-etiquetado-de-las-carnes\/","url_meta":{"origin":42021,"position":4},"title":"SIAL China: Compradores preguntan sobre el problema del etiquetado de las carnes","author":"La Hora del Campo","date":"20 mayo, 2021","format":false,"excerpt":"M\u00e1s all\u00e1 de la pandemia y los problemas de traslado, Uruguay mantiene su pol\u00edtica de estar presente en las ferias alimenticias de China con sus principales productos de exportaci\u00f3n. En este sentido ante la ausencia de Brasil y Argentina, el stand de Uruguay es el nexo con los pa\u00edses del\u2026","rel":"","context":"En \u00abActualidad\u00bb","block_context":{"text":"Actualidad","link":"https:\/\/lahoradelcampo.com.uy\/site\/category\/actualidad\/"},"img":{"alt_text":"","src":"https:\/\/i0.wp.com\/lahoradelcampo.com.uy\/site\/wp-content\/uploads\/2021\/05\/SIALChina.jpg?fit=880%2C440&ssl=1&resize=350%2C200","width":350,"height":200,"srcset":"https:\/\/i0.wp.com\/lahoradelcampo.com.uy\/site\/wp-content\/uploads\/2021\/05\/SIALChina.jpg?fit=880%2C440&ssl=1&resize=350%2C200 1x, https:\/\/i0.wp.com\/lahoradelcampo.com.uy\/site\/wp-content\/uploads\/2021\/05\/SIALChina.jpg?fit=880%2C440&ssl=1&resize=525%2C300 1.5x, https:\/\/i0.wp.com\/lahoradelcampo.com.uy\/site\/wp-content\/uploads\/2021\/05\/SIALChina.jpg?fit=880%2C440&ssl=1&resize=700%2C400 2x"},"classes":[]},{"id":24154,"url":"https:\/\/lahoradelcampo.com.uy\/site\/hoy-cierra-la-sial-china-en-shangai\/","url_meta":{"origin":42021,"position":5},"title":"Hoy cierra la SIAL China en Shangai","author":"La Hora del Campo","date":"30 septiembre, 2020","format":false,"excerpt":"Uruguay es el \u00fanico pa\u00eds de la regi\u00f3n que participa con un stand institucional en el marco de la Expo SIAL China 2020, que se desarroll\u00f3 en los \u00faltimos tres d\u00edas y finaliza en esta jornada en la ciudad de Shanga\u00ed. En el predio del National Exhibition and Convention Center,\u2026","rel":"","context":"En \u00abActualidad\u00bb","block_context":{"text":"Actualidad","link":"https:\/\/lahoradelcampo.com.uy\/site\/category\/actualidad\/"},"img":{"alt_text":"","src":"https:\/\/i0.wp.com\/lahoradelcampo.com.uy\/site\/wp-content\/uploads\/2020\/09\/INACshangai.jpg?fit=880%2C440&ssl=1&resize=350%2C200","width":350,"height":200,"srcset":"https:\/\/i0.wp.com\/lahoradelcampo.com.uy\/site\/wp-content\/uploads\/2020\/09\/INACshangai.jpg?fit=880%2C440&ssl=1&resize=350%2C200 1x, https:\/\/i0.wp.com\/lahoradelcampo.com.uy\/site\/wp-content\/uploads\/2020\/09\/INACshangai.jpg?fit=880%2C440&ssl=1&resize=525%2C300 1.5x, https:\/\/i0.wp.com\/lahoradelcampo.com.uy\/site\/wp-content\/uploads\/2020\/09\/INACshangai.jpg?fit=880%2C440&ssl=1&resize=700%2C400 2x"},"classes":[]}],"jetpack_likes_enabled":true,"_links":{"self":[{"href":"https:\/\/lahoradelcampo.com.uy\/site\/wp-json\/wp\/v2\/posts\/42021","targetHints":{"allow":["GET"]}}],"collection":[{"href":"https:\/\/lahoradelcampo.com.uy\/site\/wp-json\/wp\/v2\/posts"}],"about":[{"href":"https:\/\/lahoradelcampo.com.uy\/site\/wp-json\/wp\/v2\/types\/post"}],"author":[{"embeddable":true,"href":"https:\/\/lahoradelcampo.com.uy\/site\/wp-json\/wp\/v2\/users\/5"}],"replies":[{"embeddable":true,"href":"https:\/\/lahoradelcampo.com.uy\/site\/wp-json\/wp\/v2\/comments?post=42021"}],"version-history":[{"count":1,"href":"https:\/\/lahoradelcampo.com.uy\/site\/wp-json\/wp\/v2\/posts\/42021\/revisions"}],"predecessor-version":[{"id":42025,"href":"https:\/\/lahoradelcampo.com.uy\/site\/wp-json\/wp\/v2\/posts\/42021\/revisions\/42025"}],"wp:featuredmedia":[{"embeddable":true,"href":"https:\/\/lahoradelcampo.com.uy\/site\/wp-json\/wp\/v2\/media\/42023"}],"wp:attachment":[{"href":"https:\/\/lahoradelcampo.com.uy\/site\/wp-json\/wp\/v2\/media?parent=42021"}],"wp:term":[{"taxonomy":"category","embeddable":true,"href":"https:\/\/lahoradelcampo.com.uy\/site\/wp-json\/wp\/v2\/categories?post=42021"},{"taxonomy":"post_tag","embeddable":true,"href":"https:\/\/lahoradelcampo.com.uy\/site\/wp-json\/wp\/v2\/tags?post=42021"}],"curies":[{"name":"wp","href":"https:\/\/api.w.org\/{rel}","templated":true}]}}