{"id":42017,"date":"2022-05-19T10:05:14","date_gmt":"2022-05-19T13:05:14","guid":{"rendered":"http:\/\/lahoradelcampo.com.uy\/site\/?p=42017"},"modified":"2022-05-19T10:05:21","modified_gmt":"2022-05-19T13:05:21","slug":"productores-califican-de-irracional-el-conflicto-en-conaprole","status":"publish","type":"post","link":"https:\/\/lahoradelcampo.com.uy\/site\/productores-califican-de-irracional-el-conflicto-en-conaprole\/","title":{"rendered":"Productores califican de \u00abirracional\u00bb el conflicto en Conaprole"},"content":{"rendered":"\n<figure class=\"wp-block-image\"><img data-recalc-dims=\"1\" loading=\"lazy\" decoding=\"async\" width=\"810\" height=\"405\" data-attachment-id=\"9965\" data-permalink=\"https:\/\/lahoradelcampo.com.uy\/site\/stock-de-trigo-en-marzo-similar-al-de-un-ano-atras\/conaprole-3\/\" data-orig-file=\"https:\/\/i0.wp.com\/lahoradelcampo.com.uy\/site\/wp-content\/uploads\/2019\/04\/Conaprole-1.jpg?fit=880%2C440&amp;ssl=1\" data-orig-size=\"880,440\" data-comments-opened=\"1\" data-image-meta=\"{&quot;aperture&quot;:&quot;0&quot;,&quot;credit&quot;:&quot;&quot;,&quot;camera&quot;:&quot;&quot;,&quot;caption&quot;:&quot;&quot;,&quot;created_timestamp&quot;:&quot;0&quot;,&quot;copyright&quot;:&quot;&quot;,&quot;focal_length&quot;:&quot;0&quot;,&quot;iso&quot;:&quot;0&quot;,&quot;shutter_speed&quot;:&quot;0&quot;,&quot;title&quot;:&quot;&quot;,&quot;orientation&quot;:&quot;1&quot;}\" data-image-title=\"Conaprole\" data-image-description=\"\" data-image-caption=\"\" data-large-file=\"https:\/\/i0.wp.com\/lahoradelcampo.com.uy\/site\/wp-content\/uploads\/2019\/04\/Conaprole-1.jpg?fit=810%2C405&amp;ssl=1\" src=\"https:\/\/i0.wp.com\/lahoradelcampo.com.uy\/site\/wp-content\/uploads\/2019\/04\/Conaprole-1.jpg?resize=810%2C405\" alt=\"\" class=\"wp-image-9965\" srcset=\"https:\/\/i0.wp.com\/lahoradelcampo.com.uy\/site\/wp-content\/uploads\/2019\/04\/Conaprole-1.jpg?w=880&amp;ssl=1 880w, https:\/\/i0.wp.com\/lahoradelcampo.com.uy\/site\/wp-content\/uploads\/2019\/04\/Conaprole-1.jpg?resize=300%2C150&amp;ssl=1 300w, https:\/\/i0.wp.com\/lahoradelcampo.com.uy\/site\/wp-content\/uploads\/2019\/04\/Conaprole-1.jpg?resize=768%2C384&amp;ssl=1 768w, https:\/\/i0.wp.com\/lahoradelcampo.com.uy\/site\/wp-content\/uploads\/2019\/04\/Conaprole-1.jpg?resize=820%2C410&amp;ssl=1 820w\" sizes=\"auto, (max-width: 810px) 100vw, 810px\" \/><\/figure>\n\n\n\n<p>Despu\u00e9s de la reuni\u00f3n de las gremiales lecheras y productores llevada a cabo en Florida el martes, las gremiales del sector emitieron un comunicado donde manifiestan su \u00abmalestar debido a un injustificado conflicto, provocado por un pedido de un 40% de aumento para 70 trabajadores del \u00e1rea de mantenimiento que hoy reciben 4 o 5 veces un salario m\u00ednimo nacional\u00bb.<br><\/p>\n\n\n\n<p>En este sentido los productores recuerdan que Conaprole \u00abcuenta  con  1.720  productores, en  su  mayor\u00eda  peque\u00f1os  y  medianos tamberos, que venimos de 7 a\u00f1os muy dif\u00edciles, habiendo quedado por el camino muchos de nosotros\u00bb.<br><\/p>\n\n\n\n<p>Ante el dif\u00edcil escenario que han atravesado los productores, entienden que \u00abeste conflicto irracional no solo nos perjudica, sino tambi\u00e9n a la poblaci\u00f3n con el desabastecimiento, a los comerciantes, distribuidores, y a todos los trabajadores involucrados  en  la   cadena   del  sector   l\u00e1cteo, principalmente a sus propios compa\u00f1eros de trabajo\u00bb.<br><\/p>\n\n\n\n<p>En el comunicado se informa que la cooperativa l\u00e1ctea nuclea a \u00abm\u00e1s de 1.800 trabajadores\u00bb y se destaca el compromiso de la mayor\u00eda de los mismos, pero se advierte que son \u00abrehenes de la irracionalidad de unos pocos\u00bb. Los productores lecheros se manifiestan \u00aborgullosos\u00bb de que los funcionarios de Conaprole \u00abtengan condiciones privilegiadas de trabajo y remuneraci\u00f3n en comparaci\u00f3n con el resto de los trabajadores uruguayos\u00bb.<br><\/p>\n\n\n\n<p>Por lo que llaman a los trabajadores, a las autoridades de Conaprole, al Pit-Cnt y a las autoridades nacionales a reflexionar y a defender \u00abnuestros derechos como trabajadores rurales, y  de todos los empleados de  la cadena l\u00e1ctea  que quieren Paz para trabajar\u00bb.<br><\/p>\n\n\n\n<p>Al finalizar el comunicado advierten que \u00abde no haber soluciones r\u00e1pidamente, haremos todo lo que est\u00e9 a nuestro alcance para proteger, dentro del marco normativo, a nuestra cooperativa\u00bb.<br><\/p>\n\n\n\n<p>Firman el comunicado la Agremiaci\u00f3n de Tamberos de Canelones, la Asociaci\u00f3n Nacional de Productores de Leche, las asociaciones de productores de San Jos\u00e9, Maldonado, de Parada Esperanza en Paysand\u00fa, de la Intergremial de Productores de Leche, Productores de Rocha, y las sociedades de productores de Leche de Florida, de Rodr\u00edguez y de San Ram\u00f3n. <\/p>\n\n\n\n<p>Salto, 19 de mayo de 2022<\/p>\n","protected":false},"excerpt":{"rendered":"<p>Despu\u00e9s de la reuni\u00f3n de las gremiales lecheras y productores llevada a cabo en Florida el martes, las gremiales del sector emitieron un comunicado donde manifiestan su \u00abmalestar debido a [&hellip;]<\/p>\n","protected":false},"author":5,"featured_media":9965,"comment_status":"open","ping_status":"open","sticky":false,"template":"","format":"standard","meta":{"_price":"","_stock":"","_tribe_ticket_header":"","_tribe_default_ticket_provider":"","_tribe_ticket_capacity":"0","_ticket_start_date":"","_ticket_end_date":"","_tribe_ticket_show_description":"","_tribe_ticket_show_not_going":false,"_tribe_ticket_use_global_stock":"","_tribe_ticket_global_stock_level":"","_global_stock_mode":"","_global_stock_cap":"","_tribe_rsvp_for_event":"","_tribe_ticket_going_count":"","_tribe_ticket_not_going_count":"","_tribe_tickets_list":"[]","_tribe_ticket_has_attendee_info_fields":false,"h5ap_radio_sources":[],"_jetpack_newsletter_access":"","_jetpack_dont_email_post_to_subs":false,"_jetpack_newsletter_tier_id":0,"_jetpack_memberships_contains_paywalled_content":false,"_jetpack_memberships_contains_paid_content":false,"footnotes":""},"categories":[21,11],"tags":[],"class_list":["post-42017","post","type-post","status-publish","format-standard","has-post-thumbnail","hentry","category-actualidad","category-lecheria"],"jetpack_featured_media_url":"https:\/\/i0.wp.com\/lahoradelcampo.com.uy\/site\/wp-content\/uploads\/2019\/04\/Conaprole-1.jpg?fit=880%2C440&ssl=1","jetpack_sharing_enabled":true,"jetpack_shortlink":"https:\/\/wp.me\/p99IaT-aVH","jetpack-related-posts":[{"id":50124,"url":"https:\/\/lahoradelcampo.com.uy\/site\/gremiales-lecheras-respaldan-a-conaprole-y-piden-fin-al-conflicto-sindical\/","url_meta":{"origin":42017,"position":0},"title":"Gremiales lecheras respaldan a Conaprole y piden fin al conflicto sindical","author":"La Hora del Campo","date":"20 abril, 2023","format":false,"excerpt":"Ante el conflicto sindical que afecta a la Cooperativa Nacional de Productores de Leche (Conaprole), las gremiales de productores lecheros se pronunciaron en contra de las medidas adoptadas por el sindicato y respaldaron a la empresa l\u00e1ctea en un comunicado emitido ayer. Sequ\u00eda sin precedentes y p\u00e9rdidas millonarias En dicho\u2026","rel":"","context":"En \u00abActualidad\u00bb","block_context":{"text":"Actualidad","link":"https:\/\/lahoradelcampo.com.uy\/site\/category\/actualidad\/"},"img":{"alt_text":"","src":"https:\/\/i0.wp.com\/lahoradelcampo.com.uy\/site\/wp-content\/uploads\/2019\/04\/Conaprole.jpg?fit=880%2C440&ssl=1&resize=350%2C200","width":350,"height":200,"srcset":"https:\/\/i0.wp.com\/lahoradelcampo.com.uy\/site\/wp-content\/uploads\/2019\/04\/Conaprole.jpg?fit=880%2C440&ssl=1&resize=350%2C200 1x, https:\/\/i0.wp.com\/lahoradelcampo.com.uy\/site\/wp-content\/uploads\/2019\/04\/Conaprole.jpg?fit=880%2C440&ssl=1&resize=525%2C300 1.5x, https:\/\/i0.wp.com\/lahoradelcampo.com.uy\/site\/wp-content\/uploads\/2019\/04\/Conaprole.jpg?fit=880%2C440&ssl=1&resize=700%2C400 2x"},"classes":[]},{"id":50903,"url":"https:\/\/lahoradelcampo.com.uy\/site\/conaprole-acepta-propuesta-del-mtss-y-convoca-a-asamblea-de-productores\/","url_meta":{"origin":42017,"position":1},"title":"Conaprole acepta propuesta del MTSS y convoca a Asamblea de Productores","author":"La Hora del Campo","date":"30 mayo, 2023","format":false,"excerpt":"En el marco del conflicto laboral dentro de la Cooperativa Conaprole, el Director de la empresa, el Ing. Agr. Juan Javier Parra, anunci\u00f3 en el programa radial \"Lecher\u00eda en el Uruguay\", que la propuesta presentada por el Ministerio de Trabajo y Seguridad Social (MTSS) en relaci\u00f3n al sector UHT Rodr\u00edguez\u2026","rel":"","context":"En \u00abActualidad\u00bb","block_context":{"text":"Actualidad","link":"https:\/\/lahoradelcampo.com.uy\/site\/category\/actualidad\/"},"img":{"alt_text":"","src":"https:\/\/i0.wp.com\/lahoradelcampo.com.uy\/site\/wp-content\/uploads\/2023\/05\/Conaprole-camiones.jpg?fit=880%2C440&ssl=1&resize=350%2C200","width":350,"height":200,"srcset":"https:\/\/i0.wp.com\/lahoradelcampo.com.uy\/site\/wp-content\/uploads\/2023\/05\/Conaprole-camiones.jpg?fit=880%2C440&ssl=1&resize=350%2C200 1x, https:\/\/i0.wp.com\/lahoradelcampo.com.uy\/site\/wp-content\/uploads\/2023\/05\/Conaprole-camiones.jpg?fit=880%2C440&ssl=1&resize=525%2C300 1.5x, https:\/\/i0.wp.com\/lahoradelcampo.com.uy\/site\/wp-content\/uploads\/2023\/05\/Conaprole-camiones.jpg?fit=880%2C440&ssl=1&resize=700%2C400 2x"},"classes":[]},{"id":29502,"url":"https:\/\/lahoradelcampo.com.uy\/site\/gremiales-lecheras-pidieron-a-conaprole-suba-de-precio-para-abril\/","url_meta":{"origin":42017,"position":2},"title":"Gremiales lecheras pidieron a Conaprole suba de precio para abril","author":"La Hora del Campo","date":"23 abril, 2021","format":false,"excerpt":"Las principales gremiales lecheras del pa\u00eds difundieron en las \u00faltimas horas una carta dirigida al Directorio de Conaprole pidiendo una suba inmediata en el precio de la leche al productor para la remisi\u00f3n de abril. \u201cFrente al consabido aumento del precio de varios de nuestros principales insumos, el poder de\u2026","rel":"","context":"En \u00abActualidad\u00bb","block_context":{"text":"Actualidad","link":"https:\/\/lahoradelcampo.com.uy\/site\/category\/actualidad\/"},"img":{"alt_text":"","src":"https:\/\/i0.wp.com\/lahoradelcampo.com.uy\/site\/wp-content\/uploads\/2018\/05\/Lecheria.jpg?fit=880%2C440&ssl=1&resize=350%2C200","width":350,"height":200,"srcset":"https:\/\/i0.wp.com\/lahoradelcampo.com.uy\/site\/wp-content\/uploads\/2018\/05\/Lecheria.jpg?fit=880%2C440&ssl=1&resize=350%2C200 1x, https:\/\/i0.wp.com\/lahoradelcampo.com.uy\/site\/wp-content\/uploads\/2018\/05\/Lecheria.jpg?fit=880%2C440&ssl=1&resize=525%2C300 1.5x, https:\/\/i0.wp.com\/lahoradelcampo.com.uy\/site\/wp-content\/uploads\/2018\/05\/Lecheria.jpg?fit=880%2C440&ssl=1&resize=700%2C400 2x"},"classes":[]},{"id":43329,"url":"https:\/\/lahoradelcampo.com.uy\/site\/asamblea-de-los-29-solicito-acciones-legales-ante-excesos-del-derecho-laboral\/","url_meta":{"origin":42017,"position":3},"title":"Asamblea de los 29 solicit\u00f3 acciones legales ante excesos del derecho laboral","author":"La Hora del Campo","date":"30 junio, 2022","format":false,"excerpt":"En la jornada de ayer mi\u00e9rcoles 29 de junio, se reuni\u00f3 la Asamblea de los 29 y las gremiales de productores lecheros, en una sesi\u00f3n extraordinaria que analiz\u00f3 las medidas anunciadas por el sindicato de trabajadores de la Cooperativa Nacional de Productores de Leche (Conaprole) en los \u00faltimos meses. En\u2026","rel":"","context":"En \u00abActualidad\u00bb","block_context":{"text":"Actualidad","link":"https:\/\/lahoradelcampo.com.uy\/site\/category\/actualidad\/"},"img":{"alt_text":"","src":"https:\/\/i0.wp.com\/lahoradelcampo.com.uy\/site\/wp-content\/uploads\/2022\/06\/Asamblea29-conaprole.jpg?fit=880%2C440&ssl=1&resize=350%2C200","width":350,"height":200,"srcset":"https:\/\/i0.wp.com\/lahoradelcampo.com.uy\/site\/wp-content\/uploads\/2022\/06\/Asamblea29-conaprole.jpg?fit=880%2C440&ssl=1&resize=350%2C200 1x, https:\/\/i0.wp.com\/lahoradelcampo.com.uy\/site\/wp-content\/uploads\/2022\/06\/Asamblea29-conaprole.jpg?fit=880%2C440&ssl=1&resize=525%2C300 1.5x, https:\/\/i0.wp.com\/lahoradelcampo.com.uy\/site\/wp-content\/uploads\/2022\/06\/Asamblea29-conaprole.jpg?fit=880%2C440&ssl=1&resize=700%2C400 2x"},"classes":[]},{"id":50469,"url":"https:\/\/lahoradelcampo.com.uy\/site\/conflicto-en-conaprole-amenaza-exportaciones-y-pone-en-riesgo-la-materia-prima\/","url_meta":{"origin":42017,"position":4},"title":"Conflicto en Conaprole amenaza exportaciones y pone en riesgo la materia prima","author":"La Hora del Campo","date":"20 mayo, 2023","format":false,"excerpt":"La Asociaci\u00f3n de Obreros y Empleados de Conaprole (AOEC) ha anunciado paros y no se descarta que las exportaciones se vean afectadas. Mientras tanto, desde Conaprole advierten que se est\u00e1 poniendo en riesgo la materia prima. El conflicto en el sector l\u00e1cteo contin\u00faa y la AOEC insiste en su demanda\u2026","rel":"","context":"En \u00abActualidad\u00bb","block_context":{"text":"Actualidad","link":"https:\/\/lahoradelcampo.com.uy\/site\/category\/actualidad\/"},"img":{"alt_text":"","src":"https:\/\/i0.wp.com\/lahoradelcampo.com.uy\/site\/wp-content\/uploads\/2023\/05\/Conaprole-camiones.jpg?fit=880%2C440&ssl=1&resize=350%2C200","width":350,"height":200,"srcset":"https:\/\/i0.wp.com\/lahoradelcampo.com.uy\/site\/wp-content\/uploads\/2023\/05\/Conaprole-camiones.jpg?fit=880%2C440&ssl=1&resize=350%2C200 1x, https:\/\/i0.wp.com\/lahoradelcampo.com.uy\/site\/wp-content\/uploads\/2023\/05\/Conaprole-camiones.jpg?fit=880%2C440&ssl=1&resize=525%2C300 1.5x, https:\/\/i0.wp.com\/lahoradelcampo.com.uy\/site\/wp-content\/uploads\/2023\/05\/Conaprole-camiones.jpg?fit=880%2C440&ssl=1&resize=700%2C400 2x"},"classes":[]},{"id":4319,"url":"https:\/\/lahoradelcampo.com.uy\/site\/bajo-el-concepto-de-oligarcas-explotadores-el-sindicato-paro-la-industria-frigorifica\/","url_meta":{"origin":42017,"position":5},"title":"Bajo el concepto de \u00aboligarcas explotadores\u00bb el sindicato par\u00f3 la industria frigor\u00edfica","author":"La Hora del Campo","date":"29 noviembre, 2017","format":false,"excerpt":"Hace dos semanas se vienen desarrollando negociaciones entre los trabajadores de la industria frigor\u00edfica y la empresa Ersinal S.A., propietaria de Frigor\u00edfico Sol\u00eds en el departamento de Lavalleja, las cuales no logran encontrar un punto de encuentro entre las partes. La Federaci\u00f3n de Obreros de la Industria Frigor\u00edfica y Afines\u2026","rel":"","context":"En \u00abActualidad\u00bb","block_context":{"text":"Actualidad","link":"https:\/\/lahoradelcampo.com.uy\/site\/category\/actualidad\/"},"img":{"alt_text":"","src":"https:\/\/i0.wp.com\/lahoradelcampo.com.uy\/site\/wp-content\/uploads\/2017\/11\/Solis.jpg?fit=880%2C440&ssl=1&resize=350%2C200","width":350,"height":200,"srcset":"https:\/\/i0.wp.com\/lahoradelcampo.com.uy\/site\/wp-content\/uploads\/2017\/11\/Solis.jpg?fit=880%2C440&ssl=1&resize=350%2C200 1x, https:\/\/i0.wp.com\/lahoradelcampo.com.uy\/site\/wp-content\/uploads\/2017\/11\/Solis.jpg?fit=880%2C440&ssl=1&resize=525%2C300 1.5x, https:\/\/i0.wp.com\/lahoradelcampo.com.uy\/site\/wp-content\/uploads\/2017\/11\/Solis.jpg?fit=880%2C440&ssl=1&resize=700%2C400 2x"},"classes":[]}],"jetpack_likes_enabled":true,"_links":{"self":[{"href":"https:\/\/lahoradelcampo.com.uy\/site\/wp-json\/wp\/v2\/posts\/42017","targetHints":{"allow":["GET"]}}],"collection":[{"href":"https:\/\/lahoradelcampo.com.uy\/site\/wp-json\/wp\/v2\/posts"}],"about":[{"href":"https:\/\/lahoradelcampo.com.uy\/site\/wp-json\/wp\/v2\/types\/post"}],"author":[{"embeddable":true,"href":"https:\/\/lahoradelcampo.com.uy\/site\/wp-json\/wp\/v2\/users\/5"}],"replies":[{"embeddable":true,"href":"https:\/\/lahoradelcampo.com.uy\/site\/wp-json\/wp\/v2\/comments?post=42017"}],"version-history":[{"count":1,"href":"https:\/\/lahoradelcampo.com.uy\/site\/wp-json\/wp\/v2\/posts\/42017\/revisions"}],"predecessor-version":[{"id":42019,"href":"https:\/\/lahoradelcampo.com.uy\/site\/wp-json\/wp\/v2\/posts\/42017\/revisions\/42019"}],"wp:featuredmedia":[{"embeddable":true,"href":"https:\/\/lahoradelcampo.com.uy\/site\/wp-json\/wp\/v2\/media\/9965"}],"wp:attachment":[{"href":"https:\/\/lahoradelcampo.com.uy\/site\/wp-json\/wp\/v2\/media?parent=42017"}],"wp:term":[{"taxonomy":"category","embeddable":true,"href":"https:\/\/lahoradelcampo.com.uy\/site\/wp-json\/wp\/v2\/categories?post=42017"},{"taxonomy":"post_tag","embeddable":true,"href":"https:\/\/lahoradelcampo.com.uy\/site\/wp-json\/wp\/v2\/tags?post=42017"}],"curies":[{"name":"wp","href":"https:\/\/api.w.org\/{rel}","templated":true}]}}