{"id":42011,"date":"2022-05-19T10:02:59","date_gmt":"2022-05-19T13:02:59","guid":{"rendered":"http:\/\/lahoradelcampo.com.uy\/site\/?p=42011"},"modified":"2022-05-19T10:03:08","modified_gmt":"2022-05-19T13:03:08","slug":"la-sombra-en-el-verano-mejora-hasta-50-las-ganancias","status":"publish","type":"post","link":"https:\/\/lahoradelcampo.com.uy\/site\/la-sombra-en-el-verano-mejora-hasta-50-las-ganancias\/","title":{"rendered":"La sombra en el verano mejora hasta 50% las ganancias"},"content":{"rendered":"\n<figure class=\"wp-block-image\"><img data-recalc-dims=\"1\" loading=\"lazy\" decoding=\"async\" width=\"810\" height=\"405\" data-attachment-id=\"42013\" data-permalink=\"https:\/\/lahoradelcampo.com.uy\/site\/la-sombra-en-el-verano-mejora-hasta-50-las-ganancias\/simeone-upic\/\" data-orig-file=\"https:\/\/i0.wp.com\/lahoradelcampo.com.uy\/site\/wp-content\/uploads\/2022\/05\/SIMEONE-UPIC.jpg?fit=880%2C440&amp;ssl=1\" data-orig-size=\"880,440\" data-comments-opened=\"1\" data-image-meta=\"{&quot;aperture&quot;:&quot;0&quot;,&quot;credit&quot;:&quot;&quot;,&quot;camera&quot;:&quot;&quot;,&quot;caption&quot;:&quot;&quot;,&quot;created_timestamp&quot;:&quot;0&quot;,&quot;copyright&quot;:&quot;&quot;,&quot;focal_length&quot;:&quot;0&quot;,&quot;iso&quot;:&quot;0&quot;,&quot;shutter_speed&quot;:&quot;0&quot;,&quot;title&quot;:&quot;&quot;,&quot;orientation&quot;:&quot;1&quot;}\" data-image-title=\"SIMEONE-UPIC\" data-image-description=\"\" data-image-caption=\"\" data-large-file=\"https:\/\/i0.wp.com\/lahoradelcampo.com.uy\/site\/wp-content\/uploads\/2022\/05\/SIMEONE-UPIC.jpg?fit=810%2C405&amp;ssl=1\" src=\"https:\/\/i0.wp.com\/lahoradelcampo.com.uy\/site\/wp-content\/uploads\/2022\/05\/SIMEONE-UPIC.jpg?resize=810%2C405\" alt=\"\" class=\"wp-image-42013\" srcset=\"https:\/\/i0.wp.com\/lahoradelcampo.com.uy\/site\/wp-content\/uploads\/2022\/05\/SIMEONE-UPIC.jpg?w=880&amp;ssl=1 880w, https:\/\/i0.wp.com\/lahoradelcampo.com.uy\/site\/wp-content\/uploads\/2022\/05\/SIMEONE-UPIC.jpg?resize=300%2C150&amp;ssl=1 300w, https:\/\/i0.wp.com\/lahoradelcampo.com.uy\/site\/wp-content\/uploads\/2022\/05\/SIMEONE-UPIC.jpg?resize=768%2C384&amp;ssl=1 768w, https:\/\/i0.wp.com\/lahoradelcampo.com.uy\/site\/wp-content\/uploads\/2022\/05\/SIMEONE-UPIC.jpg?resize=820%2C410&amp;ssl=1 820w\" sizes=\"auto, (max-width: 810px) 100vw, 810px\" \/><\/figure>\n\n\n\n<p>Del 9 al 10 de junio se desarrollan en Paysand\u00fa las tradicionales Jornadas Uruguayas de Buiatr\u00eda, que vuelven a la presencialidad, luego de la pandemia y haber realizado encuentros de forma virtual. Como es tradicional el evento, organizado por el Centro M\u00e9dico Veterinario de Paysand\u00fa, estar\u00e1 conformado por una serie de simposios donde profesionales nacionales e internacionales presentar\u00e1n los avances en diferentes tem\u00e1ticas. <br><\/p>\n\n\n\n<p>Este a\u00f1o, el jueves 9 de junio por la ma\u00f1ana se desarrollar\u00e1 el simposio \u00abProducci\u00f3n bovina en verano\u00bb donde se expondr\u00e1 sobre el estr\u00e9s cal\u00f3rico en el ganado lechero, el manejo bajo estr\u00e9s, el impacto del silvopastoreo y el Ing. Agr. \u00c1lvaro Simeone, principal de la Unidad de Producci\u00f3n de Carne Intensiva (UPIC), disertar\u00e1 sobre las principales certezas que brindan las tecnolog\u00edas para la recr\u00eda y el engorde de ganado de carne en el verano. <\/p>\n\n\n\n<p>Simeone adelant\u00f3 que se presentar\u00e1 los resultados obtenidos en la unidad de producci\u00f3n en la Facultad de Agronom\u00eda, de trabajos que buscan mitigar los efectos del estr\u00e9s cal\u00f3rico tanto a nivel productivo como econ\u00f3mico en sistemas con condiciones de pastoreo, acceso a la sombra y suplementaci\u00f3n, como as\u00ed tambi\u00e9n en sistemas de corrales. <br><\/p>\n\n\n\n<p>Sobre los resultados dijo que frente entre ganados que pasaron desde las 10 a las 17 horas encerrados con sombra y agua disponible, frente a sistemas sin esas condiciones, se observaron \u00abmejoras del 40% al 50% en las ganancias\u00bb. Visto en kilos de ganado, \u00abpara ganancias de 550 gramos que tenemos en el verano, si yo encierro con sombra, agua y una situaci\u00f3n de termoconfort, las ganancias se van a 900 gramos sobre pradera\u00bb. <br><\/p>\n\n\n\n<p>Para Simeone, a partir de esta informaci\u00f3n, la pregunta debe ser \u00ab\u00bfQu\u00e9 tipo de sombra nosotros tenemos que dise\u00f1ar?\u00bb. Desde su punto de vista \u00aba\u00fan sombras que tengan cierto costo, el retorno econ\u00f3mico est\u00e1 garantizado\u00bb. <br><\/p>\n\n\n\n<p>En el caso de los corrales de encierre, \u00abcomo los animales no se mueven, el tipo de sombra es diferente y en este caso la variable no es tanto la ganancia de peso, sino la ganancia de conversi\u00f3n, y la misma mejora entre un 10% y un 15%\u00bb. Simeone explic\u00f3 que si en el corral \u00abtenemos una conversi\u00f3n de 9 a 1, por el hecho de tener sombra paso a 8 a 1, entonces afecta directa directamente el kilo de costo producido\u00bb.<br><\/p>\n\n\n\n<p>Las inscripciones se pueden realizar exclusivamente en la p\u00e1gina web del evento, www.buiatriapaysandu.uy, hasta el 6 de junio con bonificaci\u00f3n y posteriormente en el Sal\u00f3n Egeo durante la actividad. <\/p>\n\n\n\n<p>Salto, 19 de mayo de 2022<\/p>\n","protected":false},"excerpt":{"rendered":"<p>Del 9 al 10 de junio se desarrollan en Paysand\u00fa las tradicionales Jornadas Uruguayas de Buiatr\u00eda, que vuelven a la presencialidad, luego de la pandemia y haber realizado encuentros de [&hellip;]<\/p>\n","protected":false},"author":5,"featured_media":42013,"comment_status":"open","ping_status":"open","sticky":false,"template":"","format":"standard","meta":{"_price":"","_stock":"","_tribe_ticket_header":"","_tribe_default_ticket_provider":"","_tribe_ticket_capacity":"0","_ticket_start_date":"","_ticket_end_date":"","_tribe_ticket_show_description":"","_tribe_ticket_show_not_going":false,"_tribe_ticket_use_global_stock":"","_tribe_ticket_global_stock_level":"","_global_stock_mode":"","_global_stock_cap":"","_tribe_rsvp_for_event":"","_tribe_ticket_going_count":"","_tribe_ticket_not_going_count":"","_tribe_tickets_list":"[]","_tribe_ticket_has_attendee_info_fields":false,"h5ap_radio_sources":[],"_jetpack_newsletter_access":"","_jetpack_dont_email_post_to_subs":false,"_jetpack_newsletter_tier_id":0,"_jetpack_memberships_contains_paywalled_content":false,"_jetpack_memberships_contains_paid_content":false,"footnotes":""},"categories":[21,5],"tags":[],"class_list":["post-42011","post","type-post","status-publish","format-standard","has-post-thumbnail","hentry","category-actualidad","category-ganaderia"],"jetpack_featured_media_url":"https:\/\/i0.wp.com\/lahoradelcampo.com.uy\/site\/wp-content\/uploads\/2022\/05\/SIMEONE-UPIC.jpg?fit=880%2C440&ssl=1","jetpack_sharing_enabled":true,"jetpack_shortlink":"https:\/\/wp.me\/p99IaT-aVB","jetpack-related-posts":[{"id":40255,"url":"https:\/\/lahoradelcampo.com.uy\/site\/jornadas-de-buiatria-seran-presenciales-entre-el-9-y-11-de-junio\/","url_meta":{"origin":42011,"position":0},"title":"Jornadas de Buiatr\u00eda ser\u00e1n presenciales entre el 9 y 11 de junio","author":"La Hora del Campo","date":"25 marzo, 2022","format":false,"excerpt":"En junio de 2019 fue la \u00faltima vez que las tradicionales Jornadas Uruguayas de Buiatr\u00eda, que se desarrollan en Paysand\u00fa desde 1972, se realizaron de forma presencial. Este a\u00f1o, el sal\u00f3n Egeo ser\u00e1 el lugar indicado para que m\u00e9dicos veterinarios de Uruguay y otros pa\u00edses, vuelven a encontrarse durante 3\u2026","rel":"","context":"En \u00abActualidad\u00bb","block_context":{"text":"Actualidad","link":"https:\/\/lahoradelcampo.com.uy\/site\/category\/actualidad\/"},"img":{"alt_text":"","src":"https:\/\/i0.wp.com\/lahoradelcampo.com.uy\/site\/wp-content\/uploads\/2022\/03\/Buiatria-1.jpg?fit=880%2C440&ssl=1&resize=350%2C200","width":350,"height":200,"srcset":"https:\/\/i0.wp.com\/lahoradelcampo.com.uy\/site\/wp-content\/uploads\/2022\/03\/Buiatria-1.jpg?fit=880%2C440&ssl=1&resize=350%2C200 1x, https:\/\/i0.wp.com\/lahoradelcampo.com.uy\/site\/wp-content\/uploads\/2022\/03\/Buiatria-1.jpg?fit=880%2C440&ssl=1&resize=525%2C300 1.5x, https:\/\/i0.wp.com\/lahoradelcampo.com.uy\/site\/wp-content\/uploads\/2022\/03\/Buiatria-1.jpg?fit=880%2C440&ssl=1&resize=700%2C400 2x"},"classes":[]},{"id":42177,"url":"https:\/\/lahoradelcampo.com.uy\/site\/las-jornadas-de-buiatria-vuelven-a-la-presencialidad\/","url_meta":{"origin":42011,"position":1},"title":"Las jornadas de buiatr\u00eda vuelven a la presencialidad","author":"La Hora del Campo","date":"27 mayo, 2022","format":false,"excerpt":"La 49\u00aa edici\u00f3n de las Jornadas Uruguayas de Buiatr\u00eda se realizar\u00e1 los d\u00edas jueves 9 y viernes 10 de junio a nivel del Sal\u00f3n Egeo y el s\u00e1bado 11 de junio con una serie de cursillos en la estaci\u00f3n de la Facultad de Agronom\u00eda (EEMAC) en Paysand\u00fa. En el lanzamiento\u2026","rel":"","context":"En \u00abActualidad\u00bb","block_context":{"text":"Actualidad","link":"https:\/\/lahoradelcampo.com.uy\/site\/category\/actualidad\/"},"img":{"alt_text":"","src":"https:\/\/i0.wp.com\/lahoradelcampo.com.uy\/site\/wp-content\/uploads\/2022\/05\/Buiatria-lanzamiento22.jpg?fit=880%2C440&ssl=1&resize=350%2C200","width":350,"height":200,"srcset":"https:\/\/i0.wp.com\/lahoradelcampo.com.uy\/site\/wp-content\/uploads\/2022\/05\/Buiatria-lanzamiento22.jpg?fit=880%2C440&ssl=1&resize=350%2C200 1x, https:\/\/i0.wp.com\/lahoradelcampo.com.uy\/site\/wp-content\/uploads\/2022\/05\/Buiatria-lanzamiento22.jpg?fit=880%2C440&ssl=1&resize=525%2C300 1.5x, https:\/\/i0.wp.com\/lahoradelcampo.com.uy\/site\/wp-content\/uploads\/2022\/05\/Buiatria-lanzamiento22.jpg?fit=880%2C440&ssl=1&resize=700%2C400 2x"},"classes":[]},{"id":51079,"url":"https:\/\/lahoradelcampo.com.uy\/site\/el-jueves-comienzan-las-50a-jornadas-uruguayas-de-buiatria\/","url_meta":{"origin":42011,"position":2},"title":"El jueves comienzan las 50\u00aa Jornadas Uruguayas de Buiatr\u00eda","author":"La Hora del Campo","date":"6 junio, 2023","format":false,"excerpt":"Este jueves dar\u00e1 inicio un evento trascendental para el \u00e1mbito veterinario: las 50\u00aa Jornadas Uruguayas de Buiatr\u00eda y el 20\u00ba Congreso Latinoamericano. La ciudad de Paysand\u00fa ser\u00e1 el escenario de este encuentro, que contar\u00e1 con la presencia destacada del presidente de la Rep\u00fablica, Luis Lacalle Pou. Es la primera vez\u2026","rel":"","context":"En \u00abActualidad\u00bb","block_context":{"text":"Actualidad","link":"https:\/\/lahoradelcampo.com.uy\/site\/category\/actualidad\/"},"img":{"alt_text":"","src":"https:\/\/i0.wp.com\/lahoradelcampo.com.uy\/site\/wp-content\/uploads\/2023\/06\/Jornadabuiatria.jpg?fit=880%2C440&ssl=1&resize=350%2C200","width":350,"height":200,"srcset":"https:\/\/i0.wp.com\/lahoradelcampo.com.uy\/site\/wp-content\/uploads\/2023\/06\/Jornadabuiatria.jpg?fit=880%2C440&ssl=1&resize=350%2C200 1x, https:\/\/i0.wp.com\/lahoradelcampo.com.uy\/site\/wp-content\/uploads\/2023\/06\/Jornadabuiatria.jpg?fit=880%2C440&ssl=1&resize=525%2C300 1.5x, https:\/\/i0.wp.com\/lahoradelcampo.com.uy\/site\/wp-content\/uploads\/2023\/06\/Jornadabuiatria.jpg?fit=880%2C440&ssl=1&resize=700%2C400 2x"},"classes":[]},{"id":11291,"url":"https:\/\/lahoradelcampo.com.uy\/site\/jornadas-uruguayas-de-buiatria-comienzan-el-5-de-junio-en-paysandu\/","url_meta":{"origin":42011,"position":3},"title":"Jornadas Uruguayas de Buiatr\u00eda comienzan el 5 de junio en Paysand\u00fa","author":"La Hora del Campo","date":"30 mayo, 2019","format":false,"excerpt":"\u201cEs el evento de la profesi\u00f3n veterinaria m\u00e1s importante del pa\u00eds y no necesita que se le desee suerte, porque como ha ocurrido en todos estos a\u00f1os, la ha tenido\u201d, dijo el doctor Jos\u00e9 Gallero, asesor de la Direcci\u00f3n General de los Servicios Ganaderos del Ministerio de Ganader\u00eda, Agricultura y\u2026","rel":"","context":"En \u00abActualidad\u00bb","block_context":{"text":"Actualidad","link":"https:\/\/lahoradelcampo.com.uy\/site\/category\/actualidad\/"},"img":{"alt_text":"","src":"https:\/\/i0.wp.com\/lahoradelcampo.com.uy\/site\/wp-content\/uploads\/2019\/05\/buiatria.jpg?fit=880%2C440&ssl=1&resize=350%2C200","width":350,"height":200,"srcset":"https:\/\/i0.wp.com\/lahoradelcampo.com.uy\/site\/wp-content\/uploads\/2019\/05\/buiatria.jpg?fit=880%2C440&ssl=1&resize=350%2C200 1x, https:\/\/i0.wp.com\/lahoradelcampo.com.uy\/site\/wp-content\/uploads\/2019\/05\/buiatria.jpg?fit=880%2C440&ssl=1&resize=525%2C300 1.5x, https:\/\/i0.wp.com\/lahoradelcampo.com.uy\/site\/wp-content\/uploads\/2019\/05\/buiatria.jpg?fit=880%2C440&ssl=1&resize=700%2C400 2x"},"classes":[]},{"id":53450,"url":"https:\/\/lahoradelcampo.com.uy\/site\/ipa-aconsejo-evitar-horas-pico-de-calor-y-tener-agua-disponible-para-el-ganado\/","url_meta":{"origin":42011,"position":4},"title":"IPA aconsej\u00f3 evitar horas pico de calor y tener agua disponible para el ganado","author":"La Hora del Campo","date":"22 febrero, 2024","format":false,"excerpt":"A diferencia del verano pasado, las olas de calor m\u00e1s importantes se han venido registrando en este final del verano, por lo que los t\u00e9cnicos del Instituto Plan Agropecuario (IPA) recuerdan algunos de los manejos recomendados para el ganado vacuno, de manera de mantener el bienestar de los ganados y\u2026","rel":"","context":"En \u00abActualidad\u00bb","block_context":{"text":"Actualidad","link":"https:\/\/lahoradelcampo.com.uy\/site\/category\/actualidad\/"},"img":{"alt_text":"","src":"https:\/\/i0.wp.com\/lahoradelcampo.com.uy\/site\/wp-content\/uploads\/2020\/01\/Herrera.jpg?fit=880%2C440&ssl=1&resize=350%2C200","width":350,"height":200,"srcset":"https:\/\/i0.wp.com\/lahoradelcampo.com.uy\/site\/wp-content\/uploads\/2020\/01\/Herrera.jpg?fit=880%2C440&ssl=1&resize=350%2C200 1x, https:\/\/i0.wp.com\/lahoradelcampo.com.uy\/site\/wp-content\/uploads\/2020\/01\/Herrera.jpg?fit=880%2C440&ssl=1&resize=525%2C300 1.5x, https:\/\/i0.wp.com\/lahoradelcampo.com.uy\/site\/wp-content\/uploads\/2020\/01\/Herrera.jpg?fit=880%2C440&ssl=1&resize=700%2C400 2x"},"classes":[]},{"id":54002,"url":"https:\/\/lahoradelcampo.com.uy\/site\/federacion-rural-advirtio-sobre-resultados-muy-magros\/","url_meta":{"origin":42011,"position":5},"title":"Federaci\u00f3n Rural advirti\u00f3 sobre \u00abresultados muy magros\u00bb","author":"La Hora del Campo","date":"21 junio, 2024","format":false,"excerpt":"\u201cSe esperan resultados muy magros para el agro\u201d, asegur\u00f3 la Federaci\u00f3n Rural en un comunicado dirigido a la opini\u00f3n p\u00fablica, y pide a las autoridades las \u201ccondiciones necesarias\u201d, porque si las tienen, los productores podr\u00e1n hacerlo \u201cmucho mejor\u201d, seg\u00fan la misiva. \u201cEstamos en v\u00edsperas de llegar a la fecha de\u2026","rel":"","context":"En \u00abActualidad\u00bb","block_context":{"text":"Actualidad","link":"https:\/\/lahoradelcampo.com.uy\/site\/category\/actualidad\/"},"img":{"alt_text":"","src":"https:\/\/i0.wp.com\/lahoradelcampo.com.uy\/site\/wp-content\/uploads\/2018\/03\/web-federacion.jpg?fit=880%2C440&ssl=1&resize=350%2C200","width":350,"height":200,"srcset":"https:\/\/i0.wp.com\/lahoradelcampo.com.uy\/site\/wp-content\/uploads\/2018\/03\/web-federacion.jpg?fit=880%2C440&ssl=1&resize=350%2C200 1x, https:\/\/i0.wp.com\/lahoradelcampo.com.uy\/site\/wp-content\/uploads\/2018\/03\/web-federacion.jpg?fit=880%2C440&ssl=1&resize=525%2C300 1.5x, https:\/\/i0.wp.com\/lahoradelcampo.com.uy\/site\/wp-content\/uploads\/2018\/03\/web-federacion.jpg?fit=880%2C440&ssl=1&resize=700%2C400 2x"},"classes":[]}],"jetpack_likes_enabled":true,"_links":{"self":[{"href":"https:\/\/lahoradelcampo.com.uy\/site\/wp-json\/wp\/v2\/posts\/42011","targetHints":{"allow":["GET"]}}],"collection":[{"href":"https:\/\/lahoradelcampo.com.uy\/site\/wp-json\/wp\/v2\/posts"}],"about":[{"href":"https:\/\/lahoradelcampo.com.uy\/site\/wp-json\/wp\/v2\/types\/post"}],"author":[{"embeddable":true,"href":"https:\/\/lahoradelcampo.com.uy\/site\/wp-json\/wp\/v2\/users\/5"}],"replies":[{"embeddable":true,"href":"https:\/\/lahoradelcampo.com.uy\/site\/wp-json\/wp\/v2\/comments?post=42011"}],"version-history":[{"count":1,"href":"https:\/\/lahoradelcampo.com.uy\/site\/wp-json\/wp\/v2\/posts\/42011\/revisions"}],"predecessor-version":[{"id":42015,"href":"https:\/\/lahoradelcampo.com.uy\/site\/wp-json\/wp\/v2\/posts\/42011\/revisions\/42015"}],"wp:featuredmedia":[{"embeddable":true,"href":"https:\/\/lahoradelcampo.com.uy\/site\/wp-json\/wp\/v2\/media\/42013"}],"wp:attachment":[{"href":"https:\/\/lahoradelcampo.com.uy\/site\/wp-json\/wp\/v2\/media?parent=42011"}],"wp:term":[{"taxonomy":"category","embeddable":true,"href":"https:\/\/lahoradelcampo.com.uy\/site\/wp-json\/wp\/v2\/categories?post=42011"},{"taxonomy":"post_tag","embeddable":true,"href":"https:\/\/lahoradelcampo.com.uy\/site\/wp-json\/wp\/v2\/tags?post=42011"}],"curies":[{"name":"wp","href":"https:\/\/api.w.org\/{rel}","templated":true}]}}