{"id":41787,"date":"2022-05-13T06:47:15","date_gmt":"2022-05-13T09:47:15","guid":{"rendered":"http:\/\/lahoradelcampo.com.uy\/site\/?p=41787"},"modified":"2022-05-13T06:47:21","modified_gmt":"2022-05-13T09:47:21","slug":"hoteleria-de-terneros-se-esperan-ganancias-entre-60-y-70-kilos","status":"publish","type":"post","link":"https:\/\/lahoradelcampo.com.uy\/site\/hoteleria-de-terneros-se-esperan-ganancias-entre-60-y-70-kilos\/","title":{"rendered":"Hoteler\u00eda de Terneros: se esperan ganancias entre 60 y 70 kilos"},"content":{"rendered":"\n<figure class=\"wp-block-image\"><img data-recalc-dims=\"1\" loading=\"lazy\" decoding=\"async\" width=\"810\" height=\"405\" data-attachment-id=\"41789\" data-permalink=\"https:\/\/lahoradelcampo.com.uy\/site\/hoteleria-de-terneros-se-esperan-ganancias-entre-60-y-70-kilos\/ipa-romulocesar\/\" data-orig-file=\"https:\/\/i0.wp.com\/lahoradelcampo.com.uy\/site\/wp-content\/uploads\/2022\/05\/IPA-RomuloCesar.jpg?fit=880%2C440&amp;ssl=1\" data-orig-size=\"880,440\" data-comments-opened=\"1\" data-image-meta=\"{&quot;aperture&quot;:&quot;0&quot;,&quot;credit&quot;:&quot;&quot;,&quot;camera&quot;:&quot;&quot;,&quot;caption&quot;:&quot;&quot;,&quot;created_timestamp&quot;:&quot;0&quot;,&quot;copyright&quot;:&quot;&quot;,&quot;focal_length&quot;:&quot;0&quot;,&quot;iso&quot;:&quot;0&quot;,&quot;shutter_speed&quot;:&quot;0&quot;,&quot;title&quot;:&quot;&quot;,&quot;orientation&quot;:&quot;1&quot;}\" data-image-title=\"IPA-RomuloCesar\" data-image-description=\"\" data-image-caption=\"\" data-large-file=\"https:\/\/i0.wp.com\/lahoradelcampo.com.uy\/site\/wp-content\/uploads\/2022\/05\/IPA-RomuloCesar.jpg?fit=810%2C405&amp;ssl=1\" src=\"https:\/\/i0.wp.com\/lahoradelcampo.com.uy\/site\/wp-content\/uploads\/2022\/05\/IPA-RomuloCesar.jpg?resize=810%2C405\" alt=\"\" class=\"wp-image-41789\" srcset=\"https:\/\/i0.wp.com\/lahoradelcampo.com.uy\/site\/wp-content\/uploads\/2022\/05\/IPA-RomuloCesar.jpg?w=880&amp;ssl=1 880w, https:\/\/i0.wp.com\/lahoradelcampo.com.uy\/site\/wp-content\/uploads\/2022\/05\/IPA-RomuloCesar.jpg?resize=300%2C150&amp;ssl=1 300w, https:\/\/i0.wp.com\/lahoradelcampo.com.uy\/site\/wp-content\/uploads\/2022\/05\/IPA-RomuloCesar.jpg?resize=768%2C384&amp;ssl=1 768w, https:\/\/i0.wp.com\/lahoradelcampo.com.uy\/site\/wp-content\/uploads\/2022\/05\/IPA-RomuloCesar.jpg?resize=820%2C410&amp;ssl=1 820w\" sizes=\"auto, (max-width: 810px) 100vw, 810px\" \/><\/figure>\n\n\n\n<p>Tras los incendios a fin de 2021 entre Paysand\u00fa y R\u00edo Negro, y con la emergencia agropecuaria ya instalada anteriormente en esa zona, en coordinaci\u00f3n con el Ministerio de Ganader\u00eda, Agricultura y Pesca, el Instituto Plan Agropecuario, la Liga de Trabajo de Guich\u00f3n y fuerzas vivas de la zona, se instal\u00f3 un \u00abHotel de terneros\u00bb en el predio de la gremial sanducera con el fin de dar apoyo a productores afectados. <br><\/p>\n\n\n\n<p>Luego de realizarse una recorrida y los saneamientos correspondientes en cada predio, el 23 de febrero se abri\u00f3 el ingreso de los animales al predio, plazo que se extendi\u00f3 hasta el 14 de marzo, donde 26 productores colocaron 870 terneros y terneras, en su gran mayor\u00eda del departamento de Paysand\u00fa. La fecha l\u00edmite para los animales, es decir la salida, ser\u00e1 el 31 de mayo.   <br><\/p>\n\n\n\n<p>Dentro de los criterios establecidos para el ingreso, fue que los productores fueran beneficiarios del Fondo de Emergencia Agropecuaria, ya que la iniciativa surgi\u00f3 desde las esferas ministeriales y estaba dirigido a ese universo de productores.  Se estableci\u00f3 adem\u00e1s un rango de peso, entre 70 y 120 kilogramos, pero que fue variable debido a la necesidad que tuviera cada productor. <br><\/p>\n\n\n\n<p>El Ing. Agr. R\u00f3mulo C\u00e9sar, coordinador de la Regional Litoral Norte del Instituto Plan Agropecuario, explic\u00f3 que debido a la situaci\u00f3n de emergencia la raci\u00f3n que se le brinda a los terneros \u00abes una donaci\u00f3n que llega a trav\u00e9s de la C\u00e1mara de Productores de Raciones, y en una frecuencia casi quincenal llega 28 a 30 toneladas desde varios puntos del pa\u00eds\u00bb. En este sentido explic\u00f3 que as\u00ed como se envi\u00f3 raci\u00f3n desde Salto, tambi\u00e9n se lo hizo desde Jos\u00e9 Pedro Varela al norte de Lavalleja. <br><\/p>\n\n\n\n<p>El costo por ternero \u00abfue fijado por el Ministerio, esto est\u00e1 impulsado por el Fondo de Emergencia Agropecuaria por lo que tiene impl\u00edcito el uso de dineros p\u00fablicos y subvenci\u00f3n importante. El costo es en pesos uruguayos y andar\u00e1 en torno de los 28 a 30 d\u00f3lares que finalmente el productor tendr\u00e1 que devolver\u00bb. <br><\/p>\n\n\n\n<p>El t\u00e9cnico del Plan Agropecuario indic\u00f3 que desde las jerarqu\u00edas del Ministerio que trabajan en torno a este operativo, \u00abla idea de que esto sea algo replicable en esta zona y en otras zonas del pa\u00eds, porque la mirada de mediano plazo es que se transforma en una herramienta que contribuya a un objetivo mucho m\u00e1s mayor, que es la buena crianza de estos terneros y que vaya al lado de mejorar el desempe\u00f1o reproductivo de las hembras\u00bb.<br><\/p>\n\n\n\n<p>Al ingreso de los terneros a la Hoteler\u00eda se observaron lotes entre 70 y 80 kilogramos y al mismo tiempo lotes cercanos a los 120 kilos, y tambi\u00e9n una gran variabilidad intra lote \u00abcon terneros desde la punta de abajo y a la punta de arriba, algo caracter\u00edstico de nuestra ganader\u00eda y que va muy asociado a c\u00f3mo es la distribuci\u00f3n de partos en el sistema comercial\u00bb, principalmente de peque\u00f1os productores explic\u00f3 C\u00e9sar. <br><\/p>\n\n\n\n<p>Partiendo de ese variado universo de terneros, la propuesta tecnol\u00f3gica propuesta por el Plan Agropecuario y que se ha aplicado en este proyecto ha sido la generada en Facultad de Agronom\u00eda, a trav\u00e9s de la UPIC, con el Ing. \u00c1lvaro Simeone, que \u00abes la recr\u00eda en sistema de raci\u00f3n a voluntad con suministro de autoconsumo\u00bb. <br><\/p>\n\n\n\n<p>Debido a que los terneros est\u00e1n en un sistema de autoconfinamiento, con consumos que van desde 1%, 2% o hasta el 3% del peso vivo, es probable obtener \u00abganancias conservadoras de 800 o 900 gramos por d\u00eda, que seguramente puede llegar a ser m\u00e1s\u00bb. C\u00e9sar record\u00f3 que los terneros provienen \u00abde 26 or\u00edgenes distintos, 26 realidades distintas\u00bb por lo que dijo que es muy dif\u00edcil estimar una ganancia \u00fanica \u00abpero a grandes cifras los terneros al final del per\u00edodo entre 70 y 90 d\u00edas, deber\u00e1n ganar por lo menos entre 60 y 70 kilos\u00bb. <br><\/p>\n\n\n\n<p>En este sentido el pr\u00f3ximo lunes 16 de mayo, entre las 13 y 16 horas, se realizar\u00e1 una presentaci\u00f3n del operativo en el predio de la Liga de Trabajo de Guich\u00f3n, por parte del Ministerio de Ganader\u00eda, Agricultura y Pesca. <\/p>\n\n\n\n<p>Salto, 13 de mayo de 2022<\/p>\n","protected":false},"excerpt":{"rendered":"<p>Tras los incendios a fin de 2021 entre Paysand\u00fa y R\u00edo Negro, y con la emergencia agropecuaria ya instalada anteriormente en esa zona, en coordinaci\u00f3n con el Ministerio de Ganader\u00eda, [&hellip;]<\/p>\n","protected":false},"author":5,"featured_media":41789,"comment_status":"open","ping_status":"open","sticky":false,"template":"","format":"standard","meta":{"_price":"","_stock":"","_tribe_ticket_header":"","_tribe_default_ticket_provider":"","_tribe_ticket_capacity":"0","_ticket_start_date":"","_ticket_end_date":"","_tribe_ticket_show_description":"","_tribe_ticket_show_not_going":false,"_tribe_ticket_use_global_stock":"","_tribe_ticket_global_stock_level":"","_global_stock_mode":"","_global_stock_cap":"","_tribe_rsvp_for_event":"","_tribe_ticket_going_count":"","_tribe_ticket_not_going_count":"","_tribe_tickets_list":"[]","_tribe_ticket_has_attendee_info_fields":false,"h5ap_radio_sources":[],"_jetpack_newsletter_access":"","_jetpack_dont_email_post_to_subs":false,"_jetpack_newsletter_tier_id":0,"_jetpack_memberships_contains_paywalled_content":false,"_jetpack_memberships_contains_paid_content":false,"footnotes":""},"categories":[21,5],"tags":[],"class_list":["post-41787","post","type-post","status-publish","format-standard","has-post-thumbnail","hentry","category-actualidad","category-ganaderia"],"jetpack_featured_media_url":"https:\/\/i0.wp.com\/lahoradelcampo.com.uy\/site\/wp-content\/uploads\/2022\/05\/IPA-RomuloCesar.jpg?fit=880%2C440&ssl=1","jetpack_sharing_enabled":true,"jetpack_shortlink":"https:\/\/wp.me\/p99IaT-aRZ","jetpack-related-posts":[{"id":53921,"url":"https:\/\/lahoradelcampo.com.uy\/site\/productor-rural-fue-condenado-por-abigeato-en-paysandu\/","url_meta":{"origin":41787,"position":0},"title":"Productor rural fue condenado por abigeato en Paysand\u00fa","author":"La Hora del Campo","date":"27 mayo, 2024","format":false,"excerpt":"Un productor rural y comerciante de 64 a\u00f1os ha sido condenado por repetidos delitos de abigeato, tras ser descubierto participando en diversas maniobras ilegales con ganado vacuno perteneciente a varios productores de la zona de la Ruta 26, en el departamento de Paysand\u00fa. La investigaci\u00f3n del caso comenz\u00f3 en octubre\u2026","rel":"","context":"En \u00abActualidad\u00bb","block_context":{"text":"Actualidad","link":"https:\/\/lahoradelcampo.com.uy\/site\/category\/actualidad\/"},"img":{"alt_text":"","src":"https:\/\/i0.wp.com\/lahoradelcampo.com.uy\/site\/wp-content\/uploads\/2020\/06\/ganadosreponer.jpg?fit=880%2C440&ssl=1&resize=350%2C200","width":350,"height":200,"srcset":"https:\/\/i0.wp.com\/lahoradelcampo.com.uy\/site\/wp-content\/uploads\/2020\/06\/ganadosreponer.jpg?fit=880%2C440&ssl=1&resize=350%2C200 1x, https:\/\/i0.wp.com\/lahoradelcampo.com.uy\/site\/wp-content\/uploads\/2020\/06\/ganadosreponer.jpg?fit=880%2C440&ssl=1&resize=525%2C300 1.5x, https:\/\/i0.wp.com\/lahoradelcampo.com.uy\/site\/wp-content\/uploads\/2020\/06\/ganadosreponer.jpg?fit=880%2C440&ssl=1&resize=700%2C400 2x"},"classes":[]},{"id":39217,"url":"https:\/\/lahoradelcampo.com.uy\/site\/estan-abiertas-las-inscripciones-para-el-hotel-de-terneros-en-paysandu\/","url_meta":{"origin":41787,"position":1},"title":"Est\u00e1n abiertas las inscripciones para el Hotel de Terneros en Paysand\u00fa","author":"La Hora del Campo","date":"17 febrero, 2022","format":false,"excerpt":"El Ministerio de Ganader\u00eda, Agricultura y Pesca inform\u00f3 en la jornada de ayer que se abrieron las inscripciones para el \"Hotel de Terneros\" que se organiz\u00f3 en Paysand\u00fa, con el objetivo principal de atender a los productores afectados por los incendios en Paysand\u00fa y R\u00edo Negro. Como requisitos los productores\u2026","rel":"","context":"En \u00abActualidad\u00bb","block_context":{"text":"Actualidad","link":"https:\/\/lahoradelcampo.com.uy\/site\/category\/actualidad\/"},"img":{"alt_text":"","src":"https:\/\/i0.wp.com\/lahoradelcampo.com.uy\/site\/wp-content\/uploads\/2020\/04\/vacaternero.jpg?fit=880%2C440&ssl=1&resize=350%2C200","width":350,"height":200,"srcset":"https:\/\/i0.wp.com\/lahoradelcampo.com.uy\/site\/wp-content\/uploads\/2020\/04\/vacaternero.jpg?fit=880%2C440&ssl=1&resize=350%2C200 1x, https:\/\/i0.wp.com\/lahoradelcampo.com.uy\/site\/wp-content\/uploads\/2020\/04\/vacaternero.jpg?fit=880%2C440&ssl=1&resize=525%2C300 1.5x, https:\/\/i0.wp.com\/lahoradelcampo.com.uy\/site\/wp-content\/uploads\/2020\/04\/vacaternero.jpg?fit=880%2C440&ssl=1&resize=700%2C400 2x"},"classes":[]},{"id":30748,"url":"https:\/\/lahoradelcampo.com.uy\/site\/capturaron-el-perro-que-en-dos-meses-se-llevo-mas-60-000-dolares-en-ovinos-muertos\/","url_meta":{"origin":41787,"position":2},"title":"Capturaron el perro que en dos meses se llev\u00f3 m\u00e1s 60.000 d\u00f3lares en ovinos muertos","author":"La Hora del Campo","date":"1 junio, 2021","format":false,"excerpt":"Hace pocas semanas atr\u00e1s publicamos la noticia de un perro que llevaba m\u00e1s de 442 ovinos, entre mordidos y muertos, en la zona que se extiende desde Javier de Viana a Topador, afectando en el camino a un importante grupo de productores. Si bien se organizaron cuadrillas de b\u00fasqueda del\u2026","rel":"","context":"En \u00abActualidad\u00bb","block_context":{"text":"Actualidad","link":"https:\/\/lahoradelcampo.com.uy\/site\/category\/actualidad\/"},"img":{"alt_text":"","src":"https:\/\/i0.wp.com\/lahoradelcampo.com.uy\/site\/wp-content\/uploads\/2021\/06\/Perros-ataque.jpg?fit=880%2C440&ssl=1&resize=350%2C200","width":350,"height":200,"srcset":"https:\/\/i0.wp.com\/lahoradelcampo.com.uy\/site\/wp-content\/uploads\/2021\/06\/Perros-ataque.jpg?fit=880%2C440&ssl=1&resize=350%2C200 1x, https:\/\/i0.wp.com\/lahoradelcampo.com.uy\/site\/wp-content\/uploads\/2021\/06\/Perros-ataque.jpg?fit=880%2C440&ssl=1&resize=525%2C300 1.5x, https:\/\/i0.wp.com\/lahoradelcampo.com.uy\/site\/wp-content\/uploads\/2021\/06\/Perros-ataque.jpg?fit=880%2C440&ssl=1&resize=700%2C400 2x"},"classes":[]},{"id":46401,"url":"https:\/\/lahoradelcampo.com.uy\/site\/se-registran-7-casos-de-brucelosis-en-salto-con-alta-incidencia\/","url_meta":{"origin":41787,"position":3},"title":"Se registran 7 casos de Brucelosis en Salto, con alta incidencia","author":"La Hora del Campo","date":"17 octubre, 2022","format":false,"excerpt":"El servicio veterinario oficial de Salto, del Ministerio de Ganader\u00eda, Agricultura y Pesca (MGAP), ha declarado siete focos de Brucelosis, con una importante incidencia en la zona de Puntas de Valent\u00edn, donde hay seis casos, seg\u00fan confirm\u00f3 a La Hora del Campo, la Dra. Silvia Fern\u00e1ndez.\u00a0 \u201cEn este momento tenemos\u2026","rel":"","context":"En \u00abActualidad\u00bb","block_context":{"text":"Actualidad","link":"https:\/\/lahoradelcampo.com.uy\/site\/category\/actualidad\/"},"img":{"alt_text":"","src":"https:\/\/i0.wp.com\/lahoradelcampo.com.uy\/site\/wp-content\/uploads\/2022\/10\/MGAP-Salto.jpg?fit=880%2C440&ssl=1&resize=350%2C200","width":350,"height":200,"srcset":"https:\/\/i0.wp.com\/lahoradelcampo.com.uy\/site\/wp-content\/uploads\/2022\/10\/MGAP-Salto.jpg?fit=880%2C440&ssl=1&resize=350%2C200 1x, https:\/\/i0.wp.com\/lahoradelcampo.com.uy\/site\/wp-content\/uploads\/2022\/10\/MGAP-Salto.jpg?fit=880%2C440&ssl=1&resize=525%2C300 1.5x, https:\/\/i0.wp.com\/lahoradelcampo.com.uy\/site\/wp-content\/uploads\/2022\/10\/MGAP-Salto.jpg?fit=880%2C440&ssl=1&resize=700%2C400 2x"},"classes":[]},{"id":38975,"url":"https:\/\/lahoradelcampo.com.uy\/site\/camiones-detenidos-fueron-retornados-al-predio-de-origen\/","url_meta":{"origin":41787,"position":4},"title":"Camiones detenidos, fueron retornados al predio de origen","author":"La Hora del Campo","date":"8 febrero, 2022","format":false,"excerpt":"El pasado viernes informamos en La Hora del Campo, el operativo realizado por la Direcci\u00f3n de Seguridad Rural del Ministerio del Interior en Salto, donde se detuvieron tres camiones con irregularidades en su documentaci\u00f3n y animales con garrapata. De acuerdo a la informaci\u00f3n brindada en aquel momento los ganados se\u2026","rel":"","context":"En \u00abActualidad\u00bb","block_context":{"text":"Actualidad","link":"https:\/\/lahoradelcampo.com.uy\/site\/category\/actualidad\/"},"img":{"alt_text":"","src":"https:\/\/i0.wp.com\/lahoradelcampo.com.uy\/site\/wp-content\/uploads\/2022\/02\/POLICIA-Camioneros.jpg?fit=880%2C440&ssl=1&resize=350%2C200","width":350,"height":200,"srcset":"https:\/\/i0.wp.com\/lahoradelcampo.com.uy\/site\/wp-content\/uploads\/2022\/02\/POLICIA-Camioneros.jpg?fit=880%2C440&ssl=1&resize=350%2C200 1x, https:\/\/i0.wp.com\/lahoradelcampo.com.uy\/site\/wp-content\/uploads\/2022\/02\/POLICIA-Camioneros.jpg?fit=880%2C440&ssl=1&resize=525%2C300 1.5x, https:\/\/i0.wp.com\/lahoradelcampo.com.uy\/site\/wp-content\/uploads\/2022\/02\/POLICIA-Camioneros.jpg?fit=880%2C440&ssl=1&resize=700%2C400 2x"},"classes":[]},{"id":5655,"url":"https:\/\/lahoradelcampo.com.uy\/site\/se-acerca-el-10o-congreso-mundial-del-merino-a-realizarse-en-uruguay\/","url_meta":{"origin":41787,"position":5},"title":"Se acerca el 10\u00ba Congreso Mundial del Merino a realizarse en Uruguay","author":"La Hora del Campo","date":"31 enero, 2018","format":false,"excerpt":"Del 7 al 15 de abril se desarrollar\u00e1 en nuestro pa\u00eds la 10\u00aa Conferencia Mundial Merino Australiano, est\u00e1 es la segunda oportunidad donde este congreso llega a nuestro pa\u00eds, la primera fue en el a\u00f1o 1994, donde fueron recibidas las delegaciones participantes de la cuarta conferencia mundial. Los escenarios son\u2026","rel":"","context":"En \u00abActualidad\u00bb","block_context":{"text":"Actualidad","link":"https:\/\/lahoradelcampo.com.uy\/site\/category\/actualidad\/"},"img":{"alt_text":"","src":"https:\/\/i0.wp.com\/lahoradelcampo.com.uy\/site\/wp-content\/uploads\/2018\/01\/Merino.jpg?fit=880%2C440&ssl=1&resize=350%2C200","width":350,"height":200,"srcset":"https:\/\/i0.wp.com\/lahoradelcampo.com.uy\/site\/wp-content\/uploads\/2018\/01\/Merino.jpg?fit=880%2C440&ssl=1&resize=350%2C200 1x, https:\/\/i0.wp.com\/lahoradelcampo.com.uy\/site\/wp-content\/uploads\/2018\/01\/Merino.jpg?fit=880%2C440&ssl=1&resize=525%2C300 1.5x, https:\/\/i0.wp.com\/lahoradelcampo.com.uy\/site\/wp-content\/uploads\/2018\/01\/Merino.jpg?fit=880%2C440&ssl=1&resize=700%2C400 2x"},"classes":[]}],"jetpack_likes_enabled":true,"_links":{"self":[{"href":"https:\/\/lahoradelcampo.com.uy\/site\/wp-json\/wp\/v2\/posts\/41787","targetHints":{"allow":["GET"]}}],"collection":[{"href":"https:\/\/lahoradelcampo.com.uy\/site\/wp-json\/wp\/v2\/posts"}],"about":[{"href":"https:\/\/lahoradelcampo.com.uy\/site\/wp-json\/wp\/v2\/types\/post"}],"author":[{"embeddable":true,"href":"https:\/\/lahoradelcampo.com.uy\/site\/wp-json\/wp\/v2\/users\/5"}],"replies":[{"embeddable":true,"href":"https:\/\/lahoradelcampo.com.uy\/site\/wp-json\/wp\/v2\/comments?post=41787"}],"version-history":[{"count":1,"href":"https:\/\/lahoradelcampo.com.uy\/site\/wp-json\/wp\/v2\/posts\/41787\/revisions"}],"predecessor-version":[{"id":41791,"href":"https:\/\/lahoradelcampo.com.uy\/site\/wp-json\/wp\/v2\/posts\/41787\/revisions\/41791"}],"wp:featuredmedia":[{"embeddable":true,"href":"https:\/\/lahoradelcampo.com.uy\/site\/wp-json\/wp\/v2\/media\/41789"}],"wp:attachment":[{"href":"https:\/\/lahoradelcampo.com.uy\/site\/wp-json\/wp\/v2\/media?parent=41787"}],"wp:term":[{"taxonomy":"category","embeddable":true,"href":"https:\/\/lahoradelcampo.com.uy\/site\/wp-json\/wp\/v2\/categories?post=41787"},{"taxonomy":"post_tag","embeddable":true,"href":"https:\/\/lahoradelcampo.com.uy\/site\/wp-json\/wp\/v2\/tags?post=41787"}],"curies":[{"name":"wp","href":"https:\/\/api.w.org\/{rel}","templated":true}]}}