{"id":41775,"date":"2022-05-13T06:36:48","date_gmt":"2022-05-13T09:36:48","guid":{"rendered":"http:\/\/lahoradelcampo.com.uy\/site\/?p=41775"},"modified":"2022-05-13T06:36:58","modified_gmt":"2022-05-13T09:36:58","slug":"el-mercado-interno-continua-lento-y-casi-sin-operativas","status":"publish","type":"post","link":"https:\/\/lahoradelcampo.com.uy\/site\/el-mercado-interno-continua-lento-y-casi-sin-operativas\/","title":{"rendered":"El mercado interno contin\u00faa lento y casi sin operativas"},"content":{"rendered":"\n<figure class=\"wp-block-image\"><img data-recalc-dims=\"1\" loading=\"lazy\" decoding=\"async\" width=\"810\" height=\"405\" data-attachment-id=\"29876\" data-permalink=\"https:\/\/lahoradelcampo.com.uy\/site\/lana-corriedale-de-san-gerardo-se-vendio-en-us-385-el-vellon\/lanasangerardo\/\" data-orig-file=\"https:\/\/i0.wp.com\/lahoradelcampo.com.uy\/site\/wp-content\/uploads\/2021\/05\/lanasangerardo.jpg?fit=880%2C440&amp;ssl=1\" data-orig-size=\"880,440\" data-comments-opened=\"1\" data-image-meta=\"{&quot;aperture&quot;:&quot;0&quot;,&quot;credit&quot;:&quot;&quot;,&quot;camera&quot;:&quot;&quot;,&quot;caption&quot;:&quot;&quot;,&quot;created_timestamp&quot;:&quot;0&quot;,&quot;copyright&quot;:&quot;&quot;,&quot;focal_length&quot;:&quot;0&quot;,&quot;iso&quot;:&quot;0&quot;,&quot;shutter_speed&quot;:&quot;0&quot;,&quot;title&quot;:&quot;&quot;,&quot;orientation&quot;:&quot;1&quot;}\" data-image-title=\"lanasangerardo\" data-image-description=\"\" data-image-caption=\"\" data-large-file=\"https:\/\/i0.wp.com\/lahoradelcampo.com.uy\/site\/wp-content\/uploads\/2021\/05\/lanasangerardo.jpg?fit=810%2C405&amp;ssl=1\" src=\"https:\/\/i0.wp.com\/lahoradelcampo.com.uy\/site\/wp-content\/uploads\/2021\/05\/lanasangerardo.jpg?resize=810%2C405\" alt=\"\" class=\"wp-image-29876\" srcset=\"https:\/\/i0.wp.com\/lahoradelcampo.com.uy\/site\/wp-content\/uploads\/2021\/05\/lanasangerardo.jpg?w=880&amp;ssl=1 880w, https:\/\/i0.wp.com\/lahoradelcampo.com.uy\/site\/wp-content\/uploads\/2021\/05\/lanasangerardo.jpg?resize=300%2C150&amp;ssl=1 300w, https:\/\/i0.wp.com\/lahoradelcampo.com.uy\/site\/wp-content\/uploads\/2021\/05\/lanasangerardo.jpg?resize=768%2C384&amp;ssl=1 768w, https:\/\/i0.wp.com\/lahoradelcampo.com.uy\/site\/wp-content\/uploads\/2021\/05\/lanasangerardo.jpg?resize=820%2C410&amp;ssl=1 820w\" sizes=\"auto, (max-width: 810px) 100vw, 810px\" \/><\/figure>\n\n\n\n<p>De acuerdo al di\u00e1logo mantenido con algunos consignatarios y representantes de industrias topistas, el mercado contin\u00faa lento y con propuestas de valores inferiores a los de semanas anteriores, principalmente en el caso de las lanas finas. <br><\/p>\n\n\n\n<p>Esta situaci\u00f3n es reflejo de una cautela muy importante por parte de los importadores europeos, principalmente en las lanas finas, donde los tiempos para llegar a tiempo para la nueva colecci\u00f3n de inverno se acortan. <br><\/p>\n\n\n\n<p>Lo mismo ocurre con China, que est\u00e1 con un congestionamiento en los puertos y un alto stock de lana en altamar a la espera de ingresar a puertos. Esto lleva a que la operativa a nivel interno sea a cuenta gotas y con menores valores.<br><\/p>\n\n\n\n<p>La Uni\u00f3n de Consignatarios y Rematadores de Lana del Uruguay (UCRLU) no emiti\u00f3 su planilla semanal al no registrarse operaciones. Por su parte el escritorio Romualdo &amp; C\u00eda. inform\u00f3 que concret\u00f3 la venta de un lote de lana de 27 a 28 micras, sin acondicionar, a US$ 1,30 por kilogramo de vell\u00f3n. Se trata de un lote que ronda entre los 9.000 y 10.000 kilogramos, del sur del pa\u00eds y conocido por parte del comprador. <\/p>\n\n\n\n<p>Salto, 13 de mayo de 2022<\/p>\n","protected":false},"excerpt":{"rendered":"<p>De acuerdo al di\u00e1logo mantenido con algunos consignatarios y representantes de industrias topistas, el mercado contin\u00faa lento y con propuestas de valores inferiores a los de semanas anteriores, principalmente en [&hellip;]<\/p>\n","protected":false},"author":5,"featured_media":29876,"comment_status":"open","ping_status":"open","sticky":false,"template":"","format":"standard","meta":{"_price":"","_stock":"","_tribe_ticket_header":"","_tribe_default_ticket_provider":"","_tribe_ticket_capacity":"0","_ticket_start_date":"","_ticket_end_date":"","_tribe_ticket_show_description":"","_tribe_ticket_show_not_going":false,"_tribe_ticket_use_global_stock":"","_tribe_ticket_global_stock_level":"","_global_stock_mode":"","_global_stock_cap":"","_tribe_rsvp_for_event":"","_tribe_ticket_going_count":"","_tribe_ticket_not_going_count":"","_tribe_tickets_list":"[]","_tribe_ticket_has_attendee_info_fields":false,"h5ap_radio_sources":[],"_jetpack_newsletter_access":"","_jetpack_dont_email_post_to_subs":false,"_jetpack_newsletter_tier_id":0,"_jetpack_memberships_contains_paywalled_content":false,"_jetpack_memberships_contains_paid_content":false,"footnotes":""},"categories":[21,13],"tags":[],"class_list":["post-41775","post","type-post","status-publish","format-standard","has-post-thumbnail","hentry","category-actualidad","category-ovinos"],"jetpack_featured_media_url":"https:\/\/i0.wp.com\/lahoradelcampo.com.uy\/site\/wp-content\/uploads\/2021\/05\/lanasangerardo.jpg?fit=880%2C440&ssl=1","jetpack_sharing_enabled":true,"jetpack_shortlink":"https:\/\/wp.me\/p99IaT-aRN","jetpack-related-posts":[{"id":30396,"url":"https:\/\/lahoradelcampo.com.uy\/site\/sin-grandes-cambios-y-negocios-en-lanas-finas-a-nivel-interno\/","url_meta":{"origin":41775,"position":0},"title":"Sin grandes cambios y negocios en lanas finas a nivel interno","author":"La Hora del Campo","date":"21 mayo, 2021","format":false,"excerpt":"El mercado lanero interno contin\u00faa, al igual que a nivel internacional, con demanda por lanas finas y distante de los negocios en lanas medias y gruesas. Los \u00faltimos d\u00edas se vio una industria interesada principalmente en lanas por debajo de las 19 micras, con certificaciones (de preferencia ecol\u00f3gica u org\u00e1nica)\u2026","rel":"","context":"En \u00abActualidad\u00bb","block_context":{"text":"Actualidad","link":"https:\/\/lahoradelcampo.com.uy\/site\/category\/actualidad\/"},"img":{"alt_text":"","src":"https:\/\/i0.wp.com\/lahoradelcampo.com.uy\/site\/wp-content\/uploads\/2018\/05\/Lana-s.jpg?fit=880%2C440&ssl=1&resize=350%2C200","width":350,"height":200,"srcset":"https:\/\/i0.wp.com\/lahoradelcampo.com.uy\/site\/wp-content\/uploads\/2018\/05\/Lana-s.jpg?fit=880%2C440&ssl=1&resize=350%2C200 1x, https:\/\/i0.wp.com\/lahoradelcampo.com.uy\/site\/wp-content\/uploads\/2018\/05\/Lana-s.jpg?fit=880%2C440&ssl=1&resize=525%2C300 1.5x, https:\/\/i0.wp.com\/lahoradelcampo.com.uy\/site\/wp-content\/uploads\/2018\/05\/Lana-s.jpg?fit=880%2C440&ssl=1&resize=700%2C400 2x"},"classes":[]},{"id":40227,"url":"https:\/\/lahoradelcampo.com.uy\/site\/a-nivel-interno-se-concretan-negocios-puntuales-y-en-lanas-finas\/","url_meta":{"origin":41775,"position":1},"title":"A nivel interno se concretan negocios puntuales y en lanas finas","author":"La Hora del Campo","date":"25 marzo, 2022","format":false,"excerpt":"La operativa en el mercado interno se encuentra enlentecida en las \u00faltimas semanas y con mayor cautela. \"Hay luces amarillas en Europa\" dijo un operador del mercado esta semana, y se\u00f1al\u00f3 que si bien se concretan negocios, la demanda no est\u00e1 fluida como las semanas previas. Los negocios est\u00e1n siendo\u2026","rel":"","context":"En \u00abActualidad\u00bb","block_context":{"text":"Actualidad","link":"https:\/\/lahoradelcampo.com.uy\/site\/category\/actualidad\/"},"img":{"alt_text":"","src":"https:\/\/i0.wp.com\/lahoradelcampo.com.uy\/site\/wp-content\/uploads\/2019\/06\/Lanas-1.jpg?fit=880%2C440&ssl=1&resize=350%2C200","width":350,"height":200,"srcset":"https:\/\/i0.wp.com\/lahoradelcampo.com.uy\/site\/wp-content\/uploads\/2019\/06\/Lanas-1.jpg?fit=880%2C440&ssl=1&resize=350%2C200 1x, https:\/\/i0.wp.com\/lahoradelcampo.com.uy\/site\/wp-content\/uploads\/2019\/06\/Lanas-1.jpg?fit=880%2C440&ssl=1&resize=525%2C300 1.5x, https:\/\/i0.wp.com\/lahoradelcampo.com.uy\/site\/wp-content\/uploads\/2019\/06\/Lanas-1.jpg?fit=880%2C440&ssl=1&resize=700%2C400 2x"},"classes":[]},{"id":9595,"url":"https:\/\/lahoradelcampo.com.uy\/site\/continua-la-baja-concrecion-de-negocios-con-valores-firmes-en-lanas-medias\/","url_meta":{"origin":41775,"position":2},"title":"Contin\u00faa la baja concreci\u00f3n de negocios, con valores firmes en lanas medias","author":"La Hora del Campo","date":"5 abril, 2019","format":false,"excerpt":"M\u00e1s all\u00e1 de que varios operadores e industriales sostienen que los valores en Uruguay en la actualidad no mantienen una referencia directa con lo que est\u00e1 sucediendo en Australia, debido a la baja calidad de la oferta en Ocean\u00eda, en el pa\u00eds se mantiene pr\u00e1cticamente nominal los valores para las\u2026","rel":"","context":"En \u00abActualidad\u00bb","block_context":{"text":"Actualidad","link":"https:\/\/lahoradelcampo.com.uy\/site\/category\/actualidad\/"},"img":{"alt_text":"","src":"https:\/\/i0.wp.com\/lahoradelcampo.com.uy\/site\/wp-content\/uploads\/2019\/04\/Lanas-mercado.jpg?fit=880%2C440&ssl=1&resize=350%2C200","width":350,"height":200,"srcset":"https:\/\/i0.wp.com\/lahoradelcampo.com.uy\/site\/wp-content\/uploads\/2019\/04\/Lanas-mercado.jpg?fit=880%2C440&ssl=1&resize=350%2C200 1x, https:\/\/i0.wp.com\/lahoradelcampo.com.uy\/site\/wp-content\/uploads\/2019\/04\/Lanas-mercado.jpg?fit=880%2C440&ssl=1&resize=525%2C300 1.5x, https:\/\/i0.wp.com\/lahoradelcampo.com.uy\/site\/wp-content\/uploads\/2019\/04\/Lanas-mercado.jpg?fit=880%2C440&ssl=1&resize=700%2C400 2x"},"classes":[]},{"id":53590,"url":"https:\/\/lahoradelcampo.com.uy\/site\/mercado-interno-con-negocios-principalmente-en-lanas-merinas\/","url_meta":{"origin":41775,"position":3},"title":"Mercado interno con negocios, principalmente en lanas merinas","author":"La Hora del Campo","date":"17 marzo, 2024","format":false,"excerpt":"El mercado lanero uruguayo contin\u00faa concretando negocios, \"en algunos casos con valores inferiores a los esperados por los productores, pero que concretan negocios en base a obligaciones asumidas que se deben corresponder\", dijo un operador del mercado en la tarde del jueves. La mayor\u00eda de los negocios se concretan en\u2026","rel":"","context":"En \u00abActualidad\u00bb","block_context":{"text":"Actualidad","link":"https:\/\/lahoradelcampo.com.uy\/site\/category\/actualidad\/"},"img":{"alt_text":"","src":"https:\/\/i0.wp.com\/lahoradelcampo.com.uy\/site\/wp-content\/uploads\/2017\/08\/lanas.jpg?fit=784%2C450&ssl=1&resize=350%2C200","width":350,"height":200,"srcset":"https:\/\/i0.wp.com\/lahoradelcampo.com.uy\/site\/wp-content\/uploads\/2017\/08\/lanas.jpg?fit=784%2C450&ssl=1&resize=350%2C200 1x, https:\/\/i0.wp.com\/lahoradelcampo.com.uy\/site\/wp-content\/uploads\/2017\/08\/lanas.jpg?fit=784%2C450&ssl=1&resize=525%2C300 1.5x, https:\/\/i0.wp.com\/lahoradelcampo.com.uy\/site\/wp-content\/uploads\/2017\/08\/lanas.jpg?fit=784%2C450&ssl=1&resize=700%2C400 2x"},"classes":[]},{"id":37187,"url":"https:\/\/lahoradelcampo.com.uy\/site\/el-mercado-interno-con-negocios-muy-puntuales\/","url_meta":{"origin":41775,"position":4},"title":"El mercado interno con negocios muy puntuales","author":"La Hora del Campo","date":"3 diciembre, 2021","format":false,"excerpt":"De acuerdo al di\u00e1logo mantenido con algunos operadores, el mercado se posicion\u00f3 \"raro\" esta semana. Algunas operativas que se ven\u00edan conversando en las \u00faltimas semanas, \"se trancaron\" dijo un consignatario y mencion\u00f3 que ahora resta esperar una reacci\u00f3n positiva del mercado internacional. En el caso de las lanas finas, a\u00fan\u2026","rel":"","context":"En \u00abActualidad\u00bb","block_context":{"text":"Actualidad","link":"https:\/\/lahoradelcampo.com.uy\/site\/category\/actualidad\/"},"img":{"alt_text":"","src":"https:\/\/i0.wp.com\/lahoradelcampo.com.uy\/site\/wp-content\/uploads\/2021\/12\/Lana-camion.jpg?fit=880%2C440&ssl=1&resize=350%2C200","width":350,"height":200,"srcset":"https:\/\/i0.wp.com\/lahoradelcampo.com.uy\/site\/wp-content\/uploads\/2021\/12\/Lana-camion.jpg?fit=880%2C440&ssl=1&resize=350%2C200 1x, https:\/\/i0.wp.com\/lahoradelcampo.com.uy\/site\/wp-content\/uploads\/2021\/12\/Lana-camion.jpg?fit=880%2C440&ssl=1&resize=525%2C300 1.5x, https:\/\/i0.wp.com\/lahoradelcampo.com.uy\/site\/wp-content\/uploads\/2021\/12\/Lana-camion.jpg?fit=880%2C440&ssl=1&resize=700%2C400 2x"},"classes":[]},{"id":55285,"url":"https:\/\/lahoradelcampo.com.uy\/site\/el-mercado-lanero-interno-con-negocios-principalmente-en-lanas-finas\/","url_meta":{"origin":41775,"position":5},"title":"El mercado lanero interno con negocios, principalmente en lanas finas","author":"La Hora del Campo","date":"20 diciembre, 2024","format":false,"excerpt":"El mercado lanero uruguayo viene cerrando el 2024, con una corriente negocios m\u00e1s importantes en los \u00faltimos dos meses, pero con valores que se destacan en algunos casos puntuales por micronajes muy finos y en otros por lotes con buenas caracter\u00edsticas de calidad, en cuanto a rendimiento al lavado, color\u2026","rel":"","context":"En \u00abActualidad\u00bb","block_context":{"text":"Actualidad","link":"https:\/\/lahoradelcampo.com.uy\/site\/category\/actualidad\/"},"img":{"alt_text":"","src":"https:\/\/i0.wp.com\/lahoradelcampo.com.uy\/site\/wp-content\/uploads\/2024\/12\/1000193502.jpg?fit=880%2C440&ssl=1&resize=350%2C200","width":350,"height":200,"srcset":"https:\/\/i0.wp.com\/lahoradelcampo.com.uy\/site\/wp-content\/uploads\/2024\/12\/1000193502.jpg?fit=880%2C440&ssl=1&resize=350%2C200 1x, https:\/\/i0.wp.com\/lahoradelcampo.com.uy\/site\/wp-content\/uploads\/2024\/12\/1000193502.jpg?fit=880%2C440&ssl=1&resize=525%2C300 1.5x, https:\/\/i0.wp.com\/lahoradelcampo.com.uy\/site\/wp-content\/uploads\/2024\/12\/1000193502.jpg?fit=880%2C440&ssl=1&resize=700%2C400 2x"},"classes":[]}],"jetpack_likes_enabled":true,"_links":{"self":[{"href":"https:\/\/lahoradelcampo.com.uy\/site\/wp-json\/wp\/v2\/posts\/41775","targetHints":{"allow":["GET"]}}],"collection":[{"href":"https:\/\/lahoradelcampo.com.uy\/site\/wp-json\/wp\/v2\/posts"}],"about":[{"href":"https:\/\/lahoradelcampo.com.uy\/site\/wp-json\/wp\/v2\/types\/post"}],"author":[{"embeddable":true,"href":"https:\/\/lahoradelcampo.com.uy\/site\/wp-json\/wp\/v2\/users\/5"}],"replies":[{"embeddable":true,"href":"https:\/\/lahoradelcampo.com.uy\/site\/wp-json\/wp\/v2\/comments?post=41775"}],"version-history":[{"count":1,"href":"https:\/\/lahoradelcampo.com.uy\/site\/wp-json\/wp\/v2\/posts\/41775\/revisions"}],"predecessor-version":[{"id":41777,"href":"https:\/\/lahoradelcampo.com.uy\/site\/wp-json\/wp\/v2\/posts\/41775\/revisions\/41777"}],"wp:featuredmedia":[{"embeddable":true,"href":"https:\/\/lahoradelcampo.com.uy\/site\/wp-json\/wp\/v2\/media\/29876"}],"wp:attachment":[{"href":"https:\/\/lahoradelcampo.com.uy\/site\/wp-json\/wp\/v2\/media?parent=41775"}],"wp:term":[{"taxonomy":"category","embeddable":true,"href":"https:\/\/lahoradelcampo.com.uy\/site\/wp-json\/wp\/v2\/categories?post=41775"},{"taxonomy":"post_tag","embeddable":true,"href":"https:\/\/lahoradelcampo.com.uy\/site\/wp-json\/wp\/v2\/tags?post=41775"}],"curies":[{"name":"wp","href":"https:\/\/api.w.org\/{rel}","templated":true}]}}