{"id":41771,"date":"2022-05-13T06:34:59","date_gmt":"2022-05-13T09:34:59","guid":{"rendered":"http:\/\/lahoradelcampo.com.uy\/site\/?p=41771"},"modified":"2022-05-13T06:35:05","modified_gmt":"2022-05-13T09:35:05","slug":"martin-uria-sera-el-proximo-presidente-de-la-federacion-rural","status":"publish","type":"post","link":"https:\/\/lahoradelcampo.com.uy\/site\/martin-uria-sera-el-proximo-presidente-de-la-federacion-rural\/","title":{"rendered":"Mart\u00edn Ur\u00eda ser\u00e1 el pr\u00f3ximo presidente de la Federaci\u00f3n Rural"},"content":{"rendered":"\n<figure class=\"wp-block-image\"><img data-recalc-dims=\"1\" loading=\"lazy\" decoding=\"async\" width=\"810\" height=\"405\" data-attachment-id=\"32446\" data-permalink=\"https:\/\/lahoradelcampo.com.uy\/site\/fr-sostiene-que-se-debe-dejar-de-comprar-tierras-por-colonizacion\/martinuria\/\" data-orig-file=\"https:\/\/i0.wp.com\/lahoradelcampo.com.uy\/site\/wp-content\/uploads\/2021\/07\/MartinUria.jpg?fit=880%2C440&amp;ssl=1\" data-orig-size=\"880,440\" data-comments-opened=\"1\" data-image-meta=\"{&quot;aperture&quot;:&quot;0&quot;,&quot;credit&quot;:&quot;&quot;,&quot;camera&quot;:&quot;&quot;,&quot;caption&quot;:&quot;&quot;,&quot;created_timestamp&quot;:&quot;0&quot;,&quot;copyright&quot;:&quot;&quot;,&quot;focal_length&quot;:&quot;0&quot;,&quot;iso&quot;:&quot;0&quot;,&quot;shutter_speed&quot;:&quot;0&quot;,&quot;title&quot;:&quot;&quot;,&quot;orientation&quot;:&quot;1&quot;}\" data-image-title=\"MartinUria\" data-image-description=\"\" data-image-caption=\"\" data-large-file=\"https:\/\/i0.wp.com\/lahoradelcampo.com.uy\/site\/wp-content\/uploads\/2021\/07\/MartinUria.jpg?fit=810%2C405&amp;ssl=1\" src=\"https:\/\/i0.wp.com\/lahoradelcampo.com.uy\/site\/wp-content\/uploads\/2021\/07\/MartinUria.jpg?resize=810%2C405\" alt=\"\" class=\"wp-image-32446\" srcset=\"https:\/\/i0.wp.com\/lahoradelcampo.com.uy\/site\/wp-content\/uploads\/2021\/07\/MartinUria.jpg?w=880&amp;ssl=1 880w, https:\/\/i0.wp.com\/lahoradelcampo.com.uy\/site\/wp-content\/uploads\/2021\/07\/MartinUria.jpg?resize=300%2C150&amp;ssl=1 300w, https:\/\/i0.wp.com\/lahoradelcampo.com.uy\/site\/wp-content\/uploads\/2021\/07\/MartinUria.jpg?resize=768%2C384&amp;ssl=1 768w, https:\/\/i0.wp.com\/lahoradelcampo.com.uy\/site\/wp-content\/uploads\/2021\/07\/MartinUria.jpg?resize=820%2C410&amp;ssl=1 820w\" sizes=\"auto, (max-width: 810px) 100vw, 810px\" \/><\/figure>\n\n\n\n<p>En la jornada de ayer venci\u00f3 el plazo para la presentaci\u00f3n de listas de cara al acto eleccionario en el marco del Congreso Anual de la Federaci\u00f3n Rural en Tacuaremb\u00f3 el pr\u00f3ximo 27 y 28 de mayo. <br><\/p>\n\n\n\n<p>Seg\u00fan public\u00f3 el colega Yonnatan Santos en su cuenta de Twitter, la elecci\u00f3n del actual vicepresidente de la gremial para suplantar a la Sra. M\u00f3nica Silva fue por consenso dentro de la directiva de la gremial. <br><\/p>\n\n\n\n<p>La actual presidente de la gremial, confirm\u00f3 que el productor de Cerro Largo ser\u00e1 el pr\u00f3ximo en asumir la presidencia de la gremial, posteriormente al congreso y que el Ministro de Ganader\u00eda, Agricultura y Pesca, Fernando Mattos, estar\u00e1 presente en el cierre del encuentro . <\/p>\n\n\n\n<p>Salto, 13 de mayo de 2022<\/p>\n","protected":false},"excerpt":{"rendered":"<p>En la jornada de ayer venci\u00f3 el plazo para la presentaci\u00f3n de listas de cara al acto eleccionario en el marco del Congreso Anual de la Federaci\u00f3n Rural en Tacuaremb\u00f3 [&hellip;]<\/p>\n","protected":false},"author":5,"featured_media":32446,"comment_status":"open","ping_status":"open","sticky":false,"template":"","format":"standard","meta":{"_price":"","_stock":"","_tribe_ticket_header":"","_tribe_default_ticket_provider":"","_tribe_ticket_capacity":"0","_ticket_start_date":"","_ticket_end_date":"","_tribe_ticket_show_description":"","_tribe_ticket_show_not_going":false,"_tribe_ticket_use_global_stock":"","_tribe_ticket_global_stock_level":"","_global_stock_mode":"","_global_stock_cap":"","_tribe_rsvp_for_event":"","_tribe_ticket_going_count":"","_tribe_ticket_not_going_count":"","_tribe_tickets_list":"[]","_tribe_ticket_has_attendee_info_fields":false,"h5ap_radio_sources":[],"_jetpack_newsletter_access":"","_jetpack_dont_email_post_to_subs":false,"_jetpack_newsletter_tier_id":0,"_jetpack_memberships_contains_paywalled_content":false,"_jetpack_memberships_contains_paid_content":false,"footnotes":""},"categories":[21,5],"tags":[],"class_list":["post-41771","post","type-post","status-publish","format-standard","has-post-thumbnail","hentry","category-actualidad","category-ganaderia"],"jetpack_featured_media_url":"https:\/\/i0.wp.com\/lahoradelcampo.com.uy\/site\/wp-content\/uploads\/2021\/07\/MartinUria.jpg?fit=880%2C440&ssl=1","jetpack_sharing_enabled":true,"jetpack_shortlink":"https:\/\/wp.me\/p99IaT-aRJ","jetpack-related-posts":[{"id":29112,"url":"https:\/\/lahoradelcampo.com.uy\/site\/fr-marcara-fecha-para-su-congreso-anual-el-proximo-lunes\/","url_meta":{"origin":41771,"position":0},"title":"FR marcar\u00e1 fecha para su Congreso Anual el pr\u00f3ximo lunes","author":"La Hora del Campo","date":"9 abril, 2021","format":false,"excerpt":"La Federaci\u00f3n Rural del Uruguay, luego de muchos a\u00f1os vuelve a tener dos listas pugnando por la presidencia de la gremial. Recordemos que ambas listas fueron presentadas el pasado 8 de marzo, el D\u00eda Internacional de la Mujer que adem\u00e1s quedar\u00e1 marcado a fuego en la historia de la gremial,\u2026","rel":"","context":"En \u00abActualidad\u00bb","block_context":{"text":"Actualidad","link":"https:\/\/lahoradelcampo.com.uy\/site\/category\/actualidad\/"},"img":{"alt_text":"","src":"https:\/\/i0.wp.com\/lahoradelcampo.com.uy\/site\/wp-content\/uploads\/2019\/05\/Federacion-Rural-1.jpg?fit=880%2C440&ssl=1&resize=350%2C200","width":350,"height":200,"srcset":"https:\/\/i0.wp.com\/lahoradelcampo.com.uy\/site\/wp-content\/uploads\/2019\/05\/Federacion-Rural-1.jpg?fit=880%2C440&ssl=1&resize=350%2C200 1x, https:\/\/i0.wp.com\/lahoradelcampo.com.uy\/site\/wp-content\/uploads\/2019\/05\/Federacion-Rural-1.jpg?fit=880%2C440&ssl=1&resize=525%2C300 1.5x, https:\/\/i0.wp.com\/lahoradelcampo.com.uy\/site\/wp-content\/uploads\/2019\/05\/Federacion-Rural-1.jpg?fit=880%2C440&ssl=1&resize=700%2C400 2x"},"classes":[]},{"id":579,"url":"https:\/\/lahoradelcampo.com.uy\/site\/salto-sera-sede-del-congreso-anual-de-la-federacion-rural-de-jovenes\/","url_meta":{"origin":41771,"position":1},"title":"Salto ser\u00e1 sede del Congreso Anual de la Federaci\u00f3n Rural de J\u00f3venes","author":"La Hora del Campo","date":"8 septiembre, 2017","format":false,"excerpt":"La Asociaci\u00f3n Agropecuaria de J\u00f3venes de Salto ser\u00e1 la gremial anfitriona del pr\u00f3ximo Congreso Anual de la Federaci\u00f3n Rural de J\u00f3venes al cierre de este mes. El congreso es la actividad anual m\u00e1s importante de la Federaci\u00f3n Rural de J\u00f3venes y de estos encuentros surgen las l\u00edneas de trabajo para\u2026","rel":"","context":"En \u00abActualidad\u00bb","block_context":{"text":"Actualidad","link":"https:\/\/lahoradelcampo.com.uy\/site\/category\/actualidad\/"},"img":{"alt_text":"","src":"https:\/\/i0.wp.com\/lahoradelcampo.com.uy\/site\/wp-content\/uploads\/2017\/09\/jovenes.jpg?fit=1200%2C665&ssl=1&resize=350%2C200","width":350,"height":200,"srcset":"https:\/\/i0.wp.com\/lahoradelcampo.com.uy\/site\/wp-content\/uploads\/2017\/09\/jovenes.jpg?fit=1200%2C665&ssl=1&resize=350%2C200 1x, https:\/\/i0.wp.com\/lahoradelcampo.com.uy\/site\/wp-content\/uploads\/2017\/09\/jovenes.jpg?fit=1200%2C665&ssl=1&resize=525%2C300 1.5x, https:\/\/i0.wp.com\/lahoradelcampo.com.uy\/site\/wp-content\/uploads\/2017\/09\/jovenes.jpg?fit=1200%2C665&ssl=1&resize=700%2C400 2x, https:\/\/i0.wp.com\/lahoradelcampo.com.uy\/site\/wp-content\/uploads\/2017\/09\/jovenes.jpg?fit=1200%2C665&ssl=1&resize=1050%2C600 3x"},"classes":[]},{"id":31514,"url":"https:\/\/lahoradelcampo.com.uy\/site\/manana-se-realiza-el-congreso-de-la-federacion-rural-del-uruguay\/","url_meta":{"origin":41771,"position":2},"title":"Ma\u00f1ana se realiza el Congreso de la Federaci\u00f3n Rural del Uruguay","author":"La Hora del Campo","date":"25 junio, 2021","format":false,"excerpt":"En la jornada de ma\u00f1ana s\u00e1bado, 26 de junio, se realiza el Congreso Anual de la Federaci\u00f3n Rural del Uruguay. A pesar del pedido de las federadas que el congreso se realizara de forma presencial, con los referentes de los distintos puntos del pa\u00eds y debatir las diferentes ponencias de\u2026","rel":"","context":"En \u00abActualidad\u00bb","block_context":{"text":"Actualidad","link":"https:\/\/lahoradelcampo.com.uy\/site\/category\/actualidad\/"},"img":{"alt_text":"","src":"https:\/\/i0.wp.com\/lahoradelcampo.com.uy\/site\/wp-content\/uploads\/2018\/03\/web-federacion.jpg?fit=880%2C440&ssl=1&resize=350%2C200","width":350,"height":200,"srcset":"https:\/\/i0.wp.com\/lahoradelcampo.com.uy\/site\/wp-content\/uploads\/2018\/03\/web-federacion.jpg?fit=880%2C440&ssl=1&resize=350%2C200 1x, https:\/\/i0.wp.com\/lahoradelcampo.com.uy\/site\/wp-content\/uploads\/2018\/03\/web-federacion.jpg?fit=880%2C440&ssl=1&resize=525%2C300 1.5x, https:\/\/i0.wp.com\/lahoradelcampo.com.uy\/site\/wp-content\/uploads\/2018\/03\/web-federacion.jpg?fit=880%2C440&ssl=1&resize=700%2C400 2x"},"classes":[]},{"id":50743,"url":"https:\/\/lahoradelcampo.com.uy\/site\/jorge-andres-rodriguez-presidira-la-federacion-rural\/","url_meta":{"origin":41771,"position":3},"title":"Jorge Andr\u00e9s Rodr\u00edguez presidir\u00e1 la Federaci\u00f3n Rural","author":"La Hora del Campo","date":"25 mayo, 2023","format":false,"excerpt":"La Federaci\u00f3n Rural est\u00e1 lista para llevar a cabo su tradicional Congreso Anual los d\u00edas viernes 26 y s\u00e1bado 27 en el local Santa Bernardina de la Sociedad Rural de Durazno. En una reuni\u00f3n celebrada ayer, la gremial decidi\u00f3 presentar una lista \u00fanica de consenso encabezada por Jorge Andr\u00e9s Rodr\u00edguez.\u2026","rel":"","context":"En \u00abActualidad\u00bb","block_context":{"text":"Actualidad","link":"https:\/\/lahoradelcampo.com.uy\/site\/category\/actualidad\/"},"img":{"alt_text":"","src":"https:\/\/i0.wp.com\/lahoradelcampo.com.uy\/site\/wp-content\/uploads\/2023\/05\/jorge-andres-rodriguez-1.jpg?fit=880%2C440&ssl=1&resize=350%2C200","width":350,"height":200,"srcset":"https:\/\/i0.wp.com\/lahoradelcampo.com.uy\/site\/wp-content\/uploads\/2023\/05\/jorge-andres-rodriguez-1.jpg?fit=880%2C440&ssl=1&resize=350%2C200 1x, https:\/\/i0.wp.com\/lahoradelcampo.com.uy\/site\/wp-content\/uploads\/2023\/05\/jorge-andres-rodriguez-1.jpg?fit=880%2C440&ssl=1&resize=525%2C300 1.5x, https:\/\/i0.wp.com\/lahoradelcampo.com.uy\/site\/wp-content\/uploads\/2023\/05\/jorge-andres-rodriguez-1.jpg?fit=880%2C440&ssl=1&resize=700%2C400 2x"},"classes":[]},{"id":40371,"url":"https:\/\/lahoradelcampo.com.uy\/site\/congreso-anual-de-la-federacion-rural-se-realizara-en-tacuarembo\/","url_meta":{"origin":41771,"position":4},"title":"Congreso Anual de la Federaci\u00f3n Rural se realizar\u00e1 en Tacuaremb\u00f3","author":"La Hora del Campo","date":"30 marzo, 2022","format":false,"excerpt":"Esta semana el Consejo Directivo de la Federaci\u00f3n Rural del Uruguay decidi\u00f3 realizar en Tacuaremb\u00f3 su pr\u00f3ximo Congreso Anual. En principio exist\u00edan cuatro posibles sedes para la realizaci\u00f3n del encuentro gremial, sin embargo a la votaci\u00f3n final estuvieron propuestos Durazno y Tacuaremb\u00f3. De acuerdo a la informaci\u00f3n recibida por La\u2026","rel":"","context":"En \u00abActualidad\u00bb","block_context":{"text":"Actualidad","link":"https:\/\/lahoradelcampo.com.uy\/site\/category\/actualidad\/"},"img":{"alt_text":"","src":"https:\/\/i0.wp.com\/lahoradelcampo.com.uy\/site\/wp-content\/uploads\/2019\/05\/Federacion-Rural-1.jpg?fit=880%2C440&ssl=1&resize=350%2C200","width":350,"height":200,"srcset":"https:\/\/i0.wp.com\/lahoradelcampo.com.uy\/site\/wp-content\/uploads\/2019\/05\/Federacion-Rural-1.jpg?fit=880%2C440&ssl=1&resize=350%2C200 1x, https:\/\/i0.wp.com\/lahoradelcampo.com.uy\/site\/wp-content\/uploads\/2019\/05\/Federacion-Rural-1.jpg?fit=880%2C440&ssl=1&resize=525%2C300 1.5x, https:\/\/i0.wp.com\/lahoradelcampo.com.uy\/site\/wp-content\/uploads\/2019\/05\/Federacion-Rural-1.jpg?fit=880%2C440&ssl=1&resize=700%2C400 2x"},"classes":[]},{"id":20644,"url":"https:\/\/lahoradelcampo.com.uy\/site\/solamente-los-delegados-podran-participar-del-congreso-de-la-fr\/","url_meta":{"origin":41771,"position":5},"title":"Solamente los delegados podr\u00e1n participar del Congreso de la FR","author":"La Hora del Campo","date":"5 junio, 2020","format":false,"excerpt":"El viernes 26 de junio la Federaci\u00f3n Rural del Uruguay realizar\u00e1 su tradicional congreso anual, que distar\u00e1 mucho de lo que se ha realizado tradicionalmente debido a la emergencia sanitaria por el Covid-19. Este a\u00f1o la edici\u00f3n 103 del congreso se realizar\u00eda en\u00a0 la ciudad de Rocha, pero debido a\u2026","rel":"","context":"En \u00abActualidad\u00bb","block_context":{"text":"Actualidad","link":"https:\/\/lahoradelcampo.com.uy\/site\/category\/actualidad\/"},"img":{"alt_text":"","src":"https:\/\/i0.wp.com\/lahoradelcampo.com.uy\/site\/wp-content\/uploads\/2020\/06\/JulioArmandUgonweb.jpg?fit=880%2C440&ssl=1&resize=350%2C200","width":350,"height":200,"srcset":"https:\/\/i0.wp.com\/lahoradelcampo.com.uy\/site\/wp-content\/uploads\/2020\/06\/JulioArmandUgonweb.jpg?fit=880%2C440&ssl=1&resize=350%2C200 1x, https:\/\/i0.wp.com\/lahoradelcampo.com.uy\/site\/wp-content\/uploads\/2020\/06\/JulioArmandUgonweb.jpg?fit=880%2C440&ssl=1&resize=525%2C300 1.5x, https:\/\/i0.wp.com\/lahoradelcampo.com.uy\/site\/wp-content\/uploads\/2020\/06\/JulioArmandUgonweb.jpg?fit=880%2C440&ssl=1&resize=700%2C400 2x"},"classes":[]}],"jetpack_likes_enabled":true,"_links":{"self":[{"href":"https:\/\/lahoradelcampo.com.uy\/site\/wp-json\/wp\/v2\/posts\/41771","targetHints":{"allow":["GET"]}}],"collection":[{"href":"https:\/\/lahoradelcampo.com.uy\/site\/wp-json\/wp\/v2\/posts"}],"about":[{"href":"https:\/\/lahoradelcampo.com.uy\/site\/wp-json\/wp\/v2\/types\/post"}],"author":[{"embeddable":true,"href":"https:\/\/lahoradelcampo.com.uy\/site\/wp-json\/wp\/v2\/users\/5"}],"replies":[{"embeddable":true,"href":"https:\/\/lahoradelcampo.com.uy\/site\/wp-json\/wp\/v2\/comments?post=41771"}],"version-history":[{"count":1,"href":"https:\/\/lahoradelcampo.com.uy\/site\/wp-json\/wp\/v2\/posts\/41771\/revisions"}],"predecessor-version":[{"id":41773,"href":"https:\/\/lahoradelcampo.com.uy\/site\/wp-json\/wp\/v2\/posts\/41771\/revisions\/41773"}],"wp:featuredmedia":[{"embeddable":true,"href":"https:\/\/lahoradelcampo.com.uy\/site\/wp-json\/wp\/v2\/media\/32446"}],"wp:attachment":[{"href":"https:\/\/lahoradelcampo.com.uy\/site\/wp-json\/wp\/v2\/media?parent=41771"}],"wp:term":[{"taxonomy":"category","embeddable":true,"href":"https:\/\/lahoradelcampo.com.uy\/site\/wp-json\/wp\/v2\/categories?post=41771"},{"taxonomy":"post_tag","embeddable":true,"href":"https:\/\/lahoradelcampo.com.uy\/site\/wp-json\/wp\/v2\/tags?post=41771"}],"curies":[{"name":"wp","href":"https:\/\/api.w.org\/{rel}","templated":true}]}}