{"id":41759,"date":"2022-05-12T09:16:19","date_gmt":"2022-05-12T12:16:19","guid":{"rendered":"http:\/\/lahoradelcampo.com.uy\/site\/?p=41759"},"modified":"2022-05-12T09:16:23","modified_gmt":"2022-05-12T12:16:23","slug":"la-leptospira-esta-presente-en-el-70-de-los-predios-ganaderos","status":"publish","type":"post","link":"https:\/\/lahoradelcampo.com.uy\/site\/la-leptospira-esta-presente-en-el-70-de-los-predios-ganaderos\/","title":{"rendered":"La leptospira est\u00e1 presente en el 70% de los predios ganaderos"},"content":{"rendered":"\n<figure class=\"wp-block-image\"><img data-recalc-dims=\"1\" loading=\"lazy\" decoding=\"async\" width=\"810\" height=\"405\" data-attachment-id=\"41767\" data-permalink=\"https:\/\/lahoradelcampo.com.uy\/site\/la-leptospira-esta-presente-en-el-70-de-los-predios-ganaderos\/biogenesis-garciapintos\/\" data-orig-file=\"https:\/\/i0.wp.com\/lahoradelcampo.com.uy\/site\/wp-content\/uploads\/2022\/05\/Biogenesis-garciapintos.jpg?fit=880%2C440&amp;ssl=1\" data-orig-size=\"880,440\" data-comments-opened=\"1\" data-image-meta=\"{&quot;aperture&quot;:&quot;0&quot;,&quot;credit&quot;:&quot;&quot;,&quot;camera&quot;:&quot;&quot;,&quot;caption&quot;:&quot;&quot;,&quot;created_timestamp&quot;:&quot;0&quot;,&quot;copyright&quot;:&quot;&quot;,&quot;focal_length&quot;:&quot;0&quot;,&quot;iso&quot;:&quot;0&quot;,&quot;shutter_speed&quot;:&quot;0&quot;,&quot;title&quot;:&quot;&quot;,&quot;orientation&quot;:&quot;1&quot;}\" data-image-title=\"Biogenesis-garciapintos\" data-image-description=\"\" data-image-caption=\"\" data-large-file=\"https:\/\/i0.wp.com\/lahoradelcampo.com.uy\/site\/wp-content\/uploads\/2022\/05\/Biogenesis-garciapintos.jpg?fit=810%2C405&amp;ssl=1\" src=\"https:\/\/i0.wp.com\/lahoradelcampo.com.uy\/site\/wp-content\/uploads\/2022\/05\/Biogenesis-garciapintos.jpg?resize=810%2C405\" alt=\"\" class=\"wp-image-41767\" srcset=\"https:\/\/i0.wp.com\/lahoradelcampo.com.uy\/site\/wp-content\/uploads\/2022\/05\/Biogenesis-garciapintos.jpg?w=880&amp;ssl=1 880w, https:\/\/i0.wp.com\/lahoradelcampo.com.uy\/site\/wp-content\/uploads\/2022\/05\/Biogenesis-garciapintos.jpg?resize=300%2C150&amp;ssl=1 300w, https:\/\/i0.wp.com\/lahoradelcampo.com.uy\/site\/wp-content\/uploads\/2022\/05\/Biogenesis-garciapintos.jpg?resize=768%2C384&amp;ssl=1 768w, https:\/\/i0.wp.com\/lahoradelcampo.com.uy\/site\/wp-content\/uploads\/2022\/05\/Biogenesis-garciapintos.jpg?resize=820%2C410&amp;ssl=1 820w\" sizes=\"auto, (max-width: 810px) 100vw, 810px\" \/><\/figure>\n\n\n\n<p>En Uruguay la seroprevalencia de la leptospira en los predios ganaderos es del 60-70%, seg\u00fan trabajos recientes en el pa\u00eds. <\/p>\n\n\n\n<p>El Dr. Juan Andr\u00e9s Garc\u00eda Pintos, integrante del equipo t\u00e9cnico de Biog\u00e9nesis Bag\u00f3, explic\u00f3 que est\u00e1 enfermedad puede expresarse de diferentes formas en los predios, desde la merma en producci\u00f3n de leche, hasta la infertilidad y abortos en la ganader\u00eda.<\/p>\n\n\n\n<p>Un correcto plan de vacunaci\u00f3n es necesario para poder controlar esta problem\u00e1tica. <\/p>\n\n\n\n<figure class=\"wp-block-embed-youtube wp-block-embed is-type-video is-provider-youtube wp-embed-aspect-16-9 wp-has-aspect-ratio\"><div class=\"wp-block-embed__wrapper\">\n<span class=\"embed-youtube\" style=\"text-align:center; display: block;\"><iframe loading=\"lazy\" class=\"youtube-player\" width=\"810\" height=\"456\" src=\"https:\/\/www.youtube.com\/embed\/Qg8Y7LzDmQM?version=3&#038;rel=1&#038;showsearch=0&#038;showinfo=1&#038;iv_load_policy=1&#038;fs=1&#038;hl=es-ES&#038;autohide=2&#038;wmode=transparent\" allowfullscreen=\"true\" style=\"border:0;\" sandbox=\"allow-scripts allow-same-origin allow-popups allow-presentation allow-popups-to-escape-sandbox\"><\/iframe><\/span>\n<\/div><\/figure>\n\n\n\n<p>Biog\u00e9nesis Bag\u00f3 una empresa global, con m\u00e1s de 30 a\u00f1os instalada en el Uruguay, con un fuerte arraigo a nivel local y cada vez m\u00e1s cerca de los productores y el comercio. <\/p>\n\n\n\n<p>Salto, 12 de mayo de 2022<\/p>\n","protected":false},"excerpt":{"rendered":"<p>En Uruguay la seroprevalencia de la leptospira en los predios ganaderos es del 60-70%, seg\u00fan trabajos recientes en el pa\u00eds. El Dr. Juan Andr\u00e9s Garc\u00eda Pintos, integrante del equipo t\u00e9cnico [&hellip;]<\/p>\n","protected":false},"author":5,"featured_media":41767,"comment_status":"open","ping_status":"open","sticky":false,"template":"","format":"standard","meta":{"_price":"","_stock":"","_tribe_ticket_header":"","_tribe_default_ticket_provider":"","_tribe_ticket_capacity":"0","_ticket_start_date":"","_ticket_end_date":"","_tribe_ticket_show_description":"","_tribe_ticket_show_not_going":false,"_tribe_ticket_use_global_stock":"","_tribe_ticket_global_stock_level":"","_global_stock_mode":"","_global_stock_cap":"","_tribe_rsvp_for_event":"","_tribe_ticket_going_count":"","_tribe_ticket_not_going_count":"","_tribe_tickets_list":"[]","_tribe_ticket_has_attendee_info_fields":false,"h5ap_radio_sources":[],"_jetpack_newsletter_access":"","_jetpack_dont_email_post_to_subs":false,"_jetpack_newsletter_tier_id":0,"_jetpack_memberships_contains_paywalled_content":false,"_jetpack_memberships_contains_paid_content":false,"footnotes":""},"categories":[21,5],"tags":[],"class_list":["post-41759","post","type-post","status-publish","format-standard","has-post-thumbnail","hentry","category-actualidad","category-ganaderia"],"jetpack_featured_media_url":"https:\/\/i0.wp.com\/lahoradelcampo.com.uy\/site\/wp-content\/uploads\/2022\/05\/Biogenesis-garciapintos.jpg?fit=880%2C440&ssl=1","jetpack_sharing_enabled":true,"jetpack_shortlink":"https:\/\/wp.me\/p99IaT-aRx","jetpack-related-posts":[{"id":39311,"url":"https:\/\/lahoradelcampo.com.uy\/site\/la-resistencia-parasitaria-es-un-problema-presente-en-todos-los-predios\/","url_meta":{"origin":41759,"position":0},"title":"La resistencia parasitaria es un problema presente en todos los predios","author":"La Hora del Campo","date":"21 febrero, 2022","format":false,"excerpt":"En mayor o menor medida la resistencia parasitaria est\u00e1 presente en todos los establecimientos ganaderos de Uruguay. El Dr. Ignacio Arrospide, integrante del departamento t\u00e9cnico de Biog\u00e9nesis Bag\u00f3, comparte varios consejos de gran utilidad en este video. https:\/\/youtu.be\/8hBz6ewQBrU Biog\u00e9nesis Bag\u00f3 una empresa global, con m\u00e1s de 30 a\u00f1os instalada en\u2026","rel":"","context":"En \u00abActualidad\u00bb","block_context":{"text":"Actualidad","link":"https:\/\/lahoradelcampo.com.uy\/site\/category\/actualidad\/"},"img":{"alt_text":"","src":"https:\/\/i0.wp.com\/lahoradelcampo.com.uy\/site\/wp-content\/uploads\/2021\/03\/biogenesis-3.jpg?fit=880%2C440&ssl=1&resize=350%2C200","width":350,"height":200,"srcset":"https:\/\/i0.wp.com\/lahoradelcampo.com.uy\/site\/wp-content\/uploads\/2021\/03\/biogenesis-3.jpg?fit=880%2C440&ssl=1&resize=350%2C200 1x, https:\/\/i0.wp.com\/lahoradelcampo.com.uy\/site\/wp-content\/uploads\/2021\/03\/biogenesis-3.jpg?fit=880%2C440&ssl=1&resize=525%2C300 1.5x, https:\/\/i0.wp.com\/lahoradelcampo.com.uy\/site\/wp-content\/uploads\/2021\/03\/biogenesis-3.jpg?fit=880%2C440&ssl=1&resize=700%2C400 2x"},"classes":[]},{"id":50829,"url":"https:\/\/lahoradelcampo.com.uy\/site\/el-manejo-del-espinillo-una-oportunidad-en-predios-lecheros-y-ganaderos\/","url_meta":{"origin":41759,"position":1},"title":"El manejo del espinillo: una oportunidad en predios lecheros y ganaderos","author":"La Hora del Campo","date":"29 mayo, 2023","format":false,"excerpt":"El manejo adecuado del espinillo en predios lecheros y ganaderos puede representar una gran oportunidad para los productores. Bajo el lema \"manejo, manejo y manejo\", el Ingeniero Agr\u00f3nomo Andr\u00e9s Berruti, especialista en monte nativo, brind\u00f3 consejos clave durante la jornada \"Aprovechamiento de \u00e1reas con espinillo en el litoral del pa\u00eds\".\u2026","rel":"","context":"En \u00abActualidad\u00bb","block_context":{"text":"Actualidad","link":"https:\/\/lahoradelcampo.com.uy\/site\/category\/actualidad\/"},"img":{"alt_text":"","src":"https:\/\/i0.wp.com\/lahoradelcampo.com.uy\/site\/wp-content\/uploads\/2023\/05\/Espinillo.jpg?fit=880%2C440&ssl=1&resize=350%2C200","width":350,"height":200,"srcset":"https:\/\/i0.wp.com\/lahoradelcampo.com.uy\/site\/wp-content\/uploads\/2023\/05\/Espinillo.jpg?fit=880%2C440&ssl=1&resize=350%2C200 1x, https:\/\/i0.wp.com\/lahoradelcampo.com.uy\/site\/wp-content\/uploads\/2023\/05\/Espinillo.jpg?fit=880%2C440&ssl=1&resize=525%2C300 1.5x, https:\/\/i0.wp.com\/lahoradelcampo.com.uy\/site\/wp-content\/uploads\/2023\/05\/Espinillo.jpg?fit=880%2C440&ssl=1&resize=700%2C400 2x"},"classes":[]},{"id":42689,"url":"https:\/\/lahoradelcampo.com.uy\/site\/ganaderia-y-clima-mejoro-un-20-el-ingreso-de-los-predios-ganaderos\/","url_meta":{"origin":41759,"position":2},"title":"Ganader\u00eda y Clima mejor\u00f3 un 20% el ingreso de los predios ganaderos","author":"La Hora del Campo","date":"13 junio, 2022","format":false,"excerpt":"Este viernes 10 de junio se presentaron los resultados del proyecto Producci\u00f3n Ganadera Clim\u00e1ticamente Inteligente y Restauraci\u00f3n del Suelo en Pastizales Uruguayos, m\u00e1s conocido como \u201cProyecto Ganader\u00eda y Clima\u201d. Los datos del primer a\u00f1o de estudio muestran que la gran mayor\u00eda de los predios que participan del proyecto lograron mejorar\u2026","rel":"","context":"En \u00abActualidad\u00bb","block_context":{"text":"Actualidad","link":"https:\/\/lahoradelcampo.com.uy\/site\/category\/actualidad\/"},"img":{"alt_text":"","src":"https:\/\/i0.wp.com\/lahoradelcampo.com.uy\/site\/wp-content\/uploads\/2022\/06\/MGAP-Ganaderiayclima.jpg?fit=880%2C440&ssl=1&resize=350%2C200","width":350,"height":200,"srcset":"https:\/\/i0.wp.com\/lahoradelcampo.com.uy\/site\/wp-content\/uploads\/2022\/06\/MGAP-Ganaderiayclima.jpg?fit=880%2C440&ssl=1&resize=350%2C200 1x, https:\/\/i0.wp.com\/lahoradelcampo.com.uy\/site\/wp-content\/uploads\/2022\/06\/MGAP-Ganaderiayclima.jpg?fit=880%2C440&ssl=1&resize=525%2C300 1.5x, https:\/\/i0.wp.com\/lahoradelcampo.com.uy\/site\/wp-content\/uploads\/2022\/06\/MGAP-Ganaderiayclima.jpg?fit=880%2C440&ssl=1&resize=700%2C400 2x"},"classes":[]},{"id":43659,"url":"https:\/\/lahoradelcampo.com.uy\/site\/garrapata-45-de-los-predios-a-nivel-pais-tienen-multiresistencia\/","url_meta":{"origin":41759,"position":3},"title":"Garrapata: 4,5% de los predios a nivel pa\u00eds tienen multiresistencia","author":"La Hora del Campo","date":"11 julio, 2022","format":false,"excerpt":"El Dr. Marcelo Cortes, qui\u00e9n ha sido nombrado \"Dinamizador de la Campa\u00f1a contra la Garrapata\" por parte la Direcci\u00f3n General de los Servicios Ganaderos del MGAP, dijo que desde el \u00e1mbito oficial se han \"definido varias l\u00edneas de trabajo\" en procura de \"fortalecer la lucha contra la garrapata\". El profesional,\u2026","rel":"","context":"En \u00abActualidad\u00bb","block_context":{"text":"Actualidad","link":"https:\/\/lahoradelcampo.com.uy\/site\/category\/actualidad\/"},"img":{"alt_text":"","src":"https:\/\/i0.wp.com\/lahoradelcampo.com.uy\/site\/wp-content\/uploads\/2022\/07\/Mgap-garrapata.jpg?fit=880%2C440&ssl=1&resize=350%2C200","width":350,"height":200,"srcset":"https:\/\/i0.wp.com\/lahoradelcampo.com.uy\/site\/wp-content\/uploads\/2022\/07\/Mgap-garrapata.jpg?fit=880%2C440&ssl=1&resize=350%2C200 1x, https:\/\/i0.wp.com\/lahoradelcampo.com.uy\/site\/wp-content\/uploads\/2022\/07\/Mgap-garrapata.jpg?fit=880%2C440&ssl=1&resize=525%2C300 1.5x, https:\/\/i0.wp.com\/lahoradelcampo.com.uy\/site\/wp-content\/uploads\/2022\/07\/Mgap-garrapata.jpg?fit=880%2C440&ssl=1&resize=700%2C400 2x"},"classes":[]},{"id":48313,"url":"https:\/\/lahoradelcampo.com.uy\/site\/mgap-re-categorizara-predios-interdictos-por-brucelosis-bovina\/","url_meta":{"origin":41759,"position":4},"title":"MGAP re categorizar\u00e1 predios interdictos por Brucelosis Bovina","author":"La Hora del Campo","date":"23 enero, 2023","format":false,"excerpt":"La situaci\u00f3n de la Brucelosis Bovina en el pa\u00eds, ha tenido vaivenes en los \u00faltimos a\u00f1os, que van de acuerdo a los resultados de los an\u00e1lisis en la industria frigor\u00edfica, o lechera, en los predios linderos a focos, que est\u00e1n obligados a sangrar, y en el \u00faltimo a\u00f1o en la\u2026","rel":"","context":"En \u00abActualidad\u00bb","block_context":{"text":"Actualidad","link":"https:\/\/lahoradelcampo.com.uy\/site\/category\/actualidad\/"},"img":{"alt_text":"","src":"https:\/\/i0.wp.com\/lahoradelcampo.com.uy\/site\/wp-content\/uploads\/2017\/12\/MGAP.jpg?fit=880%2C440&ssl=1&resize=350%2C200","width":350,"height":200,"srcset":"https:\/\/i0.wp.com\/lahoradelcampo.com.uy\/site\/wp-content\/uploads\/2017\/12\/MGAP.jpg?fit=880%2C440&ssl=1&resize=350%2C200 1x, https:\/\/i0.wp.com\/lahoradelcampo.com.uy\/site\/wp-content\/uploads\/2017\/12\/MGAP.jpg?fit=880%2C440&ssl=1&resize=525%2C300 1.5x, https:\/\/i0.wp.com\/lahoradelcampo.com.uy\/site\/wp-content\/uploads\/2017\/12\/MGAP.jpg?fit=880%2C440&ssl=1&resize=700%2C400 2x"},"classes":[]},{"id":29044,"url":"https:\/\/lahoradelcampo.com.uy\/site\/gran-oportunidad-de-mejora-para-la-ganaderia-sobre-campo-natural\/","url_meta":{"origin":41759,"position":5},"title":"Gran oportunidad de mejora para  la ganader\u00eda sobre campo natural","author":"La Hora del Campo","date":"6 abril, 2021","format":false,"excerpt":"Durante los \u00faltimos 12 meses el proyecto Ganader\u00eda y Clima ha culminado el proceso de caracterizaci\u00f3n y diagn\u00f3stico de los 62 establecimientos participantes, en 4 zonas del pa\u00eds, relevando datos econ\u00f3micos, productivos, sociales y ambientales desde julio 2017 a junio 2020. De esta manera finaliza la primera etapa del proceso\u2026","rel":"","context":"En \u00abActualidad\u00bb","block_context":{"text":"Actualidad","link":"https:\/\/lahoradelcampo.com.uy\/site\/category\/actualidad\/"},"img":{"alt_text":"","src":"https:\/\/i0.wp.com\/lahoradelcampo.com.uy\/site\/wp-content\/uploads\/2020\/04\/campossemiseco.jpg?fit=880%2C440&ssl=1&resize=350%2C200","width":350,"height":200,"srcset":"https:\/\/i0.wp.com\/lahoradelcampo.com.uy\/site\/wp-content\/uploads\/2020\/04\/campossemiseco.jpg?fit=880%2C440&ssl=1&resize=350%2C200 1x, https:\/\/i0.wp.com\/lahoradelcampo.com.uy\/site\/wp-content\/uploads\/2020\/04\/campossemiseco.jpg?fit=880%2C440&ssl=1&resize=525%2C300 1.5x, https:\/\/i0.wp.com\/lahoradelcampo.com.uy\/site\/wp-content\/uploads\/2020\/04\/campossemiseco.jpg?fit=880%2C440&ssl=1&resize=700%2C400 2x"},"classes":[]}],"jetpack_likes_enabled":true,"_links":{"self":[{"href":"https:\/\/lahoradelcampo.com.uy\/site\/wp-json\/wp\/v2\/posts\/41759","targetHints":{"allow":["GET"]}}],"collection":[{"href":"https:\/\/lahoradelcampo.com.uy\/site\/wp-json\/wp\/v2\/posts"}],"about":[{"href":"https:\/\/lahoradelcampo.com.uy\/site\/wp-json\/wp\/v2\/types\/post"}],"author":[{"embeddable":true,"href":"https:\/\/lahoradelcampo.com.uy\/site\/wp-json\/wp\/v2\/users\/5"}],"replies":[{"embeddable":true,"href":"https:\/\/lahoradelcampo.com.uy\/site\/wp-json\/wp\/v2\/comments?post=41759"}],"version-history":[{"count":3,"href":"https:\/\/lahoradelcampo.com.uy\/site\/wp-json\/wp\/v2\/posts\/41759\/revisions"}],"predecessor-version":[{"id":41769,"href":"https:\/\/lahoradelcampo.com.uy\/site\/wp-json\/wp\/v2\/posts\/41759\/revisions\/41769"}],"wp:featuredmedia":[{"embeddable":true,"href":"https:\/\/lahoradelcampo.com.uy\/site\/wp-json\/wp\/v2\/media\/41767"}],"wp:attachment":[{"href":"https:\/\/lahoradelcampo.com.uy\/site\/wp-json\/wp\/v2\/media?parent=41759"}],"wp:term":[{"taxonomy":"category","embeddable":true,"href":"https:\/\/lahoradelcampo.com.uy\/site\/wp-json\/wp\/v2\/categories?post=41759"},{"taxonomy":"post_tag","embeddable":true,"href":"https:\/\/lahoradelcampo.com.uy\/site\/wp-json\/wp\/v2\/tags?post=41759"}],"curies":[{"name":"wp","href":"https:\/\/api.w.org\/{rel}","templated":true}]}}