{"id":41735,"date":"2022-05-12T06:56:29","date_gmt":"2022-05-12T09:56:29","guid":{"rendered":"http:\/\/lahoradelcampo.com.uy\/site\/?p=41735"},"modified":"2022-05-12T06:56:33","modified_gmt":"2022-05-12T09:56:33","slug":"comision-de-seguridad-rural-se-reunio-por-controles-frente-a-la-cosecha-de-soja","status":"publish","type":"post","link":"https:\/\/lahoradelcampo.com.uy\/site\/comision-de-seguridad-rural-se-reunio-por-controles-frente-a-la-cosecha-de-soja\/","title":{"rendered":"Comisi\u00f3n de Seguridad Rural se reuni\u00f3 por controles frente a la cosecha de soja"},"content":{"rendered":"\n<figure class=\"wp-block-image\"><img data-recalc-dims=\"1\" loading=\"lazy\" decoding=\"async\" width=\"810\" height=\"405\" data-attachment-id=\"41739\" data-permalink=\"https:\/\/lahoradelcampo.com.uy\/site\/comision-de-seguridad-rural-se-reunio-por-controles-frente-a-la-cosecha-de-soja\/seguridadrural1\/\" data-orig-file=\"https:\/\/i0.wp.com\/lahoradelcampo.com.uy\/site\/wp-content\/uploads\/2022\/05\/SeguridadRural1.jpg?fit=880%2C440&amp;ssl=1\" data-orig-size=\"880,440\" data-comments-opened=\"1\" data-image-meta=\"{&quot;aperture&quot;:&quot;0&quot;,&quot;credit&quot;:&quot;&quot;,&quot;camera&quot;:&quot;&quot;,&quot;caption&quot;:&quot;&quot;,&quot;created_timestamp&quot;:&quot;0&quot;,&quot;copyright&quot;:&quot;&quot;,&quot;focal_length&quot;:&quot;0&quot;,&quot;iso&quot;:&quot;0&quot;,&quot;shutter_speed&quot;:&quot;0&quot;,&quot;title&quot;:&quot;&quot;,&quot;orientation&quot;:&quot;1&quot;}\" data-image-title=\"SeguridadRural1\" data-image-description=\"\" data-image-caption=\"\" data-large-file=\"https:\/\/i0.wp.com\/lahoradelcampo.com.uy\/site\/wp-content\/uploads\/2022\/05\/SeguridadRural1.jpg?fit=810%2C405&amp;ssl=1\" src=\"https:\/\/i0.wp.com\/lahoradelcampo.com.uy\/site\/wp-content\/uploads\/2022\/05\/SeguridadRural1.jpg?resize=810%2C405\" alt=\"\" class=\"wp-image-41739\" srcset=\"https:\/\/i0.wp.com\/lahoradelcampo.com.uy\/site\/wp-content\/uploads\/2022\/05\/SeguridadRural1.jpg?w=880&amp;ssl=1 880w, https:\/\/i0.wp.com\/lahoradelcampo.com.uy\/site\/wp-content\/uploads\/2022\/05\/SeguridadRural1.jpg?resize=300%2C150&amp;ssl=1 300w, https:\/\/i0.wp.com\/lahoradelcampo.com.uy\/site\/wp-content\/uploads\/2022\/05\/SeguridadRural1.jpg?resize=768%2C384&amp;ssl=1 768w, https:\/\/i0.wp.com\/lahoradelcampo.com.uy\/site\/wp-content\/uploads\/2022\/05\/SeguridadRural1.jpg?resize=820%2C410&amp;ssl=1 820w\" sizes=\"auto, (max-width: 810px) 100vw, 810px\" \/><\/figure>\n\n\n\n<p>La Comisi\u00f3n Honoraria Asesora de Seguridad Rural, encabezada por la Dra. Fernanda Maldonado del Ministerio de Ganader\u00eda, Agricultura y Pesca (MGAP) se reuni\u00f3 en la jornada de ayer en la localidad de Nueva Palmira, Colonia, para trabajar en torno a los controles sobre la zafra de cosecha de soja. <br><\/p>\n\n\n\n<p>En dicha reuni\u00f3n estuvieron presentes los ministros Fernando Mattos (MGAP) y Javier Garc\u00eda del Ministerio de Defensa Nacional, teniendo en cuanta la presencia del ej\u00e9rcito en las zonas fronterizas y su jurisdicci\u00f3n en los puertos. Adem\u00e1s participaron representantes del Poder Judicial, instituciones agropecuarias, de productores y diversos organismos nacionales.<br><\/p>\n\n\n\n<p>La Dra. Fernanda Maldonado destac\u00f3 la presencia de los diferentes representantes del sector privado que conforman la cadena sojera, desde la siembra hasta el acopio del grano, incluyendo al sector transporte y log\u00edstica, as\u00ed como tambi\u00e9n el sector p\u00fablico que debe actuar ante la ocurrencia de delitos. \u201cCreemos es la mejor manera de trabajar\u00bb afirm\u00f3 la presidente de la Comisi\u00f3n. <br><\/p>\n\n\n\n<p>Por su parte el ministro Fernando Mattos respald\u00f3 el trabajo de la comisi\u00f3n y la coordinaci\u00f3n conjunta con otros actores del sector. Adem\u00e1s expres\u00f3 que \u201clos mecanismos para el control y combate del delito arrojaron buenos resultados en zafras anteriores. De todas formas, pretendemos mejorar los mecanismos en seguridad rural, como parte del compromiso asumido por este gobierno.\u00bb<br><\/p>\n\n\n\n<p>El ministro Javier Garc\u00eda indic\u00f3 que \u201cla preocupaci\u00f3n es la misma que hace dos a\u00f1os en esta zona espec\u00edfica, una zona granelera que ahora est\u00e1 en momento de zafra y de cosecha de granos, de soja en particular, con una situaci\u00f3n muy particular que se da a veces, que es el robo de camiones de soja que se ve en las rutas. La participaci\u00f3n de diferentes organizaciones es para preservar eso que es trabajo y es producci\u00f3n, evitar eso que sucede\u201d, a\u00f1adi\u00f3.<br><\/p>\n\n\n\n<p>\u201cYa estamos trabajando, los puestos de control empezaron hace dos a\u00f1os en esta zona espec\u00edfica recibiendo informaci\u00f3n y operando en ese sentido para que no se realice esta actividad vinculada a todo lo que es el traslado hacia el puerto\u201d, sostuvo.<\/p>\n\n\n\n<p>Salto, 12 de mayo de 2022<\/p>\n","protected":false},"excerpt":{"rendered":"<p>La Comisi\u00f3n Honoraria Asesora de Seguridad Rural, encabezada por la Dra. Fernanda Maldonado del Ministerio de Ganader\u00eda, Agricultura y Pesca (MGAP) se reuni\u00f3 en la jornada de ayer en la [&hellip;]<\/p>\n","protected":false},"author":5,"featured_media":41739,"comment_status":"open","ping_status":"open","sticky":false,"template":"","format":"standard","meta":{"_price":"","_stock":"","_tribe_ticket_header":"","_tribe_default_ticket_provider":"","_tribe_ticket_capacity":"0","_ticket_start_date":"","_ticket_end_date":"","_tribe_ticket_show_description":"","_tribe_ticket_show_not_going":false,"_tribe_ticket_use_global_stock":"","_tribe_ticket_global_stock_level":"","_global_stock_mode":"","_global_stock_cap":"","_tribe_rsvp_for_event":"","_tribe_ticket_going_count":"","_tribe_ticket_not_going_count":"","_tribe_tickets_list":"[]","_tribe_ticket_has_attendee_info_fields":false,"h5ap_radio_sources":[],"_jetpack_newsletter_access":"","_jetpack_dont_email_post_to_subs":false,"_jetpack_newsletter_tier_id":0,"_jetpack_memberships_contains_paywalled_content":false,"_jetpack_memberships_contains_paid_content":false,"footnotes":""},"categories":[21,7],"tags":[],"class_list":["post-41735","post","type-post","status-publish","format-standard","has-post-thumbnail","hentry","category-actualidad","category-agricultura"],"jetpack_featured_media_url":"https:\/\/i0.wp.com\/lahoradelcampo.com.uy\/site\/wp-content\/uploads\/2022\/05\/SeguridadRural1.jpg?fit=880%2C440&ssl=1","jetpack_sharing_enabled":true,"jetpack_shortlink":"https:\/\/wp.me\/p99IaT-aR9","jetpack-related-posts":[{"id":21420,"url":"https:\/\/lahoradelcampo.com.uy\/site\/funcionarios-del-mgap-llegaron-a-un-acuerdo\/","url_meta":{"origin":41735,"position":0},"title":"Funcionarios del MGAP llegaron a  un acuerdo","author":"La Hora del Campo","date":"1 julio, 2020","format":false,"excerpt":"En la jornada de ayer venc\u00edan un importante n\u00famero de contratos a t\u00e9rmino que ten\u00eda el Ministerio de Ganader\u00eda, Agricultura y Pesca (MGAP) que proven\u00edan del per\u00edodo de gobierno anterior. Debido al decreto 90\/020 del Gobierno Nacional, donde se solicita la reducci\u00f3n de un 15% de presupuesto, se comenzaron hace\u2026","rel":"","context":"En \u00abActualidad\u00bb","block_context":{"text":"Actualidad","link":"https:\/\/lahoradelcampo.com.uy\/site\/category\/actualidad\/"},"img":{"alt_text":"","src":"https:\/\/i0.wp.com\/lahoradelcampo.com.uy\/site\/wp-content\/uploads\/2020\/06\/MGAP.jpg?fit=880%2C440&ssl=1&resize=350%2C200","width":350,"height":200,"srcset":"https:\/\/i0.wp.com\/lahoradelcampo.com.uy\/site\/wp-content\/uploads\/2020\/06\/MGAP.jpg?fit=880%2C440&ssl=1&resize=350%2C200 1x, https:\/\/i0.wp.com\/lahoradelcampo.com.uy\/site\/wp-content\/uploads\/2020\/06\/MGAP.jpg?fit=880%2C440&ssl=1&resize=525%2C300 1.5x, https:\/\/i0.wp.com\/lahoradelcampo.com.uy\/site\/wp-content\/uploads\/2020\/06\/MGAP.jpg?fit=880%2C440&ssl=1&resize=700%2C400 2x"},"classes":[]},{"id":11431,"url":"https:\/\/lahoradelcampo.com.uy\/site\/seguridad-rural-no-solo-de-abiegato-se-trata-lamentablemente\/","url_meta":{"origin":41735,"position":1},"title":"Seguridad rural: \u201cno solo de abiegato se trata, lamentablemente\u201d","author":"La Hora del Campo","date":"4 junio, 2019","format":false,"excerpt":"Dra. Fernanda Maldonado La problem\u00e1tica en el medio rural dej\u00f3 de ser solamente las p\u00e9rdidas que generan las jaur\u00edas de perros, los predadores naturales y el abigeato y ha venido escalando a temas como invasiones a nivel de los predios y hasta copamientos con violencia, que en los \u00faltimos a\u00f1os\u2026","rel":"","context":"En \u00abActualidad\u00bb","block_context":{"text":"Actualidad","link":"https:\/\/lahoradelcampo.com.uy\/site\/category\/actualidad\/"},"img":{"alt_text":"","src":"https:\/\/i0.wp.com\/lahoradelcampo.com.uy\/site\/wp-content\/uploads\/2019\/06\/Fernanda-Maldonado.jpg?fit=880%2C440&ssl=1&resize=350%2C200","width":350,"height":200,"srcset":"https:\/\/i0.wp.com\/lahoradelcampo.com.uy\/site\/wp-content\/uploads\/2019\/06\/Fernanda-Maldonado.jpg?fit=880%2C440&ssl=1&resize=350%2C200 1x, https:\/\/i0.wp.com\/lahoradelcampo.com.uy\/site\/wp-content\/uploads\/2019\/06\/Fernanda-Maldonado.jpg?fit=880%2C440&ssl=1&resize=525%2C300 1.5x, https:\/\/i0.wp.com\/lahoradelcampo.com.uy\/site\/wp-content\/uploads\/2019\/06\/Fernanda-Maldonado.jpg?fit=880%2C440&ssl=1&resize=700%2C400 2x"},"classes":[]},{"id":36495,"url":"https:\/\/lahoradelcampo.com.uy\/site\/mgap-visito-el-punto-de-control-integrado-concordia-salto\/","url_meta":{"origin":41735,"position":2},"title":"MGAP visit\u00f3 el punto de control integrado Concordia-Salto","author":"La Hora del Campo","date":"12 noviembre, 2021","format":false,"excerpt":"A medida que las fronteras con la Rep\u00fablica Argentina vuelven a tener un mayor trasiego de turistas hacia y desde Uruguay, se comienza a retomar con mayor fuerza los controles fronterizos, que durante la pandemia se realizaba \u00fanicamente con veh\u00edculos de carga. En este contexto la Directora General del Ministerio\u2026","rel":"","context":"En \u00abActualidad\u00bb","block_context":{"text":"Actualidad","link":"https:\/\/lahoradelcampo.com.uy\/site\/category\/actualidad\/"},"img":{"alt_text":"","src":"https:\/\/i0.wp.com\/lahoradelcampo.com.uy\/site\/wp-content\/uploads\/2021\/11\/MGAP-PASOFRONTERA.jpg?fit=880%2C440&ssl=1&resize=350%2C200","width":350,"height":200,"srcset":"https:\/\/i0.wp.com\/lahoradelcampo.com.uy\/site\/wp-content\/uploads\/2021\/11\/MGAP-PASOFRONTERA.jpg?fit=880%2C440&ssl=1&resize=350%2C200 1x, https:\/\/i0.wp.com\/lahoradelcampo.com.uy\/site\/wp-content\/uploads\/2021\/11\/MGAP-PASOFRONTERA.jpg?fit=880%2C440&ssl=1&resize=525%2C300 1.5x, https:\/\/i0.wp.com\/lahoradelcampo.com.uy\/site\/wp-content\/uploads\/2021\/11\/MGAP-PASOFRONTERA.jpg?fit=880%2C440&ssl=1&resize=700%2C400 2x"},"classes":[]},{"id":39335,"url":"https:\/\/lahoradelcampo.com.uy\/site\/buffa-se-reunio-con-productores-en-artigas-para-conocer-la-realidad-de-primera-mano\/","url_meta":{"origin":41735,"position":3},"title":"Buffa se reuni\u00f3 con productores en Artigas para \u00abconocer la realidad de primera mano\u00bb","author":"La Hora del Campo","date":"22 febrero, 2022","format":false,"excerpt":"El pasado fin de semana, el Ministro Interino, Ing. Agr. Ignacio Buffa, conjuntamente con al Directora General del MGAP, Dra. Fernanda Maldonado, y la Subdirectora de la Direcci\u00f3n General de Desarrollo Rural (DGDR), Mercedes Ant\u00eda, se reunieron con el Intendente de Artigas, Pablo Caram, as\u00ed como tambi\u00e9n las instituciones gremiales\u2026","rel":"","context":"En \u00abActualidad\u00bb","block_context":{"text":"Actualidad","link":"https:\/\/lahoradelcampo.com.uy\/site\/category\/actualidad\/"},"img":{"alt_text":"","src":"https:\/\/i0.wp.com\/lahoradelcampo.com.uy\/site\/wp-content\/uploads\/2022\/02\/MGAP-Buffa-Artigas.jpg?fit=880%2C440&ssl=1&resize=350%2C200","width":350,"height":200,"srcset":"https:\/\/i0.wp.com\/lahoradelcampo.com.uy\/site\/wp-content\/uploads\/2022\/02\/MGAP-Buffa-Artigas.jpg?fit=880%2C440&ssl=1&resize=350%2C200 1x, https:\/\/i0.wp.com\/lahoradelcampo.com.uy\/site\/wp-content\/uploads\/2022\/02\/MGAP-Buffa-Artigas.jpg?fit=880%2C440&ssl=1&resize=525%2C300 1.5x, https:\/\/i0.wp.com\/lahoradelcampo.com.uy\/site\/wp-content\/uploads\/2022\/02\/MGAP-Buffa-Artigas.jpg?fit=880%2C440&ssl=1&resize=700%2C400 2x"},"classes":[]},{"id":52134,"url":"https:\/\/lahoradelcampo.com.uy\/site\/se-realizo-en-paysandu-un-taller-regional-de-seguridad-rural\/","url_meta":{"origin":41735,"position":4},"title":"Se realiz\u00f3 en Paysand\u00fa un taller regional de Seguridad Rural","author":"La Hora del Campo","date":"10 agosto, 2023","format":false,"excerpt":"En las instalaciones de la Estaci\u00f3n Experimental \"Dr. Mario A. Cassinoni (Eemac)\" de la Facultad de Agronom\u00eda, se abrod\u00f3 la problem\u00e1tica del abigeato y la seguridad en el medio rural. El pasado s\u00e1bado, se llev\u00f3 a cabo un \"Taller regional de actualizaci\u00f3n en Seguridad Rural\", con la presencia de representantes\u2026","rel":"","context":"En \u00abActualidad\u00bb","block_context":{"text":"Actualidad","link":"https:\/\/lahoradelcampo.com.uy\/site\/category\/actualidad\/"},"img":{"alt_text":"","src":"https:\/\/i0.wp.com\/lahoradelcampo.com.uy\/site\/wp-content\/uploads\/2023\/08\/Seguridadrural.jpg?fit=880%2C440&ssl=1&resize=350%2C200","width":350,"height":200,"srcset":"https:\/\/i0.wp.com\/lahoradelcampo.com.uy\/site\/wp-content\/uploads\/2023\/08\/Seguridadrural.jpg?fit=880%2C440&ssl=1&resize=350%2C200 1x, https:\/\/i0.wp.com\/lahoradelcampo.com.uy\/site\/wp-content\/uploads\/2023\/08\/Seguridadrural.jpg?fit=880%2C440&ssl=1&resize=525%2C300 1.5x, https:\/\/i0.wp.com\/lahoradelcampo.com.uy\/site\/wp-content\/uploads\/2023\/08\/Seguridadrural.jpg?fit=880%2C440&ssl=1&resize=700%2C400 2x"},"classes":[]},{"id":46595,"url":"https:\/\/lahoradelcampo.com.uy\/site\/mujeres-granjeras-recibiran-12-millones-de-pesos-con-un-80-de-subsidio\/","url_meta":{"origin":41735,"position":5},"title":"Mujeres granjeras recibir\u00e1n 12 millones de pesos, con un 80% de subsidio","author":"La Hora del Campo","date":"26 octubre, 2022","format":false,"excerpt":"En el marco del Plan Nacional de G\u00e9nero (PNG) para el sector agropecuario, se realiz\u00f3 en la jornada de ayer el lanzamiento de \"Mujeres de la granja\", con la presencia del subsecretario del Ministerio de Ganader\u00eda, Agricultura y Pesca (MGAP), Ing. Agr. Ignacio Buffa, la directora general del MGAP y\u2026","rel":"","context":"En \u00abActualidad\u00bb","block_context":{"text":"Actualidad","link":"https:\/\/lahoradelcampo.com.uy\/site\/category\/actualidad\/"},"img":{"alt_text":"","src":"https:\/\/i0.wp.com\/lahoradelcampo.com.uy\/site\/wp-content\/uploads\/2022\/10\/MGAP-mujeresgranjeras.jpg?fit=880%2C440&ssl=1&resize=350%2C200","width":350,"height":200,"srcset":"https:\/\/i0.wp.com\/lahoradelcampo.com.uy\/site\/wp-content\/uploads\/2022\/10\/MGAP-mujeresgranjeras.jpg?fit=880%2C440&ssl=1&resize=350%2C200 1x, https:\/\/i0.wp.com\/lahoradelcampo.com.uy\/site\/wp-content\/uploads\/2022\/10\/MGAP-mujeresgranjeras.jpg?fit=880%2C440&ssl=1&resize=525%2C300 1.5x, https:\/\/i0.wp.com\/lahoradelcampo.com.uy\/site\/wp-content\/uploads\/2022\/10\/MGAP-mujeresgranjeras.jpg?fit=880%2C440&ssl=1&resize=700%2C400 2x"},"classes":[]}],"jetpack_likes_enabled":true,"_links":{"self":[{"href":"https:\/\/lahoradelcampo.com.uy\/site\/wp-json\/wp\/v2\/posts\/41735","targetHints":{"allow":["GET"]}}],"collection":[{"href":"https:\/\/lahoradelcampo.com.uy\/site\/wp-json\/wp\/v2\/posts"}],"about":[{"href":"https:\/\/lahoradelcampo.com.uy\/site\/wp-json\/wp\/v2\/types\/post"}],"author":[{"embeddable":true,"href":"https:\/\/lahoradelcampo.com.uy\/site\/wp-json\/wp\/v2\/users\/5"}],"replies":[{"embeddable":true,"href":"https:\/\/lahoradelcampo.com.uy\/site\/wp-json\/wp\/v2\/comments?post=41735"}],"version-history":[{"count":2,"href":"https:\/\/lahoradelcampo.com.uy\/site\/wp-json\/wp\/v2\/posts\/41735\/revisions"}],"predecessor-version":[{"id":41741,"href":"https:\/\/lahoradelcampo.com.uy\/site\/wp-json\/wp\/v2\/posts\/41735\/revisions\/41741"}],"wp:featuredmedia":[{"embeddable":true,"href":"https:\/\/lahoradelcampo.com.uy\/site\/wp-json\/wp\/v2\/media\/41739"}],"wp:attachment":[{"href":"https:\/\/lahoradelcampo.com.uy\/site\/wp-json\/wp\/v2\/media?parent=41735"}],"wp:term":[{"taxonomy":"category","embeddable":true,"href":"https:\/\/lahoradelcampo.com.uy\/site\/wp-json\/wp\/v2\/categories?post=41735"},{"taxonomy":"post_tag","embeddable":true,"href":"https:\/\/lahoradelcampo.com.uy\/site\/wp-json\/wp\/v2\/tags?post=41735"}],"curies":[{"name":"wp","href":"https:\/\/api.w.org\/{rel}","templated":true}]}}