{"id":41731,"date":"2022-05-12T06:47:22","date_gmt":"2022-05-12T09:47:22","guid":{"rendered":"http:\/\/lahoradelcampo.com.uy\/site\/?p=41731"},"modified":"2022-05-12T06:47:28","modified_gmt":"2022-05-12T09:47:28","slug":"soja-malta-y-arroz-suman-el-26-de-las-exportaciones","status":"publish","type":"post","link":"https:\/\/lahoradelcampo.com.uy\/site\/soja-malta-y-arroz-suman-el-26-de-las-exportaciones\/","title":{"rendered":"Soja, malta y arroz suman el 26% de las exportaciones"},"content":{"rendered":"\n<figure class=\"wp-block-image\"><img data-recalc-dims=\"1\" loading=\"lazy\" decoding=\"async\" width=\"810\" height=\"405\" data-attachment-id=\"29826\" data-permalink=\"https:\/\/lahoradelcampo.com.uy\/site\/las-ventas-de-soja-al-exterior-cayeron-un-3-en-abril-segun-uruguay-xxi\/soja1\/\" data-orig-file=\"https:\/\/i0.wp.com\/lahoradelcampo.com.uy\/site\/wp-content\/uploads\/2021\/05\/soja1.jpg?fit=880%2C440&amp;ssl=1\" data-orig-size=\"880,440\" data-comments-opened=\"1\" data-image-meta=\"{&quot;aperture&quot;:&quot;0&quot;,&quot;credit&quot;:&quot;&quot;,&quot;camera&quot;:&quot;&quot;,&quot;caption&quot;:&quot;&quot;,&quot;created_timestamp&quot;:&quot;0&quot;,&quot;copyright&quot;:&quot;&quot;,&quot;focal_length&quot;:&quot;0&quot;,&quot;iso&quot;:&quot;0&quot;,&quot;shutter_speed&quot;:&quot;0&quot;,&quot;title&quot;:&quot;&quot;,&quot;orientation&quot;:&quot;1&quot;}\" data-image-title=\"soja1\" data-image-description=\"\" data-image-caption=\"\" data-large-file=\"https:\/\/i0.wp.com\/lahoradelcampo.com.uy\/site\/wp-content\/uploads\/2021\/05\/soja1.jpg?fit=810%2C405&amp;ssl=1\" src=\"https:\/\/i0.wp.com\/lahoradelcampo.com.uy\/site\/wp-content\/uploads\/2021\/05\/soja1.jpg?resize=810%2C405\" alt=\"\" class=\"wp-image-29826\" srcset=\"https:\/\/i0.wp.com\/lahoradelcampo.com.uy\/site\/wp-content\/uploads\/2021\/05\/soja1.jpg?w=880&amp;ssl=1 880w, https:\/\/i0.wp.com\/lahoradelcampo.com.uy\/site\/wp-content\/uploads\/2021\/05\/soja1.jpg?resize=300%2C150&amp;ssl=1 300w, https:\/\/i0.wp.com\/lahoradelcampo.com.uy\/site\/wp-content\/uploads\/2021\/05\/soja1.jpg?resize=768%2C384&amp;ssl=1 768w, https:\/\/i0.wp.com\/lahoradelcampo.com.uy\/site\/wp-content\/uploads\/2021\/05\/soja1.jpg?resize=820%2C410&amp;ssl=1 820w\" sizes=\"auto, (max-width: 810px) 100vw, 810px\" \/><\/figure>\n\n\n\n<p>De acuerdo a la informaci\u00f3n proporcionada por el Instituto Uruguay XXI, las exportaciones de soja, malta y arroz, son responsables por el 26% de la facturaci\u00f3n del pasado mes de abril. A diferencia de 2021, en este a\u00f1o no se realizaron exportaciones de cebada. <br><\/p>\n\n\n\n<p>La soja, fue el segundo producto de exportaci\u00f3n del cuarto mes del a\u00f1o, tras la carne vacuna, con un total de 248 millones de d\u00f3lares de ingreso al pa\u00eds, lo que adem\u00e1s marc\u00f3 un incremento de US$ 93 millones respecto a 2021.<br><\/p>\n\n\n\n<p>La malta es el quinto producto de exportaci\u00f3n de abril, con un total de 15 millones de d\u00f3lares de ventas al exterior. Paraguay increment\u00f3 sus compras de este producto en U$S 3 millones y Brasil adquiri\u00f3 una partida por U$S 11 millones que no hab\u00eda registrado el a\u00f1o pasado. <br><\/p>\n\n\n\n<p>De los productos que registraron ca\u00eddas, el arroz fue el de mayor incidencia. Las ventas de este ascendieron a U$S 26 millones (7% por debajo del valor de abril de 2021). Cabe se\u00f1alar, en este sentido, que el a\u00f1o pasado Iraq adquiri\u00f3 una partida de arroz por U$S 36 millones que no se repiti\u00f3 este a\u00f1o. A su vez, M\u00e9xico y Per\u00fa tambi\u00e9n registraron bajas en sus compras de arroz con respecto al 2021, US$ 9 millones y U$S 2 millones, respectivamente. Los destinos que presentaron subas fueron Brasil (en U$S  millones) y la Uni\u00f3n Europea (en U$S 1 mill\u00f3n).<br><\/p>\n\n\n\n<p>La cebada sin procesar registr\u00f3 una ca\u00edda de pr\u00e1cticamente la totalidad de sus ventas este mes. Las colocaciones de este producto, que hab\u00edan ascendido a U$S 10 millones en abril del 2021 y hab\u00edan sido adquiridas por Brasil, China y Argentina, se discontinuaron este a\u00f1o.<\/p>\n\n\n\n<p>Salto, 11 de mayo de 2022<\/p>\n","protected":false},"excerpt":{"rendered":"<p>De acuerdo a la informaci\u00f3n proporcionada por el Instituto Uruguay XXI, las exportaciones de soja, malta y arroz, son responsables por el 26% de la facturaci\u00f3n del pasado mes de [&hellip;]<\/p>\n","protected":false},"author":5,"featured_media":29826,"comment_status":"open","ping_status":"open","sticky":false,"template":"","format":"standard","meta":{"_price":"","_stock":"","_tribe_ticket_header":"","_tribe_default_ticket_provider":"","_tribe_ticket_capacity":"0","_ticket_start_date":"","_ticket_end_date":"","_tribe_ticket_show_description":"","_tribe_ticket_show_not_going":false,"_tribe_ticket_use_global_stock":"","_tribe_ticket_global_stock_level":"","_global_stock_mode":"","_global_stock_cap":"","_tribe_rsvp_for_event":"","_tribe_ticket_going_count":"","_tribe_ticket_not_going_count":"","_tribe_tickets_list":"[]","_tribe_ticket_has_attendee_info_fields":false,"h5ap_radio_sources":[],"_jetpack_newsletter_access":"","_jetpack_dont_email_post_to_subs":false,"_jetpack_newsletter_tier_id":0,"_jetpack_memberships_contains_paywalled_content":false,"_jetpack_memberships_contains_paid_content":false,"footnotes":""},"categories":[21,7],"tags":[],"class_list":["post-41731","post","type-post","status-publish","format-standard","has-post-thumbnail","hentry","category-actualidad","category-agricultura"],"jetpack_featured_media_url":"https:\/\/i0.wp.com\/lahoradelcampo.com.uy\/site\/wp-content\/uploads\/2021\/05\/soja1.jpg?fit=880%2C440&ssl=1","jetpack_sharing_enabled":true,"jetpack_shortlink":"https:\/\/wp.me\/p99IaT-aR5","jetpack-related-posts":[{"id":49810,"url":"https:\/\/lahoradelcampo.com.uy\/site\/exportaciones-de-bienes-cae-un-4-en-el-reciente-mes-de-marzo\/","url_meta":{"origin":41731,"position":0},"title":"Exportaciones de bienes cae un 4% en el reciente mes de marzo","author":"La Hora del Campo","date":"5 abril, 2023","format":false,"excerpt":"En marzo de 2023, las exportaciones de Uruguay experimentaron una ca\u00edda interanual del 4%, alcanzando un total de U$S 1.033 millones en solicitudes de exportaci\u00f3n, incluyendo zonas francas. La disminuci\u00f3n se debi\u00f3 principalmente a la baja en la venta de carne bovina, trigo y soja. Sin embargo, algunos productos como\u2026","rel":"","context":"En \u00abActualidad\u00bb","block_context":{"text":"Actualidad","link":"https:\/\/lahoradelcampo.com.uy\/site\/category\/actualidad\/"},"img":{"alt_text":"","src":"https:\/\/i0.wp.com\/lahoradelcampo.com.uy\/site\/wp-content\/uploads\/2019\/05\/exportaciones.jpg?fit=880%2C440&ssl=1&resize=350%2C200","width":350,"height":200,"srcset":"https:\/\/i0.wp.com\/lahoradelcampo.com.uy\/site\/wp-content\/uploads\/2019\/05\/exportaciones.jpg?fit=880%2C440&ssl=1&resize=350%2C200 1x, https:\/\/i0.wp.com\/lahoradelcampo.com.uy\/site\/wp-content\/uploads\/2019\/05\/exportaciones.jpg?fit=880%2C440&ssl=1&resize=525%2C300 1.5x, https:\/\/i0.wp.com\/lahoradelcampo.com.uy\/site\/wp-content\/uploads\/2019\/05\/exportaciones.jpg?fit=880%2C440&ssl=1&resize=700%2C400 2x"},"classes":[]},{"id":54378,"url":"https:\/\/lahoradelcampo.com.uy\/site\/soja-y-celulosa-impulsaron-27-las-exportaciones-de-agosto\/","url_meta":{"origin":41731,"position":1},"title":"Soja y celulosa impulsaron 27% las exportaciones de agosto","author":"La Hora del Campo","date":"3 septiembre, 2024","format":false,"excerpt":"En el octavo mes del a\u00f1o, las solicitudes de exportaci\u00f3n alcanzaron US$ 1.261 millones, lo que represent\u00f3 un incremento de 27% respecto a agosto de 2023. Este es el quinto registro mensual consecutivo que muestra un aumento en las exportaciones de bienes, seg\u00fan inform\u00f3 el instituto Uruguay XXI. Las exportaciones\u2026","rel":"","context":"En \u00abActualidad\u00bb","block_context":{"text":"Actualidad","link":"https:\/\/lahoradelcampo.com.uy\/site\/category\/actualidad\/"},"img":{"alt_text":"","src":"https:\/\/i0.wp.com\/lahoradelcampo.com.uy\/site\/wp-content\/uploads\/2024\/09\/Exportacionesagosto.jpg?fit=880%2C440&ssl=1&resize=350%2C200","width":350,"height":200,"srcset":"https:\/\/i0.wp.com\/lahoradelcampo.com.uy\/site\/wp-content\/uploads\/2024\/09\/Exportacionesagosto.jpg?fit=880%2C440&ssl=1&resize=350%2C200 1x, https:\/\/i0.wp.com\/lahoradelcampo.com.uy\/site\/wp-content\/uploads\/2024\/09\/Exportacionesagosto.jpg?fit=880%2C440&ssl=1&resize=525%2C300 1.5x, https:\/\/i0.wp.com\/lahoradelcampo.com.uy\/site\/wp-content\/uploads\/2024\/09\/Exportacionesagosto.jpg?fit=880%2C440&ssl=1&resize=700%2C400 2x"},"classes":[]},{"id":29834,"url":"https:\/\/lahoradelcampo.com.uy\/site\/valores-de-la-exportacion-de-arroz-subieron-un-28-en-el-mes-de-abril\/","url_meta":{"origin":41731,"position":2},"title":"Valores de la exportaci\u00f3n de arroz subieron un 28% en el mes de abril","author":"La Hora del Campo","date":"10 mayo, 2021","format":false,"excerpt":"Las exportaciones de arroz sumaron en el cuarto mes del a\u00f1o un total de 61 millones de d\u00f3lares de ingreso al pa\u00eds, siendo este el cuarto producto en el ranking de ventas al exterior, de acuerdo al Instituto Uruguay XXI. El arroz experiment\u00f3 una suba interanual del 15% en sus\u2026","rel":"","context":"En \u00abActualidad\u00bb","block_context":{"text":"Actualidad","link":"https:\/\/lahoradelcampo.com.uy\/site\/category\/actualidad\/"},"img":{"alt_text":"","src":"https:\/\/i0.wp.com\/lahoradelcampo.com.uy\/site\/wp-content\/uploads\/2021\/05\/arroz1.jpg?fit=880%2C440&ssl=1&resize=350%2C200","width":350,"height":200,"srcset":"https:\/\/i0.wp.com\/lahoradelcampo.com.uy\/site\/wp-content\/uploads\/2021\/05\/arroz1.jpg?fit=880%2C440&ssl=1&resize=350%2C200 1x, https:\/\/i0.wp.com\/lahoradelcampo.com.uy\/site\/wp-content\/uploads\/2021\/05\/arroz1.jpg?fit=880%2C440&ssl=1&resize=525%2C300 1.5x, https:\/\/i0.wp.com\/lahoradelcampo.com.uy\/site\/wp-content\/uploads\/2021\/05\/arroz1.jpg?fit=880%2C440&ssl=1&resize=700%2C400 2x"},"classes":[]},{"id":55038,"url":"https:\/\/lahoradelcampo.com.uy\/site\/exportaciones-de-bienes-crecen-un-14-hasta-el-mes-de-octubre-segun-uruguay-xxi\/","url_meta":{"origin":41731,"position":3},"title":"Exportaciones de bienes crecen un 14% hasta el mes de octubre seg\u00fan Uruguay XXI","author":"La Hora del Campo","date":"6 noviembre, 2024","format":false,"excerpt":"En octubre las solicitudes de exportaci\u00f3n alcanzaron US$ 1.076 millones, lo que represent\u00f3 un incremento de 10% respecto al mismo mes de 2023. De esta manera, se consolidaron siete meses de aumento consecutivos de las exportaciones, con un incremento en el acumulado del a\u00f1o de 14%. Celulosa La celulosa volvi\u00f3\u2026","rel":"","context":"En \u00abActualidad\u00bb","block_context":{"text":"Actualidad","link":"https:\/\/lahoradelcampo.com.uy\/site\/category\/actualidad\/"},"img":{"alt_text":"","src":"https:\/\/i0.wp.com\/lahoradelcampo.com.uy\/site\/wp-content\/uploads\/2024\/11\/uruguayxxi-octubre.jpg?fit=880%2C440&ssl=1&resize=350%2C200","width":350,"height":200,"srcset":"https:\/\/i0.wp.com\/lahoradelcampo.com.uy\/site\/wp-content\/uploads\/2024\/11\/uruguayxxi-octubre.jpg?fit=880%2C440&ssl=1&resize=350%2C200 1x, https:\/\/i0.wp.com\/lahoradelcampo.com.uy\/site\/wp-content\/uploads\/2024\/11\/uruguayxxi-octubre.jpg?fit=880%2C440&ssl=1&resize=525%2C300 1.5x, https:\/\/i0.wp.com\/lahoradelcampo.com.uy\/site\/wp-content\/uploads\/2024\/11\/uruguayxxi-octubre.jpg?fit=880%2C440&ssl=1&resize=700%2C400 2x"},"classes":[]},{"id":29824,"url":"https:\/\/lahoradelcampo.com.uy\/site\/las-ventas-de-soja-al-exterior-cayeron-un-3-en-abril-segun-uruguay-xxi\/","url_meta":{"origin":41731,"position":4},"title":"Las ventas de soja al exterior cayeron un 3% en abril, seg\u00fan Uruguay XXI","author":"La Hora del Campo","date":"8 mayo, 2021","format":false,"excerpt":"Durante el pasado mes de abril, la soja fue el segundo producto de exportaci\u00f3n de Uruguay, detr\u00e1s de la carne vacuna. Si bien la carne lider\u00f3 las subas en los ingresos de divisas al pa\u00eds, la soja a pesar de su aumento de valores que se ha venido observando en\u2026","rel":"","context":"En \u00abActualidad\u00bb","block_context":{"text":"Actualidad","link":"https:\/\/lahoradelcampo.com.uy\/site\/category\/actualidad\/"},"img":{"alt_text":"","src":"https:\/\/i0.wp.com\/lahoradelcampo.com.uy\/site\/wp-content\/uploads\/2021\/05\/soja1.jpg?fit=880%2C440&ssl=1&resize=350%2C200","width":350,"height":200,"srcset":"https:\/\/i0.wp.com\/lahoradelcampo.com.uy\/site\/wp-content\/uploads\/2021\/05\/soja1.jpg?fit=880%2C440&ssl=1&resize=350%2C200 1x, https:\/\/i0.wp.com\/lahoradelcampo.com.uy\/site\/wp-content\/uploads\/2021\/05\/soja1.jpg?fit=880%2C440&ssl=1&resize=525%2C300 1.5x, https:\/\/i0.wp.com\/lahoradelcampo.com.uy\/site\/wp-content\/uploads\/2021\/05\/soja1.jpg?fit=880%2C440&ssl=1&resize=700%2C400 2x"},"classes":[]},{"id":51690,"url":"https:\/\/lahoradelcampo.com.uy\/site\/el-norte-del-rio-negro-representa-el-201-de-las-exportaciones-de-2022\/","url_meta":{"origin":41731,"position":5},"title":"El norte del r\u00edo Negro representa el 20,1% de las exportaciones de 2022","author":"La Hora del Campo","date":"6 julio, 2023","format":false,"excerpt":"El Instituto Uruguay XXI ha dado a conocer un informe sobre las exportaciones de 2022, detallando los datos por departamento. El informe se basa en informaci\u00f3n de la Direcci\u00f3n Nacional de Aduanas (MEF) y se complement\u00f3 con otras fuentes primarias para cuantificar los productos y destinos desde cada departamento del\u2026","rel":"","context":"En \u00abActualidad\u00bb","block_context":{"text":"Actualidad","link":"https:\/\/lahoradelcampo.com.uy\/site\/category\/actualidad\/"},"img":{"alt_text":"","src":"https:\/\/i0.wp.com\/lahoradelcampo.com.uy\/site\/wp-content\/uploads\/2023\/07\/PuertoMontevideo.jpg?fit=880%2C440&ssl=1&resize=350%2C200","width":350,"height":200,"srcset":"https:\/\/i0.wp.com\/lahoradelcampo.com.uy\/site\/wp-content\/uploads\/2023\/07\/PuertoMontevideo.jpg?fit=880%2C440&ssl=1&resize=350%2C200 1x, https:\/\/i0.wp.com\/lahoradelcampo.com.uy\/site\/wp-content\/uploads\/2023\/07\/PuertoMontevideo.jpg?fit=880%2C440&ssl=1&resize=525%2C300 1.5x, https:\/\/i0.wp.com\/lahoradelcampo.com.uy\/site\/wp-content\/uploads\/2023\/07\/PuertoMontevideo.jpg?fit=880%2C440&ssl=1&resize=700%2C400 2x"},"classes":[]}],"jetpack_likes_enabled":true,"_links":{"self":[{"href":"https:\/\/lahoradelcampo.com.uy\/site\/wp-json\/wp\/v2\/posts\/41731","targetHints":{"allow":["GET"]}}],"collection":[{"href":"https:\/\/lahoradelcampo.com.uy\/site\/wp-json\/wp\/v2\/posts"}],"about":[{"href":"https:\/\/lahoradelcampo.com.uy\/site\/wp-json\/wp\/v2\/types\/post"}],"author":[{"embeddable":true,"href":"https:\/\/lahoradelcampo.com.uy\/site\/wp-json\/wp\/v2\/users\/5"}],"replies":[{"embeddable":true,"href":"https:\/\/lahoradelcampo.com.uy\/site\/wp-json\/wp\/v2\/comments?post=41731"}],"version-history":[{"count":1,"href":"https:\/\/lahoradelcampo.com.uy\/site\/wp-json\/wp\/v2\/posts\/41731\/revisions"}],"predecessor-version":[{"id":41733,"href":"https:\/\/lahoradelcampo.com.uy\/site\/wp-json\/wp\/v2\/posts\/41731\/revisions\/41733"}],"wp:featuredmedia":[{"embeddable":true,"href":"https:\/\/lahoradelcampo.com.uy\/site\/wp-json\/wp\/v2\/media\/29826"}],"wp:attachment":[{"href":"https:\/\/lahoradelcampo.com.uy\/site\/wp-json\/wp\/v2\/media?parent=41731"}],"wp:term":[{"taxonomy":"category","embeddable":true,"href":"https:\/\/lahoradelcampo.com.uy\/site\/wp-json\/wp\/v2\/categories?post=41731"},{"taxonomy":"post_tag","embeddable":true,"href":"https:\/\/lahoradelcampo.com.uy\/site\/wp-json\/wp\/v2\/tags?post=41731"}],"curies":[{"name":"wp","href":"https:\/\/api.w.org\/{rel}","templated":true}]}}