{"id":41727,"date":"2022-05-12T06:43:32","date_gmt":"2022-05-12T09:43:32","guid":{"rendered":"http:\/\/lahoradelcampo.com.uy\/site\/?p=41727"},"modified":"2022-05-12T06:43:38","modified_gmt":"2022-05-12T09:43:38","slug":"finalizo-la-cosecha-arrocera-en-el-norte","status":"publish","type":"post","link":"https:\/\/lahoradelcampo.com.uy\/site\/finalizo-la-cosecha-arrocera-en-el-norte\/","title":{"rendered":"Finaliz\u00f3 la cosecha arrocera en el norte"},"content":{"rendered":"\n<figure class=\"wp-block-image\"><img data-recalc-dims=\"1\" loading=\"lazy\" decoding=\"async\" width=\"810\" height=\"405\" data-attachment-id=\"10811\" data-permalink=\"https:\/\/lahoradelcampo.com.uy\/site\/crecen-fuertemente-los-stocks-de-arroz-maiz-y-soja\/arroz-2-2\/\" data-orig-file=\"https:\/\/i0.wp.com\/lahoradelcampo.com.uy\/site\/wp-content\/uploads\/2019\/05\/arroz-2.jpg?fit=880%2C440&amp;ssl=1\" data-orig-size=\"880,440\" data-comments-opened=\"1\" data-image-meta=\"{&quot;aperture&quot;:&quot;0&quot;,&quot;credit&quot;:&quot;&quot;,&quot;camera&quot;:&quot;&quot;,&quot;caption&quot;:&quot;&quot;,&quot;created_timestamp&quot;:&quot;0&quot;,&quot;copyright&quot;:&quot;&quot;,&quot;focal_length&quot;:&quot;0&quot;,&quot;iso&quot;:&quot;0&quot;,&quot;shutter_speed&quot;:&quot;0&quot;,&quot;title&quot;:&quot;&quot;,&quot;orientation&quot;:&quot;1&quot;}\" data-image-title=\"arroz 2\" data-image-description=\"\" data-image-caption=\"\" data-large-file=\"https:\/\/i0.wp.com\/lahoradelcampo.com.uy\/site\/wp-content\/uploads\/2019\/05\/arroz-2.jpg?fit=810%2C405&amp;ssl=1\" src=\"https:\/\/i0.wp.com\/lahoradelcampo.com.uy\/site\/wp-content\/uploads\/2019\/05\/arroz-2.jpg?resize=810%2C405\" alt=\"\" class=\"wp-image-10811\" srcset=\"https:\/\/i0.wp.com\/lahoradelcampo.com.uy\/site\/wp-content\/uploads\/2019\/05\/arroz-2.jpg?w=880&amp;ssl=1 880w, https:\/\/i0.wp.com\/lahoradelcampo.com.uy\/site\/wp-content\/uploads\/2019\/05\/arroz-2.jpg?resize=300%2C150&amp;ssl=1 300w, https:\/\/i0.wp.com\/lahoradelcampo.com.uy\/site\/wp-content\/uploads\/2019\/05\/arroz-2.jpg?resize=768%2C384&amp;ssl=1 768w, https:\/\/i0.wp.com\/lahoradelcampo.com.uy\/site\/wp-content\/uploads\/2019\/05\/arroz-2.jpg?resize=820%2C410&amp;ssl=1 820w\" sizes=\"auto, (max-width: 810px) 100vw, 810px\" \/><\/figure>\n\n\n\n<p>La zona norte del pa\u00eds esta semana alcanz\u00f3 el 99% de la cosecha de arroz, seg\u00fan el relevamiento realizado semanalmente por la Asociaci\u00f3n de Cultivadores de Arroz del Uruguay (ACA). A nivel nacional de un total de 163.800 hect\u00e1reas sembradas ya se ha cosechado el 96%. <br><\/p>\n\n\n\n<p>El relevamiento marca que a nivel general se est\u00e1 consolidando una muy buena cosecha de arroz a nivel de las chacras, que acompa\u00f1adas por un aumento del \u00e1rea, se estima tendr\u00e1 como resultado la mayor producci\u00f3n de los \u00faltimos diez a\u00f1os. <br><\/p>\n\n\n\n<p>En la zona norte la cosecha se ubica en un 99%, lo que significa que ya ha finalizado, en tanto que en el este del pa\u00eds la cosecha est\u00e1 en un 96%, levemente por debajo de la zafra pasada cuando estaba en un 99%. <br><\/p>\n\n\n\n<p>La zona centro del pa\u00eds es la que tiene un mayor atraso en las labores, teniendo en cuenta que se ha cosechado el 88% del \u00e1rea, cunado en 2021 estaba en el 96%.<br><\/p>\n\n\n\n<p>ACA inform\u00f3 que el pr\u00f3ximo mi\u00e9rcoles 8 de junio se realizar\u00e1 en Treinta y Tres, el 18\u00b0 Taller de Evaluaci\u00f3n de la Zafra de Arroz, organizado por INIA con la participaci\u00f3n de la Gremial de Molinos Arroceros y de la gremial de productores. <\/p>\n\n\n\n<p>Salto, 12 de mayo de 2022<\/p>\n","protected":false},"excerpt":{"rendered":"<p>La zona norte del pa\u00eds esta semana alcanz\u00f3 el 99% de la cosecha de arroz, seg\u00fan el relevamiento realizado semanalmente por la Asociaci\u00f3n de Cultivadores de Arroz del Uruguay (ACA). [&hellip;]<\/p>\n","protected":false},"author":5,"featured_media":10811,"comment_status":"open","ping_status":"open","sticky":false,"template":"","format":"standard","meta":{"_price":"","_stock":"","_tribe_ticket_header":"","_tribe_default_ticket_provider":"","_tribe_ticket_capacity":"0","_ticket_start_date":"","_ticket_end_date":"","_tribe_ticket_show_description":"","_tribe_ticket_show_not_going":false,"_tribe_ticket_use_global_stock":"","_tribe_ticket_global_stock_level":"","_global_stock_mode":"","_global_stock_cap":"","_tribe_rsvp_for_event":"","_tribe_ticket_going_count":"","_tribe_ticket_not_going_count":"","_tribe_tickets_list":"[]","_tribe_ticket_has_attendee_info_fields":false,"h5ap_radio_sources":[],"_jetpack_newsletter_access":"","_jetpack_dont_email_post_to_subs":false,"_jetpack_newsletter_tier_id":0,"_jetpack_memberships_contains_paywalled_content":false,"_jetpack_memberships_contains_paid_content":false,"footnotes":""},"categories":[21,7],"tags":[],"class_list":["post-41727","post","type-post","status-publish","format-standard","has-post-thumbnail","hentry","category-actualidad","category-agricultura"],"jetpack_featured_media_url":"https:\/\/i0.wp.com\/lahoradelcampo.com.uy\/site\/wp-content\/uploads\/2019\/05\/arroz-2.jpg?fit=880%2C440&ssl=1","jetpack_sharing_enabled":true,"jetpack_shortlink":"https:\/\/wp.me\/p99IaT-aR1","jetpack-related-posts":[{"id":40407,"url":"https:\/\/lahoradelcampo.com.uy\/site\/cosecha-arrocera-lleva-un-38-de-avance\/","url_meta":{"origin":41727,"position":0},"title":"Cosecha arrocera lleva un 38% de avance","author":"La Hora del Campo","date":"30 marzo, 2022","format":false,"excerpt":"La cosecha de arroz est\u00e9 a\u00f1o comenz\u00f3 antes de lo previsto, debido a las condicionantes clim\u00e1ticas en el norte del pa\u00eds,\u00a0 y hasta el momento lleva un 38% de avance de un \u00e1rea total de 163.800 hect\u00e1reas, de acuerdo al \u00faltimo relevamiento realizado por la Asociaci\u00f3n de Cultivadores de Arroz\u2026","rel":"","context":"En \u00abActualidad\u00bb","block_context":{"text":"Actualidad","link":"https:\/\/lahoradelcampo.com.uy\/site\/category\/actualidad\/"},"img":{"alt_text":"","src":"https:\/\/i0.wp.com\/lahoradelcampo.com.uy\/site\/wp-content\/uploads\/2019\/04\/arroz-1.jpg?fit=880%2C440&ssl=1&resize=350%2C200","width":350,"height":200,"srcset":"https:\/\/i0.wp.com\/lahoradelcampo.com.uy\/site\/wp-content\/uploads\/2019\/04\/arroz-1.jpg?fit=880%2C440&ssl=1&resize=350%2C200 1x, https:\/\/i0.wp.com\/lahoradelcampo.com.uy\/site\/wp-content\/uploads\/2019\/04\/arroz-1.jpg?fit=880%2C440&ssl=1&resize=525%2C300 1.5x, https:\/\/i0.wp.com\/lahoradelcampo.com.uy\/site\/wp-content\/uploads\/2019\/04\/arroz-1.jpg?fit=880%2C440&ssl=1&resize=700%2C400 2x"},"classes":[]},{"id":41499,"url":"https:\/\/lahoradelcampo.com.uy\/site\/arroceros-informan-haber-alcanzado-el-91-de-la-cosecha\/","url_meta":{"origin":41727,"position":1},"title":"Arroceros informan haber alcanzado el 91% de la cosecha","author":"La Hora del Campo","date":"5 mayo, 2022","format":false,"excerpt":"Con zonas en el norte del pa\u00eds donde ya ha finalizado la cosecha y el freno por las lluvias y los feriados en la \u00faltima semana, la recolecci\u00f3n del cereal en el pa\u00eds ha alcanzado el 91% seg\u00fan el relevamiento de la Asociaci\u00f3n de Cultivadores de Arroz del Uruguay (ACA),\u2026","rel":"","context":"En \u00abActualidad\u00bb","block_context":{"text":"Actualidad","link":"https:\/\/lahoradelcampo.com.uy\/site\/category\/actualidad\/"},"img":{"alt_text":"","src":"https:\/\/i0.wp.com\/lahoradelcampo.com.uy\/site\/wp-content\/uploads\/2019\/05\/arroz-2.jpg?fit=880%2C440&ssl=1&resize=350%2C200","width":350,"height":200,"srcset":"https:\/\/i0.wp.com\/lahoradelcampo.com.uy\/site\/wp-content\/uploads\/2019\/05\/arroz-2.jpg?fit=880%2C440&ssl=1&resize=350%2C200 1x, https:\/\/i0.wp.com\/lahoradelcampo.com.uy\/site\/wp-content\/uploads\/2019\/05\/arroz-2.jpg?fit=880%2C440&ssl=1&resize=525%2C300 1.5x, https:\/\/i0.wp.com\/lahoradelcampo.com.uy\/site\/wp-content\/uploads\/2019\/05\/arroz-2.jpg?fit=880%2C440&ssl=1&resize=700%2C400 2x"},"classes":[]},{"id":40825,"url":"https:\/\/lahoradelcampo.com.uy\/site\/avance-de-la-cosecha-de-arroz-llega-al-80-en-el-norte-del-pais\/","url_meta":{"origin":41727,"position":2},"title":"Avance de la cosecha de arroz llega al 80% en el norte del pa\u00eds","author":"La Hora del Campo","date":"18 abril, 2022","format":false,"excerpt":"El promedio general de la cosecha a nivel nacional se posiciona en el 63% de acuerdo al informe de esta semana, elaborado por la Asociaci\u00f3n de Cultivadores de Arroz del Uruguay (ACA). Recordemos que este porcentaje, es el \u00e1rea correspondiente a la cosecha en total de 163.800 hect\u00e1reas sembradas en\u2026","rel":"","context":"En \u00abActualidad\u00bb","block_context":{"text":"Actualidad","link":"https:\/\/lahoradelcampo.com.uy\/site\/category\/actualidad\/"},"img":{"alt_text":"","src":"https:\/\/i0.wp.com\/lahoradelcampo.com.uy\/site\/wp-content\/uploads\/2019\/05\/arroz-2.jpg?fit=880%2C440&ssl=1&resize=350%2C200","width":350,"height":200,"srcset":"https:\/\/i0.wp.com\/lahoradelcampo.com.uy\/site\/wp-content\/uploads\/2019\/05\/arroz-2.jpg?fit=880%2C440&ssl=1&resize=350%2C200 1x, https:\/\/i0.wp.com\/lahoradelcampo.com.uy\/site\/wp-content\/uploads\/2019\/05\/arroz-2.jpg?fit=880%2C440&ssl=1&resize=525%2C300 1.5x, https:\/\/i0.wp.com\/lahoradelcampo.com.uy\/site\/wp-content\/uploads\/2019\/05\/arroz-2.jpg?fit=880%2C440&ssl=1&resize=700%2C400 2x"},"classes":[]},{"id":9639,"url":"https:\/\/lahoradelcampo.com.uy\/site\/sector-arrocero-alcanzo-el-70-de-la-cosecha-en-el-norte\/","url_meta":{"origin":41727,"position":3},"title":"Sector arrocero alcanz\u00f3 el 70% de la cosecha en el norte","author":"La Hora del Campo","date":"5 abril, 2019","format":false,"excerpt":"El sector arrocero continua avanzando con su cosecha de la zafra 2018\/19, alcanzando un 55% a nivel nacional y con mejores rendimientos en la zona este que en el norte del pa\u00eds. Seg\u00fan Guillermo O'brien, productor arrocero del norte del pa\u00eds e integrante de la Asociaci\u00f3n de Cultivadores de Arroz\u2026","rel":"","context":"En \u00abActualidad\u00bb","block_context":{"text":"Actualidad","link":"https:\/\/lahoradelcampo.com.uy\/site\/category\/actualidad\/"},"img":{"alt_text":"","src":"https:\/\/i0.wp.com\/lahoradelcampo.com.uy\/site\/wp-content\/uploads\/2019\/04\/Arroceros.jpg?fit=880%2C440&ssl=1&resize=350%2C200","width":350,"height":200,"srcset":"https:\/\/i0.wp.com\/lahoradelcampo.com.uy\/site\/wp-content\/uploads\/2019\/04\/Arroceros.jpg?fit=880%2C440&ssl=1&resize=350%2C200 1x, https:\/\/i0.wp.com\/lahoradelcampo.com.uy\/site\/wp-content\/uploads\/2019\/04\/Arroceros.jpg?fit=880%2C440&ssl=1&resize=525%2C300 1.5x, https:\/\/i0.wp.com\/lahoradelcampo.com.uy\/site\/wp-content\/uploads\/2019\/04\/Arroceros.jpg?fit=880%2C440&ssl=1&resize=700%2C400 2x"},"classes":[]},{"id":53764,"url":"https:\/\/lahoradelcampo.com.uy\/site\/cosecha-arrocera-supera-las-72-800-hectareas-a-nivel-pais\/","url_meta":{"origin":41727,"position":4},"title":"Cosecha arrocera supera las 72.800 hect\u00e1reas a nivel pa\u00eds","author":"La Hora del Campo","date":"10 abril, 2024","format":false,"excerpt":"La cosecha arrocera enfrenta desaf\u00edos importantes este a\u00f1o, debido al comportamiento del clima, que est\u00e1 siendo adverso para las labores de cosecha del cereal, seg\u00fan el \u00faltimo relevamiento de la Asociaci\u00f3n de Cultivadores de Arroz del Uruguay (ACA). Con una superficie sembrada de 148.629 hect\u00e1reas en esta zafra, los productores\u2026","rel":"","context":"En \u00abActualidad\u00bb","block_context":{"text":"Actualidad","link":"https:\/\/lahoradelcampo.com.uy\/site\/category\/actualidad\/"},"img":{"alt_text":"","src":"https:\/\/i0.wp.com\/lahoradelcampo.com.uy\/site\/wp-content\/uploads\/2024\/04\/Zafra-arrocera.jpg?fit=880%2C440&ssl=1&resize=350%2C200","width":350,"height":200,"srcset":"https:\/\/i0.wp.com\/lahoradelcampo.com.uy\/site\/wp-content\/uploads\/2024\/04\/Zafra-arrocera.jpg?fit=880%2C440&ssl=1&resize=350%2C200 1x, https:\/\/i0.wp.com\/lahoradelcampo.com.uy\/site\/wp-content\/uploads\/2024\/04\/Zafra-arrocera.jpg?fit=880%2C440&ssl=1&resize=525%2C300 1.5x, https:\/\/i0.wp.com\/lahoradelcampo.com.uy\/site\/wp-content\/uploads\/2024\/04\/Zafra-arrocera.jpg?fit=880%2C440&ssl=1&resize=700%2C400 2x"},"classes":[]},{"id":49842,"url":"https:\/\/lahoradelcampo.com.uy\/site\/cosecha-de-arroz-en-el-norte-del-pais-muestra-buenos-rendimientos\/","url_meta":{"origin":41727,"position":5},"title":"Cosecha de arroz en el norte del pa\u00eds muestra buenos rendimientos","author":"La Hora del Campo","date":"10 abril, 2023","format":false,"excerpt":"El arroz uruguayo se encuentra en proceso de cosecha, y las perspectivas son alentadoras. Con el cultivo sembrado en tiempo y forma, y con agua en las represas, se espera que los rendimientos se ubiquen dentro de las cinco zafras de punta en producci\u00f3n del pa\u00eds.Avance de la cosechaEl Ing.\u2026","rel":"","context":"En \u00abActualidad\u00bb","block_context":{"text":"Actualidad","link":"https:\/\/lahoradelcampo.com.uy\/site\/category\/actualidad\/"},"img":{"alt_text":"","src":"https:\/\/i0.wp.com\/lahoradelcampo.com.uy\/site\/wp-content\/uploads\/2023\/04\/arroz-plantacion.jpg?fit=880%2C440&ssl=1&resize=350%2C200","width":350,"height":200,"srcset":"https:\/\/i0.wp.com\/lahoradelcampo.com.uy\/site\/wp-content\/uploads\/2023\/04\/arroz-plantacion.jpg?fit=880%2C440&ssl=1&resize=350%2C200 1x, https:\/\/i0.wp.com\/lahoradelcampo.com.uy\/site\/wp-content\/uploads\/2023\/04\/arroz-plantacion.jpg?fit=880%2C440&ssl=1&resize=525%2C300 1.5x, https:\/\/i0.wp.com\/lahoradelcampo.com.uy\/site\/wp-content\/uploads\/2023\/04\/arroz-plantacion.jpg?fit=880%2C440&ssl=1&resize=700%2C400 2x"},"classes":[]}],"jetpack_likes_enabled":true,"_links":{"self":[{"href":"https:\/\/lahoradelcampo.com.uy\/site\/wp-json\/wp\/v2\/posts\/41727","targetHints":{"allow":["GET"]}}],"collection":[{"href":"https:\/\/lahoradelcampo.com.uy\/site\/wp-json\/wp\/v2\/posts"}],"about":[{"href":"https:\/\/lahoradelcampo.com.uy\/site\/wp-json\/wp\/v2\/types\/post"}],"author":[{"embeddable":true,"href":"https:\/\/lahoradelcampo.com.uy\/site\/wp-json\/wp\/v2\/users\/5"}],"replies":[{"embeddable":true,"href":"https:\/\/lahoradelcampo.com.uy\/site\/wp-json\/wp\/v2\/comments?post=41727"}],"version-history":[{"count":1,"href":"https:\/\/lahoradelcampo.com.uy\/site\/wp-json\/wp\/v2\/posts\/41727\/revisions"}],"predecessor-version":[{"id":41729,"href":"https:\/\/lahoradelcampo.com.uy\/site\/wp-json\/wp\/v2\/posts\/41727\/revisions\/41729"}],"wp:featuredmedia":[{"embeddable":true,"href":"https:\/\/lahoradelcampo.com.uy\/site\/wp-json\/wp\/v2\/media\/10811"}],"wp:attachment":[{"href":"https:\/\/lahoradelcampo.com.uy\/site\/wp-json\/wp\/v2\/media?parent=41727"}],"wp:term":[{"taxonomy":"category","embeddable":true,"href":"https:\/\/lahoradelcampo.com.uy\/site\/wp-json\/wp\/v2\/categories?post=41727"},{"taxonomy":"post_tag","embeddable":true,"href":"https:\/\/lahoradelcampo.com.uy\/site\/wp-json\/wp\/v2\/tags?post=41727"}],"curies":[{"name":"wp","href":"https:\/\/api.w.org\/{rel}","templated":true}]}}