{"id":41723,"date":"2022-05-12T06:41:12","date_gmt":"2022-05-12T09:41:12","guid":{"rendered":"http:\/\/lahoradelcampo.com.uy\/site\/?p=41723"},"modified":"2022-05-12T06:41:17","modified_gmt":"2022-05-12T09:41:17","slug":"omc-insiste-en-mantener-mercados-abiertos-y-evitar-restricciones-injustificadas","status":"publish","type":"post","link":"https:\/\/lahoradelcampo.com.uy\/site\/omc-insiste-en-mantener-mercados-abiertos-y-evitar-restricciones-injustificadas\/","title":{"rendered":"OMC insiste en mantener mercados abiertos y evitar restricciones injustificadas"},"content":{"rendered":"\n<figure class=\"wp-block-image\"><img data-recalc-dims=\"1\" loading=\"lazy\" decoding=\"async\" width=\"810\" height=\"405\" data-attachment-id=\"10491\" data-permalink=\"https:\/\/lahoradelcampo.com.uy\/site\/pago-a-los-productores-a-traves-de-ventas-publicas-se-puede-agilizar\/exportaciones\/\" data-orig-file=\"https:\/\/i0.wp.com\/lahoradelcampo.com.uy\/site\/wp-content\/uploads\/2019\/05\/exportaciones.jpg?fit=880%2C440&amp;ssl=1\" data-orig-size=\"880,440\" data-comments-opened=\"1\" data-image-meta=\"{&quot;aperture&quot;:&quot;0&quot;,&quot;credit&quot;:&quot;&quot;,&quot;camera&quot;:&quot;&quot;,&quot;caption&quot;:&quot;&quot;,&quot;created_timestamp&quot;:&quot;0&quot;,&quot;copyright&quot;:&quot;&quot;,&quot;focal_length&quot;:&quot;0&quot;,&quot;iso&quot;:&quot;0&quot;,&quot;shutter_speed&quot;:&quot;0&quot;,&quot;title&quot;:&quot;&quot;,&quot;orientation&quot;:&quot;1&quot;}\" data-image-title=\"exportaciones\" data-image-description=\"\" data-image-caption=\"\" data-large-file=\"https:\/\/i0.wp.com\/lahoradelcampo.com.uy\/site\/wp-content\/uploads\/2019\/05\/exportaciones.jpg?fit=810%2C405&amp;ssl=1\" src=\"https:\/\/i0.wp.com\/lahoradelcampo.com.uy\/site\/wp-content\/uploads\/2019\/05\/exportaciones.jpg?resize=810%2C405\" alt=\"\" class=\"wp-image-10491\" srcset=\"https:\/\/i0.wp.com\/lahoradelcampo.com.uy\/site\/wp-content\/uploads\/2019\/05\/exportaciones.jpg?w=880&amp;ssl=1 880w, https:\/\/i0.wp.com\/lahoradelcampo.com.uy\/site\/wp-content\/uploads\/2019\/05\/exportaciones.jpg?resize=300%2C150&amp;ssl=1 300w, https:\/\/i0.wp.com\/lahoradelcampo.com.uy\/site\/wp-content\/uploads\/2019\/05\/exportaciones.jpg?resize=768%2C384&amp;ssl=1 768w, https:\/\/i0.wp.com\/lahoradelcampo.com.uy\/site\/wp-content\/uploads\/2019\/05\/exportaciones.jpg?resize=820%2C410&amp;ssl=1 820w\" sizes=\"auto, (max-width: 810px) 100vw, 810px\" \/><\/figure>\n\n\n\n<p>El comercio y el abastecimiento de alimentos han pasado a lo m\u00e1s alto de la agenda pol\u00edtica mundial debido al impacto del conflicto entre Rusia y Ucrania, con especial incidencia en los pa\u00edses con mayor dependencia de las exportaciones, seg\u00fan declaraciones de la directora general de la Organizaci\u00f3n Mundial del Comercio (OMC), Okonjo-Iweala, recogidas por el portal digital mexicano especializado en comercio exterior Estrategia Aduanera. <\/p>\n\n\n\n<p>Los pa\u00edses europeos en conflicto, suman en conjunto, m\u00e1s de una cuarta parte del trigo comercializado en el mundo y tres cuartas partes de las exportaciones mundiales de aceite de girasol crudo, adem\u00e1s de que Mosc\u00fa represente casi una d\u00e9cima parte de las exportaciones de combustible, y junto con Bielorrusia, una quinta parte del suministro mundial de fertilizantes. <\/p>\n\n\n\n<p>Ante estos datos, \u201clo importante es el papel que puede desempe\u00f1ar el comercio para abordar los posibles problemas de desabastecimiento, incluida la mejora de la disponibilidad y el acceso a los alimentos, ayudando a satisfacer la demanda de alimentos m\u00e1s diversos y nutritivos, y mejorando la previsibilidad y estabilidad de los mercados mundiales de alimentos para productores y consumidores\u201d, recog\u00eda el citado medio. <\/p>\n\n\n\n<p>La OMC apoya el llamamiento para mantener los mercados abiertos y evitar restricciones injustificadas a la exportaci\u00f3n. <\/p>\n\n\n\n<p>Salto, 12 de mayo de 2022<\/p>\n","protected":false},"excerpt":{"rendered":"<p>El comercio y el abastecimiento de alimentos han pasado a lo m\u00e1s alto de la agenda pol\u00edtica mundial debido al impacto del conflicto entre Rusia y Ucrania, con especial incidencia [&hellip;]<\/p>\n","protected":false},"author":5,"featured_media":10491,"comment_status":"open","ping_status":"open","sticky":false,"template":"","format":"standard","meta":{"_price":"","_stock":"","_tribe_ticket_header":"","_tribe_default_ticket_provider":"","_tribe_ticket_capacity":"0","_ticket_start_date":"","_ticket_end_date":"","_tribe_ticket_show_description":"","_tribe_ticket_show_not_going":false,"_tribe_ticket_use_global_stock":"","_tribe_ticket_global_stock_level":"","_global_stock_mode":"","_global_stock_cap":"","_tribe_rsvp_for_event":"","_tribe_ticket_going_count":"","_tribe_ticket_not_going_count":"","_tribe_tickets_list":"[]","_tribe_ticket_has_attendee_info_fields":false,"h5ap_radio_sources":[],"_jetpack_newsletter_access":"","_jetpack_dont_email_post_to_subs":false,"_jetpack_newsletter_tier_id":0,"_jetpack_memberships_contains_paywalled_content":false,"_jetpack_memberships_contains_paid_content":false,"footnotes":""},"categories":[21,15],"tags":[],"class_list":["post-41723","post","type-post","status-publish","format-standard","has-post-thumbnail","hentry","category-actualidad","category-columnistas"],"jetpack_featured_media_url":"https:\/\/i0.wp.com\/lahoradelcampo.com.uy\/site\/wp-content\/uploads\/2019\/05\/exportaciones.jpg?fit=880%2C440&ssl=1","jetpack_sharing_enabled":true,"jetpack_shortlink":"https:\/\/wp.me\/p99IaT-aQX","jetpack-related-posts":[{"id":36615,"url":"https:\/\/lahoradelcampo.com.uy\/site\/la-omc-preve-una-suba-del-108-en-el-comercio-internacional\/","url_meta":{"origin":41723,"position":0},"title":"La OMC prev\u00e9 una suba del 10,8% en el comercio internacional","author":"La Hora del Campo","date":"16 noviembre, 2021","format":false,"excerpt":"La Organizaci\u00f3n Mundial del Comercio (OMC) estim\u00f3 que el comercio internacional crecer\u00eda este a\u00f1o 10,8%, el mayor crecimiento desde el a\u00f1o 2010. Por su parte, el crecimiento no ser\u00e1 tan trascendente en la regi\u00f3n latinoamericana, sin embargo mostrar\u00e1 una recuperaci\u00f3n luego de tres a\u00f1os de ca\u00eddas, destac\u00f3 el informe. Las\u2026","rel":"","context":"En \u00abActualidad\u00bb","block_context":{"text":"Actualidad","link":"https:\/\/lahoradelcampo.com.uy\/site\/category\/actualidad\/"},"img":{"alt_text":"","src":"https:\/\/i0.wp.com\/lahoradelcampo.com.uy\/site\/wp-content\/uploads\/2019\/05\/exportaciones.jpg?fit=880%2C440&ssl=1&resize=350%2C200","width":350,"height":200,"srcset":"https:\/\/i0.wp.com\/lahoradelcampo.com.uy\/site\/wp-content\/uploads\/2019\/05\/exportaciones.jpg?fit=880%2C440&ssl=1&resize=350%2C200 1x, https:\/\/i0.wp.com\/lahoradelcampo.com.uy\/site\/wp-content\/uploads\/2019\/05\/exportaciones.jpg?fit=880%2C440&ssl=1&resize=525%2C300 1.5x, https:\/\/i0.wp.com\/lahoradelcampo.com.uy\/site\/wp-content\/uploads\/2019\/05\/exportaciones.jpg?fit=880%2C440&ssl=1&resize=700%2C400 2x"},"classes":[]},{"id":9935,"url":"https:\/\/lahoradelcampo.com.uy\/site\/la-administracion-de-cuotas-arancelarias-por-parte-de-china-rompe-compromisos-con-la-omc\/","url_meta":{"origin":41723,"position":1},"title":"La administraci\u00f3n de cuotas arancelarias por parte de China rompe compromisos con la OMC","author":"La Hora del Campo ADMIN","date":"19 abril, 2019","format":false,"excerpt":"La administraci\u00f3n de cuotas arancelarias por parte de China rompe compromisos con la OMC y le dan la raz\u00f3n a Estados Unidos","rel":"","context":"En \u00abActualidad\u00bb","block_context":{"text":"Actualidad","link":"https:\/\/lahoradelcampo.com.uy\/site\/category\/actualidad\/"},"img":{"alt_text":"","src":"https:\/\/i0.wp.com\/lahoradelcampo.com.uy\/site\/wp-content\/uploads\/2019\/04\/Adobe_20190419_091240.jpg?fit=880%2C440&ssl=1&resize=350%2C200","width":350,"height":200,"srcset":"https:\/\/i0.wp.com\/lahoradelcampo.com.uy\/site\/wp-content\/uploads\/2019\/04\/Adobe_20190419_091240.jpg?fit=880%2C440&ssl=1&resize=350%2C200 1x, https:\/\/i0.wp.com\/lahoradelcampo.com.uy\/site\/wp-content\/uploads\/2019\/04\/Adobe_20190419_091240.jpg?fit=880%2C440&ssl=1&resize=525%2C300 1.5x, https:\/\/i0.wp.com\/lahoradelcampo.com.uy\/site\/wp-content\/uploads\/2019\/04\/Adobe_20190419_091240.jpg?fit=880%2C440&ssl=1&resize=700%2C400 2x"},"classes":[]},{"id":42151,"url":"https:\/\/lahoradelcampo.com.uy\/site\/el-consumo-mundial-de-algodon-se-recupera-en-este-2021-22\/","url_meta":{"origin":41723,"position":2},"title":"El consumo mundial de algod\u00f3n se recupera en este 2021-22","author":"La Hora del Campo","date":"25 mayo, 2022","format":false,"excerpt":"El comit\u00e9 del algod\u00f3n de la Organizaci\u00f3n Mundial del Comercio, se reuni\u00f3 este mes de mayo y uno de los temas que se trabajaron tiene que ver con la producci\u00f3n y el comercio de la fibra natural en un mundo con disrupciones en la log\u00edstica y la resiliencia del sector\u2026","rel":"","context":"En \u00abActualidad\u00bb","block_context":{"text":"Actualidad","link":"https:\/\/lahoradelcampo.com.uy\/site\/category\/actualidad\/"},"img":{"alt_text":"","src":"https:\/\/i0.wp.com\/lahoradelcampo.com.uy\/site\/wp-content\/uploads\/2018\/05\/Algodon.jpg?fit=880%2C440&ssl=1&resize=350%2C200","width":350,"height":200,"srcset":"https:\/\/i0.wp.com\/lahoradelcampo.com.uy\/site\/wp-content\/uploads\/2018\/05\/Algodon.jpg?fit=880%2C440&ssl=1&resize=350%2C200 1x, https:\/\/i0.wp.com\/lahoradelcampo.com.uy\/site\/wp-content\/uploads\/2018\/05\/Algodon.jpg?fit=880%2C440&ssl=1&resize=525%2C300 1.5x, https:\/\/i0.wp.com\/lahoradelcampo.com.uy\/site\/wp-content\/uploads\/2018\/05\/Algodon.jpg?fit=880%2C440&ssl=1&resize=700%2C400 2x"},"classes":[]},{"id":21516,"url":"https:\/\/lahoradelcampo.com.uy\/site\/el-cas-representa-el-126-de-las-exportaciones-mundiales-de-bienes-agropecuarios\/","url_meta":{"origin":41723,"position":3},"title":"El CAS  representa el 12,6%  de las exportaciones mundiales de bienes agropecuarios","author":"La Hora del Campo","date":"3 julio, 2020","format":false,"excerpt":"El Ministerio de Ganader\u00eda, Agricultura y Pesca (MGAP), la Secretaria T\u00e9cnica del Consejo Agropecuario del Sur (CAS) y la Representaci\u00f3n de IICA en Uruguay dieron a conocer en conferencia de prensa, el Anuario de Comercio Exterior de base agraria de los pa\u00edses del CAS 2015-2019. Este trabajo destaca la importancia\u2026","rel":"","context":"En \u00abActualidad\u00bb","block_context":{"text":"Actualidad","link":"https:\/\/lahoradelcampo.com.uy\/site\/category\/actualidad\/"},"img":{"alt_text":"","src":"https:\/\/i0.wp.com\/lahoradelcampo.com.uy\/site\/wp-content\/uploads\/2020\/07\/CASweb.jpg?fit=880%2C440&ssl=1&resize=350%2C200","width":350,"height":200,"srcset":"https:\/\/i0.wp.com\/lahoradelcampo.com.uy\/site\/wp-content\/uploads\/2020\/07\/CASweb.jpg?fit=880%2C440&ssl=1&resize=350%2C200 1x, https:\/\/i0.wp.com\/lahoradelcampo.com.uy\/site\/wp-content\/uploads\/2020\/07\/CASweb.jpg?fit=880%2C440&ssl=1&resize=525%2C300 1.5x, https:\/\/i0.wp.com\/lahoradelcampo.com.uy\/site\/wp-content\/uploads\/2020\/07\/CASweb.jpg?fit=880%2C440&ssl=1&resize=700%2C400 2x"},"classes":[]},{"id":3381,"url":"https:\/\/lahoradelcampo.com.uy\/site\/iba-solicito-la-eliminacion-de-barreras-no-arancelarias\/","url_meta":{"origin":41723,"position":4},"title":"IBA solicit\u00f3 la eliminaci\u00f3n de barreras no arancelarias","author":"La Hora del Campo","date":"30 octubre, 2017","format":false,"excerpt":"Representantes de pa\u00edses con mayor volumen de exportaci\u00f3n de carne bovina en el mundo mantuvieron una reuni\u00f3n de varios d\u00edas en Paraguay, donde analizaron la situaci\u00f3n actual y los desaf\u00edos del comercio global de carne bovina, y varios otros temas vinculantes, luego de lo cual dieron a conocer una Declaraci\u00f3n\u2026","rel":"","context":"En \u00abActualidad\u00bb","block_context":{"text":"Actualidad","link":"https:\/\/lahoradelcampo.com.uy\/site\/category\/actualidad\/"},"img":{"alt_text":"","src":"https:\/\/i0.wp.com\/lahoradelcampo.com.uy\/site\/wp-content\/uploads\/2017\/10\/IBA-Paraguay.jpg?fit=880%2C440&ssl=1&resize=350%2C200","width":350,"height":200,"srcset":"https:\/\/i0.wp.com\/lahoradelcampo.com.uy\/site\/wp-content\/uploads\/2017\/10\/IBA-Paraguay.jpg?fit=880%2C440&ssl=1&resize=350%2C200 1x, https:\/\/i0.wp.com\/lahoradelcampo.com.uy\/site\/wp-content\/uploads\/2017\/10\/IBA-Paraguay.jpg?fit=880%2C440&ssl=1&resize=525%2C300 1.5x, https:\/\/i0.wp.com\/lahoradelcampo.com.uy\/site\/wp-content\/uploads\/2017\/10\/IBA-Paraguay.jpg?fit=880%2C440&ssl=1&resize=700%2C400 2x"},"classes":[]},{"id":24058,"url":"https:\/\/lahoradelcampo.com.uy\/site\/se-preve-una-nueva-caida-en-el-comercio-mundial-del-arroz-esta-zafra\/","url_meta":{"origin":41723,"position":5},"title":"Se prev\u00e9 una nueva ca\u00edda en el comercio mundial del arroz esta zafra","author":"La Hora del Campo","date":"28 septiembre, 2020","format":false,"excerpt":"El Consejo Internacional de Cereales dio a conocer en la jornada de ayer su an\u00e1lisis mensual del mercado de granos, donde se prev\u00e9 una nueva ca\u00edda del comercio mundial del arroz, a pesar de los buenos valores y el incremento en las exportaciones de pa\u00edses como India. De acuerdo a\u2026","rel":"","context":"En \u00abActualidad\u00bb","block_context":{"text":"Actualidad","link":"https:\/\/lahoradelcampo.com.uy\/site\/category\/actualidad\/"},"img":{"alt_text":"","src":"https:\/\/i0.wp.com\/lahoradelcampo.com.uy\/site\/wp-content\/uploads\/2017\/12\/Arroz.jpg?fit=880%2C440&ssl=1&resize=350%2C200","width":350,"height":200,"srcset":"https:\/\/i0.wp.com\/lahoradelcampo.com.uy\/site\/wp-content\/uploads\/2017\/12\/Arroz.jpg?fit=880%2C440&ssl=1&resize=350%2C200 1x, https:\/\/i0.wp.com\/lahoradelcampo.com.uy\/site\/wp-content\/uploads\/2017\/12\/Arroz.jpg?fit=880%2C440&ssl=1&resize=525%2C300 1.5x, https:\/\/i0.wp.com\/lahoradelcampo.com.uy\/site\/wp-content\/uploads\/2017\/12\/Arroz.jpg?fit=880%2C440&ssl=1&resize=700%2C400 2x"},"classes":[]}],"jetpack_likes_enabled":true,"_links":{"self":[{"href":"https:\/\/lahoradelcampo.com.uy\/site\/wp-json\/wp\/v2\/posts\/41723","targetHints":{"allow":["GET"]}}],"collection":[{"href":"https:\/\/lahoradelcampo.com.uy\/site\/wp-json\/wp\/v2\/posts"}],"about":[{"href":"https:\/\/lahoradelcampo.com.uy\/site\/wp-json\/wp\/v2\/types\/post"}],"author":[{"embeddable":true,"href":"https:\/\/lahoradelcampo.com.uy\/site\/wp-json\/wp\/v2\/users\/5"}],"replies":[{"embeddable":true,"href":"https:\/\/lahoradelcampo.com.uy\/site\/wp-json\/wp\/v2\/comments?post=41723"}],"version-history":[{"count":1,"href":"https:\/\/lahoradelcampo.com.uy\/site\/wp-json\/wp\/v2\/posts\/41723\/revisions"}],"predecessor-version":[{"id":41725,"href":"https:\/\/lahoradelcampo.com.uy\/site\/wp-json\/wp\/v2\/posts\/41723\/revisions\/41725"}],"wp:featuredmedia":[{"embeddable":true,"href":"https:\/\/lahoradelcampo.com.uy\/site\/wp-json\/wp\/v2\/media\/10491"}],"wp:attachment":[{"href":"https:\/\/lahoradelcampo.com.uy\/site\/wp-json\/wp\/v2\/media?parent=41723"}],"wp:term":[{"taxonomy":"category","embeddable":true,"href":"https:\/\/lahoradelcampo.com.uy\/site\/wp-json\/wp\/v2\/categories?post=41723"},{"taxonomy":"post_tag","embeddable":true,"href":"https:\/\/lahoradelcampo.com.uy\/site\/wp-json\/wp\/v2\/tags?post=41723"}],"curies":[{"name":"wp","href":"https:\/\/api.w.org\/{rel}","templated":true}]}}