{"id":41689,"date":"2022-05-11T06:20:27","date_gmt":"2022-05-11T09:20:27","guid":{"rendered":"http:\/\/lahoradelcampo.com.uy\/site\/?p=41689"},"modified":"2022-05-10T20:44:26","modified_gmt":"2022-05-10T23:44:26","slug":"asociacion-rural-de-jovenes-con-nueva-directiva-2022-23","status":"publish","type":"post","link":"https:\/\/lahoradelcampo.com.uy\/site\/asociacion-rural-de-jovenes-con-nueva-directiva-2022-23\/","title":{"rendered":"Asociaci\u00f3n Rural de J\u00f3venes con nueva directiva 2022-23"},"content":{"rendered":"\n<figure class=\"wp-block-image\"><img data-recalc-dims=\"1\" loading=\"lazy\" decoding=\"async\" width=\"810\" height=\"405\" data-attachment-id=\"41691\" data-permalink=\"https:\/\/lahoradelcampo.com.uy\/site\/asociacion-rural-de-jovenes-con-nueva-directiva-2022-23\/aru-jovenes2022\/\" data-orig-file=\"https:\/\/i0.wp.com\/lahoradelcampo.com.uy\/site\/wp-content\/uploads\/2022\/05\/ARU-Jovenes2022.jpg?fit=880%2C440&amp;ssl=1\" data-orig-size=\"880,440\" data-comments-opened=\"1\" data-image-meta=\"{&quot;aperture&quot;:&quot;0&quot;,&quot;credit&quot;:&quot;&quot;,&quot;camera&quot;:&quot;&quot;,&quot;caption&quot;:&quot;&quot;,&quot;created_timestamp&quot;:&quot;0&quot;,&quot;copyright&quot;:&quot;&quot;,&quot;focal_length&quot;:&quot;0&quot;,&quot;iso&quot;:&quot;0&quot;,&quot;shutter_speed&quot;:&quot;0&quot;,&quot;title&quot;:&quot;&quot;,&quot;orientation&quot;:&quot;1&quot;}\" data-image-title=\"ARU-Jovenes2022\" data-image-description=\"\" data-image-caption=\"\" data-large-file=\"https:\/\/i0.wp.com\/lahoradelcampo.com.uy\/site\/wp-content\/uploads\/2022\/05\/ARU-Jovenes2022.jpg?fit=810%2C405&amp;ssl=1\" src=\"https:\/\/i0.wp.com\/lahoradelcampo.com.uy\/site\/wp-content\/uploads\/2022\/05\/ARU-Jovenes2022.jpg?resize=810%2C405\" alt=\"\" class=\"wp-image-41691\" srcset=\"https:\/\/i0.wp.com\/lahoradelcampo.com.uy\/site\/wp-content\/uploads\/2022\/05\/ARU-Jovenes2022.jpg?w=880&amp;ssl=1 880w, https:\/\/i0.wp.com\/lahoradelcampo.com.uy\/site\/wp-content\/uploads\/2022\/05\/ARU-Jovenes2022.jpg?resize=300%2C150&amp;ssl=1 300w, https:\/\/i0.wp.com\/lahoradelcampo.com.uy\/site\/wp-content\/uploads\/2022\/05\/ARU-Jovenes2022.jpg?resize=768%2C384&amp;ssl=1 768w, https:\/\/i0.wp.com\/lahoradelcampo.com.uy\/site\/wp-content\/uploads\/2022\/05\/ARU-Jovenes2022.jpg?resize=820%2C410&amp;ssl=1 820w\" sizes=\"auto, (max-width: 810px) 100vw, 810px\" \/><\/figure>\n\n\n\n<p>El lunes 9, en su\nreuni\u00f3n semanal, la Asociaci\u00f3n Rural del Uruguay de J\u00f3venes realiz\u00f3 el cambio\nde directiva de cara al per\u00edodo 2022-2023. <\/p>\n\n\n\n<p>La misma pas\u00f3 a\nser presidida por Mart\u00edn Mainardi, con Julieta Ribeiro como vicepresidente y\nPablo Galeano como vicepresidente 2do. <\/p>\n\n\n\n<p>Carolina Burgue\u00f1o\nser\u00e1 la tesorera, Manuel Figueroa el secretario, Juliana de Souza la directora\nde Comunicaci\u00f3n y Guillermo Araujo como director de Capacitaciones. <\/p>\n\n\n\n<p>Los suplentes ser\u00e1n en primer lugar Alfonsina Gonzalez, en segundo Agustina Sb\u00e1rbaro y en tercer lugar Ignacio Albano.<\/p>\n\n\n\n<p>Salto, 11 de mayo de 2022<\/p>\n","protected":false},"excerpt":{"rendered":"<p>El lunes 9, en su reuni\u00f3n semanal, la Asociaci\u00f3n Rural del Uruguay de J\u00f3venes realiz\u00f3 el cambio de directiva de cara al per\u00edodo 2022-2023. La misma pas\u00f3 a ser presidida [&hellip;]<\/p>\n","protected":false},"author":5,"featured_media":41691,"comment_status":"open","ping_status":"open","sticky":false,"template":"","format":"standard","meta":{"_price":"","_stock":"","_tribe_ticket_header":"","_tribe_default_ticket_provider":"","_tribe_ticket_capacity":"0","_ticket_start_date":"","_ticket_end_date":"","_tribe_ticket_show_description":"","_tribe_ticket_show_not_going":false,"_tribe_ticket_use_global_stock":"","_tribe_ticket_global_stock_level":"","_global_stock_mode":"","_global_stock_cap":"","_tribe_rsvp_for_event":"","_tribe_ticket_going_count":"","_tribe_ticket_not_going_count":"","_tribe_tickets_list":"[]","_tribe_ticket_has_attendee_info_fields":false,"h5ap_radio_sources":[],"_jetpack_newsletter_access":"","_jetpack_dont_email_post_to_subs":false,"_jetpack_newsletter_tier_id":0,"_jetpack_memberships_contains_paywalled_content":false,"_jetpack_memberships_contains_paid_content":false,"footnotes":""},"categories":[21,5],"tags":[],"class_list":["post-41689","post","type-post","status-publish","format-standard","has-post-thumbnail","hentry","category-actualidad","category-ganaderia"],"jetpack_featured_media_url":"https:\/\/i0.wp.com\/lahoradelcampo.com.uy\/site\/wp-content\/uploads\/2022\/05\/ARU-Jovenes2022.jpg?fit=880%2C440&ssl=1","jetpack_sharing_enabled":true,"jetpack_shortlink":"https:\/\/wp.me\/p99IaT-aQp","jetpack-related-posts":[{"id":52765,"url":"https:\/\/lahoradelcampo.com.uy\/site\/federacion-rural-de-jovenes-renovo-su-directiva\/","url_meta":{"origin":41689,"position":0},"title":"Federaci\u00f3n Rural de J\u00f3venes renov\u00f3 su directiva","author":"La Hora del Campo","date":"13 octubre, 2023","format":false,"excerpt":"El lunes 9 de octubre, la Federaci\u00f3n Rural de J\u00f3venes llev\u00f3 a cabo la renovaci\u00f3n de su Directiva, en un acto que cont\u00f3 con la participaci\u00f3n del ministro interino de Ganader\u00eda, Agricultura y Pesca, Ignacio Buffa, el director de Desarrollo Rural, Carlos Rydstr\u00f6m, y el presidente de la Federaci\u00f3n Rural,\u2026","rel":"","context":"En \u00abActualidad\u00bb","block_context":{"text":"Actualidad","link":"https:\/\/lahoradelcampo.com.uy\/site\/category\/actualidad\/"},"img":{"alt_text":"","src":"https:\/\/i0.wp.com\/lahoradelcampo.com.uy\/site\/wp-content\/uploads\/2023\/10\/Federacionruraljovenes.jpg?fit=880%2C440&ssl=1&resize=350%2C200","width":350,"height":200,"srcset":"https:\/\/i0.wp.com\/lahoradelcampo.com.uy\/site\/wp-content\/uploads\/2023\/10\/Federacionruraljovenes.jpg?fit=880%2C440&ssl=1&resize=350%2C200 1x, https:\/\/i0.wp.com\/lahoradelcampo.com.uy\/site\/wp-content\/uploads\/2023\/10\/Federacionruraljovenes.jpg?fit=880%2C440&ssl=1&resize=525%2C300 1.5x, https:\/\/i0.wp.com\/lahoradelcampo.com.uy\/site\/wp-content\/uploads\/2023\/10\/Federacionruraljovenes.jpg?fit=880%2C440&ssl=1&resize=700%2C400 2x"},"classes":[]},{"id":579,"url":"https:\/\/lahoradelcampo.com.uy\/site\/salto-sera-sede-del-congreso-anual-de-la-federacion-rural-de-jovenes\/","url_meta":{"origin":41689,"position":1},"title":"Salto ser\u00e1 sede del Congreso Anual de la Federaci\u00f3n Rural de J\u00f3venes","author":"La Hora del Campo","date":"8 septiembre, 2017","format":false,"excerpt":"La Asociaci\u00f3n Agropecuaria de J\u00f3venes de Salto ser\u00e1 la gremial anfitriona del pr\u00f3ximo Congreso Anual de la Federaci\u00f3n Rural de J\u00f3venes al cierre de este mes. El congreso es la actividad anual m\u00e1s importante de la Federaci\u00f3n Rural de J\u00f3venes y de estos encuentros surgen las l\u00edneas de trabajo para\u2026","rel":"","context":"En \u00abActualidad\u00bb","block_context":{"text":"Actualidad","link":"https:\/\/lahoradelcampo.com.uy\/site\/category\/actualidad\/"},"img":{"alt_text":"","src":"https:\/\/i0.wp.com\/lahoradelcampo.com.uy\/site\/wp-content\/uploads\/2017\/09\/jovenes.jpg?fit=1200%2C665&ssl=1&resize=350%2C200","width":350,"height":200,"srcset":"https:\/\/i0.wp.com\/lahoradelcampo.com.uy\/site\/wp-content\/uploads\/2017\/09\/jovenes.jpg?fit=1200%2C665&ssl=1&resize=350%2C200 1x, https:\/\/i0.wp.com\/lahoradelcampo.com.uy\/site\/wp-content\/uploads\/2017\/09\/jovenes.jpg?fit=1200%2C665&ssl=1&resize=525%2C300 1.5x, https:\/\/i0.wp.com\/lahoradelcampo.com.uy\/site\/wp-content\/uploads\/2017\/09\/jovenes.jpg?fit=1200%2C665&ssl=1&resize=700%2C400 2x, https:\/\/i0.wp.com\/lahoradelcampo.com.uy\/site\/wp-content\/uploads\/2017\/09\/jovenes.jpg?fit=1200%2C665&ssl=1&resize=1050%2C600 3x"},"classes":[]},{"id":51772,"url":"https:\/\/lahoradelcampo.com.uy\/site\/agustin-morales-asumio-la-presidencia-de-la-asociacion-rural-de-paysandu\/","url_meta":{"origin":41689,"position":2},"title":"Agust\u00edn Morales asumi\u00f3 la presidencia de la Asociaci\u00f3n Rural de Paysand\u00fa","author":"La Hora del Campo","date":"10 julio, 2023","format":false,"excerpt":"En un emotivo acto, Agust\u00edn Morales Macchi, ingeniero civil de 33 a\u00f1os de edad, asumi\u00f3 la presidencia de la Asociaci\u00f3n Rural Exposici\u00f3n Feria de Paysand\u00fa, que cuenta con una trayectoria de 124 a\u00f1os. La asamblea anual, que cont\u00f3 con la participaci\u00f3n de m\u00e1s de 60 personas en el pabell\u00f3n central\u2026","rel":"","context":"En \u00abActualidad\u00bb","block_context":{"text":"Actualidad","link":"https:\/\/lahoradelcampo.com.uy\/site\/category\/actualidad\/"},"img":{"alt_text":"","src":"https:\/\/i0.wp.com\/lahoradelcampo.com.uy\/site\/wp-content\/uploads\/2023\/07\/Rural-Paysandu.jpg?fit=880%2C440&ssl=1&resize=350%2C200","width":350,"height":200,"srcset":"https:\/\/i0.wp.com\/lahoradelcampo.com.uy\/site\/wp-content\/uploads\/2023\/07\/Rural-Paysandu.jpg?fit=880%2C440&ssl=1&resize=350%2C200 1x, https:\/\/i0.wp.com\/lahoradelcampo.com.uy\/site\/wp-content\/uploads\/2023\/07\/Rural-Paysandu.jpg?fit=880%2C440&ssl=1&resize=525%2C300 1.5x, https:\/\/i0.wp.com\/lahoradelcampo.com.uy\/site\/wp-content\/uploads\/2023\/07\/Rural-Paysandu.jpg?fit=880%2C440&ssl=1&resize=700%2C400 2x"},"classes":[]},{"id":50226,"url":"https:\/\/lahoradelcampo.com.uy\/site\/alfredo-fros-criador-de-merino-australiano-asume-como-presidente-del-sul\/","url_meta":{"origin":41689,"position":3},"title":"Alfredo Fros, criador de Merino Australiano, asume como presidente del SUL","author":"La Hora del Campo","date":"26 abril, 2023","format":false,"excerpt":"En una ceremonia llevada a cabo en la sala de conferencias de la Rural del Prado, este martes asumi\u00f3 formalmente el cargo de presidente del Secretariado Uruguayo de la Lana (SUL), Alfredo Fros, en reemplazo de Miguel Sanguinetti. La asunci\u00f3n cont\u00f3 con la presencia del ministro Fernando Mattos, entre otras\u2026","rel":"","context":"En \u00abActualidad\u00bb","block_context":{"text":"Actualidad","link":"https:\/\/lahoradelcampo.com.uy\/site\/category\/actualidad\/"},"img":{"alt_text":"","src":"https:\/\/i0.wp.com\/lahoradelcampo.com.uy\/site\/wp-content\/uploads\/2023\/04\/SUL-Presidenciacambio.jpg?fit=880%2C440&ssl=1&resize=350%2C200","width":350,"height":200,"srcset":"https:\/\/i0.wp.com\/lahoradelcampo.com.uy\/site\/wp-content\/uploads\/2023\/04\/SUL-Presidenciacambio.jpg?fit=880%2C440&ssl=1&resize=350%2C200 1x, https:\/\/i0.wp.com\/lahoradelcampo.com.uy\/site\/wp-content\/uploads\/2023\/04\/SUL-Presidenciacambio.jpg?fit=880%2C440&ssl=1&resize=525%2C300 1.5x, https:\/\/i0.wp.com\/lahoradelcampo.com.uy\/site\/wp-content\/uploads\/2023\/04\/SUL-Presidenciacambio.jpg?fit=880%2C440&ssl=1&resize=700%2C400 2x"},"classes":[]},{"id":3741,"url":"https:\/\/lahoradelcampo.com.uy\/site\/directiva-de-federacion-rural-se-reune-en-salto-el-13-de-noviembre\/","url_meta":{"origin":41689,"position":4},"title":"Directiva de Federaci\u00f3n Rural se reune en Salto el 13 de noviembre","author":"La Hora del Campo","date":"8 noviembre, 2017","format":false,"excerpt":"El pr\u00f3ximo lunes 13 de noviembre se reunir\u00e1 en Salto el Consejo Directivo de la Federaci\u00f3n Rural del Uruguay con las gremiales de la regi\u00f3n. El presidente de la Asociaci\u00f3n Agropecuaria de Salto, Daniel Constantin, dijo que la reuni\u00f3n se realizar\u00e1 en el sal\u00f3n de la sede central en Amor\u00edn\u2026","rel":"","context":"En \u00abActualidad\u00bb","block_context":{"text":"Actualidad","link":"https:\/\/lahoradelcampo.com.uy\/site\/category\/actualidad\/"},"img":{"alt_text":"","src":"https:\/\/i0.wp.com\/lahoradelcampo.com.uy\/site\/wp-content\/uploads\/2017\/11\/Constantin.jpg?fit=880%2C440&ssl=1&resize=350%2C200","width":350,"height":200,"srcset":"https:\/\/i0.wp.com\/lahoradelcampo.com.uy\/site\/wp-content\/uploads\/2017\/11\/Constantin.jpg?fit=880%2C440&ssl=1&resize=350%2C200 1x, https:\/\/i0.wp.com\/lahoradelcampo.com.uy\/site\/wp-content\/uploads\/2017\/11\/Constantin.jpg?fit=880%2C440&ssl=1&resize=525%2C300 1.5x, https:\/\/i0.wp.com\/lahoradelcampo.com.uy\/site\/wp-content\/uploads\/2017\/11\/Constantin.jpg?fit=880%2C440&ssl=1&resize=700%2C400 2x"},"classes":[]},{"id":21078,"url":"https:\/\/lahoradelcampo.com.uy\/site\/conrado-ferber-asumio-la-vicepresidencia-del-inac\/","url_meta":{"origin":41689,"position":5},"title":"Conrado Ferber asumi\u00f3 la Vicepresidencia del INAC","author":"La Hora del Campo","date":"18 junio, 2020","format":false,"excerpt":"INAC complet\u00f3 la delegaci\u00f3n del Poder Ejecutivo con el nombramiento y asunci\u00f3n en el cargo del Vicepresidente. Conrado Ferber Artagaveytia es delegado del Poder Ejecutivo designado a propuesta del Ministerio de Industria, Energ\u00eda y Miner\u00eda. Ha estado vinculado a la producci\u00f3n agropecuaria, en los rubros agr\u00edcola, ganader\u00eda y lecher\u00eda, en\u2026","rel":"","context":"En \u00abActualidad\u00bb","block_context":{"text":"Actualidad","link":"https:\/\/lahoradelcampo.com.uy\/site\/category\/actualidad\/"},"img":{"alt_text":"","src":"https:\/\/i0.wp.com\/lahoradelcampo.com.uy\/site\/wp-content\/uploads\/2020\/06\/Ferbera.jpg?fit=880%2C440&ssl=1&resize=350%2C200","width":350,"height":200,"srcset":"https:\/\/i0.wp.com\/lahoradelcampo.com.uy\/site\/wp-content\/uploads\/2020\/06\/Ferbera.jpg?fit=880%2C440&ssl=1&resize=350%2C200 1x, https:\/\/i0.wp.com\/lahoradelcampo.com.uy\/site\/wp-content\/uploads\/2020\/06\/Ferbera.jpg?fit=880%2C440&ssl=1&resize=525%2C300 1.5x, https:\/\/i0.wp.com\/lahoradelcampo.com.uy\/site\/wp-content\/uploads\/2020\/06\/Ferbera.jpg?fit=880%2C440&ssl=1&resize=700%2C400 2x"},"classes":[]}],"jetpack_likes_enabled":true,"_links":{"self":[{"href":"https:\/\/lahoradelcampo.com.uy\/site\/wp-json\/wp\/v2\/posts\/41689","targetHints":{"allow":["GET"]}}],"collection":[{"href":"https:\/\/lahoradelcampo.com.uy\/site\/wp-json\/wp\/v2\/posts"}],"about":[{"href":"https:\/\/lahoradelcampo.com.uy\/site\/wp-json\/wp\/v2\/types\/post"}],"author":[{"embeddable":true,"href":"https:\/\/lahoradelcampo.com.uy\/site\/wp-json\/wp\/v2\/users\/5"}],"replies":[{"embeddable":true,"href":"https:\/\/lahoradelcampo.com.uy\/site\/wp-json\/wp\/v2\/comments?post=41689"}],"version-history":[{"count":1,"href":"https:\/\/lahoradelcampo.com.uy\/site\/wp-json\/wp\/v2\/posts\/41689\/revisions"}],"predecessor-version":[{"id":41693,"href":"https:\/\/lahoradelcampo.com.uy\/site\/wp-json\/wp\/v2\/posts\/41689\/revisions\/41693"}],"wp:featuredmedia":[{"embeddable":true,"href":"https:\/\/lahoradelcampo.com.uy\/site\/wp-json\/wp\/v2\/media\/41691"}],"wp:attachment":[{"href":"https:\/\/lahoradelcampo.com.uy\/site\/wp-json\/wp\/v2\/media?parent=41689"}],"wp:term":[{"taxonomy":"category","embeddable":true,"href":"https:\/\/lahoradelcampo.com.uy\/site\/wp-json\/wp\/v2\/categories?post=41689"},{"taxonomy":"post_tag","embeddable":true,"href":"https:\/\/lahoradelcampo.com.uy\/site\/wp-json\/wp\/v2\/tags?post=41689"}],"curies":[{"name":"wp","href":"https:\/\/api.w.org\/{rel}","templated":true}]}}