{"id":40821,"date":"2022-04-18T06:55:38","date_gmt":"2022-04-18T09:55:38","guid":{"rendered":"http:\/\/lahoradelcampo.com.uy\/site\/?p=40821"},"modified":"2022-04-18T06:55:43","modified_gmt":"2022-04-18T09:55:43","slug":"el-ime-cerro-con-una-baja-de-16-centavos-en-la-semana","status":"publish","type":"post","link":"https:\/\/lahoradelcampo.com.uy\/site\/el-ime-cerro-con-una-baja-de-16-centavos-en-la-semana\/","title":{"rendered":"El IME cerr\u00f3 con una baja  de 16 centavos en la semana"},"content":{"rendered":"\n<figure class=\"wp-block-image\"><img data-recalc-dims=\"1\" loading=\"lazy\" decoding=\"async\" width=\"810\" height=\"405\" data-attachment-id=\"38185\" data-permalink=\"https:\/\/lahoradelcampo.com.uy\/site\/la-semana-que-viene-se-levanta-el-receso-lanero-en-australia\/lana-australia-5\/\" data-orig-file=\"https:\/\/i0.wp.com\/lahoradelcampo.com.uy\/site\/wp-content\/uploads\/2022\/01\/Lana-australia.jpg?fit=880%2C440&amp;ssl=1\" data-orig-size=\"880,440\" data-comments-opened=\"1\" data-image-meta=\"{&quot;aperture&quot;:&quot;0&quot;,&quot;credit&quot;:&quot;&quot;,&quot;camera&quot;:&quot;&quot;,&quot;caption&quot;:&quot;&quot;,&quot;created_timestamp&quot;:&quot;0&quot;,&quot;copyright&quot;:&quot;&quot;,&quot;focal_length&quot;:&quot;0&quot;,&quot;iso&quot;:&quot;0&quot;,&quot;shutter_speed&quot;:&quot;0&quot;,&quot;title&quot;:&quot;&quot;,&quot;orientation&quot;:&quot;1&quot;}\" data-image-title=\"Lana-australia\" data-image-description=\"\" data-image-caption=\"\" data-large-file=\"https:\/\/i0.wp.com\/lahoradelcampo.com.uy\/site\/wp-content\/uploads\/2022\/01\/Lana-australia.jpg?fit=810%2C405&amp;ssl=1\" src=\"https:\/\/i0.wp.com\/lahoradelcampo.com.uy\/site\/wp-content\/uploads\/2022\/01\/Lana-australia.jpg?resize=810%2C405\" alt=\"\" class=\"wp-image-38185\" srcset=\"https:\/\/i0.wp.com\/lahoradelcampo.com.uy\/site\/wp-content\/uploads\/2022\/01\/Lana-australia.jpg?w=880&amp;ssl=1 880w, https:\/\/i0.wp.com\/lahoradelcampo.com.uy\/site\/wp-content\/uploads\/2022\/01\/Lana-australia.jpg?resize=300%2C150&amp;ssl=1 300w, https:\/\/i0.wp.com\/lahoradelcampo.com.uy\/site\/wp-content\/uploads\/2022\/01\/Lana-australia.jpg?resize=768%2C384&amp;ssl=1 768w, https:\/\/i0.wp.com\/lahoradelcampo.com.uy\/site\/wp-content\/uploads\/2022\/01\/Lana-australia.jpg?resize=820%2C410&amp;ssl=1 820w\" sizes=\"auto, (max-width: 810px) 100vw, 810px\" \/><\/figure>\n\n\n\n<p>La semana previa al receso de Pascuas cerr\u00f3 con una ca\u00edda del 1,6% en el mercado lanero australiano, con la principal ca\u00edda en la primera jornada de ventas, analizadas en d\u00f3lares estadounidenses. <br><\/p>\n\n\n\n<p>Los fundamentos para esta baja contin\u00faan siendo los mencionados en las \u00faltimas semanas. En primer lugar el conflicto entre Rusia y Ucrania que contin\u00faa generando incertidumbre a nivel de la econom\u00eda en todo el mundo. En segundo la situaci\u00f3n del coronavirus en China y con ciudades pr\u00e1cticamente cerradas, y en tercer lugar la baja calidad de la oferta que se est\u00e1 presentando en el mercado dado el cierre de la zafra lanera 2021-2022. <br><\/p>\n\n\n\n<p>De acuerdo a operadores del mercado australiano, la operativa fue positiva para lanas certificadas RWS o con certificaciones Non Mulesed o Cesed Mulesed en la moneda australiana. A lo cual se suma una demanda sostenida por lanas con contenido vegetal por debajo del 1%, las cuales son una parte m\u00ednima de la oferta. <br><\/p>\n\n\n\n<p>El IME, cerr\u00f3 en US$ 10,20 por kilogramo base limpia, registrando una ca\u00edda de 16 centavos en la semana, mientras que en la moneda australiana el mercado cerr\u00f3 en A$ 13,67 descendiendo dos centavos respecto al cierre de la semana pasada. <br><\/p>\n\n\n\n<p>En la suma de las dos jornadas de ventas, la oferta alcanz\u00f3 los 43.588 fardos, de los cuales se vendi\u00f3 el 88,9%. En lo que hace a la lana merina, se ofrecieron 22.835 fardos, coloc\u00e1ndose el 88,9%, mientras que los vellones no merino fueron 8.952 fardos de los que se vendi\u00f3 el 87,2%. <br><\/p>\n\n\n\n<p>La pr\u00f3xima semana el mercado lanero australiano se encontrar\u00e1 en el receso de Pascuas, por lo que la operativa comercial retornar\u00e1 en la semana 43, que dar\u00e1 inicio el pr\u00f3ximo 26 de abril, con una oferta estimada en 51.874 fardos que se distribuir\u00e1n en los tres centros, seg\u00fan Australian Wool Exchange. <\/p>\n\n\n\n<p>Salto, 18 de abril de 2022<\/p>\n","protected":false},"excerpt":{"rendered":"<p>La semana previa al receso de Pascuas cerr\u00f3 con una ca\u00edda del 1,6% en el mercado lanero australiano, con la principal ca\u00edda en la primera jornada de ventas, analizadas en [&hellip;]<\/p>\n","protected":false},"author":5,"featured_media":38185,"comment_status":"open","ping_status":"open","sticky":false,"template":"","format":"standard","meta":{"_price":"","_stock":"","_tribe_ticket_header":"","_tribe_default_ticket_provider":"","_tribe_ticket_capacity":"0","_ticket_start_date":"","_ticket_end_date":"","_tribe_ticket_show_description":"","_tribe_ticket_show_not_going":false,"_tribe_ticket_use_global_stock":"","_tribe_ticket_global_stock_level":"","_global_stock_mode":"","_global_stock_cap":"","_tribe_rsvp_for_event":"","_tribe_ticket_going_count":"","_tribe_ticket_not_going_count":"","_tribe_tickets_list":"[]","_tribe_ticket_has_attendee_info_fields":false,"h5ap_radio_sources":[],"_jetpack_newsletter_access":"","_jetpack_dont_email_post_to_subs":false,"_jetpack_newsletter_tier_id":0,"_jetpack_memberships_contains_paywalled_content":false,"_jetpack_memberships_contains_paid_content":false,"footnotes":""},"categories":[21,13],"tags":[],"class_list":["post-40821","post","type-post","status-publish","format-standard","has-post-thumbnail","hentry","category-actualidad","category-ovinos"],"jetpack_featured_media_url":"https:\/\/i0.wp.com\/lahoradelcampo.com.uy\/site\/wp-content\/uploads\/2022\/01\/Lana-australia.jpg?fit=880%2C440&ssl=1","jetpack_sharing_enabled":true,"jetpack_shortlink":"https:\/\/wp.me\/p99IaT-aCp","jetpack-related-posts":[{"id":17840,"url":"https:\/\/lahoradelcampo.com.uy\/site\/el-mercado-lanero-australiano-cerro-con-una-baja-de-18-centavos-en-el-ime\/","url_meta":{"origin":40821,"position":0},"title":"El mercado lanero australiano cerr\u00f3 con una baja de 18 centavos en el IME","author":"La Hora del Campo","date":"9 marzo, 2020","format":false,"excerpt":"El mercado lanero australiano retom\u00f3 sus actividades de ventas, luego del receso generado por un ataque cibern\u00e9tico sobre el sistema inform\u00e1tico que brinda servicios en los tres centros de ventas australianos. La pausa imprevista por el mercado gener\u00f3 una acumulaci\u00f3n de la oferta que gener\u00f3 est\u00e1 semana un volumen superior\u2026","rel":"","context":"En \u00abActualidad\u00bb","block_context":{"text":"Actualidad","link":"https:\/\/lahoradelcampo.com.uy\/site\/category\/actualidad\/"},"img":{"alt_text":"","src":"https:\/\/i0.wp.com\/lahoradelcampo.com.uy\/site\/wp-content\/uploads\/2017\/11\/lanas.jpg?fit=880%2C440&ssl=1&resize=350%2C200","width":350,"height":200,"srcset":"https:\/\/i0.wp.com\/lahoradelcampo.com.uy\/site\/wp-content\/uploads\/2017\/11\/lanas.jpg?fit=880%2C440&ssl=1&resize=350%2C200 1x, https:\/\/i0.wp.com\/lahoradelcampo.com.uy\/site\/wp-content\/uploads\/2017\/11\/lanas.jpg?fit=880%2C440&ssl=1&resize=525%2C300 1.5x, https:\/\/i0.wp.com\/lahoradelcampo.com.uy\/site\/wp-content\/uploads\/2017\/11\/lanas.jpg?fit=880%2C440&ssl=1&resize=700%2C400 2x"},"classes":[]},{"id":50248,"url":"https:\/\/lahoradelcampo.com.uy\/site\/con-subas-y-bajas-el-ime-cerro-la-semana-con-baja-de-4-centavos\/","url_meta":{"origin":40821,"position":1},"title":"Con subas y bajas, el IME cerr\u00f3 la semana con baja de 4 centavos","author":"La Hora del Campo","date":"28 abril, 2023","format":false,"excerpt":"El mercado lanero australiano comenz\u00f3 la semana experimentando una ca\u00edda en el Indicador de Mercados del Este (IME), pero luego se recuper\u00f3 en la segunda jornada debido a una menor oferta. Debido a que la suba fue menor al descenso semanal inicial, el indicador termina cerrando con bajas la semana.\u2026","rel":"","context":"En \u00abActualidad\u00bb","block_context":{"text":"Actualidad","link":"https:\/\/lahoradelcampo.com.uy\/site\/category\/actualidad\/"},"img":{"alt_text":"","src":"https:\/\/i0.wp.com\/lahoradelcampo.com.uy\/site\/wp-content\/uploads\/2023\/01\/Lana-Australia1.jpg?fit=880%2C440&ssl=1&resize=350%2C200","width":350,"height":200,"srcset":"https:\/\/i0.wp.com\/lahoradelcampo.com.uy\/site\/wp-content\/uploads\/2023\/01\/Lana-Australia1.jpg?fit=880%2C440&ssl=1&resize=350%2C200 1x, https:\/\/i0.wp.com\/lahoradelcampo.com.uy\/site\/wp-content\/uploads\/2023\/01\/Lana-Australia1.jpg?fit=880%2C440&ssl=1&resize=525%2C300 1.5x, https:\/\/i0.wp.com\/lahoradelcampo.com.uy\/site\/wp-content\/uploads\/2023\/01\/Lana-Australia1.jpg?fit=880%2C440&ssl=1&resize=700%2C400 2x"},"classes":[]},{"id":19362,"url":"https:\/\/lahoradelcampo.com.uy\/site\/el-mercado-lanero-australiano-volvio-a-cerrar-a-la-baja\/","url_meta":{"origin":40821,"position":2},"title":"El mercado lanero australiano volvi\u00f3 a cerrar a la baja","author":"La Hora del Campo","date":"2 mayo, 2020","format":false,"excerpt":"\"Lo que natura non da, Salamanca non presta\" dice el viejo dictado del fil\u00f3sofo hispano Miguel de Unamuno, que claramente define el transcurso del mercado en los dos d\u00edas de venta de esta semana. La suba del mercado por fuerza del tipo de cambio el d\u00eda martes, no fue suficiente\u2026","rel":"","context":"En \u00abActualidad\u00bb","block_context":{"text":"Actualidad","link":"https:\/\/lahoradelcampo.com.uy\/site\/category\/actualidad\/"},"img":{"alt_text":"","src":"https:\/\/i0.wp.com\/lahoradelcampo.com.uy\/site\/wp-content\/uploads\/2017\/10\/Lanas-australia.jpg?fit=880%2C440&ssl=1&resize=350%2C200","width":350,"height":200,"srcset":"https:\/\/i0.wp.com\/lahoradelcampo.com.uy\/site\/wp-content\/uploads\/2017\/10\/Lanas-australia.jpg?fit=880%2C440&ssl=1&resize=350%2C200 1x, https:\/\/i0.wp.com\/lahoradelcampo.com.uy\/site\/wp-content\/uploads\/2017\/10\/Lanas-australia.jpg?fit=880%2C440&ssl=1&resize=525%2C300 1.5x, https:\/\/i0.wp.com\/lahoradelcampo.com.uy\/site\/wp-content\/uploads\/2017\/10\/Lanas-australia.jpg?fit=880%2C440&ssl=1&resize=700%2C400 2x"},"classes":[]},{"id":18156,"url":"https:\/\/lahoradelcampo.com.uy\/site\/el-ime-cerro-a-us-801-valores-de-setiembre-de-2010\/","url_meta":{"origin":40821,"position":3},"title":"El IME cerr\u00f3 a US$ 8,01, valores de setiembre de 2010","author":"La Hora del Campo","date":"20 marzo, 2020","format":false,"excerpt":"En una semana marcada por el p\u00e1nico generado por la expansi\u00f3n del brote de coronavirus en el mundo, el mercado lanero australiano se encontr\u00f3 con una p\u00e9rdida de US$ 1,81 en el Indicador de Mercados del Este (IME) tras cotizar a US$ 8,01 por kilogramo base limpia, referencia que no\u2026","rel":"","context":"En \u00abActualidad\u00bb","block_context":{"text":"Actualidad","link":"https:\/\/lahoradelcampo.com.uy\/site\/category\/actualidad\/"},"img":{"alt_text":"","src":"https:\/\/i0.wp.com\/lahoradelcampo.com.uy\/site\/wp-content\/uploads\/2017\/10\/Lanas-uruguay.jpg?fit=880%2C440&ssl=1&resize=350%2C200","width":350,"height":200,"srcset":"https:\/\/i0.wp.com\/lahoradelcampo.com.uy\/site\/wp-content\/uploads\/2017\/10\/Lanas-uruguay.jpg?fit=880%2C440&ssl=1&resize=350%2C200 1x, https:\/\/i0.wp.com\/lahoradelcampo.com.uy\/site\/wp-content\/uploads\/2017\/10\/Lanas-uruguay.jpg?fit=880%2C440&ssl=1&resize=525%2C300 1.5x, https:\/\/i0.wp.com\/lahoradelcampo.com.uy\/site\/wp-content\/uploads\/2017\/10\/Lanas-uruguay.jpg?fit=880%2C440&ssl=1&resize=700%2C400 2x"},"classes":[]},{"id":19554,"url":"https:\/\/lahoradelcampo.com.uy\/site\/el-ime-cerro-en-us-753-una-caida-del-45-respecto-a-mayo-2019\/","url_meta":{"origin":40821,"position":4},"title":"El IME cerr\u00f3 en US$ 7,53, una ca\u00edda del 45% respecto a mayo 2019","author":"La Hora del Campo","date":"8 mayo, 2020","format":false,"excerpt":"La semana, con ventas los d\u00edas martes y mi\u00e9rcoles, determin\u00f3 un nuevo ajuste en los valores de los distintos micronajes comercializados en el mercado lanero australiano. A pesar de que la oferta se ubica en el eje de los 25.000 fardos, la baja calidad de la misma est\u00e1 presionando fuertemente\u2026","rel":"","context":"En \u00abActualidad\u00bb","block_context":{"text":"Actualidad","link":"https:\/\/lahoradelcampo.com.uy\/site\/category\/actualidad\/"},"img":{"alt_text":"","src":"https:\/\/i0.wp.com\/lahoradelcampo.com.uy\/site\/wp-content\/uploads\/2017\/10\/Lanas-uruguay.jpg?fit=880%2C440&ssl=1&resize=350%2C200","width":350,"height":200,"srcset":"https:\/\/i0.wp.com\/lahoradelcampo.com.uy\/site\/wp-content\/uploads\/2017\/10\/Lanas-uruguay.jpg?fit=880%2C440&ssl=1&resize=350%2C200 1x, https:\/\/i0.wp.com\/lahoradelcampo.com.uy\/site\/wp-content\/uploads\/2017\/10\/Lanas-uruguay.jpg?fit=880%2C440&ssl=1&resize=525%2C300 1.5x, https:\/\/i0.wp.com\/lahoradelcampo.com.uy\/site\/wp-content\/uploads\/2017\/10\/Lanas-uruguay.jpg?fit=880%2C440&ssl=1&resize=700%2C400 2x"},"classes":[]},{"id":30604,"url":"https:\/\/lahoradelcampo.com.uy\/site\/el-tipo-de-cambio-presiono-el-ime-a-la-baja-esta-semana-y-cerro-en-us-1022\/","url_meta":{"origin":40821,"position":5},"title":"El tipo de cambio presion\u00f3 el IME a la baja est\u00e1 semana y cerr\u00f3 en US$ 10,22","author":"La Hora del Campo","date":"28 mayo, 2021","format":false,"excerpt":"El mercado lanero australiano est\u00e1 semana se mostr\u00f3 firme en su Indicador de Mercados del Este (IME) en la moneda local, mientras que la fluctuaci\u00f3n cambiaria determin\u00f3 que el cierre de la semana fuera negativo en d\u00f3lares estadounidenses. En el caso de las lanas finas, la operativa mostr\u00f3 tres realidades\u2026","rel":"","context":"En \u00abActualidad\u00bb","block_context":{"text":"Actualidad","link":"https:\/\/lahoradelcampo.com.uy\/site\/category\/actualidad\/"},"img":{"alt_text":"","src":"https:\/\/i0.wp.com\/lahoradelcampo.com.uy\/site\/wp-content\/uploads\/2018\/03\/Lanaa.jpg?fit=880%2C440&ssl=1&resize=350%2C200","width":350,"height":200,"srcset":"https:\/\/i0.wp.com\/lahoradelcampo.com.uy\/site\/wp-content\/uploads\/2018\/03\/Lanaa.jpg?fit=880%2C440&ssl=1&resize=350%2C200 1x, https:\/\/i0.wp.com\/lahoradelcampo.com.uy\/site\/wp-content\/uploads\/2018\/03\/Lanaa.jpg?fit=880%2C440&ssl=1&resize=525%2C300 1.5x, https:\/\/i0.wp.com\/lahoradelcampo.com.uy\/site\/wp-content\/uploads\/2018\/03\/Lanaa.jpg?fit=880%2C440&ssl=1&resize=700%2C400 2x"},"classes":[]}],"jetpack_likes_enabled":true,"_links":{"self":[{"href":"https:\/\/lahoradelcampo.com.uy\/site\/wp-json\/wp\/v2\/posts\/40821","targetHints":{"allow":["GET"]}}],"collection":[{"href":"https:\/\/lahoradelcampo.com.uy\/site\/wp-json\/wp\/v2\/posts"}],"about":[{"href":"https:\/\/lahoradelcampo.com.uy\/site\/wp-json\/wp\/v2\/types\/post"}],"author":[{"embeddable":true,"href":"https:\/\/lahoradelcampo.com.uy\/site\/wp-json\/wp\/v2\/users\/5"}],"replies":[{"embeddable":true,"href":"https:\/\/lahoradelcampo.com.uy\/site\/wp-json\/wp\/v2\/comments?post=40821"}],"version-history":[{"count":1,"href":"https:\/\/lahoradelcampo.com.uy\/site\/wp-json\/wp\/v2\/posts\/40821\/revisions"}],"predecessor-version":[{"id":40823,"href":"https:\/\/lahoradelcampo.com.uy\/site\/wp-json\/wp\/v2\/posts\/40821\/revisions\/40823"}],"wp:featuredmedia":[{"embeddable":true,"href":"https:\/\/lahoradelcampo.com.uy\/site\/wp-json\/wp\/v2\/media\/38185"}],"wp:attachment":[{"href":"https:\/\/lahoradelcampo.com.uy\/site\/wp-json\/wp\/v2\/media?parent=40821"}],"wp:term":[{"taxonomy":"category","embeddable":true,"href":"https:\/\/lahoradelcampo.com.uy\/site\/wp-json\/wp\/v2\/categories?post=40821"},{"taxonomy":"post_tag","embeddable":true,"href":"https:\/\/lahoradelcampo.com.uy\/site\/wp-json\/wp\/v2\/tags?post=40821"}],"curies":[{"name":"wp","href":"https:\/\/api.w.org\/{rel}","templated":true}]}}