{"id":40651,"date":"2022-04-08T08:42:08","date_gmt":"2022-04-08T11:42:08","guid":{"rendered":"http:\/\/lahoradelcampo.com.uy\/site\/?p=40651"},"modified":"2022-04-08T09:46:16","modified_gmt":"2022-04-08T12:46:16","slug":"se-realizo-el-primer-lanzamiento-de-la-cosecha-de-olivos","status":"publish","type":"post","link":"https:\/\/lahoradelcampo.com.uy\/site\/se-realizo-el-primer-lanzamiento-de-la-cosecha-de-olivos\/","title":{"rendered":"Se realiz\u00f3 el primer lanzamiento de la cosecha de olivos"},"content":{"rendered":"\n<figure class=\"wp-block-image\"><img data-recalc-dims=\"1\" loading=\"lazy\" decoding=\"async\" width=\"810\" height=\"405\" data-attachment-id=\"40653\" data-permalink=\"https:\/\/lahoradelcampo.com.uy\/site\/se-realizo-el-primer-lanzamiento-de-la-cosecha-de-olivos\/mgap-olivos\/\" data-orig-file=\"https:\/\/i0.wp.com\/lahoradelcampo.com.uy\/site\/wp-content\/uploads\/2022\/04\/MGAP-Olivos.jpg?fit=880%2C440&amp;ssl=1\" data-orig-size=\"880,440\" data-comments-opened=\"1\" data-image-meta=\"{&quot;aperture&quot;:&quot;0&quot;,&quot;credit&quot;:&quot;&quot;,&quot;camera&quot;:&quot;&quot;,&quot;caption&quot;:&quot;&quot;,&quot;created_timestamp&quot;:&quot;0&quot;,&quot;copyright&quot;:&quot;&quot;,&quot;focal_length&quot;:&quot;0&quot;,&quot;iso&quot;:&quot;0&quot;,&quot;shutter_speed&quot;:&quot;0&quot;,&quot;title&quot;:&quot;&quot;,&quot;orientation&quot;:&quot;1&quot;}\" data-image-title=\"MGAP-Olivos\" data-image-description=\"\" data-image-caption=\"\" data-large-file=\"https:\/\/i0.wp.com\/lahoradelcampo.com.uy\/site\/wp-content\/uploads\/2022\/04\/MGAP-Olivos.jpg?fit=810%2C405&amp;ssl=1\" src=\"https:\/\/i0.wp.com\/lahoradelcampo.com.uy\/site\/wp-content\/uploads\/2022\/04\/MGAP-Olivos.jpg?resize=810%2C405\" alt=\"\" class=\"wp-image-40653\" srcset=\"https:\/\/i0.wp.com\/lahoradelcampo.com.uy\/site\/wp-content\/uploads\/2022\/04\/MGAP-Olivos.jpg?w=880&amp;ssl=1 880w, https:\/\/i0.wp.com\/lahoradelcampo.com.uy\/site\/wp-content\/uploads\/2022\/04\/MGAP-Olivos.jpg?resize=300%2C150&amp;ssl=1 300w, https:\/\/i0.wp.com\/lahoradelcampo.com.uy\/site\/wp-content\/uploads\/2022\/04\/MGAP-Olivos.jpg?resize=768%2C384&amp;ssl=1 768w, https:\/\/i0.wp.com\/lahoradelcampo.com.uy\/site\/wp-content\/uploads\/2022\/04\/MGAP-Olivos.jpg?resize=820%2C410&amp;ssl=1 820w\" sizes=\"auto, (max-width: 810px) 100vw, 810px\" \/><\/figure>\n\n\n\n<p>En la jornada de ayer se realiz\u00f3 el primer lanzamiento de la cosecha de olivos en Uruguay, en esta oportunidad se eligi\u00f3 la Finca Jos\u00e9 Ignacio en el este del pa\u00eds. En dicha oportunidad estuvieron presentes en el lanzamiento Mart\u00edn Robaina, el presidente de la Asociaci\u00f3n Oliv\u00edcola Uruguaya (Asolur) y el director ejecutivo del Consejo Ole\u00edcola Internacional, Abdellatif Ghedira. <\/p>\n\n\n\n<p>Adem\u00e1s compartieron las presentaciones el ministro de Ambiente, Adri\u00e1n Pe\u00f1a, el Subsecretario del Ministerio de Industria, Energ\u00eda y Miner\u00eda, Walter Verri, y el director de la Direcci\u00f3n General de la Granja del Ministerio de Ganader\u00eda, Agricultura y Pesca, Nicol\u00e1s Chiesa. <br><\/p>\n\n\n\n<p>Nicol\u00e1s Chiesa, el director de la DIGEGRA, remarc\u00f3 la importancia del trabajo conjunto p\u00fablico-privado para el desarrollo del sector. El jerarca destac\u00f3 que en la presente administraci\u00f3n hubo \u00abun cambio\u00bb en el \u00abconocimiento del sector\u00bb que, seg\u00fan explic\u00f3, \u00abera un sector que estaba como quien dice a la suerte de Dios\u00bb. <br><\/p>\n\n\n\n<p>Chiesa dijo que \u00abla actividad de olivos est\u00e1 presente en todo el pa\u00eds. Es una producci\u00f3n que se adapta a peque\u00f1a escala y se adapta a distintas realidades de productores rurales\u00bb. Para el jerarca \u00abes un desaf\u00edo de productores y empresarios poder seguir exportando y ser parte del desarrollo del sector\u00bb y remarc\u00f3 que \u00ablas puertas del ministerio est\u00e1n abiertas\u00bb. <br><\/p>\n\n\n\n<p>El subsecretario del MIEM, Walter Verri dijo que tras la creaci\u00f3n de la Mesa Oliv\u00edcola el sector \u00abha logrado hitos como la diferenciaci\u00f3n de los aceites de oliva v\u00edrgenes y extra v\u00edrgenes en la nomenclatura Mercosur. Adem\u00e1s, desde enero se reintegra el 3% de las exportaciones\u00bb. <br><\/p>\n\n\n\n<p>El sector oliv\u00edcola uruguayo se destaca por sus aceites extra v\u00edrgenes de excelente calidad. En 2021 produjo casi 2 millones de litros en 162 explotaciones; de estos, la mitad se exportaron. Adem\u00e1s, el sector trabaja en sinergia con otros, especialmente el turismo.<br><\/p>\n\n\n\n<p>Luego de la ceremonia de lanzamiento, las autoridades visitaron la planta de elaboraci\u00f3n de la finca.<\/p>\n\n\n\n<p>Salto, 8 de abril de 2022<\/p>\n","protected":false},"excerpt":{"rendered":"<p>En la jornada de ayer se realiz\u00f3 el primer lanzamiento de la cosecha de olivos en Uruguay, en esta oportunidad se eligi\u00f3 la Finca Jos\u00e9 Ignacio en el este del [&hellip;]<\/p>\n","protected":false},"author":5,"featured_media":40653,"comment_status":"open","ping_status":"open","sticky":false,"template":"","format":"standard","meta":{"_price":"","_stock":"","_tribe_ticket_header":"","_tribe_default_ticket_provider":"","_tribe_ticket_capacity":"0","_ticket_start_date":"","_ticket_end_date":"","_tribe_ticket_show_description":"","_tribe_ticket_show_not_going":false,"_tribe_ticket_use_global_stock":"","_tribe_ticket_global_stock_level":"","_global_stock_mode":"","_global_stock_cap":"","_tribe_rsvp_for_event":"","_tribe_ticket_going_count":"","_tribe_ticket_not_going_count":"","_tribe_tickets_list":"[]","_tribe_ticket_has_attendee_info_fields":false,"h5ap_radio_sources":[],"_jetpack_newsletter_access":"","_jetpack_dont_email_post_to_subs":false,"_jetpack_newsletter_tier_id":0,"_jetpack_memberships_contains_paywalled_content":false,"_jetpack_memberships_contains_paid_content":false,"footnotes":""},"categories":[21,9],"tags":[],"class_list":["post-40651","post","type-post","status-publish","format-standard","has-post-thumbnail","hentry","category-actualidad","category-granja"],"jetpack_featured_media_url":"https:\/\/i0.wp.com\/lahoradelcampo.com.uy\/site\/wp-content\/uploads\/2022\/04\/MGAP-Olivos.jpg?fit=880%2C440&ssl=1","jetpack_sharing_enabled":true,"jetpack_shortlink":"https:\/\/wp.me\/p99IaT-azF","jetpack-related-posts":[{"id":40567,"url":"https:\/\/lahoradelcampo.com.uy\/site\/manana-realizan-el-lanzamiento-de-la-cosecha-de-olivos\/","url_meta":{"origin":40651,"position":0},"title":"Ma\u00f1ana realizan  el lanzamiento de la cosecha de olivos","author":"La Hora del Campo","date":"5 abril, 2022","format":false,"excerpt":"Ma\u00f1ana mi\u00e9rcoles 6 de abril a partir de las 10.30 ser\u00e1 el \u201cPrimer Lanzamiento Nacional de la Cosecha de Olivos\u201d. La actividad ser\u00e1 en la Finca \u201cJos\u00e9 Ignacio\u201d Ruta 9 km 157, en Jos\u00e9 Ignacio, departamento de Maldonado. Se contar\u00e1 con la participaci\u00f3n de autoridades nacionales y del Consejo Ole\u00edcola\u2026","rel":"","context":"En \u00abActualidad\u00bb","block_context":{"text":"Actualidad","link":"https:\/\/lahoradelcampo.com.uy\/site\/category\/actualidad\/"},"img":{"alt_text":"","src":"https:\/\/i0.wp.com\/lahoradelcampo.com.uy\/site\/wp-content\/uploads\/2021\/09\/olivo-aceituna.jpg?fit=880%2C440&ssl=1&resize=350%2C200","width":350,"height":200,"srcset":"https:\/\/i0.wp.com\/lahoradelcampo.com.uy\/site\/wp-content\/uploads\/2021\/09\/olivo-aceituna.jpg?fit=880%2C440&ssl=1&resize=350%2C200 1x, https:\/\/i0.wp.com\/lahoradelcampo.com.uy\/site\/wp-content\/uploads\/2021\/09\/olivo-aceituna.jpg?fit=880%2C440&ssl=1&resize=525%2C300 1.5x, https:\/\/i0.wp.com\/lahoradelcampo.com.uy\/site\/wp-content\/uploads\/2021\/09\/olivo-aceituna.jpg?fit=880%2C440&ssl=1&resize=700%2C400 2x"},"classes":[]},{"id":22654,"url":"https:\/\/lahoradelcampo.com.uy\/site\/central-horticola-hay-un-proyecto-una-obra-civil-pero-esta-todo-para-armar\/","url_meta":{"origin":40651,"position":1},"title":"Central Hort\u00edcola: \u201cHay un proyecto, una obra civil, pero est\u00e1 todo para armar\u201d","author":"La Hora del Campo","date":"14 agosto, 2020","format":false,"excerpt":"El Director General de la Granja, Ing. Agr. Nicol\u00e1s Chiesa, realiz\u00f3 una gira por varias empresas citr\u00edcolas aqu\u00ed en Salto y particip\u00f3 en la Mesa de Desarrollo de Producciones Intensivas, el pasado mi\u00e9rcoles en el local de la Sociedad Fomento de Salto. En dicha oportunidad dialog\u00f3 con La Hora del\u2026","rel":"","context":"En \u00abActualidad\u00bb","block_context":{"text":"Actualidad","link":"https:\/\/lahoradelcampo.com.uy\/site\/category\/actualidad\/"},"img":{"alt_text":"","src":"https:\/\/i0.wp.com\/lahoradelcampo.com.uy\/site\/wp-content\/uploads\/2020\/08\/Reunionchiesaweb.jpg?fit=880%2C440&ssl=1&resize=350%2C200","width":350,"height":200,"srcset":"https:\/\/i0.wp.com\/lahoradelcampo.com.uy\/site\/wp-content\/uploads\/2020\/08\/Reunionchiesaweb.jpg?fit=880%2C440&ssl=1&resize=350%2C200 1x, https:\/\/i0.wp.com\/lahoradelcampo.com.uy\/site\/wp-content\/uploads\/2020\/08\/Reunionchiesaweb.jpg?fit=880%2C440&ssl=1&resize=525%2C300 1.5x, https:\/\/i0.wp.com\/lahoradelcampo.com.uy\/site\/wp-content\/uploads\/2020\/08\/Reunionchiesaweb.jpg?fit=880%2C440&ssl=1&resize=700%2C400 2x"},"classes":[]},{"id":53322,"url":"https:\/\/lahoradelcampo.com.uy\/site\/olivos-produccion-record-a-pesar-de-la-sequia\/","url_meta":{"origin":40651,"position":2},"title":"Olivos: Producci\u00f3n r\u00e9cord a pesar de la sequ\u00eda","author":"La Hora del Campo","date":"2 enero, 2024","format":false,"excerpt":"En el marco del Censo Nacional de Olivos 2023, realizado por la Direcci\u00f3n de Estad\u00edsticas Agropecuarias (DIEA) del Ministerio de Ganader\u00eda, Agricultura y Pesca (MGAP) se observa que Uruguay cuenta con 208 explotaciones que abarcan una superficie total de 7.044 hect\u00e1reas destinadas a la producci\u00f3n de aceitunas. Sin embargo, preocupa\u2026","rel":"","context":"En \u00abActualidad\u00bb","block_context":{"text":"Actualidad","link":"https:\/\/lahoradelcampo.com.uy\/site\/category\/actualidad\/"},"img":{"alt_text":"","src":"https:\/\/i0.wp.com\/lahoradelcampo.com.uy\/site\/wp-content\/uploads\/2024\/01\/Olivos.jpg?fit=880%2C440&ssl=1&resize=350%2C200","width":350,"height":200,"srcset":"https:\/\/i0.wp.com\/lahoradelcampo.com.uy\/site\/wp-content\/uploads\/2024\/01\/Olivos.jpg?fit=880%2C440&ssl=1&resize=350%2C200 1x, https:\/\/i0.wp.com\/lahoradelcampo.com.uy\/site\/wp-content\/uploads\/2024\/01\/Olivos.jpg?fit=880%2C440&ssl=1&resize=525%2C300 1.5x, https:\/\/i0.wp.com\/lahoradelcampo.com.uy\/site\/wp-content\/uploads\/2024\/01\/Olivos.jpg?fit=880%2C440&ssl=1&resize=700%2C400 2x"},"classes":[]},{"id":33693,"url":"https:\/\/lahoradelcampo.com.uy\/site\/diea-realizara-una-nueva-encuesta-sobre-la-produccion-de-olivos\/","url_meta":{"origin":40651,"position":3},"title":"DIEA realizar\u00e1 una nueva encuesta sobre la producci\u00f3n de Olivos","author":"La Hora del Campo","date":"3 septiembre, 2021","format":false,"excerpt":"La Direcci\u00f3n de Informaci\u00f3n y Estad\u00edsticas Agropecuarias del Ministerio de Ganader\u00eda, Agricultura y Pesca (DIEA-MGAP) realizar\u00e1 entre el 1 y el 15 de setiembre, la segunda encuesta nacional \"Olivos 2021\". La misma se realizar\u00e1 v\u00eda web, los t\u00e9cnicos de la oficina se comunicar\u00e1n con el productor\/ra haci\u00e9ndole llegar el usuario\u2026","rel":"","context":"En \u00abActualidad\u00bb","block_context":{"text":"Actualidad","link":"https:\/\/lahoradelcampo.com.uy\/site\/category\/actualidad\/"},"img":{"alt_text":"","src":"https:\/\/i0.wp.com\/lahoradelcampo.com.uy\/site\/wp-content\/uploads\/2021\/09\/olivo-aceituna.jpg?fit=880%2C440&ssl=1&resize=350%2C200","width":350,"height":200,"srcset":"https:\/\/i0.wp.com\/lahoradelcampo.com.uy\/site\/wp-content\/uploads\/2021\/09\/olivo-aceituna.jpg?fit=880%2C440&ssl=1&resize=350%2C200 1x, https:\/\/i0.wp.com\/lahoradelcampo.com.uy\/site\/wp-content\/uploads\/2021\/09\/olivo-aceituna.jpg?fit=880%2C440&ssl=1&resize=525%2C300 1.5x, https:\/\/i0.wp.com\/lahoradelcampo.com.uy\/site\/wp-content\/uploads\/2021\/09\/olivo-aceituna.jpg?fit=880%2C440&ssl=1&resize=700%2C400 2x"},"classes":[]},{"id":48291,"url":"https:\/\/lahoradelcampo.com.uy\/site\/mgap-trabaja-en-la-habilitacion-de-creditos-para-el-sector-apicola\/","url_meta":{"origin":40651,"position":4},"title":"MGAP trabaja en la habilitaci\u00f3n de cr\u00e9ditos para el sector ap\u00edcola","author":"La Hora del Campo","date":"23 enero, 2023","format":false,"excerpt":"El Ministerio de Ganader\u00eda, Agricultura y Pesca, actualiz\u00f3 la declaraci\u00f3n de emergencia agropecuaria en el pa\u00eds, extendi\u00e9ndola por 90 d\u00edas m\u00e1s y al mismo tiempo incluy\u00f3 otros rubros como la apicultura, la avicultura y la forestaci\u00f3n. Tanto en el caso de la avicultura como de la apicultura, el Ing. Nicolas\u2026","rel":"","context":"En \u00abActualidad\u00bb","block_context":{"text":"Actualidad","link":"https:\/\/lahoradelcampo.com.uy\/site\/category\/actualidad\/"},"img":{"alt_text":"","src":"https:\/\/i0.wp.com\/lahoradelcampo.com.uy\/site\/wp-content\/uploads\/2023\/01\/apicola1.jpg?fit=880%2C440&ssl=1&resize=350%2C200","width":350,"height":200,"srcset":"https:\/\/i0.wp.com\/lahoradelcampo.com.uy\/site\/wp-content\/uploads\/2023\/01\/apicola1.jpg?fit=880%2C440&ssl=1&resize=350%2C200 1x, https:\/\/i0.wp.com\/lahoradelcampo.com.uy\/site\/wp-content\/uploads\/2023\/01\/apicola1.jpg?fit=880%2C440&ssl=1&resize=525%2C300 1.5x, https:\/\/i0.wp.com\/lahoradelcampo.com.uy\/site\/wp-content\/uploads\/2023\/01\/apicola1.jpg?fit=880%2C440&ssl=1&resize=700%2C400 2x"},"classes":[]},{"id":43907,"url":"https:\/\/lahoradelcampo.com.uy\/site\/mgap-comenzo-a-transferir-los-recursos-para-la-central-horticola-del-norte\/","url_meta":{"origin":40651,"position":5},"title":"MGAP comenz\u00f3 a transferir  los recursos para la  Central Hort\u00edcola","author":"La Hora del Campo","date":"19 julio, 2022","format":false,"excerpt":"El pasado viernes, el Ministerio de Ganader\u00eda, Agricultura y Pesca (MGAP) a trav\u00e9s de la Direcci\u00f3n General de la Granja (DIGEGRA) transfiri\u00f3 parte de los recursos econ\u00f3micos que est\u00e1n previstos en la Ley de creaci\u00f3n de la Central Hort\u00edcola del Norte (CHN) recientemente aprobada por el Poder Legislativo. Dicho importe\u2026","rel":"","context":"En \u00abActualidad\u00bb","block_context":{"text":"Actualidad","link":"https:\/\/lahoradelcampo.com.uy\/site\/category\/actualidad\/"},"img":{"alt_text":"","src":"https:\/\/i0.wp.com\/lahoradelcampo.com.uy\/site\/wp-content\/uploads\/2022\/05\/Saltohorticola-chn.jpg?fit=880%2C440&ssl=1&resize=350%2C200","width":350,"height":200,"srcset":"https:\/\/i0.wp.com\/lahoradelcampo.com.uy\/site\/wp-content\/uploads\/2022\/05\/Saltohorticola-chn.jpg?fit=880%2C440&ssl=1&resize=350%2C200 1x, https:\/\/i0.wp.com\/lahoradelcampo.com.uy\/site\/wp-content\/uploads\/2022\/05\/Saltohorticola-chn.jpg?fit=880%2C440&ssl=1&resize=525%2C300 1.5x, https:\/\/i0.wp.com\/lahoradelcampo.com.uy\/site\/wp-content\/uploads\/2022\/05\/Saltohorticola-chn.jpg?fit=880%2C440&ssl=1&resize=700%2C400 2x"},"classes":[]}],"jetpack_likes_enabled":true,"_links":{"self":[{"href":"https:\/\/lahoradelcampo.com.uy\/site\/wp-json\/wp\/v2\/posts\/40651","targetHints":{"allow":["GET"]}}],"collection":[{"href":"https:\/\/lahoradelcampo.com.uy\/site\/wp-json\/wp\/v2\/posts"}],"about":[{"href":"https:\/\/lahoradelcampo.com.uy\/site\/wp-json\/wp\/v2\/types\/post"}],"author":[{"embeddable":true,"href":"https:\/\/lahoradelcampo.com.uy\/site\/wp-json\/wp\/v2\/users\/5"}],"replies":[{"embeddable":true,"href":"https:\/\/lahoradelcampo.com.uy\/site\/wp-json\/wp\/v2\/comments?post=40651"}],"version-history":[{"count":1,"href":"https:\/\/lahoradelcampo.com.uy\/site\/wp-json\/wp\/v2\/posts\/40651\/revisions"}],"predecessor-version":[{"id":40655,"href":"https:\/\/lahoradelcampo.com.uy\/site\/wp-json\/wp\/v2\/posts\/40651\/revisions\/40655"}],"wp:featuredmedia":[{"embeddable":true,"href":"https:\/\/lahoradelcampo.com.uy\/site\/wp-json\/wp\/v2\/media\/40653"}],"wp:attachment":[{"href":"https:\/\/lahoradelcampo.com.uy\/site\/wp-json\/wp\/v2\/media?parent=40651"}],"wp:term":[{"taxonomy":"category","embeddable":true,"href":"https:\/\/lahoradelcampo.com.uy\/site\/wp-json\/wp\/v2\/categories?post=40651"},{"taxonomy":"post_tag","embeddable":true,"href":"https:\/\/lahoradelcampo.com.uy\/site\/wp-json\/wp\/v2\/tags?post=40651"}],"curies":[{"name":"wp","href":"https:\/\/api.w.org\/{rel}","templated":true}]}}