{"id":40625,"date":"2022-04-06T09:16:56","date_gmt":"2022-04-06T12:16:56","guid":{"rendered":"http:\/\/lahoradelcampo.com.uy\/site\/?p=40625"},"modified":"2022-04-06T09:17:01","modified_gmt":"2022-04-06T12:17:01","slug":"minimizar-el-estres-durante-el-destete-permite-mantener-los-kilos-del-ternero","status":"publish","type":"post","link":"https:\/\/lahoradelcampo.com.uy\/site\/minimizar-el-estres-durante-el-destete-permite-mantener-los-kilos-del-ternero\/","title":{"rendered":"Minimizar el estr\u00e9s durante el destete permite mantener los kilos del ternero"},"content":{"rendered":"\n<figure class=\"wp-block-image\"><img data-recalc-dims=\"1\" loading=\"lazy\" decoding=\"async\" width=\"810\" height=\"405\" data-attachment-id=\"27660\" data-permalink=\"https:\/\/lahoradelcampo.com.uy\/site\/biogenesis-1\/\" data-orig-file=\"https:\/\/i0.wp.com\/lahoradelcampo.com.uy\/site\/wp-content\/uploads\/2021\/02\/biogenesis-1.jpg?fit=880%2C440&amp;ssl=1\" data-orig-size=\"880,440\" data-comments-opened=\"1\" data-image-meta=\"{&quot;aperture&quot;:&quot;0&quot;,&quot;credit&quot;:&quot;&quot;,&quot;camera&quot;:&quot;&quot;,&quot;caption&quot;:&quot;&quot;,&quot;created_timestamp&quot;:&quot;0&quot;,&quot;copyright&quot;:&quot;&quot;,&quot;focal_length&quot;:&quot;0&quot;,&quot;iso&quot;:&quot;0&quot;,&quot;shutter_speed&quot;:&quot;0&quot;,&quot;title&quot;:&quot;&quot;,&quot;orientation&quot;:&quot;1&quot;}\" data-image-title=\"biogenesis 1\" data-image-description=\"\" data-image-caption=\"\" data-large-file=\"https:\/\/i0.wp.com\/lahoradelcampo.com.uy\/site\/wp-content\/uploads\/2021\/02\/biogenesis-1.jpg?fit=810%2C405&amp;ssl=1\" src=\"https:\/\/i0.wp.com\/lahoradelcampo.com.uy\/site\/wp-content\/uploads\/2021\/02\/biogenesis-1.jpg?resize=810%2C405\" alt=\"\" class=\"wp-image-27660\" srcset=\"https:\/\/i0.wp.com\/lahoradelcampo.com.uy\/site\/wp-content\/uploads\/2021\/02\/biogenesis-1.jpg?w=880&amp;ssl=1 880w, https:\/\/i0.wp.com\/lahoradelcampo.com.uy\/site\/wp-content\/uploads\/2021\/02\/biogenesis-1.jpg?resize=300%2C150&amp;ssl=1 300w, https:\/\/i0.wp.com\/lahoradelcampo.com.uy\/site\/wp-content\/uploads\/2021\/02\/biogenesis-1.jpg?resize=768%2C384&amp;ssl=1 768w, https:\/\/i0.wp.com\/lahoradelcampo.com.uy\/site\/wp-content\/uploads\/2021\/02\/biogenesis-1.jpg?resize=820%2C410&amp;ssl=1 820w\" sizes=\"auto, (max-width: 810px) 100vw, 810px\" \/><\/figure>\n\n\n\n<p>El destete es un momento cr\u00edtico en la vida productiva del animal y de cara al invierno, por lo que una correcta sanidad es muy importante para el desarrollo productivo, y minimizar las p\u00e9rdidas de kilos por estr\u00e9s. <\/p>\n\n\n\n<p>El Dr. Juan Andr\u00e9s Garc\u00eda Pintos, integrante del equipo t\u00e9cnico de Biog\u00e9nesis Bag\u00f3 realiz\u00f3 recomendaciones sanitarias para minimizar el estr\u00e9s en los animales y lograr una empresa lo m\u00e1s eficiente posible.<\/p>\n\n\n\n<figure class=\"wp-block-embed-youtube wp-block-embed is-type-video is-provider-youtube wp-embed-aspect-16-9 wp-has-aspect-ratio\"><div class=\"wp-block-embed__wrapper\">\n<span class=\"embed-youtube\" style=\"text-align:center; display: block;\"><iframe loading=\"lazy\" class=\"youtube-player\" width=\"810\" height=\"456\" src=\"https:\/\/www.youtube.com\/embed\/El2WWcMtXPo?version=3&#038;rel=1&#038;showsearch=0&#038;showinfo=1&#038;iv_load_policy=1&#038;fs=1&#038;hl=es-ES&#038;autohide=2&#038;wmode=transparent\" allowfullscreen=\"true\" style=\"border:0;\" sandbox=\"allow-scripts allow-same-origin allow-popups allow-presentation allow-popups-to-escape-sandbox\"><\/iframe><\/span>\n<\/div><\/figure>\n\n\n\n<p>Biog\u00e9nesis Bag\u00f3 una empresa global, con m\u00e1s de 30 a\u00f1os instalada en el Uruguay, con un fuerte arraigo a nivel local y cada vez m\u00e1s cerca de los productores y el comercio. <\/p>\n\n\n\n<p>Salto, 6 de abril de 2022<\/p>\n","protected":false},"excerpt":{"rendered":"<p>El destete es un momento cr\u00edtico en la vida productiva del animal y de cara al invierno, por lo que una correcta sanidad es muy importante para el desarrollo productivo, [&hellip;]<\/p>\n","protected":false},"author":5,"featured_media":27660,"comment_status":"open","ping_status":"open","sticky":false,"template":"","format":"standard","meta":{"_price":"","_stock":"","_tribe_ticket_header":"","_tribe_default_ticket_provider":"","_tribe_ticket_capacity":"0","_ticket_start_date":"","_ticket_end_date":"","_tribe_ticket_show_description":"","_tribe_ticket_show_not_going":false,"_tribe_ticket_use_global_stock":"","_tribe_ticket_global_stock_level":"","_global_stock_mode":"","_global_stock_cap":"","_tribe_rsvp_for_event":"","_tribe_ticket_going_count":"","_tribe_ticket_not_going_count":"","_tribe_tickets_list":"[]","_tribe_ticket_has_attendee_info_fields":false,"h5ap_radio_sources":[],"_jetpack_newsletter_access":"","_jetpack_dont_email_post_to_subs":false,"_jetpack_newsletter_tier_id":0,"_jetpack_memberships_contains_paywalled_content":false,"_jetpack_memberships_contains_paid_content":false,"footnotes":""},"categories":[21,5],"tags":[],"class_list":["post-40625","post","type-post","status-publish","format-standard","has-post-thumbnail","hentry","category-actualidad","category-ganaderia"],"jetpack_featured_media_url":"https:\/\/i0.wp.com\/lahoradelcampo.com.uy\/site\/wp-content\/uploads\/2021\/02\/biogenesis-1.jpg?fit=880%2C440&ssl=1","jetpack_sharing_enabled":true,"jetpack_shortlink":"https:\/\/wp.me\/p99IaT-azf","jetpack-related-posts":[{"id":55396,"url":"https:\/\/lahoradelcampo.com.uy\/site\/hay-tres-veces-mas-pasto-del-necesario-en-el-norte-del-pais\/","url_meta":{"origin":40625,"position":0},"title":"Hay tres veces m\u00e1s pasto del necesario en el norte del pa\u00eds","author":"La Hora del Campo","date":"6 enero, 2025","format":false,"excerpt":"El \u00faltimo relevamiento del \u00edndice del \"plato de comida\", por parte del instituto Plan Agropecuario a inicios de diciembre, indic\u00f3 que hay \"tres veces m\u00e1s pasto del necesario\" en el norte del pa\u00eds, particularmente en Salto, por lo que \"la situaci\u00f3n actual de las pasturas y los ganados es muy\u2026","rel":"","context":"En \u00abActualidad\u00bb","block_context":{"text":"Actualidad","link":"https:\/\/lahoradelcampo.com.uy\/site\/category\/actualidad\/"},"img":{"alt_text":"","src":"https:\/\/i0.wp.com\/lahoradelcampo.com.uy\/site\/wp-content\/uploads\/2023\/07\/IPA-Emilioduarte.jpg?fit=880%2C440&ssl=1&resize=350%2C200","width":350,"height":200,"srcset":"https:\/\/i0.wp.com\/lahoradelcampo.com.uy\/site\/wp-content\/uploads\/2023\/07\/IPA-Emilioduarte.jpg?fit=880%2C440&ssl=1&resize=350%2C200 1x, https:\/\/i0.wp.com\/lahoradelcampo.com.uy\/site\/wp-content\/uploads\/2023\/07\/IPA-Emilioduarte.jpg?fit=880%2C440&ssl=1&resize=525%2C300 1.5x, https:\/\/i0.wp.com\/lahoradelcampo.com.uy\/site\/wp-content\/uploads\/2023\/07\/IPA-Emilioduarte.jpg?fit=880%2C440&ssl=1&resize=700%2C400 2x"},"classes":[]},{"id":53450,"url":"https:\/\/lahoradelcampo.com.uy\/site\/ipa-aconsejo-evitar-horas-pico-de-calor-y-tener-agua-disponible-para-el-ganado\/","url_meta":{"origin":40625,"position":1},"title":"IPA aconsej\u00f3 evitar horas pico de calor y tener agua disponible para el ganado","author":"La Hora del Campo","date":"22 febrero, 2024","format":false,"excerpt":"A diferencia del verano pasado, las olas de calor m\u00e1s importantes se han venido registrando en este final del verano, por lo que los t\u00e9cnicos del Instituto Plan Agropecuario (IPA) recuerdan algunos de los manejos recomendados para el ganado vacuno, de manera de mantener el bienestar de los ganados y\u2026","rel":"","context":"En \u00abActualidad\u00bb","block_context":{"text":"Actualidad","link":"https:\/\/lahoradelcampo.com.uy\/site\/category\/actualidad\/"},"img":{"alt_text":"","src":"https:\/\/i0.wp.com\/lahoradelcampo.com.uy\/site\/wp-content\/uploads\/2020\/01\/Herrera.jpg?fit=880%2C440&ssl=1&resize=350%2C200","width":350,"height":200,"srcset":"https:\/\/i0.wp.com\/lahoradelcampo.com.uy\/site\/wp-content\/uploads\/2020\/01\/Herrera.jpg?fit=880%2C440&ssl=1&resize=350%2C200 1x, https:\/\/i0.wp.com\/lahoradelcampo.com.uy\/site\/wp-content\/uploads\/2020\/01\/Herrera.jpg?fit=880%2C440&ssl=1&resize=525%2C300 1.5x, https:\/\/i0.wp.com\/lahoradelcampo.com.uy\/site\/wp-content\/uploads\/2020\/01\/Herrera.jpg?fit=880%2C440&ssl=1&resize=700%2C400 2x"},"classes":[]},{"id":17014,"url":"https:\/\/lahoradelcampo.com.uy\/site\/mas-de-1-000-novillos-se-perdieron-por-estres-calorico-al-cierre-de-2019\/","url_meta":{"origin":40625,"position":2},"title":"M\u00e1s de 1.000 novillos se perdieron por estr\u00e9s cal\u00f3rico al cierre de 2019","author":"La Hora del Campo","date":"21 enero, 2020","format":false,"excerpt":"En el departamento de Artigas se registr\u00f3 una mortandad de m\u00e1s de 200 novillos en un feedlot al cierre del a\u00f1o 2019 a consecuencia de las altas temperaturas que se registraron, la falta de sombra, de sistemas de aspersi\u00f3n para mojar a los animales, y de acuerdo a profesionales allegados\u2026","rel":"","context":"En \u00abActualidad\u00bb","block_context":{"text":"Actualidad","link":"https:\/\/lahoradelcampo.com.uy\/site\/category\/actualidad\/"},"img":{"alt_text":"","src":"https:\/\/i0.wp.com\/lahoradelcampo.com.uy\/site\/wp-content\/uploads\/2020\/01\/la-manna.jpg?fit=880%2C440&ssl=1&resize=350%2C200","width":350,"height":200,"srcset":"https:\/\/i0.wp.com\/lahoradelcampo.com.uy\/site\/wp-content\/uploads\/2020\/01\/la-manna.jpg?fit=880%2C440&ssl=1&resize=350%2C200 1x, https:\/\/i0.wp.com\/lahoradelcampo.com.uy\/site\/wp-content\/uploads\/2020\/01\/la-manna.jpg?fit=880%2C440&ssl=1&resize=525%2C300 1.5x, https:\/\/i0.wp.com\/lahoradelcampo.com.uy\/site\/wp-content\/uploads\/2020\/01\/la-manna.jpg?fit=880%2C440&ssl=1&resize=700%2C400 2x"},"classes":[]},{"id":55014,"url":"https:\/\/lahoradelcampo.com.uy\/site\/recomendaciones-para-el-manejo-de-los-corderos-hasta-el-destete\/","url_meta":{"origin":40625,"position":3},"title":"Recomendaciones para el manejo de los corderos hasta el destete","author":"La Hora del Campo","date":"4 noviembre, 2024","format":false,"excerpt":"Con la llegada de los meses de verano, el Secretariado Uruguayo de la Lana (SUL) ha emitido una serie de recomendaciones t\u00e9cnicas clave para los productores ovinos, orientadas a mejorar la salud y productividad de sus animales. Durante noviembre, diciembre y enero, el SUL sugiere realizar un manejo espec\u00edfico en\u2026","rel":"","context":"En \u00abActualidad\u00bb","block_context":{"text":"Actualidad","link":"https:\/\/lahoradelcampo.com.uy\/site\/category\/actualidad\/"},"img":{"alt_text":"","src":"https:\/\/i0.wp.com\/lahoradelcampo.com.uy\/site\/wp-content\/uploads\/2024\/11\/Ovinos-corderos-ovejas.jpg?fit=880%2C440&ssl=1&resize=350%2C200","width":350,"height":200,"srcset":"https:\/\/i0.wp.com\/lahoradelcampo.com.uy\/site\/wp-content\/uploads\/2024\/11\/Ovinos-corderos-ovejas.jpg?fit=880%2C440&ssl=1&resize=350%2C200 1x, https:\/\/i0.wp.com\/lahoradelcampo.com.uy\/site\/wp-content\/uploads\/2024\/11\/Ovinos-corderos-ovejas.jpg?fit=880%2C440&ssl=1&resize=525%2C300 1.5x, https:\/\/i0.wp.com\/lahoradelcampo.com.uy\/site\/wp-content\/uploads\/2024\/11\/Ovinos-corderos-ovejas.jpg?fit=880%2C440&ssl=1&resize=700%2C400 2x"},"classes":[]},{"id":41527,"url":"https:\/\/lahoradelcampo.com.uy\/site\/se-debe-nivelar-la-sanidad-de-los-ganados-al-ingreso-de-los-corrales\/","url_meta":{"origin":40625,"position":4},"title":"Se debe nivelar la sanidad de los ganados al ingreso de los corrales","author":"La Hora del Campo","date":"5 mayo, 2022","format":false,"excerpt":"Es importante nivelar la sanidad de los novillos y vaquillonas al ingreso de los encierres, para minimizar el impacto del estr\u00e9s que se genera en el animal en el cambio de dieta y sistema de producci\u00f3n. El Dr. Horacio Mederos, Director T\u00e9cnico de Biog\u00e9nesis Bag\u00f3, realiz\u00f3 un repaso por los\u2026","rel":"","context":"En \u00abActualidad\u00bb","block_context":{"text":"Actualidad","link":"https:\/\/lahoradelcampo.com.uy\/site\/category\/actualidad\/"},"img":{"alt_text":"","src":"https:\/\/i0.wp.com\/lahoradelcampo.com.uy\/site\/wp-content\/uploads\/2022\/05\/Biogenesis-Mederos.jpg?fit=880%2C440&ssl=1&resize=350%2C200","width":350,"height":200,"srcset":"https:\/\/i0.wp.com\/lahoradelcampo.com.uy\/site\/wp-content\/uploads\/2022\/05\/Biogenesis-Mederos.jpg?fit=880%2C440&ssl=1&resize=350%2C200 1x, https:\/\/i0.wp.com\/lahoradelcampo.com.uy\/site\/wp-content\/uploads\/2022\/05\/Biogenesis-Mederos.jpg?fit=880%2C440&ssl=1&resize=525%2C300 1.5x, https:\/\/i0.wp.com\/lahoradelcampo.com.uy\/site\/wp-content\/uploads\/2022\/05\/Biogenesis-Mederos.jpg?fit=880%2C440&ssl=1&resize=700%2C400 2x"},"classes":[]},{"id":56313,"url":"https:\/\/lahoradelcampo.com.uy\/site\/carlucho-el-caballo-debe-comermas-forraje-que-grano\/","url_meta":{"origin":40625,"position":5},"title":"Carlucho \u00abEl caballo debe comer m\u00e1s forraje que grano\u00bb","author":"La Hora del Campo","date":"15 julio, 2025","format":false,"excerpt":"La alimentaci\u00f3n de los caballos, tanto en disciplinas deportivas como en tareas de trabajo, exige una comprensi\u00f3n precisa de su fisiolog\u00eda digestiva y sus necesidades nutricionales. As\u00ed lo explic\u00f3 la Dra. Andrea Carlucho, m\u00e9dica veterinaria especializada en equinos, durante una entrevista en el programa \"Plan TV\" del Instituto Plan Agropecuario.\u2026","rel":"","context":"En \u00abActualidad\u00bb","block_context":{"text":"Actualidad","link":"https:\/\/lahoradelcampo.com.uy\/site\/category\/actualidad\/"},"img":{"alt_text":"","src":"https:\/\/i0.wp.com\/lahoradelcampo.com.uy\/site\/wp-content\/uploads\/2025\/07\/Andrea-Carlucho.jpg?fit=880%2C440&ssl=1&resize=350%2C200","width":350,"height":200,"srcset":"https:\/\/i0.wp.com\/lahoradelcampo.com.uy\/site\/wp-content\/uploads\/2025\/07\/Andrea-Carlucho.jpg?fit=880%2C440&ssl=1&resize=350%2C200 1x, https:\/\/i0.wp.com\/lahoradelcampo.com.uy\/site\/wp-content\/uploads\/2025\/07\/Andrea-Carlucho.jpg?fit=880%2C440&ssl=1&resize=525%2C300 1.5x, https:\/\/i0.wp.com\/lahoradelcampo.com.uy\/site\/wp-content\/uploads\/2025\/07\/Andrea-Carlucho.jpg?fit=880%2C440&ssl=1&resize=700%2C400 2x"},"classes":[]}],"jetpack_likes_enabled":true,"_links":{"self":[{"href":"https:\/\/lahoradelcampo.com.uy\/site\/wp-json\/wp\/v2\/posts\/40625","targetHints":{"allow":["GET"]}}],"collection":[{"href":"https:\/\/lahoradelcampo.com.uy\/site\/wp-json\/wp\/v2\/posts"}],"about":[{"href":"https:\/\/lahoradelcampo.com.uy\/site\/wp-json\/wp\/v2\/types\/post"}],"author":[{"embeddable":true,"href":"https:\/\/lahoradelcampo.com.uy\/site\/wp-json\/wp\/v2\/users\/5"}],"replies":[{"embeddable":true,"href":"https:\/\/lahoradelcampo.com.uy\/site\/wp-json\/wp\/v2\/comments?post=40625"}],"version-history":[{"count":1,"href":"https:\/\/lahoradelcampo.com.uy\/site\/wp-json\/wp\/v2\/posts\/40625\/revisions"}],"predecessor-version":[{"id":40627,"href":"https:\/\/lahoradelcampo.com.uy\/site\/wp-json\/wp\/v2\/posts\/40625\/revisions\/40627"}],"wp:featuredmedia":[{"embeddable":true,"href":"https:\/\/lahoradelcampo.com.uy\/site\/wp-json\/wp\/v2\/media\/27660"}],"wp:attachment":[{"href":"https:\/\/lahoradelcampo.com.uy\/site\/wp-json\/wp\/v2\/media?parent=40625"}],"wp:term":[{"taxonomy":"category","embeddable":true,"href":"https:\/\/lahoradelcampo.com.uy\/site\/wp-json\/wp\/v2\/categories?post=40625"},{"taxonomy":"post_tag","embeddable":true,"href":"https:\/\/lahoradelcampo.com.uy\/site\/wp-json\/wp\/v2\/tags?post=40625"}],"curies":[{"name":"wp","href":"https:\/\/api.w.org\/{rel}","templated":true}]}}