{"id":40545,"date":"2022-04-05T09:38:08","date_gmt":"2022-04-05T12:38:08","guid":{"rendered":"http:\/\/lahoradelcampo.com.uy\/site\/?p=40545"},"modified":"2022-04-05T09:38:17","modified_gmt":"2022-04-05T12:38:17","slug":"valorizacion-de-la-produccion-ovina-genetica-ambiente","status":"publish","type":"post","link":"https:\/\/lahoradelcampo.com.uy\/site\/valorizacion-de-la-produccion-ovina-genetica-ambiente\/","title":{"rendered":"Valorizaci\u00f3n de la producci\u00f3n ovina: gen\u00e9tica + ambiente"},"content":{"rendered":"\n<figure class=\"wp-block-image\"><img data-recalc-dims=\"1\" loading=\"lazy\" decoding=\"async\" width=\"810\" height=\"405\" data-attachment-id=\"34505\" data-permalink=\"https:\/\/lahoradelcampo.com.uy\/site\/irlanda-avanza-hacia-la-exportacion-de-carne-ovina-a-china\/ovinos-irlanda\/\" data-orig-file=\"https:\/\/i0.wp.com\/lahoradelcampo.com.uy\/site\/wp-content\/uploads\/2021\/09\/ovinos-irlanda.jpg?fit=880%2C440&amp;ssl=1\" data-orig-size=\"880,440\" data-comments-opened=\"1\" data-image-meta=\"{&quot;aperture&quot;:&quot;0&quot;,&quot;credit&quot;:&quot;&quot;,&quot;camera&quot;:&quot;&quot;,&quot;caption&quot;:&quot;&quot;,&quot;created_timestamp&quot;:&quot;0&quot;,&quot;copyright&quot;:&quot;&quot;,&quot;focal_length&quot;:&quot;0&quot;,&quot;iso&quot;:&quot;0&quot;,&quot;shutter_speed&quot;:&quot;0&quot;,&quot;title&quot;:&quot;&quot;,&quot;orientation&quot;:&quot;1&quot;}\" data-image-title=\"ovinos-irlanda\" data-image-description=\"\" data-image-caption=\"\" data-large-file=\"https:\/\/i0.wp.com\/lahoradelcampo.com.uy\/site\/wp-content\/uploads\/2021\/09\/ovinos-irlanda.jpg?fit=810%2C405&amp;ssl=1\" src=\"https:\/\/i0.wp.com\/lahoradelcampo.com.uy\/site\/wp-content\/uploads\/2021\/09\/ovinos-irlanda.jpg?resize=810%2C405\" alt=\"\" class=\"wp-image-34505\" srcset=\"https:\/\/i0.wp.com\/lahoradelcampo.com.uy\/site\/wp-content\/uploads\/2021\/09\/ovinos-irlanda.jpg?w=880&amp;ssl=1 880w, https:\/\/i0.wp.com\/lahoradelcampo.com.uy\/site\/wp-content\/uploads\/2021\/09\/ovinos-irlanda.jpg?resize=300%2C150&amp;ssl=1 300w, https:\/\/i0.wp.com\/lahoradelcampo.com.uy\/site\/wp-content\/uploads\/2021\/09\/ovinos-irlanda.jpg?resize=768%2C384&amp;ssl=1 768w, https:\/\/i0.wp.com\/lahoradelcampo.com.uy\/site\/wp-content\/uploads\/2021\/09\/ovinos-irlanda.jpg?resize=820%2C410&amp;ssl=1 820w\" sizes=\"auto, (max-width: 810px) 100vw, 810px\" \/><\/figure>\n\n\n\n<p>Durante los d\u00edas 21 y 22 de abril en la sede de INIA Tacuaremb\u00f3, Ruta 5 km 386,  se realizar\u00e1n dos actividades relacionadas con el proyecto SMARTER, el cual est\u00e1 asociado tambi\u00e9n con otros programas de la investigaci\u00f3n en Uruguay como como RUMIAR y GrassToGas, entre otros. Ambas jornadas son organizadas por el Instituto Nacional de Investigaci\u00f3n Agropecuaria (INIA) y el Secretariado Uruguayo de la Lana (SUL). <br><\/p>\n\n\n\n<p>El primer d\u00eda se desarrollar\u00e1 una jornada de divulgaci\u00f3n abierta dirigida a productores y caba\u00f1eros y, el segundo d\u00eda, se efectuar\u00e1 un taller al cual asistir\u00e1n  por invitaci\u00f3n t\u00e9cnicos de distintas instituciones as\u00ed como representantes de las sociedades de criadores. <br><\/p>\n\n\n\n<p>En el marco del taller se visitar\u00e1 adem\u00e1s la plataforma de fenotipado intensivo de la Unidad Experimental \u00abLa Magnolia\u00bb. <br><\/p>\n\n\n\n<p>\u00bfQue es Smarter?<br><\/p>\n\n\n\n<p>Smarter es un proyecto de la Uni\u00f3n Europea que dio inicio en el a\u00f1o 2018 y que busca estudiar c\u00f3mo la selecci\u00f3n gen\u00e9tica puede ayudar a aumentar la resiliencia y la eficiencia en los peque\u00f1os rumiantes (ovejas y cabras) en una variedad de entornos diversos. <br><\/p>\n\n\n\n<p>El proyecto cuenta con dos grandes l\u00edneas de trabajo, la primera enfocada a la nutrici\u00f3n y la segunda, donde trabaja INIA, est\u00e1 relacionada con la salud y el bienestar de los ovinos. <br><\/p>\n\n\n\n<p>Para lograr el objetivo el proyecto incluye 27 socios en 13 pa\u00edses, trabaja sobre 46 razas y tiene una base de 1,5 millones de ovejas y cabras que se encuentran dentro del  programa. <br><\/p>\n\n\n\n<p>El proyecto cuenta con una financiaci\u00f3n de la Comisi\u00f3n Europea, a trav\u00e9s del programa Horizon 2020, de 7 mil millones de euros, para un per\u00edodo de cuatro a\u00f1os. <\/p>\n\n\n\n<p>Salto, 5 de abril de 2022<\/p>\n","protected":false},"excerpt":{"rendered":"<p>Durante los d\u00edas 21 y 22 de abril en la sede de INIA Tacuaremb\u00f3, Ruta 5 km 386, se realizar\u00e1n dos actividades relacionadas con el proyecto SMARTER, el cual est\u00e1 [&hellip;]<\/p>\n","protected":false},"author":5,"featured_media":34505,"comment_status":"open","ping_status":"open","sticky":false,"template":"","format":"standard","meta":{"_price":"","_stock":"","_tribe_ticket_header":"","_tribe_default_ticket_provider":"","_tribe_ticket_capacity":"0","_ticket_start_date":"","_ticket_end_date":"","_tribe_ticket_show_description":"","_tribe_ticket_show_not_going":false,"_tribe_ticket_use_global_stock":"","_tribe_ticket_global_stock_level":"","_global_stock_mode":"","_global_stock_cap":"","_tribe_rsvp_for_event":"","_tribe_ticket_going_count":"","_tribe_ticket_not_going_count":"","_tribe_tickets_list":"[]","_tribe_ticket_has_attendee_info_fields":false,"h5ap_radio_sources":[],"_jetpack_newsletter_access":"","_jetpack_dont_email_post_to_subs":false,"_jetpack_newsletter_tier_id":0,"_jetpack_memberships_contains_paywalled_content":false,"_jetpack_memberships_contains_paid_content":false,"footnotes":""},"categories":[21,13],"tags":[],"class_list":["post-40545","post","type-post","status-publish","format-standard","has-post-thumbnail","hentry","category-actualidad","category-ovinos"],"jetpack_featured_media_url":"https:\/\/i0.wp.com\/lahoradelcampo.com.uy\/site\/wp-content\/uploads\/2021\/09\/ovinos-irlanda.jpg?fit=880%2C440&ssl=1","jetpack_sharing_enabled":true,"jetpack_shortlink":"https:\/\/wp.me\/p99IaT-axX","jetpack-related-posts":[{"id":51570,"url":"https:\/\/lahoradelcampo.com.uy\/site\/el-proximo-3-de-agosto-se-realiza-el-8vo-taller-de-gestacion-en-ovinos\/","url_meta":{"origin":40545,"position":0},"title":"El pr\u00f3ximo 3 de agosto se realiza el 8vo. Taller de Gestaci\u00f3n en Ovinos","author":"La Hora del Campo","date":"2 julio, 2023","format":false,"excerpt":"El Instituto Nacional de Investigaci\u00f3n Agropecuaria (INIA) realizar\u00e1 el 8vo. Taller de Diagn\u00f3sticos de Gestaci\u00f3n en Ovinos, el pr\u00f3ximo 3 de agosto. Este a\u00f1o, el taller ofrecer\u00e1 una propuesta combinada, que incluir\u00e1 una visita a la Unidad de Ovinos de INIA La Estanzuela, as\u00ed como una presentaci\u00f3n en sala donde\u2026","rel":"","context":"En \u00abActualidad\u00bb","block_context":{"text":"Actualidad","link":"https:\/\/lahoradelcampo.com.uy\/site\/category\/actualidad\/"},"img":{"alt_text":"","src":"https:\/\/i0.wp.com\/lahoradelcampo.com.uy\/site\/wp-content\/uploads\/2023\/07\/Ovino-corderos.jpg?fit=880%2C440&ssl=1&resize=350%2C200","width":350,"height":200,"srcset":"https:\/\/i0.wp.com\/lahoradelcampo.com.uy\/site\/wp-content\/uploads\/2023\/07\/Ovino-corderos.jpg?fit=880%2C440&ssl=1&resize=350%2C200 1x, https:\/\/i0.wp.com\/lahoradelcampo.com.uy\/site\/wp-content\/uploads\/2023\/07\/Ovino-corderos.jpg?fit=880%2C440&ssl=1&resize=525%2C300 1.5x, https:\/\/i0.wp.com\/lahoradelcampo.com.uy\/site\/wp-content\/uploads\/2023\/07\/Ovino-corderos.jpg?fit=880%2C440&ssl=1&resize=700%2C400 2x"},"classes":[]},{"id":50667,"url":"https:\/\/lahoradelcampo.com.uy\/site\/taller-de-analisis-de-la-zafra-de-arroz-2022-2023-resultados-prometedores\/","url_meta":{"origin":40545,"position":1},"title":"Taller de an\u00e1lisis de la zafra de arroz 2022-2023: Resultados prometedores","author":"La Hora del Campo","date":"23 mayo, 2023","format":false,"excerpt":"El pr\u00f3ximo mi\u00e9rcoles 31 de mayo se llevar\u00e1 a cabo el 19\u00b0 Taller de an\u00e1lisis tecnol\u00f3gico-productivo de la zafra de arroz 2022-2023 en INIA Treinta y Tres. Este evento contar\u00e1 con la participaci\u00f3n de importantes actores del sector, como la Asociaci\u00f3n de Cultivadores de Arroz (ACA), la Gremial de Molinos\u2026","rel":"","context":"En \u00abActualidad\u00bb","block_context":{"text":"Actualidad","link":"https:\/\/lahoradelcampo.com.uy\/site\/category\/actualidad\/"},"img":{"alt_text":"","src":"https:\/\/i0.wp.com\/lahoradelcampo.com.uy\/site\/wp-content\/uploads\/2017\/10\/arroz.jpg?fit=880%2C440&ssl=1&resize=350%2C200","width":350,"height":200,"srcset":"https:\/\/i0.wp.com\/lahoradelcampo.com.uy\/site\/wp-content\/uploads\/2017\/10\/arroz.jpg?fit=880%2C440&ssl=1&resize=350%2C200 1x, https:\/\/i0.wp.com\/lahoradelcampo.com.uy\/site\/wp-content\/uploads\/2017\/10\/arroz.jpg?fit=880%2C440&ssl=1&resize=525%2C300 1.5x, https:\/\/i0.wp.com\/lahoradelcampo.com.uy\/site\/wp-content\/uploads\/2017\/10\/arroz.jpg?fit=880%2C440&ssl=1&resize=700%2C400 2x"},"classes":[]},{"id":13126,"url":"https:\/\/lahoradelcampo.com.uy\/site\/el-iv-taller-de-gestacion-en-ovinos-se-desarrollara-en-salto\/","url_meta":{"origin":40545,"position":2},"title":"El IV taller de gestaci\u00f3n en ovinos se desarrollar\u00e1 en Salto","author":"La Hora del Campo","date":"30 julio, 2019","format":false,"excerpt":"Este a\u00f1o el taller de gestaci\u00f3n en ovinos, que llega a su cuarta edici\u00f3n, se desarrollar\u00e1 en las instalaciones de INIA Salto Grande, con la participaci\u00f3n de destacados t\u00e9cnicos a nivel nacional. La actividad se realizar\u00e1 el 14 de agosto, a partir de la hora 9, y es organizada por\u2026","rel":"","context":"En \u00abActualidad\u00bb","block_context":{"text":"Actualidad","link":"https:\/\/lahoradelcampo.com.uy\/site\/category\/actualidad\/"},"img":{"alt_text":"","src":"https:\/\/i0.wp.com\/lahoradelcampo.com.uy\/site\/wp-content\/uploads\/2019\/07\/ovinos-corderos.jpg?fit=880%2C440&ssl=1&resize=350%2C200","width":350,"height":200,"srcset":"https:\/\/i0.wp.com\/lahoradelcampo.com.uy\/site\/wp-content\/uploads\/2019\/07\/ovinos-corderos.jpg?fit=880%2C440&ssl=1&resize=350%2C200 1x, https:\/\/i0.wp.com\/lahoradelcampo.com.uy\/site\/wp-content\/uploads\/2019\/07\/ovinos-corderos.jpg?fit=880%2C440&ssl=1&resize=525%2C300 1.5x, https:\/\/i0.wp.com\/lahoradelcampo.com.uy\/site\/wp-content\/uploads\/2019\/07\/ovinos-corderos.jpg?fit=880%2C440&ssl=1&resize=700%2C400 2x"},"classes":[]},{"id":33687,"url":"https:\/\/lahoradelcampo.com.uy\/site\/inia-propone-enfocar-la-investigacion-por-sistema-productivo\/","url_meta":{"origin":40545,"position":3},"title":"INIA propone enfocar la investigaci\u00f3n por sistema productivo","author":"La Hora del Campo","date":"3 septiembre, 2021","format":false,"excerpt":"Se desarroll\u00f3 una reuni\u00f3n de intercambio entre autoridades del MGAP e INIA, el pasado mi\u00e9rcoles 1 de setiembre. Durante el encuentro se analizaron temas pertinentes al funcionamiento del Instituto y su actual situaci\u00f3n econ\u00f3mica, que seg\u00fan se manifiesta en los c\u00edrculos internos de la instituci\u00f3n ha perdido mucha espalda en\u2026","rel":"","context":"En \u00abActualidad\u00bb","block_context":{"text":"Actualidad","link":"https:\/\/lahoradelcampo.com.uy\/site\/category\/actualidad\/"},"img":{"alt_text":"","src":"https:\/\/i0.wp.com\/lahoradelcampo.com.uy\/site\/wp-content\/uploads\/2021\/09\/INIA-MAttos.jpg?fit=880%2C440&ssl=1&resize=350%2C200","width":350,"height":200,"srcset":"https:\/\/i0.wp.com\/lahoradelcampo.com.uy\/site\/wp-content\/uploads\/2021\/09\/INIA-MAttos.jpg?fit=880%2C440&ssl=1&resize=350%2C200 1x, https:\/\/i0.wp.com\/lahoradelcampo.com.uy\/site\/wp-content\/uploads\/2021\/09\/INIA-MAttos.jpg?fit=880%2C440&ssl=1&resize=525%2C300 1.5x, https:\/\/i0.wp.com\/lahoradelcampo.com.uy\/site\/wp-content\/uploads\/2021\/09\/INIA-MAttos.jpg?fit=880%2C440&ssl=1&resize=700%2C400 2x"},"classes":[]},{"id":10889,"url":"https:\/\/lahoradelcampo.com.uy\/site\/tecnicos-de-inia-realizan-el-primer-paro-de-la-historia-de-la-institucion\/","url_meta":{"origin":40545,"position":4},"title":"T\u00e9cnicos de INIA realizan el primer paro de la historia de la instituci\u00f3n","author":"La Hora del Campo","date":"20 mayo, 2019","format":false,"excerpt":"Ma\u00f1ana martes 21 de mayo, los t\u00e9cnicos del Instituto Nacional de Investigaci\u00f3n Agropecuaria (INIA) realizan el primer paro de la historia de la instituci\u00f3n, en \u201cdefensa de la \u00e9tica y contra el abuso de poder de su presidente\u201d. Para esa jornada se hab\u00eda organizado una actividad en Pueblo Lavalleja, Salto,\u2026","rel":"","context":"En \u00abActualidad\u00bb","block_context":{"text":"Actualidad","link":"https:\/\/lahoradelcampo.com.uy\/site\/category\/actualidad\/"},"img":{"alt_text":"","src":"https:\/\/i0.wp.com\/lahoradelcampo.com.uy\/site\/wp-content\/uploads\/2019\/05\/INIA.jpg?fit=880%2C440&ssl=1&resize=350%2C200","width":350,"height":200,"srcset":"https:\/\/i0.wp.com\/lahoradelcampo.com.uy\/site\/wp-content\/uploads\/2019\/05\/INIA.jpg?fit=880%2C440&ssl=1&resize=350%2C200 1x, https:\/\/i0.wp.com\/lahoradelcampo.com.uy\/site\/wp-content\/uploads\/2019\/05\/INIA.jpg?fit=880%2C440&ssl=1&resize=525%2C300 1.5x, https:\/\/i0.wp.com\/lahoradelcampo.com.uy\/site\/wp-content\/uploads\/2019\/05\/INIA.jpg?fit=880%2C440&ssl=1&resize=700%2C400 2x"},"classes":[]},{"id":21474,"url":"https:\/\/lahoradelcampo.com.uy\/site\/inia-18o-taller-de-diagnosticos-de-gestacion-proyecto-un-749-de-prenez\/","url_meta":{"origin":40545,"position":5},"title":"INIA: 18\u00ba taller de diagn\u00f3sticos de gestaci\u00f3n proyect\u00f3 un 74,9% de pre\u00f1ez","author":"La Hora del Campo","date":"3 julio, 2020","format":false,"excerpt":"El Instituto Nacional de Investigaci\u00f3n Agropecuaria (INIA) conjuntamente con destacados profesionales veterinarios de todo el pa\u00eds, realizaron en la jornada de ayer el 18\u00ba taller de diagn\u00f3sticos de gestaci\u00f3n en vacunos, el cual arroj\u00f3 una proyecci\u00f3n del 74,9% de pre\u00f1ez en los vientres que fueron analizados. En los \u00faltimos 18\u2026","rel":"","context":"En \u00abActualidad\u00bb","block_context":{"text":"Actualidad","link":"https:\/\/lahoradelcampo.com.uy\/site\/category\/actualidad\/"},"img":{"alt_text":"","src":"https:\/\/i0.wp.com\/lahoradelcampo.com.uy\/site\/wp-content\/uploads\/2020\/07\/criavacuna.jpg?fit=880%2C440&ssl=1&resize=350%2C200","width":350,"height":200,"srcset":"https:\/\/i0.wp.com\/lahoradelcampo.com.uy\/site\/wp-content\/uploads\/2020\/07\/criavacuna.jpg?fit=880%2C440&ssl=1&resize=350%2C200 1x, https:\/\/i0.wp.com\/lahoradelcampo.com.uy\/site\/wp-content\/uploads\/2020\/07\/criavacuna.jpg?fit=880%2C440&ssl=1&resize=525%2C300 1.5x, https:\/\/i0.wp.com\/lahoradelcampo.com.uy\/site\/wp-content\/uploads\/2020\/07\/criavacuna.jpg?fit=880%2C440&ssl=1&resize=700%2C400 2x"},"classes":[]}],"jetpack_likes_enabled":true,"_links":{"self":[{"href":"https:\/\/lahoradelcampo.com.uy\/site\/wp-json\/wp\/v2\/posts\/40545","targetHints":{"allow":["GET"]}}],"collection":[{"href":"https:\/\/lahoradelcampo.com.uy\/site\/wp-json\/wp\/v2\/posts"}],"about":[{"href":"https:\/\/lahoradelcampo.com.uy\/site\/wp-json\/wp\/v2\/types\/post"}],"author":[{"embeddable":true,"href":"https:\/\/lahoradelcampo.com.uy\/site\/wp-json\/wp\/v2\/users\/5"}],"replies":[{"embeddable":true,"href":"https:\/\/lahoradelcampo.com.uy\/site\/wp-json\/wp\/v2\/comments?post=40545"}],"version-history":[{"count":1,"href":"https:\/\/lahoradelcampo.com.uy\/site\/wp-json\/wp\/v2\/posts\/40545\/revisions"}],"predecessor-version":[{"id":40547,"href":"https:\/\/lahoradelcampo.com.uy\/site\/wp-json\/wp\/v2\/posts\/40545\/revisions\/40547"}],"wp:featuredmedia":[{"embeddable":true,"href":"https:\/\/lahoradelcampo.com.uy\/site\/wp-json\/wp\/v2\/media\/34505"}],"wp:attachment":[{"href":"https:\/\/lahoradelcampo.com.uy\/site\/wp-json\/wp\/v2\/media?parent=40545"}],"wp:term":[{"taxonomy":"category","embeddable":true,"href":"https:\/\/lahoradelcampo.com.uy\/site\/wp-json\/wp\/v2\/categories?post=40545"},{"taxonomy":"post_tag","embeddable":true,"href":"https:\/\/lahoradelcampo.com.uy\/site\/wp-json\/wp\/v2\/tags?post=40545"}],"curies":[{"name":"wp","href":"https:\/\/api.w.org\/{rel}","templated":true}]}}