{"id":40541,"date":"2022-04-05T09:36:22","date_gmt":"2022-04-05T12:36:22","guid":{"rendered":"http:\/\/lahoradelcampo.com.uy\/site\/?p=40541"},"modified":"2022-04-05T09:36:28","modified_gmt":"2022-04-05T12:36:28","slug":"miercoles-jueves-y-viernes-plaza-rural-ofrecera-17-140-vacunos","status":"publish","type":"post","link":"https:\/\/lahoradelcampo.com.uy\/site\/miercoles-jueves-y-viernes-plaza-rural-ofrecera-17-140-vacunos\/","title":{"rendered":"Mi\u00e9rcoles, jueves y viernes, Plaza Rural ofrecer\u00e1 17.140 vacunos"},"content":{"rendered":"\n<figure class=\"wp-block-image\"><img data-recalc-dims=\"1\" loading=\"lazy\" decoding=\"async\" width=\"810\" height=\"405\" data-attachment-id=\"10159\" data-permalink=\"https:\/\/lahoradelcampo.com.uy\/site\/mercado-de-haciendas-agil-y-firme-despues-de-turismo\/canepa-4\/\" data-orig-file=\"https:\/\/i0.wp.com\/lahoradelcampo.com.uy\/site\/wp-content\/uploads\/2019\/04\/Canepa.jpg?fit=880%2C440&amp;ssl=1\" data-orig-size=\"880,440\" data-comments-opened=\"1\" data-image-meta=\"{&quot;aperture&quot;:&quot;0&quot;,&quot;credit&quot;:&quot;&quot;,&quot;camera&quot;:&quot;&quot;,&quot;caption&quot;:&quot;&quot;,&quot;created_timestamp&quot;:&quot;0&quot;,&quot;copyright&quot;:&quot;&quot;,&quot;focal_length&quot;:&quot;0&quot;,&quot;iso&quot;:&quot;0&quot;,&quot;shutter_speed&quot;:&quot;0&quot;,&quot;title&quot;:&quot;&quot;,&quot;orientation&quot;:&quot;1&quot;}\" data-image-title=\"Canepa\" data-image-description=\"\" data-image-caption=\"\" data-large-file=\"https:\/\/i0.wp.com\/lahoradelcampo.com.uy\/site\/wp-content\/uploads\/2019\/04\/Canepa.jpg?fit=810%2C405&amp;ssl=1\" src=\"https:\/\/i0.wp.com\/lahoradelcampo.com.uy\/site\/wp-content\/uploads\/2019\/04\/Canepa.jpg?resize=810%2C405\" alt=\"\" class=\"wp-image-10159\" srcset=\"https:\/\/i0.wp.com\/lahoradelcampo.com.uy\/site\/wp-content\/uploads\/2019\/04\/Canepa.jpg?w=880&amp;ssl=1 880w, https:\/\/i0.wp.com\/lahoradelcampo.com.uy\/site\/wp-content\/uploads\/2019\/04\/Canepa.jpg?resize=300%2C150&amp;ssl=1 300w, https:\/\/i0.wp.com\/lahoradelcampo.com.uy\/site\/wp-content\/uploads\/2019\/04\/Canepa.jpg?resize=768%2C384&amp;ssl=1 768w, https:\/\/i0.wp.com\/lahoradelcampo.com.uy\/site\/wp-content\/uploads\/2019\/04\/Canepa.jpg?resize=820%2C410&amp;ssl=1 820w\" sizes=\"auto, (max-width: 810px) 100vw, 810px\" \/><\/figure>\n\n\n\n<p>Esta semana Plaza Rural realiza una nueva venta por pantalla que tendr\u00e1 una oferta de 17.140 vacunos y 1.645 ovinos durante los d\u00edas mi\u00e9rcoles 6, jueves 7 y viernes 8 de abril, a partir de la hora 9:00. Como es tradicional las ventas se realizan desde el Hotel Cottage, por transmisi\u00f3n por tv cable e internet. <br><\/p>\n\n\n\n<p>En el detalle de las ventas, ma\u00f1ana mi\u00e9rcoles se ofrecer\u00e1n 5.504 terneros, 64 m\u00e1s de un a\u00f1o enteros, 1.928 novillos de 1 a 2 a\u00f1os, 1.193 novillos de 2 a 3 a\u00f1os y 45 Holando. <br><\/p>\n\n\n\n<p>El d\u00eda jueves entran a pista 1.660 terneras, 1.297 terneros y terneras, 56 mixtos de m\u00e1s de un a\u00f1o, 1.248 vaquillonas de 1 a 2 a\u00f1os, 675 vaquillonas de m\u00e1s de 2 a\u00f1os y cierra con 1.483 vacas de invernada. <br><\/p>\n\n\n\n<p>Por su parte el viernes las ventas comenzaran con la oferta de 1.645 ovinos, 1.218 vientres pre\u00f1ados, 158 vientres entorados, 604 piezas de cr\u00eda y finaliza con 7 vientres de pedigree Hereford. <br><\/p>\n\n\n\n<p>El escritorio Rub\u00e9n F. C\u00e1nepa tendr\u00e1 una destacada oferta de ganados Hereford y Aberdeen Angus, certificados por ambas sociedades de criadores, ganados reconocidos de Salto y Artigas. <br><\/p>\n\n\n\n<p>Con oferta en casi todas las categor\u00edas, se destacan  tanto por calidad como por volumen, los novillos de 2 a 3 a\u00f1os Hereford de el establecimiento El Recreo en Salto y los vientres pre\u00f1ados Aberdeen Angus del establecimiento Don Joaqu\u00edn del Yacu\u00ed en Artigas. <br><\/p>\n\n\n\n<p>Adem\u00e1s se ofrecer\u00e1n destacados lotes de terneros y terneras Aberdeen Angus de El Hornero Soc. Civil en Salto. <\/p>\n\n\n\n<p>Salto, 5 de abril de 2022<\/p>\n","protected":false},"excerpt":{"rendered":"<p>Esta semana Plaza Rural realiza una nueva venta por pantalla que tendr\u00e1 una oferta de 17.140 vacunos y 1.645 ovinos durante los d\u00edas mi\u00e9rcoles 6, jueves 7 y viernes 8 [&hellip;]<\/p>\n","protected":false},"author":5,"featured_media":10159,"comment_status":"open","ping_status":"open","sticky":false,"template":"","format":"standard","meta":{"_price":"","_stock":"","_tribe_ticket_header":"","_tribe_default_ticket_provider":"","_tribe_ticket_capacity":"0","_ticket_start_date":"","_ticket_end_date":"","_tribe_ticket_show_description":"","_tribe_ticket_show_not_going":false,"_tribe_ticket_use_global_stock":"","_tribe_ticket_global_stock_level":"","_global_stock_mode":"","_global_stock_cap":"","_tribe_rsvp_for_event":"","_tribe_ticket_going_count":"","_tribe_ticket_not_going_count":"","_tribe_tickets_list":"[]","_tribe_ticket_has_attendee_info_fields":false,"h5ap_radio_sources":[],"_jetpack_newsletter_access":"","_jetpack_dont_email_post_to_subs":false,"_jetpack_newsletter_tier_id":0,"_jetpack_memberships_contains_paywalled_content":false,"_jetpack_memberships_contains_paid_content":false,"footnotes":""},"categories":[21,5],"tags":[],"class_list":["post-40541","post","type-post","status-publish","format-standard","has-post-thumbnail","hentry","category-actualidad","category-ganaderia"],"jetpack_featured_media_url":"https:\/\/i0.wp.com\/lahoradelcampo.com.uy\/site\/wp-content\/uploads\/2019\/04\/Canepa.jpg?fit=880%2C440&ssl=1","jetpack_sharing_enabled":true,"jetpack_shortlink":"https:\/\/wp.me\/p99IaT-axT","jetpack-related-posts":[{"id":40589,"url":"https:\/\/lahoradelcampo.com.uy\/site\/plaza-rural-comienza-hoy-sus-tres-jornadas-de-ventas\/","url_meta":{"origin":40541,"position":0},"title":"Plaza Rural comienza hoy sus tres jornadas de ventas","author":"La Hora del Campo","date":"6 abril, 2022","format":false,"excerpt":"Plaza Rural realiza una nueva venta por pantalla que tendr\u00e1 una oferta de 17.140 vacunos y 1.645 ovinos, comenzando en la jornada de hoy y extendi\u00e9ndose hasta el viernes 8 de abril, a partir de la hora 9:00. Como es tradicional las ventas se realizan desde el Hotel Cottage, por\u2026","rel":"","context":"En \u00abActualidad\u00bb","block_context":{"text":"Actualidad","link":"https:\/\/lahoradelcampo.com.uy\/site\/category\/actualidad\/"},"img":{"alt_text":"","src":"https:\/\/i0.wp.com\/lahoradelcampo.com.uy\/site\/wp-content\/uploads\/2019\/07\/plaza-rural.jpg?fit=880%2C440&ssl=1&resize=350%2C200","width":350,"height":200,"srcset":"https:\/\/i0.wp.com\/lahoradelcampo.com.uy\/site\/wp-content\/uploads\/2019\/07\/plaza-rural.jpg?fit=880%2C440&ssl=1&resize=350%2C200 1x, https:\/\/i0.wp.com\/lahoradelcampo.com.uy\/site\/wp-content\/uploads\/2019\/07\/plaza-rural.jpg?fit=880%2C440&ssl=1&resize=525%2C300 1.5x, https:\/\/i0.wp.com\/lahoradelcampo.com.uy\/site\/wp-content\/uploads\/2019\/07\/plaza-rural.jpg?fit=880%2C440&ssl=1&resize=700%2C400 2x"},"classes":[]},{"id":43911,"url":"https:\/\/lahoradelcampo.com.uy\/site\/plaza-rural-realiza-miercoles-y-jueves-su-remate-250\/","url_meta":{"origin":40541,"position":1},"title":"Plaza Rural realiza mi\u00e9rcoles  y jueves, su remate 250","author":"La Hora del Campo","date":"19 julio, 2022","format":false,"excerpt":"El remate de los d\u00edas 20 y 21 ser\u00e1 el 250 del consorcio que el 27 de julio cumplir\u00e1 21 a\u00f1os. El mi\u00e9rcoles 20 de julio a partir de la hora 9 se ofrecer\u00e1n 2.429 cabezas de terneros, 789 terneros y terneras, 47 mixtos de m\u00e1s de un a\u00f1o, 1.134\u2026","rel":"","context":"En \u00abActualidad\u00bb","block_context":{"text":"Actualidad","link":"https:\/\/lahoradelcampo.com.uy\/site\/category\/actualidad\/"},"img":{"alt_text":"","src":"https:\/\/i0.wp.com\/lahoradelcampo.com.uy\/site\/wp-content\/uploads\/2022\/05\/Plazarural-general3.jpg?fit=880%2C440&ssl=1&resize=350%2C200","width":350,"height":200,"srcset":"https:\/\/i0.wp.com\/lahoradelcampo.com.uy\/site\/wp-content\/uploads\/2022\/05\/Plazarural-general3.jpg?fit=880%2C440&ssl=1&resize=350%2C200 1x, https:\/\/i0.wp.com\/lahoradelcampo.com.uy\/site\/wp-content\/uploads\/2022\/05\/Plazarural-general3.jpg?fit=880%2C440&ssl=1&resize=525%2C300 1.5x, https:\/\/i0.wp.com\/lahoradelcampo.com.uy\/site\/wp-content\/uploads\/2022\/05\/Plazarural-general3.jpg?fit=880%2C440&ssl=1&resize=700%2C400 2x"},"classes":[]},{"id":41111,"url":"https:\/\/lahoradelcampo.com.uy\/site\/con-25-000-vacunos-plaza-rural-remata-desde-el-martes-26\/","url_meta":{"origin":40541,"position":2},"title":"Con 25.000 vacunos Plaza Rural remata desde el martes 26","author":"La Hora del Campo","date":"24 abril, 2022","format":false,"excerpt":"Desde el martes 26 hasta el jueves 28 de abril, Plaza Rural realizar\u00e1 su remate 247, con una oferta de 25.399 vacunos y 190 ovinos, donde se incluye en la oportunidad el Plaza Braford, con ganados certificados por la Sociedad de Criadores de Braford & Ceb\u00fa del Uruguay. Como es\u2026","rel":"","context":"En \u00abActualidad\u00bb","block_context":{"text":"Actualidad","link":"https:\/\/lahoradelcampo.com.uy\/site\/category\/actualidad\/"},"img":{"alt_text":"","src":"https:\/\/i0.wp.com\/lahoradelcampo.com.uy\/site\/wp-content\/uploads\/2019\/06\/Canepa-2.jpg?fit=880%2C440&ssl=1&resize=350%2C200","width":350,"height":200,"srcset":"https:\/\/i0.wp.com\/lahoradelcampo.com.uy\/site\/wp-content\/uploads\/2019\/06\/Canepa-2.jpg?fit=880%2C440&ssl=1&resize=350%2C200 1x, https:\/\/i0.wp.com\/lahoradelcampo.com.uy\/site\/wp-content\/uploads\/2019\/06\/Canepa-2.jpg?fit=880%2C440&ssl=1&resize=525%2C300 1.5x, https:\/\/i0.wp.com\/lahoradelcampo.com.uy\/site\/wp-content\/uploads\/2019\/06\/Canepa-2.jpg?fit=880%2C440&ssl=1&resize=700%2C400 2x"},"classes":[]},{"id":30478,"url":"https:\/\/lahoradelcampo.com.uy\/site\/pantalla-uruguay-rematara-17-430-vacunos-a-partir-de-manana-miercoles\/","url_meta":{"origin":40541,"position":3},"title":"Pantalla Uruguay rematar\u00e1 17.430 vacunos a partir de ma\u00f1ana mi\u00e9rcoles","author":"La Hora del Campo","date":"25 mayo, 2021","format":false,"excerpt":"Desde ma\u00f1ana mi\u00e9rcoles y hasta el viernes, el consorcio de rematadores de Pantalla Uruguay realizar\u00e1 su remate 228, que incluye en est\u00e1 oportunidad la 8va Ganadera Angus. Las ventas se realizaran desde el Parque Tecnol\u00f3gico del Latu, en forma 100% virtual, al contado y con banco Ita\u00fa, siendo transmitida en\u2026","rel":"","context":"En \u00abActualidad\u00bb","block_context":{"text":"Actualidad","link":"https:\/\/lahoradelcampo.com.uy\/site\/category\/actualidad\/"},"img":{"alt_text":"","src":"https:\/\/i0.wp.com\/lahoradelcampo.com.uy\/site\/wp-content\/uploads\/2018\/04\/pantalla-web.jpg?fit=880%2C440&ssl=1&resize=350%2C200","width":350,"height":200,"srcset":"https:\/\/i0.wp.com\/lahoradelcampo.com.uy\/site\/wp-content\/uploads\/2018\/04\/pantalla-web.jpg?fit=880%2C440&ssl=1&resize=350%2C200 1x, https:\/\/i0.wp.com\/lahoradelcampo.com.uy\/site\/wp-content\/uploads\/2018\/04\/pantalla-web.jpg?fit=880%2C440&ssl=1&resize=525%2C300 1.5x, https:\/\/i0.wp.com\/lahoradelcampo.com.uy\/site\/wp-content\/uploads\/2018\/04\/pantalla-web.jpg?fit=880%2C440&ssl=1&resize=700%2C400 2x"},"classes":[]},{"id":39859,"url":"https:\/\/lahoradelcampo.com.uy\/site\/plaza-rural-realiza-su-remate-245-con-30-000-vacunos\/","url_meta":{"origin":40541,"position":4},"title":"Plaza Rural realiza su remate 245 con 30.000 vacunos","author":"La Hora del Campo","date":"14 marzo, 2022","format":false,"excerpt":"Con una importante oferta de casi 30.000 vacunos y 2.800 ovinos, el consorcio de rematadores de Plaza Rural realizar\u00e1 su remate 245, desde el mi\u00e9rcoles 16 de marzo. Como es tradicional las ventas se realizan desde el Hotel Cottage y ser\u00e1 transmitido por TV Cable, Direct TV, Internet, dispositivos m\u00f3viles\u2026","rel":"","context":"En \u00abActualidad\u00bb","block_context":{"text":"Actualidad","link":"https:\/\/lahoradelcampo.com.uy\/site\/category\/actualidad\/"},"img":{"alt_text":"","src":"https:\/\/i0.wp.com\/lahoradelcampo.com.uy\/site\/wp-content\/uploads\/2020\/04\/Canepa-Plaza.jpg?fit=880%2C440&ssl=1&resize=350%2C200","width":350,"height":200,"srcset":"https:\/\/i0.wp.com\/lahoradelcampo.com.uy\/site\/wp-content\/uploads\/2020\/04\/Canepa-Plaza.jpg?fit=880%2C440&ssl=1&resize=350%2C200 1x, https:\/\/i0.wp.com\/lahoradelcampo.com.uy\/site\/wp-content\/uploads\/2020\/04\/Canepa-Plaza.jpg?fit=880%2C440&ssl=1&resize=525%2C300 1.5x, https:\/\/i0.wp.com\/lahoradelcampo.com.uy\/site\/wp-content\/uploads\/2020\/04\/Canepa-Plaza.jpg?fit=880%2C440&ssl=1&resize=700%2C400 2x"},"classes":[]},{"id":19786,"url":"https:\/\/lahoradelcampo.com.uy\/site\/plaza-rural-vendio-el-88-de-los-terneros-en-us-220\/","url_meta":{"origin":40541,"position":5},"title":"Plaza Rural vendi\u00f3 el 88% de los terneros en US$ 2,20","author":"La Hora del Campo","date":"14 mayo, 2020","format":false,"excerpt":"En una extensa jornada de actividad el consorcio de rematadores de Plaza Rural cerr\u00f3 ayer la venta de las categor\u00edas de terneros, colocando un 88% del total ofertado. El mercado se comport\u00f3 de acuerdo a lo previsto por parte de los consignatarios y rematadores, con un ajuste del 4,9% en\u2026","rel":"","context":"En \u00abActualidad\u00bb","block_context":{"text":"Actualidad","link":"https:\/\/lahoradelcampo.com.uy\/site\/category\/actualidad\/"},"img":{"alt_text":"","src":"https:\/\/i0.wp.com\/lahoradelcampo.com.uy\/site\/wp-content\/uploads\/2017\/11\/Plaza.jpg?fit=880%2C440&ssl=1&resize=350%2C200","width":350,"height":200,"srcset":"https:\/\/i0.wp.com\/lahoradelcampo.com.uy\/site\/wp-content\/uploads\/2017\/11\/Plaza.jpg?fit=880%2C440&ssl=1&resize=350%2C200 1x, https:\/\/i0.wp.com\/lahoradelcampo.com.uy\/site\/wp-content\/uploads\/2017\/11\/Plaza.jpg?fit=880%2C440&ssl=1&resize=525%2C300 1.5x, https:\/\/i0.wp.com\/lahoradelcampo.com.uy\/site\/wp-content\/uploads\/2017\/11\/Plaza.jpg?fit=880%2C440&ssl=1&resize=700%2C400 2x"},"classes":[]}],"jetpack_likes_enabled":true,"_links":{"self":[{"href":"https:\/\/lahoradelcampo.com.uy\/site\/wp-json\/wp\/v2\/posts\/40541","targetHints":{"allow":["GET"]}}],"collection":[{"href":"https:\/\/lahoradelcampo.com.uy\/site\/wp-json\/wp\/v2\/posts"}],"about":[{"href":"https:\/\/lahoradelcampo.com.uy\/site\/wp-json\/wp\/v2\/types\/post"}],"author":[{"embeddable":true,"href":"https:\/\/lahoradelcampo.com.uy\/site\/wp-json\/wp\/v2\/users\/5"}],"replies":[{"embeddable":true,"href":"https:\/\/lahoradelcampo.com.uy\/site\/wp-json\/wp\/v2\/comments?post=40541"}],"version-history":[{"count":1,"href":"https:\/\/lahoradelcampo.com.uy\/site\/wp-json\/wp\/v2\/posts\/40541\/revisions"}],"predecessor-version":[{"id":40543,"href":"https:\/\/lahoradelcampo.com.uy\/site\/wp-json\/wp\/v2\/posts\/40541\/revisions\/40543"}],"wp:featuredmedia":[{"embeddable":true,"href":"https:\/\/lahoradelcampo.com.uy\/site\/wp-json\/wp\/v2\/media\/10159"}],"wp:attachment":[{"href":"https:\/\/lahoradelcampo.com.uy\/site\/wp-json\/wp\/v2\/media?parent=40541"}],"wp:term":[{"taxonomy":"category","embeddable":true,"href":"https:\/\/lahoradelcampo.com.uy\/site\/wp-json\/wp\/v2\/categories?post=40541"},{"taxonomy":"post_tag","embeddable":true,"href":"https:\/\/lahoradelcampo.com.uy\/site\/wp-json\/wp\/v2\/tags?post=40541"}],"curies":[{"name":"wp","href":"https:\/\/api.w.org\/{rel}","templated":true}]}}