{"id":40505,"date":"2022-04-01T17:21:13","date_gmt":"2022-04-01T20:21:13","guid":{"rendered":"http:\/\/lahoradelcampo.com.uy\/site\/?p=40505"},"modified":"2022-04-01T17:21:18","modified_gmt":"2022-04-01T20:21:18","slug":"mitloehner-destaco-el-potencial-de-uruguay-ante-la-neutralidad-climatica","status":"publish","type":"post","link":"https:\/\/lahoradelcampo.com.uy\/site\/mitloehner-destaco-el-potencial-de-uruguay-ante-la-neutralidad-climatica\/","title":{"rendered":"Mitloehner destac\u00f3 el potencial de Uruguay ante  la neutralidad clim\u00e1tica"},"content":{"rendered":"\n<figure class=\"wp-block-image\"><img data-recalc-dims=\"1\" loading=\"lazy\" decoding=\"async\" width=\"810\" height=\"405\" data-attachment-id=\"40507\" data-permalink=\"https:\/\/lahoradelcampo.com.uy\/site\/mitloehner-destaco-el-potencial-de-uruguay-ante-la-neutralidad-climatica\/inac-mitloehner1\/\" data-orig-file=\"https:\/\/i0.wp.com\/lahoradelcampo.com.uy\/site\/wp-content\/uploads\/2022\/04\/INAC-Mitloehner1.jpg?fit=880%2C440&amp;ssl=1\" data-orig-size=\"880,440\" data-comments-opened=\"1\" data-image-meta=\"{&quot;aperture&quot;:&quot;0&quot;,&quot;credit&quot;:&quot;&quot;,&quot;camera&quot;:&quot;&quot;,&quot;caption&quot;:&quot;&quot;,&quot;created_timestamp&quot;:&quot;0&quot;,&quot;copyright&quot;:&quot;&quot;,&quot;focal_length&quot;:&quot;0&quot;,&quot;iso&quot;:&quot;0&quot;,&quot;shutter_speed&quot;:&quot;0&quot;,&quot;title&quot;:&quot;&quot;,&quot;orientation&quot;:&quot;1&quot;}\" data-image-title=\"INAC-Mitloehner1\" data-image-description=\"\" data-image-caption=\"\" data-large-file=\"https:\/\/i0.wp.com\/lahoradelcampo.com.uy\/site\/wp-content\/uploads\/2022\/04\/INAC-Mitloehner1.jpg?fit=810%2C405&amp;ssl=1\" src=\"https:\/\/i0.wp.com\/lahoradelcampo.com.uy\/site\/wp-content\/uploads\/2022\/04\/INAC-Mitloehner1.jpg?resize=810%2C405\" alt=\"\" class=\"wp-image-40507\" srcset=\"https:\/\/i0.wp.com\/lahoradelcampo.com.uy\/site\/wp-content\/uploads\/2022\/04\/INAC-Mitloehner1.jpg?w=880&amp;ssl=1 880w, https:\/\/i0.wp.com\/lahoradelcampo.com.uy\/site\/wp-content\/uploads\/2022\/04\/INAC-Mitloehner1.jpg?resize=300%2C150&amp;ssl=1 300w, https:\/\/i0.wp.com\/lahoradelcampo.com.uy\/site\/wp-content\/uploads\/2022\/04\/INAC-Mitloehner1.jpg?resize=768%2C384&amp;ssl=1 768w, https:\/\/i0.wp.com\/lahoradelcampo.com.uy\/site\/wp-content\/uploads\/2022\/04\/INAC-Mitloehner1.jpg?resize=820%2C410&amp;ssl=1 820w\" sizes=\"auto, (max-width: 810px) 100vw, 810px\" \/><\/figure>\n\n\n\n<p>Autoridades de gobierno ,representantes de gremiales y t\u00e9cnicos estuvieron presentes. Se destac\u00f3 en el auditorio el ministro de Ganader\u00eda Fernando Mattos, el Presidente de INAC Conrado Ferber, el Presidente de ARU Gonzalo Vald\u00e9z, as\u00ed como el secretario de Presidencia de la Rep\u00fablica \u00c1lvaro Delgado que estuvo en el inicio de la conferencia.<br><\/p>\n\n\n\n<p>El objetivo de este encuentro fue acercar las pr\u00e1cticas que el experto ha realizado en el marco del estudio de este fen\u00f3meno que ha realizado por m\u00e1s de 20 a\u00f1os.<br><\/p>\n\n\n\n<p>En su disertaci\u00f3n el Profesor Frank Mitloehner enfatiz\u00f3 en cuales fueron los objetivos de los compromisos de Par\u00eds, donde la meta es evitar calentamiento global para que la temperatura del planeta no aumente en m\u00e1s de 1.5\u00b0C. Uruguay asumi\u00f3 estos compromisos en 2015.<br><\/p>\n\n\n\n<p>Expres\u00f3, que el metano es un gas que tiene un efecto de calentamiento muy potente en relaci\u00f3n con el CO2, pero tiene un comportamiento muy diferente al CO2. Por lo que hay darle la relevancia que amerita. El CO2 permanece en la atm\u00f3sfera por m\u00e1s de 1000 a\u00f1os, mientras que el metano tiene una vida muy corta en la atm\u00f3sfera donde al cabo de 10-12 a\u00f1os se destruye naturalmente, es decir que este gas cicla naturalmente en la atm\u00f3sfera. Esto quiere decir que, si se emiten cantidades constantes de metano a la atmosfera, este gas no generar\u00eda un aumento de la temperatura del planeta.<br><\/p>\n\n\n\n<p>Debido a que las emisiones de metano de la ganader\u00eda est\u00e1n directamente asociadas al Stock Ganadero, cuando un pa\u00eds posee un Stock constante, tambi\u00e9n lo son las emisiones de metano de este sector.  \u00c9ste es el caso de Uruguay. El sector ganadero hoy en d\u00eda es clim\u00e1ticamente neutro, es decir que no est\u00e1 contribuyendo al cambio clim\u00e1tico. <br><\/p>\n\n\n\n<p>Sin embargo, Uruguay tiene un gran potencial para enfriar el planeta a trav\u00e9s de esfuerzos que disminuyan las emisiones de metano. Una de las posibles soluciones es generar est\u00edmulos para la captura de metano, como la creaci\u00f3n de un mercado de carbono, siendo un caso ejemplar el estado de California donde hace ya 3 a\u00f1os que este sistema de compra-venta est\u00e1 en funcionamiento. Mediante el uso de este mercado, \u00bc de los ingresos de los establecimientos lecheros de California provienen de la venta de carbono que logran secuestrar mediante el uso de tecnolog\u00edas que permiten producir bio combustibles a partir de la captura de metano.<br><\/p>\n\n\n\n<p>Enfatiz\u00f3 que 1\/3 del carbono producido por la humanidad puede ser secuestrado por los suelos a trav\u00e9s de buenas pr\u00e1cticas agr\u00edcolas y de manejo del pastoreo, sumado a mejoras en la reproducci\u00f3n y sanidad animal es donde Uruguay puede hacer la diferencia para contribuir al enfriamiento global.<br><\/p>\n\n\n\n<p>Luego de culminada la conferencia, en entrevista con los periodistas en Expo Melilla, el especialista indic\u00f3 que el principal mensaje para los productores es que la ganader\u00eda puede dejar de ser un problema y se convierta en parte de la soluci\u00f3n pues lo m\u00e1s importante es la eficiencia animal, mejorando la alimentaci\u00f3n y las etapas productivas para que se reduzca la huella. <br><\/p>\n\n\n\n<p>Agreg\u00f3 que ha medida que se hace m\u00e1s eficiente, la producci\u00f3n se hace m\u00e1s ecol\u00f3gica. A nivel de la sociedad los sectores que m\u00e1s preocupan son la salud y la producci\u00f3n de alimentos. Esta \u00faltima a\u00fan no ha sido celebrada por la gente y hay que apoyar a los productores para que se celebre su accionar como fuentes de alimentos, indic\u00f3 Mitloehner.<\/p>\n\n\n\n<p>Salto, 1 de abril de 2022<\/p>\n","protected":false},"excerpt":{"rendered":"<p>Autoridades de gobierno ,representantes de gremiales y t\u00e9cnicos estuvieron presentes. Se destac\u00f3 en el auditorio el ministro de Ganader\u00eda Fernando Mattos, el Presidente de INAC Conrado Ferber, el Presidente de [&hellip;]<\/p>\n","protected":false},"author":5,"featured_media":40507,"comment_status":"open","ping_status":"open","sticky":false,"template":"","format":"standard","meta":{"_price":"","_stock":"","_tribe_ticket_header":"","_tribe_default_ticket_provider":"","_tribe_ticket_capacity":"0","_ticket_start_date":"","_ticket_end_date":"","_tribe_ticket_show_description":"","_tribe_ticket_show_not_going":false,"_tribe_ticket_use_global_stock":"","_tribe_ticket_global_stock_level":"","_global_stock_mode":"","_global_stock_cap":"","_tribe_rsvp_for_event":"","_tribe_ticket_going_count":"","_tribe_ticket_not_going_count":"","_tribe_tickets_list":"[]","_tribe_ticket_has_attendee_info_fields":false,"h5ap_radio_sources":[],"_jetpack_newsletter_access":"","_jetpack_dont_email_post_to_subs":false,"_jetpack_newsletter_tier_id":0,"_jetpack_memberships_contains_paywalled_content":false,"_jetpack_memberships_contains_paid_content":false,"footnotes":""},"categories":[21,5],"tags":[],"class_list":["post-40505","post","type-post","status-publish","format-standard","has-post-thumbnail","hentry","category-actualidad","category-ganaderia"],"jetpack_featured_media_url":"https:\/\/i0.wp.com\/lahoradelcampo.com.uy\/site\/wp-content\/uploads\/2022\/04\/INAC-Mitloehner1.jpg?fit=880%2C440&ssl=1","jetpack_sharing_enabled":true,"jetpack_shortlink":"https:\/\/wp.me\/p99IaT-axj","jetpack-related-posts":[{"id":40267,"url":"https:\/\/lahoradelcampo.com.uy\/site\/mitloehner-disertara-en-la-expo-melilla\/","url_meta":{"origin":40505,"position":0},"title":"Mitloehner disertar\u00e1 en la Expo Melilla","author":"La Hora del Campo","date":"27 marzo, 2022","format":false,"excerpt":"Del 28 al 31 de marzo el Profesor Frank Mitloehner visitar\u00e1 Uruguay como asesor de INAC en temas ambientales, respaldando el Plan Estrat\u00e9gico en la L\u00ednea de Defensa de las virtudes de las cadenas c\u00e1rnicas, espec\u00edficamente en el Programa de Ambiente y Sostenibilidad. Durante su visita participar\u00e1 de actividades con\u2026","rel":"","context":"En \u00abActualidad\u00bb","block_context":{"text":"Actualidad","link":"https:\/\/lahoradelcampo.com.uy\/site\/category\/actualidad\/"},"img":{"alt_text":"","src":"https:\/\/i0.wp.com\/lahoradelcampo.com.uy\/site\/wp-content\/uploads\/2022\/03\/INAC-Mitloehner.jpg?fit=880%2C440&ssl=1&resize=350%2C200","width":350,"height":200,"srcset":"https:\/\/i0.wp.com\/lahoradelcampo.com.uy\/site\/wp-content\/uploads\/2022\/03\/INAC-Mitloehner.jpg?fit=880%2C440&ssl=1&resize=350%2C200 1x, https:\/\/i0.wp.com\/lahoradelcampo.com.uy\/site\/wp-content\/uploads\/2022\/03\/INAC-Mitloehner.jpg?fit=880%2C440&ssl=1&resize=525%2C300 1.5x, https:\/\/i0.wp.com\/lahoradelcampo.com.uy\/site\/wp-content\/uploads\/2022\/03\/INAC-Mitloehner.jpg?fit=880%2C440&ssl=1&resize=700%2C400 2x"},"classes":[]},{"id":40571,"url":"https:\/\/lahoradelcampo.com.uy\/site\/uruguay-debe-cuantificar-las-emisiones-por-cantidad-de-producto\/","url_meta":{"origin":40505,"position":1},"title":"\u00abUruguay debe cuantificar las emisiones por cantidad de producto\u00bb","author":"La Hora del Campo","date":"5 abril, 2022","format":false,"excerpt":"En el marco de la Expo Melilla, arrib\u00f3 al pa\u00eds de la mano del Instituto Nacional de Carnes (INAC) el especialista en temas ambientales Frank Mitloehner. En su visita al pa\u00eds tambi\u00e9n recorri\u00f3 las instalaciones de la Central de Pruebas de Kiy\u00fa, donde el Instituto Nacional de Investigaci\u00f3n Agropecuaria (INIA)\u2026","rel":"","context":"En \u00abActualidad\u00bb","block_context":{"text":"Actualidad","link":"https:\/\/lahoradelcampo.com.uy\/site\/category\/actualidad\/"},"img":{"alt_text":"","src":"https:\/\/i0.wp.com\/lahoradelcampo.com.uy\/site\/wp-content\/uploads\/2022\/04\/INIA-Ciappesoni.jpg?fit=880%2C440&ssl=1&resize=350%2C200","width":350,"height":200,"srcset":"https:\/\/i0.wp.com\/lahoradelcampo.com.uy\/site\/wp-content\/uploads\/2022\/04\/INIA-Ciappesoni.jpg?fit=880%2C440&ssl=1&resize=350%2C200 1x, https:\/\/i0.wp.com\/lahoradelcampo.com.uy\/site\/wp-content\/uploads\/2022\/04\/INIA-Ciappesoni.jpg?fit=880%2C440&ssl=1&resize=525%2C300 1.5x, https:\/\/i0.wp.com\/lahoradelcampo.com.uy\/site\/wp-content\/uploads\/2022\/04\/INIA-Ciappesoni.jpg?fit=880%2C440&ssl=1&resize=700%2C400 2x"},"classes":[]},{"id":40845,"url":"https:\/\/lahoradelcampo.com.uy\/site\/uruguay-esta-en-camino-de-poner-en-valor-tangible-su-dimension-ambiental\/","url_meta":{"origin":40505,"position":2},"title":"\u00abUruguay est\u00e1 en camino de poner en valor tangible su dimensi\u00f3n ambiental\u00bb","author":"La Hora del Campo","date":"18 abril, 2022","format":false,"excerpt":"Hace un tiempo se present\u00f3 el Inventario de Gases de Efecto Invernadero, que actualmente cuenta con los datos actualizados hasta el 2019. El Ing. Agr. Ignacio Buffa, subsecretario del Ministerio de Ganader\u00eda, Agricultura y Pesca (MGAP) explic\u00f3 que existen dos m\u00e9tricas que permiten la creaci\u00f3n de dicho informe, la primera\u2026","rel":"","context":"En \u00abActualidad\u00bb","block_context":{"text":"Actualidad","link":"https:\/\/lahoradelcampo.com.uy\/site\/category\/actualidad\/"},"img":{"alt_text":"","src":"https:\/\/i0.wp.com\/lahoradelcampo.com.uy\/site\/wp-content\/uploads\/2021\/12\/MGAP-Buffa.jpg?fit=880%2C440&ssl=1&resize=350%2C200","width":350,"height":200,"srcset":"https:\/\/i0.wp.com\/lahoradelcampo.com.uy\/site\/wp-content\/uploads\/2021\/12\/MGAP-Buffa.jpg?fit=880%2C440&ssl=1&resize=350%2C200 1x, https:\/\/i0.wp.com\/lahoradelcampo.com.uy\/site\/wp-content\/uploads\/2021\/12\/MGAP-Buffa.jpg?fit=880%2C440&ssl=1&resize=525%2C300 1.5x, https:\/\/i0.wp.com\/lahoradelcampo.com.uy\/site\/wp-content\/uploads\/2021\/12\/MGAP-Buffa.jpg?fit=880%2C440&ssl=1&resize=700%2C400 2x"},"classes":[]},{"id":14307,"url":"https:\/\/lahoradelcampo.com.uy\/site\/braford-poco-volumen-pero-mostro-avances-geneticos-en-la-pista-del-prado\/","url_meta":{"origin":40505,"position":3},"title":"Braford: poco volumen pero mostr\u00f3 avances gen\u00e9ticos en la pista del Prado","author":"La Hora del Campo","date":"14 septiembre, 2019","format":false,"excerpt":"El presidente de la Sociedad de Criadores de Braford y Ceb\u00fa del Uruguay, Diego Otegui, se\u00f1al\u00f3 que la raza ha evolucionado gen\u00e9ticamente, posicion\u00e1ndose en un muy buen nivel y destac\u00f3 el trabajo realizado por el jurado argentino, Carlo Ojea. \"Carlos Ojea es un genetista a nivel internacional, un muy buen\u2026","rel":"","context":"En \u00abActualidad\u00bb","block_context":{"text":"Actualidad","link":"https:\/\/lahoradelcampo.com.uy\/site\/category\/actualidad\/"},"img":{"alt_text":"","src":"https:\/\/i0.wp.com\/lahoradelcampo.com.uy\/site\/wp-content\/uploads\/2019\/09\/braford-prado.jpg?fit=880%2C440&ssl=1&resize=350%2C200","width":350,"height":200,"srcset":"https:\/\/i0.wp.com\/lahoradelcampo.com.uy\/site\/wp-content\/uploads\/2019\/09\/braford-prado.jpg?fit=880%2C440&ssl=1&resize=350%2C200 1x, https:\/\/i0.wp.com\/lahoradelcampo.com.uy\/site\/wp-content\/uploads\/2019\/09\/braford-prado.jpg?fit=880%2C440&ssl=1&resize=525%2C300 1.5x, https:\/\/i0.wp.com\/lahoradelcampo.com.uy\/site\/wp-content\/uploads\/2019\/09\/braford-prado.jpg?fit=880%2C440&ssl=1&resize=700%2C400 2x"},"classes":[]},{"id":55044,"url":"https:\/\/lahoradelcampo.com.uy\/site\/uruguay-y-fao-apuntan-a-una-transformacion-sostenible-de-la-ganaderia\/","url_meta":{"origin":40505,"position":4},"title":"Uruguay y FAO apuntan a una transformaci\u00f3n sostenible de la ganader\u00eda","author":"La Hora del Campo","date":"6 noviembre, 2024","format":false,"excerpt":"En el marco de la primera Conferencia Regional para la Transformaci\u00f3n Sostenible de la Ganader\u00eda en Am\u00e9rica Latina y el Caribe, que comenz\u00f3 ayer y finaliza en el d\u00eda de hoy en Punta del Este, el presidente de la Rep\u00fablica, Dr. Luis Lacalle Pou, destac\u00f3 la importancia de incluir a\u2026","rel":"","context":"En \u00abActualidad\u00bb","block_context":{"text":"Actualidad","link":"https:\/\/lahoradelcampo.com.uy\/site\/category\/actualidad\/"},"img":{"alt_text":"","src":"https:\/\/i0.wp.com\/lahoradelcampo.com.uy\/site\/wp-content\/uploads\/2024\/11\/LacalleyFAO.jpg?fit=880%2C440&ssl=1&resize=350%2C200","width":350,"height":200,"srcset":"https:\/\/i0.wp.com\/lahoradelcampo.com.uy\/site\/wp-content\/uploads\/2024\/11\/LacalleyFAO.jpg?fit=880%2C440&ssl=1&resize=350%2C200 1x, https:\/\/i0.wp.com\/lahoradelcampo.com.uy\/site\/wp-content\/uploads\/2024\/11\/LacalleyFAO.jpg?fit=880%2C440&ssl=1&resize=525%2C300 1.5x, https:\/\/i0.wp.com\/lahoradelcampo.com.uy\/site\/wp-content\/uploads\/2024\/11\/LacalleyFAO.jpg?fit=880%2C440&ssl=1&resize=700%2C400 2x"},"classes":[]},{"id":53076,"url":"https:\/\/lahoradelcampo.com.uy\/site\/uruguay-promovio-sus-carnes-en-el-congreso-mundial-de-la-carne-realizado-en-shanghai\/","url_meta":{"origin":40505,"position":5},"title":"Uruguay promovi\u00f3 sus carnes en el Congreso Mundial de la Carne realizado en Shanghai","author":"La Hora del Campo","date":"9 noviembre, 2023","format":false,"excerpt":"En el marco de la decimocuarta edici\u00f3n del Congreso Internacional de la Carne, celebrada en Shanghai, el presidente del Instituto Nacional de Carnes de Uruguay (INAC), Conrado Ferber, llev\u00f3 a cabo una presentaci\u00f3n destacada, en la que promovi\u00f3 la carne uruguaya y la marca sectorial del pa\u00eds. Este evento, que\u2026","rel":"","context":"En \u00abActualidad\u00bb","block_context":{"text":"Actualidad","link":"https:\/\/lahoradelcampo.com.uy\/site\/category\/actualidad\/"},"img":{"alt_text":"","src":"https:\/\/i0.wp.com\/lahoradelcampo.com.uy\/site\/wp-content\/uploads\/2023\/11\/INAC-FerberShanghai.jpg?fit=880%2C440&ssl=1&resize=350%2C200","width":350,"height":200,"srcset":"https:\/\/i0.wp.com\/lahoradelcampo.com.uy\/site\/wp-content\/uploads\/2023\/11\/INAC-FerberShanghai.jpg?fit=880%2C440&ssl=1&resize=350%2C200 1x, https:\/\/i0.wp.com\/lahoradelcampo.com.uy\/site\/wp-content\/uploads\/2023\/11\/INAC-FerberShanghai.jpg?fit=880%2C440&ssl=1&resize=525%2C300 1.5x, https:\/\/i0.wp.com\/lahoradelcampo.com.uy\/site\/wp-content\/uploads\/2023\/11\/INAC-FerberShanghai.jpg?fit=880%2C440&ssl=1&resize=700%2C400 2x"},"classes":[]}],"jetpack_likes_enabled":true,"_links":{"self":[{"href":"https:\/\/lahoradelcampo.com.uy\/site\/wp-json\/wp\/v2\/posts\/40505","targetHints":{"allow":["GET"]}}],"collection":[{"href":"https:\/\/lahoradelcampo.com.uy\/site\/wp-json\/wp\/v2\/posts"}],"about":[{"href":"https:\/\/lahoradelcampo.com.uy\/site\/wp-json\/wp\/v2\/types\/post"}],"author":[{"embeddable":true,"href":"https:\/\/lahoradelcampo.com.uy\/site\/wp-json\/wp\/v2\/users\/5"}],"replies":[{"embeddable":true,"href":"https:\/\/lahoradelcampo.com.uy\/site\/wp-json\/wp\/v2\/comments?post=40505"}],"version-history":[{"count":1,"href":"https:\/\/lahoradelcampo.com.uy\/site\/wp-json\/wp\/v2\/posts\/40505\/revisions"}],"predecessor-version":[{"id":40509,"href":"https:\/\/lahoradelcampo.com.uy\/site\/wp-json\/wp\/v2\/posts\/40505\/revisions\/40509"}],"wp:featuredmedia":[{"embeddable":true,"href":"https:\/\/lahoradelcampo.com.uy\/site\/wp-json\/wp\/v2\/media\/40507"}],"wp:attachment":[{"href":"https:\/\/lahoradelcampo.com.uy\/site\/wp-json\/wp\/v2\/media?parent=40505"}],"wp:term":[{"taxonomy":"category","embeddable":true,"href":"https:\/\/lahoradelcampo.com.uy\/site\/wp-json\/wp\/v2\/categories?post=40505"},{"taxonomy":"post_tag","embeddable":true,"href":"https:\/\/lahoradelcampo.com.uy\/site\/wp-json\/wp\/v2\/tags?post=40505"}],"curies":[{"name":"wp","href":"https:\/\/api.w.org\/{rel}","templated":true}]}}