{"id":40501,"date":"2022-04-02T05:15:04","date_gmt":"2022-04-02T08:15:04","guid":{"rendered":"http:\/\/lahoradelcampo.com.uy\/site\/?p=40501"},"modified":"2022-04-01T17:17:13","modified_gmt":"2022-04-01T20:17:13","slug":"dgdr-extiende-hasta-el-22-de-abril-el-plazo-para-agrotic","status":"publish","type":"post","link":"https:\/\/lahoradelcampo.com.uy\/site\/dgdr-extiende-hasta-el-22-de-abril-el-plazo-para-agrotic\/","title":{"rendered":"DGDR extiende hasta el 22 de abril el plazo para \u00abAgrotic\u00bb"},"content":{"rendered":"\n<figure class=\"wp-block-image\"><img data-recalc-dims=\"1\" loading=\"lazy\" decoding=\"async\" width=\"810\" height=\"405\" data-attachment-id=\"33925\" data-permalink=\"https:\/\/lahoradelcampo.com.uy\/site\/mattos-inaugurara-el-viernes-el-stand-en-la-expo-prado\/mgap-prado-2\/\" data-orig-file=\"https:\/\/i0.wp.com\/lahoradelcampo.com.uy\/site\/wp-content\/uploads\/2021\/09\/mgap-prado.jpg?fit=880%2C440&amp;ssl=1\" data-orig-size=\"880,440\" data-comments-opened=\"1\" data-image-meta=\"{&quot;aperture&quot;:&quot;0&quot;,&quot;credit&quot;:&quot;&quot;,&quot;camera&quot;:&quot;&quot;,&quot;caption&quot;:&quot;&quot;,&quot;created_timestamp&quot;:&quot;0&quot;,&quot;copyright&quot;:&quot;&quot;,&quot;focal_length&quot;:&quot;0&quot;,&quot;iso&quot;:&quot;0&quot;,&quot;shutter_speed&quot;:&quot;0&quot;,&quot;title&quot;:&quot;&quot;,&quot;orientation&quot;:&quot;1&quot;}\" data-image-title=\"mgap-prado\" data-image-description=\"\" data-image-caption=\"\" data-large-file=\"https:\/\/i0.wp.com\/lahoradelcampo.com.uy\/site\/wp-content\/uploads\/2021\/09\/mgap-prado.jpg?fit=810%2C405&amp;ssl=1\" src=\"https:\/\/i0.wp.com\/lahoradelcampo.com.uy\/site\/wp-content\/uploads\/2021\/09\/mgap-prado.jpg?resize=810%2C405\" alt=\"\" class=\"wp-image-33925\" srcset=\"https:\/\/i0.wp.com\/lahoradelcampo.com.uy\/site\/wp-content\/uploads\/2021\/09\/mgap-prado.jpg?w=880&amp;ssl=1 880w, https:\/\/i0.wp.com\/lahoradelcampo.com.uy\/site\/wp-content\/uploads\/2021\/09\/mgap-prado.jpg?resize=300%2C150&amp;ssl=1 300w, https:\/\/i0.wp.com\/lahoradelcampo.com.uy\/site\/wp-content\/uploads\/2021\/09\/mgap-prado.jpg?resize=768%2C384&amp;ssl=1 768w, https:\/\/i0.wp.com\/lahoradelcampo.com.uy\/site\/wp-content\/uploads\/2021\/09\/mgap-prado.jpg?resize=820%2C410&amp;ssl=1 820w\" sizes=\"auto, (max-width: 810px) 100vw, 810px\" \/><\/figure>\n\n\n\n<p>La Direcci\u00f3n General de Desarrollo Rural del MGAP extiende el plazo para la presentaci\u00f3n de propuestas para la convocatoria \u201cAgrotic: soluciones digitales para la producci\u00f3n familiar\u201d, hasta el 22 de abril.<br><\/p>\n\n\n\n<p>De esta manera se convoca a Agentes Territoriales de Desarrollo Rural (ATDRs) a la presentaci\u00f3n de proyectos de TICs (Tecnolog\u00edas de la Informaci\u00f3n y la Comunicaci\u00f3n), para el desarrollo, implementaci\u00f3n y\/o adaptaci\u00f3n de soluciones digitales existentes a problem\u00e1ticas vinculadas a la producci\u00f3n familiar y que busquen levantar restricciones identificadas al desarrollo rural sostenible en sus territorios de referencia.<br><\/p>\n\n\n\n<p>Para esto las organizaciones se asociar\u00e1n con empresas privadas de desarrollo y\/o entidades de ense\u00f1anza con probada experiencia en la tem\u00e1tica, para, de forma conjunta, lograr soluciones a las problem\u00e1ticas planteadas.<br><\/p>\n\n\n\n<p>Se financiar\u00e1n a partir del PDPRII (MGAP\/BID), hasta un monto m\u00e1ximo por proyecto de 30 mil d\u00f3lares, que costear\u00e1n el desarrollo de las soluciones abordadas; dicho proceso deber\u00e1 ser en un plazo menor a los 12 meses. Se pretende que sea realizado con alta participaci\u00f3n de todos los actores, de forma de lograr la pertinencia a la soluci\u00f3n digital proyectada y asegure que el producto logrado sea de inter\u00e9s de los beneficiarios.<br><\/p>\n\n\n\n<p>Deber\u00e1n elaborarse propuestas de proyectos en cada \u00e1mbito local de forma participativa, donde se valorar\u00e1 especialmente si se cuenta con el apoyo y participaci\u00f3n de una entidad p\u00fablica, como Intendencias, Institutos, UDELAR, UTU, UTEC, etc.<br><\/p>\n\n\n\n<p>Las propuestas se recibir\u00e1n hasta el 22 de abril de 2022, a trav\u00e9s del correo consultasdgdr@mgap.gub.uy<\/p>\n\n\n\n<p>Salto, 2 de abril de 2022<\/p>\n","protected":false},"excerpt":{"rendered":"<p>La Direcci\u00f3n General de Desarrollo Rural del MGAP extiende el plazo para la presentaci\u00f3n de propuestas para la convocatoria \u201cAgrotic: soluciones digitales para la producci\u00f3n familiar\u201d, hasta el 22 de [&hellip;]<\/p>\n","protected":false},"author":5,"featured_media":33925,"comment_status":"open","ping_status":"open","sticky":false,"template":"","format":"standard","meta":{"_price":"","_stock":"","_tribe_ticket_header":"","_tribe_default_ticket_provider":"","_tribe_ticket_capacity":"0","_ticket_start_date":"","_ticket_end_date":"","_tribe_ticket_show_description":"","_tribe_ticket_show_not_going":false,"_tribe_ticket_use_global_stock":"","_tribe_ticket_global_stock_level":"","_global_stock_mode":"","_global_stock_cap":"","_tribe_rsvp_for_event":"","_tribe_ticket_going_count":"","_tribe_ticket_not_going_count":"","_tribe_tickets_list":"[]","_tribe_ticket_has_attendee_info_fields":false,"h5ap_radio_sources":[],"_jetpack_newsletter_access":"","_jetpack_dont_email_post_to_subs":false,"_jetpack_newsletter_tier_id":0,"_jetpack_memberships_contains_paywalled_content":false,"_jetpack_memberships_contains_paid_content":false,"footnotes":""},"categories":[21,5],"tags":[],"class_list":["post-40501","post","type-post","status-publish","format-standard","has-post-thumbnail","hentry","category-actualidad","category-ganaderia"],"jetpack_featured_media_url":"https:\/\/i0.wp.com\/lahoradelcampo.com.uy\/site\/wp-content\/uploads\/2021\/09\/mgap-prado.jpg?fit=880%2C440&ssl=1","jetpack_sharing_enabled":true,"jetpack_shortlink":"https:\/\/wp.me\/p99IaT-axf","jetpack-related-posts":[{"id":5917,"url":"https:\/\/lahoradelcampo.com.uy\/site\/2da-edicion-de-somos-mujeres-rurales-cierra-el-proximo-5-de-marzo\/","url_meta":{"origin":40501,"position":0},"title":"2da edici\u00f3n de Somos Mujeres  Rurales cierra el pr\u00f3ximo 5 de marzo","author":"La Hora del Campo","date":"15 febrero, 2018","format":false,"excerpt":"La Direcci\u00f3n General de Desarrollo Rural del Ministerio de Ganader\u00eda, Agricultura y Pesca, recibi\u00f3 en diciembre varias solicitudes para extender el per\u00edodo de recepci\u00f3n de propuestas para el programa denominado \"Somos Mujeres Rurales\" que se encuentra en el per\u00edodo de presentaci\u00f3n de propuestas de su segunda edici\u00f3n. El plazo para\u2026","rel":"","context":"En \u00abActualidad\u00bb","block_context":{"text":"Actualidad","link":"https:\/\/lahoradelcampo.com.uy\/site\/category\/actualidad\/"},"img":{"alt_text":"","src":"https:\/\/i0.wp.com\/lahoradelcampo.com.uy\/site\/wp-content\/uploads\/2018\/02\/Mujeres.jpg?fit=880%2C440&ssl=1&resize=350%2C200","width":350,"height":200,"srcset":"https:\/\/i0.wp.com\/lahoradelcampo.com.uy\/site\/wp-content\/uploads\/2018\/02\/Mujeres.jpg?fit=880%2C440&ssl=1&resize=350%2C200 1x, https:\/\/i0.wp.com\/lahoradelcampo.com.uy\/site\/wp-content\/uploads\/2018\/02\/Mujeres.jpg?fit=880%2C440&ssl=1&resize=525%2C300 1.5x, https:\/\/i0.wp.com\/lahoradelcampo.com.uy\/site\/wp-content\/uploads\/2018\/02\/Mujeres.jpg?fit=880%2C440&ssl=1&resize=700%2C400 2x"},"classes":[]},{"id":12983,"url":"https:\/\/lahoradelcampo.com.uy\/site\/colonizacion-e-inju-presentaron-tierras-para-jovenes\/","url_meta":{"origin":40501,"position":1},"title":"Colonizaci\u00f3n e Inju presentaron \u00abTierras para j\u00f3venes\u00bb","author":"La Hora del Campo","date":"24 julio, 2019","format":false,"excerpt":"El INC, el Instituto Nacional de la Juventud (INJU) del Ministerio de Desarrollo Social y la Direcci\u00f3n General de Desarrollo Rural del Ministerio de Ganader\u00eda, Agricultura y Pesca coordinan el programa Tierra para J\u00f3venes, con la finalidad de responder a la demanda de personas de esa franja etaria interesadas en\u2026","rel":"","context":"En \u00abActualidad\u00bb","block_context":{"text":"Actualidad","link":"https:\/\/lahoradelcampo.com.uy\/site\/category\/actualidad\/"},"img":{"alt_text":"","src":"https:\/\/i0.wp.com\/lahoradelcampo.com.uy\/site\/wp-content\/uploads\/2019\/07\/Inju.jpg?fit=880%2C440&ssl=1&resize=350%2C200","width":350,"height":200,"srcset":"https:\/\/i0.wp.com\/lahoradelcampo.com.uy\/site\/wp-content\/uploads\/2019\/07\/Inju.jpg?fit=880%2C440&ssl=1&resize=350%2C200 1x, https:\/\/i0.wp.com\/lahoradelcampo.com.uy\/site\/wp-content\/uploads\/2019\/07\/Inju.jpg?fit=880%2C440&ssl=1&resize=525%2C300 1.5x, https:\/\/i0.wp.com\/lahoradelcampo.com.uy\/site\/wp-content\/uploads\/2019\/07\/Inju.jpg?fit=880%2C440&ssl=1&resize=700%2C400 2x"},"classes":[]},{"id":6567,"url":"https:\/\/lahoradelcampo.com.uy\/site\/mesa-de-desarrollo-rural-de-basalto-superficial-fue-presentada-en-brasil\/","url_meta":{"origin":40501,"position":2},"title":"Mesa de Desarrollo Rural de Basalto Superficial fue presentada en Brasil","author":"La Hora del Campo","date":"19 abril, 2018","format":false,"excerpt":"La experiencia de la Mesa de Desarrollo Rural de Basalto Superficial fue presentada en el Segundo Seminario T\u00e9cnico Internacional \u201cGanader\u00eda Familiar y Desarrollo Rural\u201d tras haber sido seleccionada como herramienta innovadora de gobernanza territorial. La actividad se desarroll\u00f3 en el Campus Dom Pedrito de la Universidade Federal Do Pampa, en\u2026","rel":"","context":"En \u00abActualidad\u00bb","block_context":{"text":"Actualidad","link":"https:\/\/lahoradelcampo.com.uy\/site\/category\/actualidad\/"},"img":{"alt_text":"","src":"https:\/\/i0.wp.com\/lahoradelcampo.com.uy\/site\/wp-content\/uploads\/2018\/04\/Mesa-Basalto.jpg?fit=880%2C440&ssl=1&resize=350%2C200","width":350,"height":200,"srcset":"https:\/\/i0.wp.com\/lahoradelcampo.com.uy\/site\/wp-content\/uploads\/2018\/04\/Mesa-Basalto.jpg?fit=880%2C440&ssl=1&resize=350%2C200 1x, https:\/\/i0.wp.com\/lahoradelcampo.com.uy\/site\/wp-content\/uploads\/2018\/04\/Mesa-Basalto.jpg?fit=880%2C440&ssl=1&resize=525%2C300 1.5x, https:\/\/i0.wp.com\/lahoradelcampo.com.uy\/site\/wp-content\/uploads\/2018\/04\/Mesa-Basalto.jpg?fit=880%2C440&ssl=1&resize=700%2C400 2x"},"classes":[]},{"id":30928,"url":"https:\/\/lahoradelcampo.com.uy\/site\/el-mgap-realiza-un-relevamiento-del-uso-de-tics-en-la-agricultura-familiar\/","url_meta":{"origin":40501,"position":3},"title":"El MGAP realiza un relevamiento del uso de TICs en la agricultura familiar","author":"La Hora del Campo","date":"4 junio, 2021","format":false,"excerpt":"El Ministerio de Ganader\u00eda, Agricultura y Pesca (MGAP) a trav\u00e9s de la Direcci\u00f3n General de Desarrollo Rural (DGDR), viene trabajando en el relevamiento de conocimiento, acceso y uso de las tecnolog\u00edas de la informaci\u00f3n y comunicaci\u00f3n (TICs) en la agricultura familiar a nivel nacional. Este proyecto se realiza con el\u2026","rel":"","context":"En \u00abActualidad\u00bb","block_context":{"text":"Actualidad","link":"https:\/\/lahoradelcampo.com.uy\/site\/category\/actualidad\/"},"img":{"alt_text":"","src":"https:\/\/i0.wp.com\/lahoradelcampo.com.uy\/site\/wp-content\/uploads\/2021\/06\/MGAPTICS.jpg?fit=880%2C440&ssl=1&resize=350%2C200","width":350,"height":200,"srcset":"https:\/\/i0.wp.com\/lahoradelcampo.com.uy\/site\/wp-content\/uploads\/2021\/06\/MGAPTICS.jpg?fit=880%2C440&ssl=1&resize=350%2C200 1x, https:\/\/i0.wp.com\/lahoradelcampo.com.uy\/site\/wp-content\/uploads\/2021\/06\/MGAPTICS.jpg?fit=880%2C440&ssl=1&resize=525%2C300 1.5x, https:\/\/i0.wp.com\/lahoradelcampo.com.uy\/site\/wp-content\/uploads\/2021\/06\/MGAPTICS.jpg?fit=880%2C440&ssl=1&resize=700%2C400 2x"},"classes":[]},{"id":10505,"url":"https:\/\/lahoradelcampo.com.uy\/site\/somos-de-aca-tiene-su-quinta-edicion-con-35-millones\/","url_meta":{"origin":40501,"position":4},"title":"Somos de Ac\u00e1 tiene su quinta edici\u00f3n con $ 3,5 millones","author":"La Hora del Campo","date":"6 mayo, 2019","format":false,"excerpt":"La Direcci\u00f3n General de Desarrollo Rural y el INJU organizaron la 5.\u00aa edici\u00f3n de Somos de Ac\u00e1, cuyo objetivo es apoyar propuestas para el medio rural presentadas por j\u00f3venes. El monto total disponible es de 3,5 millones de pesos; cada proyecto acceder\u00e1 a un apoyo de entre 20.000 y 100.000\u2026","rel":"","context":"En \u00abActualidad\u00bb","block_context":{"text":"Actualidad","link":"https:\/\/lahoradelcampo.com.uy\/site\/category\/actualidad\/"},"img":{"alt_text":"","src":"https:\/\/i0.wp.com\/lahoradelcampo.com.uy\/site\/wp-content\/uploads\/2019\/05\/Somosdeaca.jpg?fit=880%2C440&ssl=1&resize=350%2C200","width":350,"height":200,"srcset":"https:\/\/i0.wp.com\/lahoradelcampo.com.uy\/site\/wp-content\/uploads\/2019\/05\/Somosdeaca.jpg?fit=880%2C440&ssl=1&resize=350%2C200 1x, https:\/\/i0.wp.com\/lahoradelcampo.com.uy\/site\/wp-content\/uploads\/2019\/05\/Somosdeaca.jpg?fit=880%2C440&ssl=1&resize=525%2C300 1.5x, https:\/\/i0.wp.com\/lahoradelcampo.com.uy\/site\/wp-content\/uploads\/2019\/05\/Somosdeaca.jpg?fit=880%2C440&ssl=1&resize=700%2C400 2x"},"classes":[]},{"id":49622,"url":"https:\/\/lahoradelcampo.com.uy\/site\/dgdr-ofrece-una-linea-de-credito-para-productores-afectados-por-la-sequia\/","url_meta":{"origin":40501,"position":5},"title":"DGDR ofrece una l\u00ednea de cr\u00e9dito para productores afectados por la sequ\u00eda","author":"La Hora del Campo","date":"31 marzo, 2023","format":false,"excerpt":"El Ministerio de Ganader\u00eda, Agricultura y Pesca (MGAP) ha lanzado una nueva l\u00ednea crediticia especial llamada L\u00ednea PMR Sequ\u00eda, con el objetivo de apoyar a los productores y productoras afectados por las consecuencias del d\u00e9ficit h\u00eddrico. La herramienta, que forma parte del Programa Microcr\u00e9dito Rural de la Direcci\u00f3n General de\u2026","rel":"","context":"En \u00abActualidad\u00bb","block_context":{"text":"Actualidad","link":"https:\/\/lahoradelcampo.com.uy\/site\/category\/actualidad\/"},"img":{"alt_text":"","src":"https:\/\/i0.wp.com\/lahoradelcampo.com.uy\/site\/wp-content\/uploads\/2023\/03\/MGAP-DGDR-Productores.jpg?fit=880%2C440&ssl=1&resize=350%2C200","width":350,"height":200,"srcset":"https:\/\/i0.wp.com\/lahoradelcampo.com.uy\/site\/wp-content\/uploads\/2023\/03\/MGAP-DGDR-Productores.jpg?fit=880%2C440&ssl=1&resize=350%2C200 1x, https:\/\/i0.wp.com\/lahoradelcampo.com.uy\/site\/wp-content\/uploads\/2023\/03\/MGAP-DGDR-Productores.jpg?fit=880%2C440&ssl=1&resize=525%2C300 1.5x, https:\/\/i0.wp.com\/lahoradelcampo.com.uy\/site\/wp-content\/uploads\/2023\/03\/MGAP-DGDR-Productores.jpg?fit=880%2C440&ssl=1&resize=700%2C400 2x"},"classes":[]}],"jetpack_likes_enabled":true,"_links":{"self":[{"href":"https:\/\/lahoradelcampo.com.uy\/site\/wp-json\/wp\/v2\/posts\/40501","targetHints":{"allow":["GET"]}}],"collection":[{"href":"https:\/\/lahoradelcampo.com.uy\/site\/wp-json\/wp\/v2\/posts"}],"about":[{"href":"https:\/\/lahoradelcampo.com.uy\/site\/wp-json\/wp\/v2\/types\/post"}],"author":[{"embeddable":true,"href":"https:\/\/lahoradelcampo.com.uy\/site\/wp-json\/wp\/v2\/users\/5"}],"replies":[{"embeddable":true,"href":"https:\/\/lahoradelcampo.com.uy\/site\/wp-json\/wp\/v2\/comments?post=40501"}],"version-history":[{"count":1,"href":"https:\/\/lahoradelcampo.com.uy\/site\/wp-json\/wp\/v2\/posts\/40501\/revisions"}],"predecessor-version":[{"id":40503,"href":"https:\/\/lahoradelcampo.com.uy\/site\/wp-json\/wp\/v2\/posts\/40501\/revisions\/40503"}],"wp:featuredmedia":[{"embeddable":true,"href":"https:\/\/lahoradelcampo.com.uy\/site\/wp-json\/wp\/v2\/media\/33925"}],"wp:attachment":[{"href":"https:\/\/lahoradelcampo.com.uy\/site\/wp-json\/wp\/v2\/media?parent=40501"}],"wp:term":[{"taxonomy":"category","embeddable":true,"href":"https:\/\/lahoradelcampo.com.uy\/site\/wp-json\/wp\/v2\/categories?post=40501"},{"taxonomy":"post_tag","embeddable":true,"href":"https:\/\/lahoradelcampo.com.uy\/site\/wp-json\/wp\/v2\/tags?post=40501"}],"curies":[{"name":"wp","href":"https:\/\/api.w.org\/{rel}","templated":true}]}}