{"id":40493,"date":"2022-04-02T05:11:38","date_gmt":"2022-04-02T08:11:38","guid":{"rendered":"http:\/\/lahoradelcampo.com.uy\/site\/?p=40493"},"modified":"2022-04-01T17:14:56","modified_gmt":"2022-04-01T20:14:56","slug":"el-mercado-granjero-mantuvo-la-baja-actividad-comun-del-fin-de-mes","status":"publish","type":"post","link":"https:\/\/lahoradelcampo.com.uy\/site\/el-mercado-granjero-mantuvo-la-baja-actividad-comun-del-fin-de-mes\/","title":{"rendered":"El mercado granjero mantuvo la baja actividad, com\u00fan del fin de mes"},"content":{"rendered":"\n<figure class=\"wp-block-image\"><img data-recalc-dims=\"1\" loading=\"lazy\" decoding=\"async\" width=\"810\" height=\"405\" data-attachment-id=\"24934\" data-permalink=\"https:\/\/lahoradelcampo.com.uy\/site\/uam-aun-faltan-los-servicios-esenciales-para-que-comience-a-funcionar\/uam-granja\/\" data-orig-file=\"https:\/\/i0.wp.com\/lahoradelcampo.com.uy\/site\/wp-content\/uploads\/2020\/10\/UAM-granja.jpg?fit=880%2C440&amp;ssl=1\" data-orig-size=\"880,440\" data-comments-opened=\"1\" data-image-meta=\"{&quot;aperture&quot;:&quot;0&quot;,&quot;credit&quot;:&quot;&quot;,&quot;camera&quot;:&quot;&quot;,&quot;caption&quot;:&quot;&quot;,&quot;created_timestamp&quot;:&quot;0&quot;,&quot;copyright&quot;:&quot;&quot;,&quot;focal_length&quot;:&quot;0&quot;,&quot;iso&quot;:&quot;0&quot;,&quot;shutter_speed&quot;:&quot;0&quot;,&quot;title&quot;:&quot;&quot;,&quot;orientation&quot;:&quot;1&quot;}\" data-image-title=\"UAM granja\" data-image-description=\"\" data-image-caption=\"\" data-large-file=\"https:\/\/i0.wp.com\/lahoradelcampo.com.uy\/site\/wp-content\/uploads\/2020\/10\/UAM-granja.jpg?fit=810%2C405&amp;ssl=1\" src=\"https:\/\/i0.wp.com\/lahoradelcampo.com.uy\/site\/wp-content\/uploads\/2020\/10\/UAM-granja.jpg?resize=810%2C405\" alt=\"\" class=\"wp-image-24934\" srcset=\"https:\/\/i0.wp.com\/lahoradelcampo.com.uy\/site\/wp-content\/uploads\/2020\/10\/UAM-granja.jpg?w=880&amp;ssl=1 880w, https:\/\/i0.wp.com\/lahoradelcampo.com.uy\/site\/wp-content\/uploads\/2020\/10\/UAM-granja.jpg?resize=300%2C150&amp;ssl=1 300w, https:\/\/i0.wp.com\/lahoradelcampo.com.uy\/site\/wp-content\/uploads\/2020\/10\/UAM-granja.jpg?resize=768%2C384&amp;ssl=1 768w, https:\/\/i0.wp.com\/lahoradelcampo.com.uy\/site\/wp-content\/uploads\/2020\/10\/UAM-granja.jpg?resize=820%2C410&amp;ssl=1 820w\" sizes=\"auto, (max-width: 810px) 100vw, 810px\" \/><\/figure>\n\n\n\n<p>La operativa comercial en la Unidad Agroalimentaria Metropolitana (UAM) mantuvo la baja agilidad en los negocios, propio del final del mes, pero que se ha visto m\u00e1s extendida de lo normal, en parte por el incremento de los valores en varios productos. En este contexto el retiro de mercader\u00eda se vio afectado negativamente a nivel mayorista. <br><\/p>\n\n\n\n<p>Se registraron descensos en los precios de referencia de morrones, tomate Cherry, pepino, zucchini, berenjena, chauchas, lechuga, perejil, remolacha, repollo Blanco, manzana y pomelos.<br><\/p>\n\n\n\n<p>Se observaron incrementos en las cotizaciones de tomate Redondo, cebolla, choclo, puerro, acelga, apio y frutilla.<\/p>\n\n\n\n<div class=\"wp-block-image\"><figure class=\"aligncenter is-resized\"><img data-recalc-dims=\"1\" loading=\"lazy\" decoding=\"async\" data-attachment-id=\"40495\" data-permalink=\"https:\/\/lahoradelcampo.com.uy\/site\/el-mercado-granjero-mantuvo-la-baja-actividad-comun-del-fin-de-mes\/granjaprecios-4\/\" data-orig-file=\"https:\/\/i0.wp.com\/lahoradelcampo.com.uy\/site\/wp-content\/uploads\/2022\/04\/granjaprecios.png?fit=585%2C461&amp;ssl=1\" data-orig-size=\"585,461\" data-comments-opened=\"1\" data-image-meta=\"{&quot;aperture&quot;:&quot;0&quot;,&quot;credit&quot;:&quot;&quot;,&quot;camera&quot;:&quot;&quot;,&quot;caption&quot;:&quot;&quot;,&quot;created_timestamp&quot;:&quot;0&quot;,&quot;copyright&quot;:&quot;&quot;,&quot;focal_length&quot;:&quot;0&quot;,&quot;iso&quot;:&quot;0&quot;,&quot;shutter_speed&quot;:&quot;0&quot;,&quot;title&quot;:&quot;&quot;,&quot;orientation&quot;:&quot;0&quot;}\" data-image-title=\"granjaprecios\" data-image-description=\"\" data-image-caption=\"\" data-large-file=\"https:\/\/i0.wp.com\/lahoradelcampo.com.uy\/site\/wp-content\/uploads\/2022\/04\/granjaprecios.png?fit=585%2C461&amp;ssl=1\" src=\"https:\/\/i0.wp.com\/lahoradelcampo.com.uy\/site\/wp-content\/uploads\/2022\/04\/granjaprecios.png?resize=448%2C353\" alt=\"\" class=\"wp-image-40495\" width=\"448\" height=\"353\" srcset=\"https:\/\/i0.wp.com\/lahoradelcampo.com.uy\/site\/wp-content\/uploads\/2022\/04\/granjaprecios.png?w=585&amp;ssl=1 585w, https:\/\/i0.wp.com\/lahoradelcampo.com.uy\/site\/wp-content\/uploads\/2022\/04\/granjaprecios.png?resize=300%2C236&amp;ssl=1 300w\" sizes=\"auto, (max-width: 448px) 100vw, 448px\" \/><\/figure><\/div>\n\n\n\n<p>Salto, 2 de abril de 2022<\/p>\n","protected":false},"excerpt":{"rendered":"<p>La operativa comercial en la Unidad Agroalimentaria Metropolitana (UAM) mantuvo la baja agilidad en los negocios, propio del final del mes, pero que se ha visto m\u00e1s extendida de lo [&hellip;]<\/p>\n","protected":false},"author":5,"featured_media":24934,"comment_status":"open","ping_status":"open","sticky":false,"template":"","format":"standard","meta":{"_price":"","_stock":"","_tribe_ticket_header":"","_tribe_default_ticket_provider":"","_tribe_ticket_capacity":"0","_ticket_start_date":"","_ticket_end_date":"","_tribe_ticket_show_description":"","_tribe_ticket_show_not_going":false,"_tribe_ticket_use_global_stock":"","_tribe_ticket_global_stock_level":"","_global_stock_mode":"","_global_stock_cap":"","_tribe_rsvp_for_event":"","_tribe_ticket_going_count":"","_tribe_ticket_not_going_count":"","_tribe_tickets_list":"[]","_tribe_ticket_has_attendee_info_fields":false,"h5ap_radio_sources":[],"_jetpack_newsletter_access":"","_jetpack_dont_email_post_to_subs":false,"_jetpack_newsletter_tier_id":0,"_jetpack_memberships_contains_paywalled_content":false,"_jetpack_memberships_contains_paid_content":false,"footnotes":""},"categories":[21,9],"tags":[],"class_list":["post-40493","post","type-post","status-publish","format-standard","has-post-thumbnail","hentry","category-actualidad","category-granja"],"jetpack_featured_media_url":"https:\/\/i0.wp.com\/lahoradelcampo.com.uy\/site\/wp-content\/uploads\/2020\/10\/UAM-granja.jpg?fit=880%2C440&ssl=1","jetpack_sharing_enabled":true,"jetpack_shortlink":"https:\/\/wp.me\/p99IaT-ax7","jetpack-related-posts":[{"id":42703,"url":"https:\/\/lahoradelcampo.com.uy\/site\/tomate-redondo-se-mantuvo-estable-en-sus-cotizaciones\/","url_meta":{"origin":40493,"position":0},"title":"Tomate redondo se mantuvo estable en sus cotizaciones","author":"La Hora del Campo","date":"13 junio, 2022","format":false,"excerpt":"De acuerdo a la informaci\u00f3n brindada por la Unidad Agroalimentaria Metropolitana (UAM), el tomate redondo, tipo americano, esta semana se mantuvo un escenario estable de precios, mientras que en tomate perita se observ\u00f3 un incremento para los productos de calidad superior. El color que presentan los tomates perita es un\u2026","rel":"","context":"En \u00abActualidad\u00bb","block_context":{"text":"Actualidad","link":"https:\/\/lahoradelcampo.com.uy\/site\/category\/actualidad\/"},"img":{"alt_text":"","src":"https:\/\/i0.wp.com\/lahoradelcampo.com.uy\/site\/wp-content\/uploads\/2019\/11\/Tomate.jpg?fit=880%2C440&ssl=1&resize=350%2C200","width":350,"height":200,"srcset":"https:\/\/i0.wp.com\/lahoradelcampo.com.uy\/site\/wp-content\/uploads\/2019\/11\/Tomate.jpg?fit=880%2C440&ssl=1&resize=350%2C200 1x, https:\/\/i0.wp.com\/lahoradelcampo.com.uy\/site\/wp-content\/uploads\/2019\/11\/Tomate.jpg?fit=880%2C440&ssl=1&resize=525%2C300 1.5x, https:\/\/i0.wp.com\/lahoradelcampo.com.uy\/site\/wp-content\/uploads\/2019\/11\/Tomate.jpg?fit=880%2C440&ssl=1&resize=700%2C400 2x"},"classes":[]},{"id":7009,"url":"https:\/\/lahoradelcampo.com.uy\/site\/abril-con-fuerte-ingreso-de-tomate-al-mercado-modelo-y-baja-de-precios\/","url_meta":{"origin":40493,"position":1},"title":"Abril con fuerte ingreso de tomate al Mercado Modelo y baja de precios","author":"La Hora del Campo","date":"9 mayo, 2018","format":false,"excerpt":"El tomate ocupa un lugar preponderante en el consumo de frutas y hortalizas a nivel nacional. En 2017 fue el quinto rubro en volumen de ingresos al Mercado Modelo y la segunda hortaliza despu\u00e9s de la papa. El tomate se ubic\u00f3 en el tercer lugar en el monto bruto comercializado\u2026","rel":"","context":"En \u00abGranja\u00bb","block_context":{"text":"Granja","link":"https:\/\/lahoradelcampo.com.uy\/site\/category\/granja\/"},"img":{"alt_text":"","src":"https:\/\/i0.wp.com\/lahoradelcampo.com.uy\/site\/wp-content\/uploads\/2018\/05\/Tomate.jpg?fit=880%2C440&ssl=1&resize=350%2C200","width":350,"height":200,"srcset":"https:\/\/i0.wp.com\/lahoradelcampo.com.uy\/site\/wp-content\/uploads\/2018\/05\/Tomate.jpg?fit=880%2C440&ssl=1&resize=350%2C200 1x, https:\/\/i0.wp.com\/lahoradelcampo.com.uy\/site\/wp-content\/uploads\/2018\/05\/Tomate.jpg?fit=880%2C440&ssl=1&resize=525%2C300 1.5x, https:\/\/i0.wp.com\/lahoradelcampo.com.uy\/site\/wp-content\/uploads\/2018\/05\/Tomate.jpg?fit=880%2C440&ssl=1&resize=700%2C400 2x"},"classes":[]},{"id":31124,"url":"https:\/\/lahoradelcampo.com.uy\/site\/el-tomate-perita-cayo-un-472-en-el-ultimo-mes\/","url_meta":{"origin":40493,"position":2},"title":"El tomate Perita cay\u00f3 un 4,72% en el \u00faltimo mes","author":"La Hora del Campo","date":"9 junio, 2021","format":false,"excerpt":"Hasta finales del mes de mayo el valor promedio del tomate Perita ven\u00eda registrando subas consecutivas, sin embargo el comienzo de mes gener\u00f3 una fuerte baja, dado que las condiciones clim\u00e1ticas han deteriorado la calidad de la oferta ha disminuido y sus niveles de conservaci\u00f3n. En los \u00faltimos 30 d\u00edas\u2026","rel":"","context":"En \u00abActualidad\u00bb","block_context":{"text":"Actualidad","link":"https:\/\/lahoradelcampo.com.uy\/site\/category\/actualidad\/"},"img":{"alt_text":"","src":"https:\/\/i0.wp.com\/lahoradelcampo.com.uy\/site\/wp-content\/uploads\/2021\/06\/tomate-perita.jpg?fit=880%2C440&ssl=1&resize=350%2C200","width":350,"height":200,"srcset":"https:\/\/i0.wp.com\/lahoradelcampo.com.uy\/site\/wp-content\/uploads\/2021\/06\/tomate-perita.jpg?fit=880%2C440&ssl=1&resize=350%2C200 1x, https:\/\/i0.wp.com\/lahoradelcampo.com.uy\/site\/wp-content\/uploads\/2021\/06\/tomate-perita.jpg?fit=880%2C440&ssl=1&resize=525%2C300 1.5x, https:\/\/i0.wp.com\/lahoradelcampo.com.uy\/site\/wp-content\/uploads\/2021\/06\/tomate-perita.jpg?fit=880%2C440&ssl=1&resize=700%2C400 2x"},"classes":[]},{"id":22794,"url":"https:\/\/lahoradelcampo.com.uy\/site\/el-novillo-tipo-acumulo-la-cuarta-baja-consecutiva-en-julio\/","url_meta":{"origin":40493,"position":3},"title":"El novillo tipo acumul\u00f3 la cuarta baja consecutiva en julio","author":"La Hora del Campo","date":"18 agosto, 2020","format":false,"excerpt":"Durante el pasado mes de julio, el valor generado por la venta de todos los productos de un Novillo Tipo alcanz\u00f3 los US$ 1.115 por cabeza registrando su cuarta baja consecutiva, perdiendo un 10,6% respecto al valor registrado en el mes de marzo. Puntualmente frente al mes de junio, la\u2026","rel":"","context":"En \u00abActualidad\u00bb","block_context":{"text":"Actualidad","link":"https:\/\/lahoradelcampo.com.uy\/site\/category\/actualidad\/"},"img":{"alt_text":"","src":"https:\/\/i0.wp.com\/lahoradelcampo.com.uy\/site\/wp-content\/uploads\/2017\/09\/Novillo.jpg?fit=880%2C440&ssl=1&resize=350%2C200","width":350,"height":200,"srcset":"https:\/\/i0.wp.com\/lahoradelcampo.com.uy\/site\/wp-content\/uploads\/2017\/09\/Novillo.jpg?fit=880%2C440&ssl=1&resize=350%2C200 1x, https:\/\/i0.wp.com\/lahoradelcampo.com.uy\/site\/wp-content\/uploads\/2017\/09\/Novillo.jpg?fit=880%2C440&ssl=1&resize=525%2C300 1.5x, https:\/\/i0.wp.com\/lahoradelcampo.com.uy\/site\/wp-content\/uploads\/2017\/09\/Novillo.jpg?fit=880%2C440&ssl=1&resize=700%2C400 2x"},"classes":[]},{"id":1955,"url":"https:\/\/lahoradelcampo.com.uy\/site\/el-sector-lechero-mantuvo-el-poder-de-compra-de-la-leche-en-agosto\/","url_meta":{"origin":40493,"position":4},"title":"El sector lechero mantuvo el poder de compra de la leche en agosto","author":"La Hora del Campo","date":"1 octubre, 2017","format":false,"excerpt":"Durante el mes de agosto de 2017 el poder de compra de la leche, pese a registrar un leve descenso, se mantiene comparado con el mes de julio, seg\u00fan el informe divulgado por el Instituto Nacional de la Leche (INALE). Si los n\u00fameros son analizados respecto al mes de diciembre,\u2026","rel":"","context":"En \u00abLecher\u00eda\u00bb","block_context":{"text":"Lecher\u00eda","link":"https:\/\/lahoradelcampo.com.uy\/site\/category\/lecheria\/"},"img":{"alt_text":"","src":"https:\/\/i0.wp.com\/lahoradelcampo.com.uy\/site\/wp-content\/uploads\/2017\/09\/lecheria.jpg?fit=880%2C440&ssl=1&resize=350%2C200","width":350,"height":200,"srcset":"https:\/\/i0.wp.com\/lahoradelcampo.com.uy\/site\/wp-content\/uploads\/2017\/09\/lecheria.jpg?fit=880%2C440&ssl=1&resize=350%2C200 1x, https:\/\/i0.wp.com\/lahoradelcampo.com.uy\/site\/wp-content\/uploads\/2017\/09\/lecheria.jpg?fit=880%2C440&ssl=1&resize=525%2C300 1.5x, https:\/\/i0.wp.com\/lahoradelcampo.com.uy\/site\/wp-content\/uploads\/2017\/09\/lecheria.jpg?fit=880%2C440&ssl=1&resize=700%2C400 2x"},"classes":[]},{"id":56049,"url":"https:\/\/lahoradelcampo.com.uy\/site\/la-transicion-de-oferta-de-sur-a-norte-afecta-las-referencias-del-tomate-en-la-uam\/","url_meta":{"origin":40493,"position":5},"title":"La transici\u00f3n de oferta de sur a norte afecta las referencias del tomate en la UAM","author":"La Hora del Campo","date":"30 abril, 2025","format":false,"excerpt":"El tomate, una de las hortalizas m\u00e1s demandadas en el sector granjero, experimenta actualmente una significativa suba de precios debido a una baja oferta provocada por el cambio de zonas de producci\u00f3n, seg\u00fan inform\u00f3 esta semana la Unidad Agroalimentaria Metropolitana (UAM). Durante el mes de abril, la oferta proveniente del\u2026","rel":"","context":"En \u00abActualidad\u00bb","block_context":{"text":"Actualidad","link":"https:\/\/lahoradelcampo.com.uy\/site\/category\/actualidad\/"},"img":{"alt_text":"","src":"https:\/\/i0.wp.com\/lahoradelcampo.com.uy\/site\/wp-content\/uploads\/2019\/11\/Tomate.jpg?fit=880%2C440&ssl=1&resize=350%2C200","width":350,"height":200,"srcset":"https:\/\/i0.wp.com\/lahoradelcampo.com.uy\/site\/wp-content\/uploads\/2019\/11\/Tomate.jpg?fit=880%2C440&ssl=1&resize=350%2C200 1x, https:\/\/i0.wp.com\/lahoradelcampo.com.uy\/site\/wp-content\/uploads\/2019\/11\/Tomate.jpg?fit=880%2C440&ssl=1&resize=525%2C300 1.5x, https:\/\/i0.wp.com\/lahoradelcampo.com.uy\/site\/wp-content\/uploads\/2019\/11\/Tomate.jpg?fit=880%2C440&ssl=1&resize=700%2C400 2x"},"classes":[]}],"jetpack_likes_enabled":true,"_links":{"self":[{"href":"https:\/\/lahoradelcampo.com.uy\/site\/wp-json\/wp\/v2\/posts\/40493","targetHints":{"allow":["GET"]}}],"collection":[{"href":"https:\/\/lahoradelcampo.com.uy\/site\/wp-json\/wp\/v2\/posts"}],"about":[{"href":"https:\/\/lahoradelcampo.com.uy\/site\/wp-json\/wp\/v2\/types\/post"}],"author":[{"embeddable":true,"href":"https:\/\/lahoradelcampo.com.uy\/site\/wp-json\/wp\/v2\/users\/5"}],"replies":[{"embeddable":true,"href":"https:\/\/lahoradelcampo.com.uy\/site\/wp-json\/wp\/v2\/comments?post=40493"}],"version-history":[{"count":2,"href":"https:\/\/lahoradelcampo.com.uy\/site\/wp-json\/wp\/v2\/posts\/40493\/revisions"}],"predecessor-version":[{"id":40499,"href":"https:\/\/lahoradelcampo.com.uy\/site\/wp-json\/wp\/v2\/posts\/40493\/revisions\/40499"}],"wp:featuredmedia":[{"embeddable":true,"href":"https:\/\/lahoradelcampo.com.uy\/site\/wp-json\/wp\/v2\/media\/24934"}],"wp:attachment":[{"href":"https:\/\/lahoradelcampo.com.uy\/site\/wp-json\/wp\/v2\/media?parent=40493"}],"wp:term":[{"taxonomy":"category","embeddable":true,"href":"https:\/\/lahoradelcampo.com.uy\/site\/wp-json\/wp\/v2\/categories?post=40493"},{"taxonomy":"post_tag","embeddable":true,"href":"https:\/\/lahoradelcampo.com.uy\/site\/wp-json\/wp\/v2\/tags?post=40493"}],"curies":[{"name":"wp","href":"https:\/\/api.w.org\/{rel}","templated":true}]}}