{"id":40489,"date":"2022-04-01T17:11:17","date_gmt":"2022-04-01T20:11:17","guid":{"rendered":"http:\/\/lahoradelcampo.com.uy\/site\/?p=40489"},"modified":"2022-04-01T17:11:23","modified_gmt":"2022-04-01T20:11:23","slug":"el-mercado-lanero-uruguayo-continua-cauteloso","status":"publish","type":"post","link":"https:\/\/lahoradelcampo.com.uy\/site\/el-mercado-lanero-uruguayo-continua-cauteloso\/","title":{"rendered":"El mercado lanero uruguayo contin\u00faa cauteloso"},"content":{"rendered":"\n<figure class=\"wp-block-image\"><img data-recalc-dims=\"1\" loading=\"lazy\" decoding=\"async\" width=\"810\" height=\"405\" data-attachment-id=\"36167\" data-permalink=\"https:\/\/lahoradelcampo.com.uy\/site\/durante-octubre-el-ime-subio-un-43\/lanasoctubre\/\" data-orig-file=\"https:\/\/i0.wp.com\/lahoradelcampo.com.uy\/site\/wp-content\/uploads\/2021\/11\/lanasoctubre.jpg?fit=880%2C440&amp;ssl=1\" data-orig-size=\"880,440\" data-comments-opened=\"1\" data-image-meta=\"{&quot;aperture&quot;:&quot;0&quot;,&quot;credit&quot;:&quot;&quot;,&quot;camera&quot;:&quot;&quot;,&quot;caption&quot;:&quot;&quot;,&quot;created_timestamp&quot;:&quot;0&quot;,&quot;copyright&quot;:&quot;&quot;,&quot;focal_length&quot;:&quot;0&quot;,&quot;iso&quot;:&quot;0&quot;,&quot;shutter_speed&quot;:&quot;0&quot;,&quot;title&quot;:&quot;&quot;,&quot;orientation&quot;:&quot;1&quot;}\" data-image-title=\"lanasoctubre\" data-image-description=\"\" data-image-caption=\"\" data-large-file=\"https:\/\/i0.wp.com\/lahoradelcampo.com.uy\/site\/wp-content\/uploads\/2021\/11\/lanasoctubre.jpg?fit=810%2C405&amp;ssl=1\" src=\"https:\/\/i0.wp.com\/lahoradelcampo.com.uy\/site\/wp-content\/uploads\/2021\/11\/lanasoctubre.jpg?resize=810%2C405\" alt=\"\" class=\"wp-image-36167\" srcset=\"https:\/\/i0.wp.com\/lahoradelcampo.com.uy\/site\/wp-content\/uploads\/2021\/11\/lanasoctubre.jpg?w=880&amp;ssl=1 880w, https:\/\/i0.wp.com\/lahoradelcampo.com.uy\/site\/wp-content\/uploads\/2021\/11\/lanasoctubre.jpg?resize=300%2C150&amp;ssl=1 300w, https:\/\/i0.wp.com\/lahoradelcampo.com.uy\/site\/wp-content\/uploads\/2021\/11\/lanasoctubre.jpg?resize=768%2C384&amp;ssl=1 768w, https:\/\/i0.wp.com\/lahoradelcampo.com.uy\/site\/wp-content\/uploads\/2021\/11\/lanasoctubre.jpg?resize=820%2C410&amp;ssl=1 820w\" sizes=\"auto, (max-width: 810px) 100vw, 810px\" \/><\/figure>\n\n\n\n<p>Con un mercado que contin\u00faa con mucha cautela a la hora de cerrar nuevos negocios, los valores en las \u00faltimas semanas han tendido a bajar algunos centavos en el caso de las lanas finas, pero manteni\u00e9ndose la diferencia en el eje de un d\u00f3lar entre las lanas con o sin certificaci\u00f3n y crece a\u00fan m\u00e1s la diferencia con las lanas sin acondicionar.  <br><\/p>\n\n\n\n<p>En la oferta de lanas medias y gruesas, los negocios son a cuenta gotas, de poco volumen y con valores que est\u00e1n lejos de las expectativas de los productores.<br><\/p>\n\n\n\n<p>Como referencias de precios la Uni\u00f3n de Consignatarios y Rematadores de Lana del Uruguay marcaron valores de US$ 6,25 para lanas de 20 a 20,9 micras acondicionadas grifa verde, con certificaci\u00f3n. Por su parte las lanas de 28 a 28,9 micras, acondicionas grifa verde cotizan a US$ 1,60, seg\u00fan los operadores del mercado. <br><\/p>\n\n\n\n<p>En micronajes intermedios, se ha visualizado esta semana en la planilla de referencia, valores de US$ 4,90 para lanas de 23 a 23,9 micras y US$ 4,50 para lanas de 24 a 24,9 micras, en ambos casos acondicionadas grifa verde, pero sin certificaci\u00f3n.   <\/p>\n\n\n\n<p>Salto, 1 de abril de 2022<\/p>\n","protected":false},"excerpt":{"rendered":"<p>Con un mercado que contin\u00faa con mucha cautela a la hora de cerrar nuevos negocios, los valores en las \u00faltimas semanas han tendido a bajar algunos centavos en el caso [&hellip;]<\/p>\n","protected":false},"author":5,"featured_media":36167,"comment_status":"open","ping_status":"open","sticky":false,"template":"","format":"standard","meta":{"_price":"","_stock":"","_tribe_ticket_header":"","_tribe_default_ticket_provider":"","_tribe_ticket_capacity":"0","_ticket_start_date":"","_ticket_end_date":"","_tribe_ticket_show_description":"","_tribe_ticket_show_not_going":false,"_tribe_ticket_use_global_stock":"","_tribe_ticket_global_stock_level":"","_global_stock_mode":"","_global_stock_cap":"","_tribe_rsvp_for_event":"","_tribe_ticket_going_count":"","_tribe_ticket_not_going_count":"","_tribe_tickets_list":"[]","_tribe_ticket_has_attendee_info_fields":false,"h5ap_radio_sources":[],"_jetpack_newsletter_access":"","_jetpack_dont_email_post_to_subs":false,"_jetpack_newsletter_tier_id":0,"_jetpack_memberships_contains_paywalled_content":false,"_jetpack_memberships_contains_paid_content":false,"footnotes":""},"categories":[21,13],"tags":[],"class_list":["post-40489","post","type-post","status-publish","format-standard","has-post-thumbnail","hentry","category-actualidad","category-ovinos"],"jetpack_featured_media_url":"https:\/\/i0.wp.com\/lahoradelcampo.com.uy\/site\/wp-content\/uploads\/2021\/11\/lanasoctubre.jpg?fit=880%2C440&ssl=1","jetpack_sharing_enabled":true,"jetpack_shortlink":"https:\/\/wp.me\/p99IaT-ax3","jetpack-related-posts":[{"id":30396,"url":"https:\/\/lahoradelcampo.com.uy\/site\/sin-grandes-cambios-y-negocios-en-lanas-finas-a-nivel-interno\/","url_meta":{"origin":40489,"position":0},"title":"Sin grandes cambios y negocios en lanas finas a nivel interno","author":"La Hora del Campo","date":"21 mayo, 2021","format":false,"excerpt":"El mercado lanero interno contin\u00faa, al igual que a nivel internacional, con demanda por lanas finas y distante de los negocios en lanas medias y gruesas. Los \u00faltimos d\u00edas se vio una industria interesada principalmente en lanas por debajo de las 19 micras, con certificaciones (de preferencia ecol\u00f3gica u org\u00e1nica)\u2026","rel":"","context":"En \u00abActualidad\u00bb","block_context":{"text":"Actualidad","link":"https:\/\/lahoradelcampo.com.uy\/site\/category\/actualidad\/"},"img":{"alt_text":"","src":"https:\/\/i0.wp.com\/lahoradelcampo.com.uy\/site\/wp-content\/uploads\/2018\/05\/Lana-s.jpg?fit=880%2C440&ssl=1&resize=350%2C200","width":350,"height":200,"srcset":"https:\/\/i0.wp.com\/lahoradelcampo.com.uy\/site\/wp-content\/uploads\/2018\/05\/Lana-s.jpg?fit=880%2C440&ssl=1&resize=350%2C200 1x, https:\/\/i0.wp.com\/lahoradelcampo.com.uy\/site\/wp-content\/uploads\/2018\/05\/Lana-s.jpg?fit=880%2C440&ssl=1&resize=525%2C300 1.5x, https:\/\/i0.wp.com\/lahoradelcampo.com.uy\/site\/wp-content\/uploads\/2018\/05\/Lana-s.jpg?fit=880%2C440&ssl=1&resize=700%2C400 2x"},"classes":[]},{"id":37431,"url":"https:\/\/lahoradelcampo.com.uy\/site\/se-ajustaron-los-valores-de-un-negocio-en-salto-y-cerro-a-us-1433\/","url_meta":{"origin":40489,"position":1},"title":"Se ajustaron los valores de un negocio en Salto,  y cerr\u00f3 a US$ 14,33","author":"La Hora del Campo","date":"10 diciembre, 2021","format":false,"excerpt":"El pasado martes 23 de noviembre le informamos la concreci\u00f3n de un negocio de lana merino australiano, que se hab\u00eda fijado a una escala de precios con una base de 14 d\u00f3lares por kilogramo de vell\u00f3n. En ese momento y en base a los datos objetivos de 2020, el lote\u2026","rel":"","context":"En \u00abActualidad\u00bb","block_context":{"text":"Actualidad","link":"https:\/\/lahoradelcampo.com.uy\/site\/category\/actualidad\/"},"img":{"alt_text":"","src":"https:\/\/i0.wp.com\/lahoradelcampo.com.uy\/site\/wp-content\/uploads\/2017\/09\/Lanas-1.jpg?fit=880%2C440&ssl=1&resize=350%2C200","width":350,"height":200,"srcset":"https:\/\/i0.wp.com\/lahoradelcampo.com.uy\/site\/wp-content\/uploads\/2017\/09\/Lanas-1.jpg?fit=880%2C440&ssl=1&resize=350%2C200 1x, https:\/\/i0.wp.com\/lahoradelcampo.com.uy\/site\/wp-content\/uploads\/2017\/09\/Lanas-1.jpg?fit=880%2C440&ssl=1&resize=525%2C300 1.5x, https:\/\/i0.wp.com\/lahoradelcampo.com.uy\/site\/wp-content\/uploads\/2017\/09\/Lanas-1.jpg?fit=880%2C440&ssl=1&resize=700%2C400 2x"},"classes":[]},{"id":36965,"url":"https:\/\/lahoradelcampo.com.uy\/site\/los-negocios-siguen-concentrados-en-las-lanas-finas-y-con-certificacion\/","url_meta":{"origin":40489,"position":2},"title":"Los negocios siguen concentrados en las lanas finas y con certificaci\u00f3n","author":"La Hora del Campo","date":"26 noviembre, 2021","format":false,"excerpt":"El mercado lanero interno contin\u00faa concentrado en la concreci\u00f3n de negocios de lanas finas y con certificaci\u00f3n. Si bien se ha confirmado alg\u00fan descenso en los valores respecto a las \u00faltimas semanas, por las bajas registradas en el mercado internacional, la corriente para este tipo de negocios contin\u00faa estable. Al\u2026","rel":"","context":"En \u00abActualidad\u00bb","block_context":{"text":"Actualidad","link":"https:\/\/lahoradelcampo.com.uy\/site\/category\/actualidad\/"},"img":{"alt_text":"","src":"https:\/\/i0.wp.com\/lahoradelcampo.com.uy\/site\/wp-content\/uploads\/2019\/06\/lana-australia.jpg?fit=880%2C440&ssl=1&resize=350%2C200","width":350,"height":200,"srcset":"https:\/\/i0.wp.com\/lahoradelcampo.com.uy\/site\/wp-content\/uploads\/2019\/06\/lana-australia.jpg?fit=880%2C440&ssl=1&resize=350%2C200 1x, https:\/\/i0.wp.com\/lahoradelcampo.com.uy\/site\/wp-content\/uploads\/2019\/06\/lana-australia.jpg?fit=880%2C440&ssl=1&resize=525%2C300 1.5x, https:\/\/i0.wp.com\/lahoradelcampo.com.uy\/site\/wp-content\/uploads\/2019\/06\/lana-australia.jpg?fit=880%2C440&ssl=1&resize=700%2C400 2x"},"classes":[]},{"id":53590,"url":"https:\/\/lahoradelcampo.com.uy\/site\/mercado-interno-con-negocios-principalmente-en-lanas-merinas\/","url_meta":{"origin":40489,"position":3},"title":"Mercado interno con negocios, principalmente en lanas merinas","author":"La Hora del Campo","date":"17 marzo, 2024","format":false,"excerpt":"El mercado lanero uruguayo contin\u00faa concretando negocios, \"en algunos casos con valores inferiores a los esperados por los productores, pero que concretan negocios en base a obligaciones asumidas que se deben corresponder\", dijo un operador del mercado en la tarde del jueves. La mayor\u00eda de los negocios se concretan en\u2026","rel":"","context":"En \u00abActualidad\u00bb","block_context":{"text":"Actualidad","link":"https:\/\/lahoradelcampo.com.uy\/site\/category\/actualidad\/"},"img":{"alt_text":"","src":"https:\/\/i0.wp.com\/lahoradelcampo.com.uy\/site\/wp-content\/uploads\/2017\/08\/lanas.jpg?fit=784%2C450&ssl=1&resize=350%2C200","width":350,"height":200,"srcset":"https:\/\/i0.wp.com\/lahoradelcampo.com.uy\/site\/wp-content\/uploads\/2017\/08\/lanas.jpg?fit=784%2C450&ssl=1&resize=350%2C200 1x, https:\/\/i0.wp.com\/lahoradelcampo.com.uy\/site\/wp-content\/uploads\/2017\/08\/lanas.jpg?fit=784%2C450&ssl=1&resize=525%2C300 1.5x, https:\/\/i0.wp.com\/lahoradelcampo.com.uy\/site\/wp-content\/uploads\/2017\/08\/lanas.jpg?fit=784%2C450&ssl=1&resize=700%2C400 2x"},"classes":[]},{"id":35749,"url":"https:\/\/lahoradelcampo.com.uy\/site\/se-cerro-negocio-a-us-12-por-lanas-de-171-micras\/","url_meta":{"origin":40489,"position":4},"title":"Se cerr\u00f3 negocio a US$ 12  por lanas de 17,1 micras","author":"La Hora del Campo","date":"21 octubre, 2021","format":false,"excerpt":"El mercado lanero uruguayo volvi\u00f3 a concretar varios negocios en los \u00faltimos d\u00edas, con una gran dispersi\u00f3n de valores, entre las 21 y las 17 micras, que es donde el mercado encuentra mayor fluidez y demanda. En el caso de las lanas medias, no existe mucho inter\u00e9s desde las industrias\u2026","rel":"","context":"En \u00abActualidad\u00bb","block_context":{"text":"Actualidad","link":"https:\/\/lahoradelcampo.com.uy\/site\/category\/actualidad\/"},"img":{"alt_text":"","src":"https:\/\/i0.wp.com\/lahoradelcampo.com.uy\/site\/wp-content\/uploads\/2021\/06\/LanasItalianStyle.jpg?fit=880%2C440&ssl=1&resize=350%2C200","width":350,"height":200,"srcset":"https:\/\/i0.wp.com\/lahoradelcampo.com.uy\/site\/wp-content\/uploads\/2021\/06\/LanasItalianStyle.jpg?fit=880%2C440&ssl=1&resize=350%2C200 1x, https:\/\/i0.wp.com\/lahoradelcampo.com.uy\/site\/wp-content\/uploads\/2021\/06\/LanasItalianStyle.jpg?fit=880%2C440&ssl=1&resize=525%2C300 1.5x, https:\/\/i0.wp.com\/lahoradelcampo.com.uy\/site\/wp-content\/uploads\/2021\/06\/LanasItalianStyle.jpg?fit=880%2C440&ssl=1&resize=700%2C400 2x"},"classes":[]},{"id":9595,"url":"https:\/\/lahoradelcampo.com.uy\/site\/continua-la-baja-concrecion-de-negocios-con-valores-firmes-en-lanas-medias\/","url_meta":{"origin":40489,"position":5},"title":"Contin\u00faa la baja concreci\u00f3n de negocios, con valores firmes en lanas medias","author":"La Hora del Campo","date":"5 abril, 2019","format":false,"excerpt":"M\u00e1s all\u00e1 de que varios operadores e industriales sostienen que los valores en Uruguay en la actualidad no mantienen una referencia directa con lo que est\u00e1 sucediendo en Australia, debido a la baja calidad de la oferta en Ocean\u00eda, en el pa\u00eds se mantiene pr\u00e1cticamente nominal los valores para las\u2026","rel":"","context":"En \u00abActualidad\u00bb","block_context":{"text":"Actualidad","link":"https:\/\/lahoradelcampo.com.uy\/site\/category\/actualidad\/"},"img":{"alt_text":"","src":"https:\/\/i0.wp.com\/lahoradelcampo.com.uy\/site\/wp-content\/uploads\/2019\/04\/Lanas-mercado.jpg?fit=880%2C440&ssl=1&resize=350%2C200","width":350,"height":200,"srcset":"https:\/\/i0.wp.com\/lahoradelcampo.com.uy\/site\/wp-content\/uploads\/2019\/04\/Lanas-mercado.jpg?fit=880%2C440&ssl=1&resize=350%2C200 1x, https:\/\/i0.wp.com\/lahoradelcampo.com.uy\/site\/wp-content\/uploads\/2019\/04\/Lanas-mercado.jpg?fit=880%2C440&ssl=1&resize=525%2C300 1.5x, https:\/\/i0.wp.com\/lahoradelcampo.com.uy\/site\/wp-content\/uploads\/2019\/04\/Lanas-mercado.jpg?fit=880%2C440&ssl=1&resize=700%2C400 2x"},"classes":[]}],"jetpack_likes_enabled":true,"_links":{"self":[{"href":"https:\/\/lahoradelcampo.com.uy\/site\/wp-json\/wp\/v2\/posts\/40489","targetHints":{"allow":["GET"]}}],"collection":[{"href":"https:\/\/lahoradelcampo.com.uy\/site\/wp-json\/wp\/v2\/posts"}],"about":[{"href":"https:\/\/lahoradelcampo.com.uy\/site\/wp-json\/wp\/v2\/types\/post"}],"author":[{"embeddable":true,"href":"https:\/\/lahoradelcampo.com.uy\/site\/wp-json\/wp\/v2\/users\/5"}],"replies":[{"embeddable":true,"href":"https:\/\/lahoradelcampo.com.uy\/site\/wp-json\/wp\/v2\/comments?post=40489"}],"version-history":[{"count":1,"href":"https:\/\/lahoradelcampo.com.uy\/site\/wp-json\/wp\/v2\/posts\/40489\/revisions"}],"predecessor-version":[{"id":40491,"href":"https:\/\/lahoradelcampo.com.uy\/site\/wp-json\/wp\/v2\/posts\/40489\/revisions\/40491"}],"wp:featuredmedia":[{"embeddable":true,"href":"https:\/\/lahoradelcampo.com.uy\/site\/wp-json\/wp\/v2\/media\/36167"}],"wp:attachment":[{"href":"https:\/\/lahoradelcampo.com.uy\/site\/wp-json\/wp\/v2\/media?parent=40489"}],"wp:term":[{"taxonomy":"category","embeddable":true,"href":"https:\/\/lahoradelcampo.com.uy\/site\/wp-json\/wp\/v2\/categories?post=40489"},{"taxonomy":"post_tag","embeddable":true,"href":"https:\/\/lahoradelcampo.com.uy\/site\/wp-json\/wp\/v2\/tags?post=40489"}],"curies":[{"name":"wp","href":"https:\/\/api.w.org\/{rel}","templated":true}]}}