{"id":40485,"date":"2022-04-01T17:09:38","date_gmt":"2022-04-01T20:09:38","guid":{"rendered":"http:\/\/lahoradelcampo.com.uy\/site\/?p=40485"},"modified":"2022-04-01T17:09:43","modified_gmt":"2022-04-01T20:09:43","slug":"cayo-5-centavos-el-ime-y-cerro-a-us-1032","status":"publish","type":"post","link":"https:\/\/lahoradelcampo.com.uy\/site\/cayo-5-centavos-el-ime-y-cerro-a-us-1032\/","title":{"rendered":"Cay\u00f3 5 centavos el IME y cerr\u00f3 a US$ 10,32"},"content":{"rendered":"\n<figure class=\"wp-block-image\"><img data-recalc-dims=\"1\" loading=\"lazy\" decoding=\"async\" width=\"810\" height=\"405\" data-attachment-id=\"35521\" data-permalink=\"https:\/\/lahoradelcampo.com.uy\/site\/el-ime-perdio-4-centavos-en-la-semana-y-cerro-a-us-971\/lanaaustralia-3\/\" data-orig-file=\"https:\/\/i0.wp.com\/lahoradelcampo.com.uy\/site\/wp-content\/uploads\/2021\/10\/lanaaustralia.jpg?fit=880%2C440&amp;ssl=1\" data-orig-size=\"880,440\" data-comments-opened=\"1\" data-image-meta=\"{&quot;aperture&quot;:&quot;0&quot;,&quot;credit&quot;:&quot;&quot;,&quot;camera&quot;:&quot;&quot;,&quot;caption&quot;:&quot;&quot;,&quot;created_timestamp&quot;:&quot;0&quot;,&quot;copyright&quot;:&quot;&quot;,&quot;focal_length&quot;:&quot;0&quot;,&quot;iso&quot;:&quot;0&quot;,&quot;shutter_speed&quot;:&quot;0&quot;,&quot;title&quot;:&quot;&quot;,&quot;orientation&quot;:&quot;1&quot;}\" data-image-title=\"lanaaustralia\" data-image-description=\"\" data-image-caption=\"\" data-large-file=\"https:\/\/i0.wp.com\/lahoradelcampo.com.uy\/site\/wp-content\/uploads\/2021\/10\/lanaaustralia.jpg?fit=810%2C405&amp;ssl=1\" src=\"https:\/\/i0.wp.com\/lahoradelcampo.com.uy\/site\/wp-content\/uploads\/2021\/10\/lanaaustralia.jpg?resize=810%2C405\" alt=\"\" class=\"wp-image-35521\" srcset=\"https:\/\/i0.wp.com\/lahoradelcampo.com.uy\/site\/wp-content\/uploads\/2021\/10\/lanaaustralia.jpg?w=880&amp;ssl=1 880w, https:\/\/i0.wp.com\/lahoradelcampo.com.uy\/site\/wp-content\/uploads\/2021\/10\/lanaaustralia.jpg?resize=300%2C150&amp;ssl=1 300w, https:\/\/i0.wp.com\/lahoradelcampo.com.uy\/site\/wp-content\/uploads\/2021\/10\/lanaaustralia.jpg?resize=768%2C384&amp;ssl=1 768w, https:\/\/i0.wp.com\/lahoradelcampo.com.uy\/site\/wp-content\/uploads\/2021\/10\/lanaaustralia.jpg?resize=820%2C410&amp;ssl=1 820w\" sizes=\"auto, (max-width: 810px) 100vw, 810px\" \/><\/figure>\n\n\n\n<p>Al igual que en la pasada semana la calidad de la oferta y el vaiv\u00e9n de las monedas determinaron el flujo de los negocios y los valores en el mercado lanero australiano. En tres d\u00edas de ventas, con diferentes comportamientos, el Indicador de Mercados del Este (IME) cerr\u00f3 en US$ 10,32 perdiendo cinco centavos en la semana. <br><\/p>\n\n\n\n<p>La lana certificada RWS, NM (Non Mulesed) y\/o CM (Cesed Mulesed) tuvieron una firme y fuerte puja desde todos los sectores de la demanda, en tanto que la gama completa de vell\u00f3n de estilo chino tambi\u00e9n mostr\u00f3 una mejora en los valores.<br><\/p>\n\n\n\n<p>Al igual que la semana anterior, el tipo de cambio tambi\u00e9n fue una variable que incidi\u00f3 de forma variable durante los tres d\u00edas de ventas. <br><\/p>\n\n\n\n<p>En la moneda australiana el indicador cerr\u00f3 en A$ 13,75, con una ca\u00edda semanal de nueve centavos en la semana.<br><\/p>\n\n\n\n<p>En la suma de las tres jornadas se ofrecieron 44.746 fardos y se comercializ\u00f3 el 86,9%.  La oferta de lanas merinas fue 25.011 fardos con un 88,7% de venta, mientras que los vellones no merino fueron 8.330 fardos, de los cuales se coloc\u00f3 el 82,4%.<br><\/p>\n\n\n\n<p>La pr\u00f3xima semana el mercado lanero australiano retoma la operativa semanal, con una oferta de 49.206 fardos, que en principio se distribuir\u00e1n en los tres centros de ventad, durante los d\u00edas martes y mi\u00e9rcoles. <br><\/p>\n\n\n\n<p> Salto, 1 de abril de 2022<\/p>\n","protected":false},"excerpt":{"rendered":"<p>Al igual que en la pasada semana la calidad de la oferta y el vaiv\u00e9n de las monedas determinaron el flujo de los negocios y los valores en el mercado [&hellip;]<\/p>\n","protected":false},"author":5,"featured_media":35521,"comment_status":"open","ping_status":"open","sticky":false,"template":"","format":"standard","meta":{"_price":"","_stock":"","_tribe_ticket_header":"","_tribe_default_ticket_provider":"","_tribe_ticket_capacity":"0","_ticket_start_date":"","_ticket_end_date":"","_tribe_ticket_show_description":"","_tribe_ticket_show_not_going":false,"_tribe_ticket_use_global_stock":"","_tribe_ticket_global_stock_level":"","_global_stock_mode":"","_global_stock_cap":"","_tribe_rsvp_for_event":"","_tribe_ticket_going_count":"","_tribe_ticket_not_going_count":"","_tribe_tickets_list":"[]","_tribe_ticket_has_attendee_info_fields":false,"h5ap_radio_sources":[],"_jetpack_newsletter_access":"","_jetpack_dont_email_post_to_subs":false,"_jetpack_newsletter_tier_id":0,"_jetpack_memberships_contains_paywalled_content":false,"_jetpack_memberships_contains_paid_content":false,"footnotes":""},"categories":[21,13],"tags":[],"class_list":["post-40485","post","type-post","status-publish","format-standard","has-post-thumbnail","hentry","category-actualidad","category-ovinos"],"jetpack_featured_media_url":"https:\/\/i0.wp.com\/lahoradelcampo.com.uy\/site\/wp-content\/uploads\/2021\/10\/lanaaustralia.jpg?fit=880%2C440&ssl=1","jetpack_sharing_enabled":true,"jetpack_shortlink":"https:\/\/wp.me\/p99IaT-awZ","jetpack-related-posts":[{"id":27624,"url":"https:\/\/lahoradelcampo.com.uy\/site\/el-ime-subio-6-centavos-esta-semana-y-cerro-a-us-985\/","url_meta":{"origin":40485,"position":0},"title":"El IME subi\u00f3 6 centavos esta semana y cerr\u00f3 a US$ 9,85","author":"La Hora del Campo","date":"12 febrero, 2021","format":false,"excerpt":"Y llegaron los festejos del a\u00f1o nuevo lunar en China, en el d\u00eda de hoy, que suponen una semana sin actividad en las industrias laneras del gigante asi\u00e1tico como m\u00ednimo. Esta semana el mercado lanero australiano se mostr\u00f3 con variantes de acuerdo a la moneda en que se analice, pero\u2026","rel":"","context":"En \u00abActualidad\u00bb","block_context":{"text":"Actualidad","link":"https:\/\/lahoradelcampo.com.uy\/site\/category\/actualidad\/"},"img":{"alt_text":"","src":"https:\/\/i0.wp.com\/lahoradelcampo.com.uy\/site\/wp-content\/uploads\/2019\/04\/Lana-Australia-cae.jpg?fit=880%2C440&ssl=1&resize=350%2C200","width":350,"height":200,"srcset":"https:\/\/i0.wp.com\/lahoradelcampo.com.uy\/site\/wp-content\/uploads\/2019\/04\/Lana-Australia-cae.jpg?fit=880%2C440&ssl=1&resize=350%2C200 1x, https:\/\/i0.wp.com\/lahoradelcampo.com.uy\/site\/wp-content\/uploads\/2019\/04\/Lana-Australia-cae.jpg?fit=880%2C440&ssl=1&resize=525%2C300 1.5x, https:\/\/i0.wp.com\/lahoradelcampo.com.uy\/site\/wp-content\/uploads\/2019\/04\/Lana-Australia-cae.jpg?fit=880%2C440&ssl=1&resize=700%2C400 2x"},"classes":[]},{"id":37183,"url":"https:\/\/lahoradelcampo.com.uy\/site\/el-ime-cerro-la-semana-con-una-baja-de-dos-centavos\/","url_meta":{"origin":40485,"position":1},"title":"El IME cerr\u00f3 la semana con una baja de dos centavos","author":"La Hora del Campo","date":"3 diciembre, 2021","format":false,"excerpt":"En el medio de los vaivenes econ\u00f3micos generados por la nueva variante del Covid-19 \"Omicron\", el mercado lanero australiano se mostr\u00f3 firme y al alza esta semana en la moneda australiana, sin embargo el Indicador de Mercados del Este (IME) termina retrocediendo dos centavos al finalizar la segunda jornada de\u2026","rel":"","context":"En \u00abActualidad\u00bb","block_context":{"text":"Actualidad","link":"https:\/\/lahoradelcampo.com.uy\/site\/category\/actualidad\/"},"img":{"alt_text":"","src":"https:\/\/i0.wp.com\/lahoradelcampo.com.uy\/site\/wp-content\/uploads\/2021\/06\/lanaaustralia1.jpg?fit=880%2C440&ssl=1&resize=350%2C200","width":350,"height":200,"srcset":"https:\/\/i0.wp.com\/lahoradelcampo.com.uy\/site\/wp-content\/uploads\/2021\/06\/lanaaustralia1.jpg?fit=880%2C440&ssl=1&resize=350%2C200 1x, https:\/\/i0.wp.com\/lahoradelcampo.com.uy\/site\/wp-content\/uploads\/2021\/06\/lanaaustralia1.jpg?fit=880%2C440&ssl=1&resize=525%2C300 1.5x, https:\/\/i0.wp.com\/lahoradelcampo.com.uy\/site\/wp-content\/uploads\/2021\/06\/lanaaustralia1.jpg?fit=880%2C440&ssl=1&resize=700%2C400 2x"},"classes":[]},{"id":45213,"url":"https:\/\/lahoradelcampo.com.uy\/site\/el-ime-volvio-a-caer-esta-semana-y-cerro-en-us-915\/","url_meta":{"origin":40485,"position":2},"title":"El IME volvi\u00f3 a caer esta semana y cerr\u00f3 en US$ 9,15","author":"La Hora del Campo","date":"2 septiembre, 2022","format":false,"excerpt":"El mercado lanero australiano cerr\u00f3 la semana con una nueva ca\u00edda en el Indicador de Mercados del Este (IME) frente a una demanda que premi\u00f3 las lanas de excelente calidad y con certificaci\u00f3n Non Mulesed y al mismo tiempo castig\u00f3 aquellos lotes de menor rendimiento industrial. En las dos jornadas,\u2026","rel":"","context":"En \u00abActualidad\u00bb","block_context":{"text":"Actualidad","link":"https:\/\/lahoradelcampo.com.uy\/site\/category\/actualidad\/"},"img":{"alt_text":"","src":"https:\/\/i0.wp.com\/lahoradelcampo.com.uy\/site\/wp-content\/uploads\/2022\/06\/Lana-australia3.jpg?fit=880%2C440&ssl=1&resize=350%2C200","width":350,"height":200,"srcset":"https:\/\/i0.wp.com\/lahoradelcampo.com.uy\/site\/wp-content\/uploads\/2022\/06\/Lana-australia3.jpg?fit=880%2C440&ssl=1&resize=350%2C200 1x, https:\/\/i0.wp.com\/lahoradelcampo.com.uy\/site\/wp-content\/uploads\/2022\/06\/Lana-australia3.jpg?fit=880%2C440&ssl=1&resize=525%2C300 1.5x, https:\/\/i0.wp.com\/lahoradelcampo.com.uy\/site\/wp-content\/uploads\/2022\/06\/Lana-australia3.jpg?fit=880%2C440&ssl=1&resize=700%2C400 2x"},"classes":[]},{"id":45401,"url":"https:\/\/lahoradelcampo.com.uy\/site\/el-ime-cayo-a-valores-de-diciembre-de-2022\/","url_meta":{"origin":40485,"position":3},"title":"El IME cay\u00f3 a valores de diciembre de 2022","author":"La Hora del Campo","date":"9 septiembre, 2022","format":false,"excerpt":"La primera semana de ventas del mes de setiembre, el tercer mes de la presente zafra lanera 2022-23, cerr\u00f3 con una fuerte ca\u00edda en el Indicador de Mercados del Este (IME) que se contrae a valores de diciembre de 2020, momento en el cual el mercado se recuperaba lentamente del\u2026","rel":"","context":"En \u00abActualidad\u00bb","block_context":{"text":"Actualidad","link":"https:\/\/lahoradelcampo.com.uy\/site\/category\/actualidad\/"},"img":{"alt_text":"","src":"https:\/\/i0.wp.com\/lahoradelcampo.com.uy\/site\/wp-content\/uploads\/2022\/09\/Lanaaustralia2.jpg?fit=880%2C440&ssl=1&resize=350%2C200","width":350,"height":200,"srcset":"https:\/\/i0.wp.com\/lahoradelcampo.com.uy\/site\/wp-content\/uploads\/2022\/09\/Lanaaustralia2.jpg?fit=880%2C440&ssl=1&resize=350%2C200 1x, https:\/\/i0.wp.com\/lahoradelcampo.com.uy\/site\/wp-content\/uploads\/2022\/09\/Lanaaustralia2.jpg?fit=880%2C440&ssl=1&resize=525%2C300 1.5x, https:\/\/i0.wp.com\/lahoradelcampo.com.uy\/site\/wp-content\/uploads\/2022\/09\/Lanaaustralia2.jpg?fit=880%2C440&ssl=1&resize=700%2C400 2x"},"classes":[]},{"id":36285,"url":"https:\/\/lahoradelcampo.com.uy\/site\/el-ime-cerro-la-semana-por-debajo-de-los-us-1000\/","url_meta":{"origin":40485,"position":4},"title":"El IME cerr\u00f3 la semana por debajo de los US$ 10,00","author":"La Hora del Campo","date":"5 noviembre, 2021","format":false,"excerpt":"Durante las dos jornadas de ventas de esta semana, el mercado lanero australiano registr\u00f3 una ca\u00edda de cuatro centavos en el Indicador de Mercados del Este (IME), luego de haberse situado por sobre los US$ 10,00 desde el pasado 13 de octubre donde lleg\u00f3 a los US$ 10,25. Al igual\u2026","rel":"","context":"En \u00abActualidad\u00bb","block_context":{"text":"Actualidad","link":"https:\/\/lahoradelcampo.com.uy\/site\/category\/actualidad\/"},"img":{"alt_text":"","src":"https:\/\/i0.wp.com\/lahoradelcampo.com.uy\/site\/wp-content\/uploads\/2019\/04\/Lanas-Australia.jpg?fit=880%2C440&ssl=1&resize=350%2C200","width":350,"height":200,"srcset":"https:\/\/i0.wp.com\/lahoradelcampo.com.uy\/site\/wp-content\/uploads\/2019\/04\/Lanas-Australia.jpg?fit=880%2C440&ssl=1&resize=350%2C200 1x, https:\/\/i0.wp.com\/lahoradelcampo.com.uy\/site\/wp-content\/uploads\/2019\/04\/Lanas-Australia.jpg?fit=880%2C440&ssl=1&resize=525%2C300 1.5x, https:\/\/i0.wp.com\/lahoradelcampo.com.uy\/site\/wp-content\/uploads\/2019\/04\/Lanas-Australia.jpg?fit=880%2C440&ssl=1&resize=700%2C400 2x"},"classes":[]},{"id":39063,"url":"https:\/\/lahoradelcampo.com.uy\/site\/el-ime-perdio-13-centavos-tras-oferta-de-baja-calidad\/","url_meta":{"origin":40485,"position":5},"title":"El IME perdi\u00f3 13 centavos tras oferta de baja calidad","author":"La Hora del Campo","date":"11 febrero, 2022","format":false,"excerpt":"Con un volumen de oferta importante, baja en la calidad de las lanas y la continuidad de los problemas en los embarques debido al covid-19, el mercado lanero no logr\u00f3 mantener los valores de la semana pasada y el productor australiano trat\u00f3 de sostener los precios retirando un volumen importante\u2026","rel":"","context":"En \u00abActualidad\u00bb","block_context":{"text":"Actualidad","link":"https:\/\/lahoradelcampo.com.uy\/site\/category\/actualidad\/"},"img":{"alt_text":"","src":"https:\/\/i0.wp.com\/lahoradelcampo.com.uy\/site\/wp-content\/uploads\/2019\/06\/Lana-australia-1.jpg?fit=880%2C440&ssl=1&resize=350%2C200","width":350,"height":200,"srcset":"https:\/\/i0.wp.com\/lahoradelcampo.com.uy\/site\/wp-content\/uploads\/2019\/06\/Lana-australia-1.jpg?fit=880%2C440&ssl=1&resize=350%2C200 1x, https:\/\/i0.wp.com\/lahoradelcampo.com.uy\/site\/wp-content\/uploads\/2019\/06\/Lana-australia-1.jpg?fit=880%2C440&ssl=1&resize=525%2C300 1.5x, https:\/\/i0.wp.com\/lahoradelcampo.com.uy\/site\/wp-content\/uploads\/2019\/06\/Lana-australia-1.jpg?fit=880%2C440&ssl=1&resize=700%2C400 2x"},"classes":[]}],"jetpack_likes_enabled":true,"_links":{"self":[{"href":"https:\/\/lahoradelcampo.com.uy\/site\/wp-json\/wp\/v2\/posts\/40485","targetHints":{"allow":["GET"]}}],"collection":[{"href":"https:\/\/lahoradelcampo.com.uy\/site\/wp-json\/wp\/v2\/posts"}],"about":[{"href":"https:\/\/lahoradelcampo.com.uy\/site\/wp-json\/wp\/v2\/types\/post"}],"author":[{"embeddable":true,"href":"https:\/\/lahoradelcampo.com.uy\/site\/wp-json\/wp\/v2\/users\/5"}],"replies":[{"embeddable":true,"href":"https:\/\/lahoradelcampo.com.uy\/site\/wp-json\/wp\/v2\/comments?post=40485"}],"version-history":[{"count":1,"href":"https:\/\/lahoradelcampo.com.uy\/site\/wp-json\/wp\/v2\/posts\/40485\/revisions"}],"predecessor-version":[{"id":40487,"href":"https:\/\/lahoradelcampo.com.uy\/site\/wp-json\/wp\/v2\/posts\/40485\/revisions\/40487"}],"wp:featuredmedia":[{"embeddable":true,"href":"https:\/\/lahoradelcampo.com.uy\/site\/wp-json\/wp\/v2\/media\/35521"}],"wp:attachment":[{"href":"https:\/\/lahoradelcampo.com.uy\/site\/wp-json\/wp\/v2\/media?parent=40485"}],"wp:term":[{"taxonomy":"category","embeddable":true,"href":"https:\/\/lahoradelcampo.com.uy\/site\/wp-json\/wp\/v2\/categories?post=40485"},{"taxonomy":"post_tag","embeddable":true,"href":"https:\/\/lahoradelcampo.com.uy\/site\/wp-json\/wp\/v2\/tags?post=40485"}],"curies":[{"name":"wp","href":"https:\/\/api.w.org\/{rel}","templated":true}]}}