{"id":40481,"date":"2022-04-01T17:07:28","date_gmt":"2022-04-01T20:07:28","guid":{"rendered":"http:\/\/lahoradelcampo.com.uy\/site\/?p=40481"},"modified":"2022-04-01T17:07:34","modified_gmt":"2022-04-01T20:07:34","slug":"valores-de-la-miel-se-mantienen-firmes","status":"publish","type":"post","link":"https:\/\/lahoradelcampo.com.uy\/site\/valores-de-la-miel-se-mantienen-firmes\/","title":{"rendered":"Valores de la miel se mantienen firmes"},"content":{"rendered":"\n<figure class=\"wp-block-image\"><img data-recalc-dims=\"1\" loading=\"lazy\" decoding=\"async\" width=\"810\" height=\"405\" data-attachment-id=\"6061\" data-permalink=\"https:\/\/lahoradelcampo.com.uy\/site\/miel-organica-exportada-desde-uruguay-obtuvo-us-447-en-eeuu\/web-miel\/\" data-orig-file=\"https:\/\/i0.wp.com\/lahoradelcampo.com.uy\/site\/wp-content\/uploads\/2018\/03\/web-miel.jpg?fit=880%2C440&amp;ssl=1\" data-orig-size=\"880,440\" data-comments-opened=\"1\" data-image-meta=\"{&quot;aperture&quot;:&quot;0&quot;,&quot;credit&quot;:&quot;&quot;,&quot;camera&quot;:&quot;&quot;,&quot;caption&quot;:&quot;&quot;,&quot;created_timestamp&quot;:&quot;0&quot;,&quot;copyright&quot;:&quot;&quot;,&quot;focal_length&quot;:&quot;0&quot;,&quot;iso&quot;:&quot;0&quot;,&quot;shutter_speed&quot;:&quot;0&quot;,&quot;title&quot;:&quot;&quot;,&quot;orientation&quot;:&quot;1&quot;}\" data-image-title=\"web miel\" data-image-description=\"\" data-image-caption=\"\" data-large-file=\"https:\/\/i0.wp.com\/lahoradelcampo.com.uy\/site\/wp-content\/uploads\/2018\/03\/web-miel.jpg?fit=810%2C405&amp;ssl=1\" src=\"https:\/\/i0.wp.com\/lahoradelcampo.com.uy\/site\/wp-content\/uploads\/2018\/03\/web-miel.jpg?resize=810%2C405\" alt=\"\" class=\"wp-image-6061\" srcset=\"https:\/\/i0.wp.com\/lahoradelcampo.com.uy\/site\/wp-content\/uploads\/2018\/03\/web-miel.jpg?w=880&amp;ssl=1 880w, https:\/\/i0.wp.com\/lahoradelcampo.com.uy\/site\/wp-content\/uploads\/2018\/03\/web-miel.jpg?resize=300%2C150&amp;ssl=1 300w, https:\/\/i0.wp.com\/lahoradelcampo.com.uy\/site\/wp-content\/uploads\/2018\/03\/web-miel.jpg?resize=768%2C384&amp;ssl=1 768w, https:\/\/i0.wp.com\/lahoradelcampo.com.uy\/site\/wp-content\/uploads\/2018\/03\/web-miel.jpg?resize=820%2C410&amp;ssl=1 820w\" sizes=\"auto, (max-width: 810px) 100vw, 810px\" \/><\/figure>\n\n\n\n<p>De acuerdo al informe elaborado por el Observatorio Granjero, de la Direcci\u00f3n General de la Granja y la Unidad Agroalimentaria Metropolitana (Digegra-UAM) los valores de la miel se han mantenido estable durante el mes de marzo. <br><\/p>\n\n\n\n<p>Las referencias de precios se posicionan ente US$ 2,60 a US$ 3,00 para la miel clara, en tanto que la miel oscura se posiciona entre US$ 2,60 y US$ 2,80 por kilogramo, dependiendo del an\u00e1lisis previo de las partidas. <br><\/p>\n\n\n\n<p>Lo que ha variado es la referencia de la cera virgen (limpia) en las \u00faltimas dos semanas, pasando de US$ 5,00 a principio de mes hasta los US$ 7,00 por kilogramo en esta semana. <br><\/p>\n\n\n\n<p>Al igual que en febrero, el mercado contin\u00faa sin cotizaci\u00f3n para prop\u00f3leos.  <\/p>\n\n\n\n<p>Salto, 1 de abril de 2022<\/p>\n","protected":false},"excerpt":{"rendered":"<p>De acuerdo al informe elaborado por el Observatorio Granjero, de la Direcci\u00f3n General de la Granja y la Unidad Agroalimentaria Metropolitana (Digegra-UAM) los valores de la miel se han mantenido [&hellip;]<\/p>\n","protected":false},"author":5,"featured_media":6061,"comment_status":"open","ping_status":"open","sticky":false,"template":"","format":"standard","meta":{"_price":"","_stock":"","_tribe_ticket_header":"","_tribe_default_ticket_provider":"","_tribe_ticket_capacity":"0","_ticket_start_date":"","_ticket_end_date":"","_tribe_ticket_show_description":"","_tribe_ticket_show_not_going":false,"_tribe_ticket_use_global_stock":"","_tribe_ticket_global_stock_level":"","_global_stock_mode":"","_global_stock_cap":"","_tribe_rsvp_for_event":"","_tribe_ticket_going_count":"","_tribe_ticket_not_going_count":"","_tribe_tickets_list":"[]","_tribe_ticket_has_attendee_info_fields":false,"h5ap_radio_sources":[],"_jetpack_newsletter_access":"","_jetpack_dont_email_post_to_subs":false,"_jetpack_newsletter_tier_id":0,"_jetpack_memberships_contains_paywalled_content":false,"_jetpack_memberships_contains_paid_content":false,"footnotes":""},"categories":[21,9],"tags":[],"class_list":["post-40481","post","type-post","status-publish","format-standard","has-post-thumbnail","hentry","category-actualidad","category-granja"],"jetpack_featured_media_url":"https:\/\/i0.wp.com\/lahoradelcampo.com.uy\/site\/wp-content\/uploads\/2018\/03\/web-miel.jpg?fit=880%2C440&ssl=1","jetpack_sharing_enabled":true,"jetpack_shortlink":"https:\/\/wp.me\/p99IaT-awV","jetpack-related-posts":[{"id":41079,"url":"https:\/\/lahoradelcampo.com.uy\/site\/mieles-claras-cotizan-a-us-300\/","url_meta":{"origin":40481,"position":0},"title":"Mieles claras cotizan a US$ 3,00","author":"La Hora del Campo","date":"23 abril, 2022","format":false,"excerpt":"El Observatorio Granjero, conformado por la Direcci\u00f3n General de la Granja (Digegra) y la Unidad Agroalimentaria Metropolitana (UAM), informa que la miel clara cotiza entre US$ 2,60 y US$ 3,00 por kilogramo, en tanto que la miel oscura se posiciona entre US$ 2,60 y US$ 2,80 por kilogramo, previo an\u00e1lisis\u2026","rel":"","context":"En \u00abActualidad\u00bb","block_context":{"text":"Actualidad","link":"https:\/\/lahoradelcampo.com.uy\/site\/category\/actualidad\/"},"img":{"alt_text":"","src":"https:\/\/i0.wp.com\/lahoradelcampo.com.uy\/site\/wp-content\/uploads\/2017\/12\/Miel.jpg?fit=880%2C440&ssl=1&resize=350%2C200","width":350,"height":200,"srcset":"https:\/\/i0.wp.com\/lahoradelcampo.com.uy\/site\/wp-content\/uploads\/2017\/12\/Miel.jpg?fit=880%2C440&ssl=1&resize=350%2C200 1x, https:\/\/i0.wp.com\/lahoradelcampo.com.uy\/site\/wp-content\/uploads\/2017\/12\/Miel.jpg?fit=880%2C440&ssl=1&resize=525%2C300 1.5x, https:\/\/i0.wp.com\/lahoradelcampo.com.uy\/site\/wp-content\/uploads\/2017\/12\/Miel.jpg?fit=880%2C440&ssl=1&resize=700%2C400 2x"},"classes":[]},{"id":45125,"url":"https:\/\/lahoradelcampo.com.uy\/site\/la-miel-cotiza-a-us-280-al-productor\/","url_meta":{"origin":40481,"position":1},"title":"La miel cotiza a US$ 2,80 al productor","author":"La Hora del Campo","date":"31 agosto, 2022","format":false,"excerpt":"De acuerdo al \u00faltimo informe semanal de precios de la Direcci\u00f3n General de la Granja (Digegra) a trav\u00e9s del Observatorio Granjero, la miel cotiza al productor entre US$ 2,60 y US$ 2,80 por kilogramo, con previo an\u00e1lisis de las partidas. El informe no registra referencias para los prop\u00f3leos, en tanto\u2026","rel":"","context":"En \u00abActualidad\u00bb","block_context":{"text":"Actualidad","link":"https:\/\/lahoradelcampo.com.uy\/site\/category\/actualidad\/"},"img":{"alt_text":"","src":"https:\/\/i0.wp.com\/lahoradelcampo.com.uy\/site\/wp-content\/uploads\/2017\/12\/Miel.jpg?fit=880%2C440&ssl=1&resize=350%2C200","width":350,"height":200,"srcset":"https:\/\/i0.wp.com\/lahoradelcampo.com.uy\/site\/wp-content\/uploads\/2017\/12\/Miel.jpg?fit=880%2C440&ssl=1&resize=350%2C200 1x, https:\/\/i0.wp.com\/lahoradelcampo.com.uy\/site\/wp-content\/uploads\/2017\/12\/Miel.jpg?fit=880%2C440&ssl=1&resize=525%2C300 1.5x, https:\/\/i0.wp.com\/lahoradelcampo.com.uy\/site\/wp-content\/uploads\/2017\/12\/Miel.jpg?fit=880%2C440&ssl=1&resize=700%2C400 2x"},"classes":[]},{"id":32614,"url":"https:\/\/lahoradelcampo.com.uy\/site\/la-miel-sube-un-85-interanual\/","url_meta":{"origin":40481,"position":2},"title":"La miel sube un 85% interanual","author":"La Hora del Campo","date":"2 agosto, 2021","format":false,"excerpt":"El valor de la miel se ha mantenido estable en los \u00faltimos 30 d\u00edas, cotizando entre US$ 2,30 a US$ 2,50 el kilogramo, seg\u00fan el informe semanal de la Direcci\u00f3n General de la Granja (Digegra), con los precios m\u00e1ximos por mieles superclaras. Sin embargo al analizar estos valores de julio,\u2026","rel":"","context":"En \u00abActualidad\u00bb","block_context":{"text":"Actualidad","link":"https:\/\/lahoradelcampo.com.uy\/site\/category\/actualidad\/"},"img":{"alt_text":"","src":"https:\/\/i0.wp.com\/lahoradelcampo.com.uy\/site\/wp-content\/uploads\/2017\/12\/Miel.jpg?fit=880%2C440&ssl=1&resize=350%2C200","width":350,"height":200,"srcset":"https:\/\/i0.wp.com\/lahoradelcampo.com.uy\/site\/wp-content\/uploads\/2017\/12\/Miel.jpg?fit=880%2C440&ssl=1&resize=350%2C200 1x, https:\/\/i0.wp.com\/lahoradelcampo.com.uy\/site\/wp-content\/uploads\/2017\/12\/Miel.jpg?fit=880%2C440&ssl=1&resize=525%2C300 1.5x, https:\/\/i0.wp.com\/lahoradelcampo.com.uy\/site\/wp-content\/uploads\/2017\/12\/Miel.jpg?fit=880%2C440&ssl=1&resize=700%2C400 2x"},"classes":[]},{"id":30676,"url":"https:\/\/lahoradelcampo.com.uy\/site\/cayeron-los-valores-para-las-mieles-superclaras\/","url_meta":{"origin":40481,"position":3},"title":"Cayeron los valores para las mieles superclaras","author":"La Hora del Campo","date":"29 mayo, 2021","format":false,"excerpt":"Luego de varias semanas de valores sostenidos por sobre los US$ 3,00 para las mieles superclaras y US$ 2,60 para las mieles oscuras, el informe del Observatorio Granjero (Digegra-UAM) present\u00f3 nuevos valores a la baja el producto en el pa\u00eds, Ahora la miel cotiza entre US$ 2,30 y US$ 2,50\u2026","rel":"","context":"En \u00abActualidad\u00bb","block_context":{"text":"Actualidad","link":"https:\/\/lahoradelcampo.com.uy\/site\/category\/actualidad\/"},"img":{"alt_text":"","src":"https:\/\/i0.wp.com\/lahoradelcampo.com.uy\/site\/wp-content\/uploads\/2017\/12\/Miel.jpg?fit=880%2C440&ssl=1&resize=350%2C200","width":350,"height":200,"srcset":"https:\/\/i0.wp.com\/lahoradelcampo.com.uy\/site\/wp-content\/uploads\/2017\/12\/Miel.jpg?fit=880%2C440&ssl=1&resize=350%2C200 1x, https:\/\/i0.wp.com\/lahoradelcampo.com.uy\/site\/wp-content\/uploads\/2017\/12\/Miel.jpg?fit=880%2C440&ssl=1&resize=525%2C300 1.5x, https:\/\/i0.wp.com\/lahoradelcampo.com.uy\/site\/wp-content\/uploads\/2017\/12\/Miel.jpg?fit=880%2C440&ssl=1&resize=700%2C400 2x"},"classes":[]},{"id":26898,"url":"https:\/\/lahoradelcampo.com.uy\/site\/la-miel-arranco-el-2021-con-precios-al-alza-firme-demanda-y-poca-oferta\/","url_meta":{"origin":40481,"position":4},"title":"La miel arranc\u00f3 el 2021 con precios  al alza, firme demanda y poca oferta","author":"La Hora del Campo","date":"18 enero, 2021","format":false,"excerpt":"El 2020 fue un a\u00f1o que marc\u00f3 al sector ap\u00edcola en el pa\u00eds, por un lado las condicionantes permitieron un nivel de cosecha excepcional y por otro los precios descendieron de forma importante, donde en algunos momentos del a\u00f1o se lleg\u00f3 a pagar US$ 1,30 - US$ 1,40 por kilogramo\u2026","rel":"","context":"En \u00abActualidad\u00bb","block_context":{"text":"Actualidad","link":"https:\/\/lahoradelcampo.com.uy\/site\/category\/actualidad\/"},"img":{"alt_text":"","src":"https:\/\/i0.wp.com\/lahoradelcampo.com.uy\/site\/wp-content\/uploads\/2018\/03\/web-miel.jpg?fit=880%2C440&ssl=1&resize=350%2C200","width":350,"height":200,"srcset":"https:\/\/i0.wp.com\/lahoradelcampo.com.uy\/site\/wp-content\/uploads\/2018\/03\/web-miel.jpg?fit=880%2C440&ssl=1&resize=350%2C200 1x, https:\/\/i0.wp.com\/lahoradelcampo.com.uy\/site\/wp-content\/uploads\/2018\/03\/web-miel.jpg?fit=880%2C440&ssl=1&resize=525%2C300 1.5x, https:\/\/i0.wp.com\/lahoradelcampo.com.uy\/site\/wp-content\/uploads\/2018\/03\/web-miel.jpg?fit=880%2C440&ssl=1&resize=700%2C400 2x"},"classes":[]},{"id":55321,"url":"https:\/\/lahoradelcampo.com.uy\/site\/kilo-de-miel-sube-62-al-consumidor\/","url_meta":{"origin":40481,"position":5},"title":"Kilo de miel sube 62% al consumidor","author":"La Hora del Campo","date":"2 enero, 2025","format":false,"excerpt":"De acuerdo con el relevamiento del Observatorio Granjero de la Direcci\u00f3n General de la Granja y la Unidad Agroalimentaria Metropolitana, el precio promedio de la miel al consumidor en la UAM, con impuestos incluidos, ha tenido un fuerte crecimiento anual. En la \u00faltima semana la referencia se posiciona entre $\u2026","rel":"","context":"En \u00abActualidad\u00bb","block_context":{"text":"Actualidad","link":"https:\/\/lahoradelcampo.com.uy\/site\/category\/actualidad\/"},"img":{"alt_text":"","src":"https:\/\/i0.wp.com\/lahoradelcampo.com.uy\/site\/wp-content\/uploads\/2024\/12\/MIel-1.jpg?fit=880%2C440&ssl=1&resize=350%2C200","width":350,"height":200,"srcset":"https:\/\/i0.wp.com\/lahoradelcampo.com.uy\/site\/wp-content\/uploads\/2024\/12\/MIel-1.jpg?fit=880%2C440&ssl=1&resize=350%2C200 1x, https:\/\/i0.wp.com\/lahoradelcampo.com.uy\/site\/wp-content\/uploads\/2024\/12\/MIel-1.jpg?fit=880%2C440&ssl=1&resize=525%2C300 1.5x, https:\/\/i0.wp.com\/lahoradelcampo.com.uy\/site\/wp-content\/uploads\/2024\/12\/MIel-1.jpg?fit=880%2C440&ssl=1&resize=700%2C400 2x"},"classes":[]}],"jetpack_likes_enabled":true,"_links":{"self":[{"href":"https:\/\/lahoradelcampo.com.uy\/site\/wp-json\/wp\/v2\/posts\/40481","targetHints":{"allow":["GET"]}}],"collection":[{"href":"https:\/\/lahoradelcampo.com.uy\/site\/wp-json\/wp\/v2\/posts"}],"about":[{"href":"https:\/\/lahoradelcampo.com.uy\/site\/wp-json\/wp\/v2\/types\/post"}],"author":[{"embeddable":true,"href":"https:\/\/lahoradelcampo.com.uy\/site\/wp-json\/wp\/v2\/users\/5"}],"replies":[{"embeddable":true,"href":"https:\/\/lahoradelcampo.com.uy\/site\/wp-json\/wp\/v2\/comments?post=40481"}],"version-history":[{"count":1,"href":"https:\/\/lahoradelcampo.com.uy\/site\/wp-json\/wp\/v2\/posts\/40481\/revisions"}],"predecessor-version":[{"id":40483,"href":"https:\/\/lahoradelcampo.com.uy\/site\/wp-json\/wp\/v2\/posts\/40481\/revisions\/40483"}],"wp:featuredmedia":[{"embeddable":true,"href":"https:\/\/lahoradelcampo.com.uy\/site\/wp-json\/wp\/v2\/media\/6061"}],"wp:attachment":[{"href":"https:\/\/lahoradelcampo.com.uy\/site\/wp-json\/wp\/v2\/media?parent=40481"}],"wp:term":[{"taxonomy":"category","embeddable":true,"href":"https:\/\/lahoradelcampo.com.uy\/site\/wp-json\/wp\/v2\/categories?post=40481"},{"taxonomy":"post_tag","embeddable":true,"href":"https:\/\/lahoradelcampo.com.uy\/site\/wp-json\/wp\/v2\/tags?post=40481"}],"curies":[{"name":"wp","href":"https:\/\/api.w.org\/{rel}","templated":true}]}}