{"id":40473,"date":"2022-04-01T17:04:20","date_gmt":"2022-04-01T20:04:20","guid":{"rendered":"http:\/\/lahoradelcampo.com.uy\/site\/?p=40473"},"modified":"2022-04-01T17:04:24","modified_gmt":"2022-04-01T20:04:24","slug":"poder-de-compra-de-la-leche-subio-un-10","status":"publish","type":"post","link":"https:\/\/lahoradelcampo.com.uy\/site\/poder-de-compra-de-la-leche-subio-un-10\/","title":{"rendered":"Poder de compra de la leche subi\u00f3 un 10%"},"content":{"rendered":"\n<figure class=\"wp-block-image\"><img data-recalc-dims=\"1\" loading=\"lazy\" decoding=\"async\" width=\"810\" height=\"405\" data-attachment-id=\"9975\" data-permalink=\"https:\/\/lahoradelcampo.com.uy\/site\/stock-de-trigo-en-marzo-similar-al-de-un-ano-atras\/lecheria-brasil\/\" data-orig-file=\"https:\/\/i0.wp.com\/lahoradelcampo.com.uy\/site\/wp-content\/uploads\/2019\/04\/lecheria-brasil.jpg?fit=880%2C440&amp;ssl=1\" data-orig-size=\"880,440\" data-comments-opened=\"1\" data-image-meta=\"{&quot;aperture&quot;:&quot;0&quot;,&quot;credit&quot;:&quot;&quot;,&quot;camera&quot;:&quot;&quot;,&quot;caption&quot;:&quot;&quot;,&quot;created_timestamp&quot;:&quot;0&quot;,&quot;copyright&quot;:&quot;&quot;,&quot;focal_length&quot;:&quot;0&quot;,&quot;iso&quot;:&quot;0&quot;,&quot;shutter_speed&quot;:&quot;0&quot;,&quot;title&quot;:&quot;&quot;,&quot;orientation&quot;:&quot;1&quot;}\" data-image-title=\"lecheria brasil\" data-image-description=\"\" data-image-caption=\"\" data-large-file=\"https:\/\/i0.wp.com\/lahoradelcampo.com.uy\/site\/wp-content\/uploads\/2019\/04\/lecheria-brasil.jpg?fit=810%2C405&amp;ssl=1\" src=\"https:\/\/i0.wp.com\/lahoradelcampo.com.uy\/site\/wp-content\/uploads\/2019\/04\/lecheria-brasil.jpg?resize=810%2C405\" alt=\"\" class=\"wp-image-9975\" srcset=\"https:\/\/i0.wp.com\/lahoradelcampo.com.uy\/site\/wp-content\/uploads\/2019\/04\/lecheria-brasil.jpg?w=880&amp;ssl=1 880w, https:\/\/i0.wp.com\/lahoradelcampo.com.uy\/site\/wp-content\/uploads\/2019\/04\/lecheria-brasil.jpg?resize=300%2C150&amp;ssl=1 300w, https:\/\/i0.wp.com\/lahoradelcampo.com.uy\/site\/wp-content\/uploads\/2019\/04\/lecheria-brasil.jpg?resize=768%2C384&amp;ssl=1 768w, https:\/\/i0.wp.com\/lahoradelcampo.com.uy\/site\/wp-content\/uploads\/2019\/04\/lecheria-brasil.jpg?resize=820%2C410&amp;ssl=1 820w\" sizes=\"auto, (max-width: 810px) 100vw, 810px\" \/><\/figure>\n\n\n\n<p>De acuerdo a los datos publicados por el Instituto Nacional de la Leche (INALE), durante el mes de febrero de 2022, el poder de compra de la leche a nivel de los tambos, mejor\u00f3 un 10% respecto a febrero de 2021 y un 8% respecto al mes de enero.<br><\/p>\n\n\n\n<p>En la comparaci\u00f3n anual, en este a\u00f1o el precio recibido por el productor por litro de leche se ha incrementado un 26%, en tanto que el \u00edndice de los costos ha crecido un 14%.  <br><\/p>\n\n\n\n<p>Las categor\u00edas que tuvieron mayor peso en el aumento del \u00edndice de costos fueron semillas y fertilizantes, herbicidas y concentrados.<br><\/p>\n\n\n\n<p><strong>Fonterra<\/strong><br><\/p>\n\n\n\n<p>El martes 5 de abril, se realizar\u00e1 la pr\u00f3xima licitaci\u00f3n de la plataforma electr\u00f3nica GlobalDairyTrade (GDT) donde comercializa la neocelandesa Fonterra. Esta ser\u00e1 la primera venta luego de la decisi\u00f3n de la empresa de retirarse de la comercializaci\u00f3n de productos l\u00e1cteos a Rusia. <\/p>\n\n\n\n<p>En la \u00faltima licitaci\u00f3n, el promedio general de los l\u00e1cteos se ubic\u00f3 en US$ 5.039 por tonelada, luego de un ajuste del 0,9%. En esa venta la Leche en Polvo Entera (LPE) cerr\u00f3 a US$ 4.596, lo que implica una baja del 2,1%, reflejo de la ca\u00edda en los contratos m\u00e1s cercanos.  <\/p>\n\n\n\n<p>Salto, 1 de abril de 2022<\/p>\n","protected":false},"excerpt":{"rendered":"<p>De acuerdo a los datos publicados por el Instituto Nacional de la Leche (INALE), durante el mes de febrero de 2022, el poder de compra de la leche a nivel [&hellip;]<\/p>\n","protected":false},"author":5,"featured_media":9975,"comment_status":"open","ping_status":"open","sticky":false,"template":"","format":"standard","meta":{"_price":"","_stock":"","_tribe_ticket_header":"","_tribe_default_ticket_provider":"","_tribe_ticket_capacity":"0","_ticket_start_date":"","_ticket_end_date":"","_tribe_ticket_show_description":"","_tribe_ticket_show_not_going":false,"_tribe_ticket_use_global_stock":"","_tribe_ticket_global_stock_level":"","_global_stock_mode":"","_global_stock_cap":"","_tribe_rsvp_for_event":"","_tribe_ticket_going_count":"","_tribe_ticket_not_going_count":"","_tribe_tickets_list":"[]","_tribe_ticket_has_attendee_info_fields":false,"h5ap_radio_sources":[],"_jetpack_newsletter_access":"","_jetpack_dont_email_post_to_subs":false,"_jetpack_newsletter_tier_id":0,"_jetpack_memberships_contains_paywalled_content":false,"_jetpack_memberships_contains_paid_content":false,"footnotes":""},"categories":[21,11],"tags":[],"class_list":["post-40473","post","type-post","status-publish","format-standard","has-post-thumbnail","hentry","category-actualidad","category-lecheria"],"jetpack_featured_media_url":"https:\/\/i0.wp.com\/lahoradelcampo.com.uy\/site\/wp-content\/uploads\/2019\/04\/lecheria-brasil.jpg?fit=880%2C440&ssl=1","jetpack_sharing_enabled":true,"jetpack_shortlink":"https:\/\/wp.me\/p99IaT-awN","jetpack-related-posts":[{"id":53647,"url":"https:\/\/lahoradelcampo.com.uy\/site\/descendio-el-poder-de-compra-de-leche-en-el-ultimo-trimestre-de-2023\/","url_meta":{"origin":40473,"position":0},"title":"Descendi\u00f3 el poder de compra de leche en el \u00faltimo trimestre de 2023","author":"La Hora del Campo","date":"31 marzo, 2024","format":false,"excerpt":"El Instituto Nacional de la Leche (INALE) ha publicado recientemente su informe sobre los indicadores de precios y costos de la producci\u00f3n primaria de leche para el \u00faltimo trimestre del a\u00f1o 2023, abarcando el per\u00edodo de octubre a diciembre. Los resultados muestran una tendencia preocupante en el poder de compra\u2026","rel":"","context":"En \u00abActualidad\u00bb","block_context":{"text":"Actualidad","link":"https:\/\/lahoradelcampo.com.uy\/site\/category\/actualidad\/"},"img":{"alt_text":"","src":"https:\/\/i0.wp.com\/lahoradelcampo.com.uy\/site\/wp-content\/uploads\/2024\/03\/INALE-poderdecompra.jpg?fit=880%2C440&ssl=1&resize=350%2C200","width":350,"height":200,"srcset":"https:\/\/i0.wp.com\/lahoradelcampo.com.uy\/site\/wp-content\/uploads\/2024\/03\/INALE-poderdecompra.jpg?fit=880%2C440&ssl=1&resize=350%2C200 1x, https:\/\/i0.wp.com\/lahoradelcampo.com.uy\/site\/wp-content\/uploads\/2024\/03\/INALE-poderdecompra.jpg?fit=880%2C440&ssl=1&resize=525%2C300 1.5x, https:\/\/i0.wp.com\/lahoradelcampo.com.uy\/site\/wp-content\/uploads\/2024\/03\/INALE-poderdecompra.jpg?fit=880%2C440&ssl=1&resize=700%2C400 2x"},"classes":[]},{"id":54316,"url":"https:\/\/lahoradelcampo.com.uy\/site\/poder-de-compra-de-la-leche-cae-11-respecto-a-2023\/","url_meta":{"origin":40473,"position":1},"title":"Poder de compra de la leche cae 11% respecto a 2023","author":"La Hora del Campo","date":"29 agosto, 2024","format":false,"excerpt":"El \u00cdndice de Poder de Compra de la leche, publicado por el Instituto Nacional de la Leche (Inale), registr\u00f3 un valor de 95 en julio, mostrando un ligero descenso en comparaci\u00f3n con junio, que fue de 96. En t\u00e9rminos interanuales, el \u00edndice se ubic\u00f3 un 11,2% por debajo del valor\u2026","rel":"","context":"En \u00abActualidad\u00bb","block_context":{"text":"Actualidad","link":"https:\/\/lahoradelcampo.com.uy\/site\/category\/actualidad\/"},"img":{"alt_text":"","src":"https:\/\/i0.wp.com\/lahoradelcampo.com.uy\/site\/wp-content\/uploads\/2024\/08\/INALE-podercompraagosto24.jpg?fit=880%2C440&ssl=1&resize=350%2C200","width":350,"height":200,"srcset":"https:\/\/i0.wp.com\/lahoradelcampo.com.uy\/site\/wp-content\/uploads\/2024\/08\/INALE-podercompraagosto24.jpg?fit=880%2C440&ssl=1&resize=350%2C200 1x, https:\/\/i0.wp.com\/lahoradelcampo.com.uy\/site\/wp-content\/uploads\/2024\/08\/INALE-podercompraagosto24.jpg?fit=880%2C440&ssl=1&resize=525%2C300 1.5x, https:\/\/i0.wp.com\/lahoradelcampo.com.uy\/site\/wp-content\/uploads\/2024\/08\/INALE-podercompraagosto24.jpg?fit=880%2C440&ssl=1&resize=700%2C400 2x"},"classes":[]},{"id":26392,"url":"https:\/\/lahoradelcampo.com.uy\/site\/poder-de-compra-de-la-leche-cayo-un-09-en-noviembre\/","url_meta":{"origin":40473,"position":2},"title":"Poder de compra de la leche cay\u00f3 un 0,9% en noviembre","author":"La Hora del Campo","date":"29 diciembre, 2020","format":false,"excerpt":"El poder de compra del litro de leche producido por el tambero uruguayo durante el mes de noviembre se situ\u00f3 un 0,9% por debajo de lo registrado en el mes de octubre, sin embargo al compararse con 2019, dicho indicador creci\u00f3 levemente. La baja del mes de noviembre se debe\u2026","rel":"","context":"En \u00abActualidad\u00bb","block_context":{"text":"Actualidad","link":"https:\/\/lahoradelcampo.com.uy\/site\/category\/actualidad\/"},"img":{"alt_text":"","src":"https:\/\/i0.wp.com\/lahoradelcampo.com.uy\/site\/wp-content\/uploads\/2017\/10\/Lecheria.jpg?fit=880%2C440&ssl=1&resize=350%2C200","width":350,"height":200,"srcset":"https:\/\/i0.wp.com\/lahoradelcampo.com.uy\/site\/wp-content\/uploads\/2017\/10\/Lecheria.jpg?fit=880%2C440&ssl=1&resize=350%2C200 1x, https:\/\/i0.wp.com\/lahoradelcampo.com.uy\/site\/wp-content\/uploads\/2017\/10\/Lecheria.jpg?fit=880%2C440&ssl=1&resize=525%2C300 1.5x, https:\/\/i0.wp.com\/lahoradelcampo.com.uy\/site\/wp-content\/uploads\/2017\/10\/Lecheria.jpg?fit=880%2C440&ssl=1&resize=700%2C400 2x"},"classes":[]},{"id":20292,"url":"https:\/\/lahoradelcampo.com.uy\/site\/abril-mes-positivo-para-la-lecheria-en-uruguay\/","url_meta":{"origin":40473,"position":3},"title":"Abril: mes positivo para la lecher\u00eda en Uruguay","author":"La Hora del Campo","date":"28 mayo, 2020","format":false,"excerpt":"De acuerdo a los datos aportados por el Instituto Nacional de la Leche (INALE), durante el mes de abril de 2020 el sector lechero produjo m\u00e1s leche, recibi\u00f3 m\u00e1s dinero por litro y una leve mejora en el poder de compra del productor. Remisi\u00f3n a planta Durante el cuarto mes\u2026","rel":"","context":"En \u00abActualidad\u00bb","block_context":{"text":"Actualidad","link":"https:\/\/lahoradelcampo.com.uy\/site\/category\/actualidad\/"},"img":{"alt_text":"","src":"https:\/\/i0.wp.com\/lahoradelcampo.com.uy\/site\/wp-content\/uploads\/2017\/09\/lecheria.jpg?fit=880%2C440&ssl=1&resize=350%2C200","width":350,"height":200,"srcset":"https:\/\/i0.wp.com\/lahoradelcampo.com.uy\/site\/wp-content\/uploads\/2017\/09\/lecheria.jpg?fit=880%2C440&ssl=1&resize=350%2C200 1x, https:\/\/i0.wp.com\/lahoradelcampo.com.uy\/site\/wp-content\/uploads\/2017\/09\/lecheria.jpg?fit=880%2C440&ssl=1&resize=525%2C300 1.5x, https:\/\/i0.wp.com\/lahoradelcampo.com.uy\/site\/wp-content\/uploads\/2017\/09\/lecheria.jpg?fit=880%2C440&ssl=1&resize=700%2C400 2x"},"classes":[]},{"id":17352,"url":"https:\/\/lahoradelcampo.com.uy\/site\/el-poder-de-compra-del-tambero-perdio-21-puntos-desde-2014\/","url_meta":{"origin":40473,"position":4},"title":"El poder de compra  del tambero perdi\u00f3  21 puntos desde 2014","author":"La Hora del Campo","date":"11 febrero, 2020","format":false,"excerpt":"Al cerrar el balance de 2019, el Instituto Nacional de la Leche marca un diciembre 2019 muy positivo, con un Poder de Compra del litro de leche que crece un 10% respecto mismo mes del a\u00f1o anterior, en pesos uruguayos. En este sentido establece que el precio de la leche\u2026","rel":"","context":"En \u00abActualidad\u00bb","block_context":{"text":"Actualidad","link":"https:\/\/lahoradelcampo.com.uy\/site\/category\/actualidad\/"},"img":{"alt_text":"","src":"https:\/\/i0.wp.com\/lahoradelcampo.com.uy\/site\/wp-content\/uploads\/2017\/10\/Lecheria-1.jpg?fit=880%2C440&ssl=1&resize=350%2C200","width":350,"height":200,"srcset":"https:\/\/i0.wp.com\/lahoradelcampo.com.uy\/site\/wp-content\/uploads\/2017\/10\/Lecheria-1.jpg?fit=880%2C440&ssl=1&resize=350%2C200 1x, https:\/\/i0.wp.com\/lahoradelcampo.com.uy\/site\/wp-content\/uploads\/2017\/10\/Lecheria-1.jpg?fit=880%2C440&ssl=1&resize=525%2C300 1.5x, https:\/\/i0.wp.com\/lahoradelcampo.com.uy\/site\/wp-content\/uploads\/2017\/10\/Lecheria-1.jpg?fit=880%2C440&ssl=1&resize=700%2C400 2x"},"classes":[]},{"id":30866,"url":"https:\/\/lahoradelcampo.com.uy\/site\/mejor-precio-mayor-produccion-y-suba-del-poder-de-compra-del-tambero\/","url_meta":{"origin":40473,"position":5},"title":"Mejor precio, mayor producci\u00f3n y suba del poder de compra del tambero","author":"La Hora del Campo","date":"2 junio, 2021","format":false,"excerpt":"El Instituto Nacional de la Leche (INALE) dio a conocer los principales indicadores de la lecher\u00eda uruguaya para el mes de abril de 2021. En los datos publicados se puede observar una mejora del precio de la leche tanto en pesos uruguayos como en d\u00f3lares, un mayor nivel de remisi\u00f3n\u2026","rel":"","context":"En \u00abActualidad\u00bb","block_context":{"text":"Actualidad","link":"https:\/\/lahoradelcampo.com.uy\/site\/category\/actualidad\/"},"img":{"alt_text":"","src":"https:\/\/i0.wp.com\/lahoradelcampo.com.uy\/site\/wp-content\/uploads\/2021\/06\/Lecheria.jpg?fit=880%2C440&ssl=1&resize=350%2C200","width":350,"height":200,"srcset":"https:\/\/i0.wp.com\/lahoradelcampo.com.uy\/site\/wp-content\/uploads\/2021\/06\/Lecheria.jpg?fit=880%2C440&ssl=1&resize=350%2C200 1x, https:\/\/i0.wp.com\/lahoradelcampo.com.uy\/site\/wp-content\/uploads\/2021\/06\/Lecheria.jpg?fit=880%2C440&ssl=1&resize=525%2C300 1.5x, https:\/\/i0.wp.com\/lahoradelcampo.com.uy\/site\/wp-content\/uploads\/2021\/06\/Lecheria.jpg?fit=880%2C440&ssl=1&resize=700%2C400 2x"},"classes":[]}],"jetpack_likes_enabled":true,"_links":{"self":[{"href":"https:\/\/lahoradelcampo.com.uy\/site\/wp-json\/wp\/v2\/posts\/40473","targetHints":{"allow":["GET"]}}],"collection":[{"href":"https:\/\/lahoradelcampo.com.uy\/site\/wp-json\/wp\/v2\/posts"}],"about":[{"href":"https:\/\/lahoradelcampo.com.uy\/site\/wp-json\/wp\/v2\/types\/post"}],"author":[{"embeddable":true,"href":"https:\/\/lahoradelcampo.com.uy\/site\/wp-json\/wp\/v2\/users\/5"}],"replies":[{"embeddable":true,"href":"https:\/\/lahoradelcampo.com.uy\/site\/wp-json\/wp\/v2\/comments?post=40473"}],"version-history":[{"count":1,"href":"https:\/\/lahoradelcampo.com.uy\/site\/wp-json\/wp\/v2\/posts\/40473\/revisions"}],"predecessor-version":[{"id":40475,"href":"https:\/\/lahoradelcampo.com.uy\/site\/wp-json\/wp\/v2\/posts\/40473\/revisions\/40475"}],"wp:featuredmedia":[{"embeddable":true,"href":"https:\/\/lahoradelcampo.com.uy\/site\/wp-json\/wp\/v2\/media\/9975"}],"wp:attachment":[{"href":"https:\/\/lahoradelcampo.com.uy\/site\/wp-json\/wp\/v2\/media?parent=40473"}],"wp:term":[{"taxonomy":"category","embeddable":true,"href":"https:\/\/lahoradelcampo.com.uy\/site\/wp-json\/wp\/v2\/categories?post=40473"},{"taxonomy":"post_tag","embeddable":true,"href":"https:\/\/lahoradelcampo.com.uy\/site\/wp-json\/wp\/v2\/tags?post=40473"}],"curies":[{"name":"wp","href":"https:\/\/api.w.org\/{rel}","templated":true}]}}