{"id":40435,"date":"2022-03-31T06:34:32","date_gmt":"2022-03-31T09:34:32","guid":{"rendered":"http:\/\/lahoradelcampo.com.uy\/site\/?p=40435"},"modified":"2022-03-31T06:34:37","modified_gmt":"2022-03-31T09:34:37","slug":"100-de-colocacion-en-el-primer-dia-del-remate-239-de-pantalla-uruguay","status":"publish","type":"post","link":"https:\/\/lahoradelcampo.com.uy\/site\/100-de-colocacion-en-el-primer-dia-del-remate-239-de-pantalla-uruguay\/","title":{"rendered":"100% de colocaci\u00f3n en el primer d\u00eda del remate 239  de Pantalla Uruguay"},"content":{"rendered":"\n<figure class=\"wp-block-image\"><img data-recalc-dims=\"1\" loading=\"lazy\" decoding=\"async\" width=\"810\" height=\"405\" data-attachment-id=\"34749\" data-permalink=\"https:\/\/lahoradelcampo.com.uy\/site\/el-arranque-de-la-primavera-y-el-gordo-impulsan-la-reposicion\/pantalla-otto\/\" data-orig-file=\"https:\/\/i0.wp.com\/lahoradelcampo.com.uy\/site\/wp-content\/uploads\/2021\/09\/Pantalla-otto.jpg?fit=880%2C440&amp;ssl=1\" data-orig-size=\"880,440\" data-comments-opened=\"1\" data-image-meta=\"{&quot;aperture&quot;:&quot;0&quot;,&quot;credit&quot;:&quot;&quot;,&quot;camera&quot;:&quot;&quot;,&quot;caption&quot;:&quot;&quot;,&quot;created_timestamp&quot;:&quot;0&quot;,&quot;copyright&quot;:&quot;&quot;,&quot;focal_length&quot;:&quot;0&quot;,&quot;iso&quot;:&quot;0&quot;,&quot;shutter_speed&quot;:&quot;0&quot;,&quot;title&quot;:&quot;&quot;,&quot;orientation&quot;:&quot;1&quot;}\" data-image-title=\"Pantalla-otto\" data-image-description=\"\" data-image-caption=\"\" data-large-file=\"https:\/\/i0.wp.com\/lahoradelcampo.com.uy\/site\/wp-content\/uploads\/2021\/09\/Pantalla-otto.jpg?fit=810%2C405&amp;ssl=1\" src=\"https:\/\/i0.wp.com\/lahoradelcampo.com.uy\/site\/wp-content\/uploads\/2021\/09\/Pantalla-otto.jpg?resize=810%2C405\" alt=\"\" class=\"wp-image-34749\" srcset=\"https:\/\/i0.wp.com\/lahoradelcampo.com.uy\/site\/wp-content\/uploads\/2021\/09\/Pantalla-otto.jpg?w=880&amp;ssl=1 880w, https:\/\/i0.wp.com\/lahoradelcampo.com.uy\/site\/wp-content\/uploads\/2021\/09\/Pantalla-otto.jpg?resize=300%2C150&amp;ssl=1 300w, https:\/\/i0.wp.com\/lahoradelcampo.com.uy\/site\/wp-content\/uploads\/2021\/09\/Pantalla-otto.jpg?resize=768%2C384&amp;ssl=1 768w, https:\/\/i0.wp.com\/lahoradelcampo.com.uy\/site\/wp-content\/uploads\/2021\/09\/Pantalla-otto.jpg?resize=820%2C410&amp;ssl=1 820w\" sizes=\"auto, (max-width: 810px) 100vw, 810px\" \/><\/figure>\n\n\n\n<p>Pantalla Uruguay coloc\u00f3 el 100% de la oferta en su primer d\u00eda de ventas del remate 239, donde adem\u00e1s se incluye la primera Ganadera Brangus. <br><\/p>\n\n\n\n<p>Ayer se comercializ\u00f3 8.114 vacunos en todas las categor\u00edas de invernada, donde se presentaron muy buenos ganados Brangus, alcanz\u00e1ndose el m\u00e1ximo de US$ 3,45 por un lote de terneros Brangus. <br><\/p>\n\n\n\n<p>La escalera de novillos registr\u00f3 subas en sus cotizaciones al igual que la vaca de invernada, mientras que los terneros cerraron con un descenso del 3,5% respecto al remate anterior. Es de destacar que a mayor peso, la diferencia fue menor al kilo y promedialmente al bulto los terneros se pagaron mejor en este remate. <br><\/p>\n\n\n\n<p>Los novillos de 1 a 2 a\u00f1os subieron un 3,5%, los de 2 a 3 a\u00f1os lo hacen en un 4,8%, en tanto que para los de m\u00e1s de tres a\u00f1os no se registraron ventas en el remate anterior. Las vacas de invernada, que cerraron el remate, se pagaron un 3,4% m\u00e1s al kilo. <br><\/p>\n\n\n\n<figure class=\"wp-block-image\"><img data-recalc-dims=\"1\" loading=\"lazy\" decoding=\"async\" width=\"810\" height=\"329\" data-attachment-id=\"40437\" data-permalink=\"https:\/\/lahoradelcampo.com.uy\/site\/100-de-colocacion-en-el-primer-dia-del-remate-239-de-pantalla-uruguay\/pantallauruguayprecios\/\" data-orig-file=\"https:\/\/i0.wp.com\/lahoradelcampo.com.uy\/site\/wp-content\/uploads\/2022\/03\/pantallauruguayprecios.jpg?fit=884%2C359&amp;ssl=1\" data-orig-size=\"884,359\" data-comments-opened=\"1\" data-image-meta=\"{&quot;aperture&quot;:&quot;0&quot;,&quot;credit&quot;:&quot;&quot;,&quot;camera&quot;:&quot;&quot;,&quot;caption&quot;:&quot;&quot;,&quot;created_timestamp&quot;:&quot;0&quot;,&quot;copyright&quot;:&quot;&quot;,&quot;focal_length&quot;:&quot;0&quot;,&quot;iso&quot;:&quot;0&quot;,&quot;shutter_speed&quot;:&quot;0&quot;,&quot;title&quot;:&quot;&quot;,&quot;orientation&quot;:&quot;0&quot;}\" data-image-title=\"pantallauruguayprecios\" data-image-description=\"\" data-image-caption=\"\" data-large-file=\"https:\/\/i0.wp.com\/lahoradelcampo.com.uy\/site\/wp-content\/uploads\/2022\/03\/pantallauruguayprecios.jpg?fit=810%2C329&amp;ssl=1\" src=\"https:\/\/i0.wp.com\/lahoradelcampo.com.uy\/site\/wp-content\/uploads\/2022\/03\/pantallauruguayprecios.jpg?resize=810%2C329\" alt=\"\" class=\"wp-image-40437\" srcset=\"https:\/\/i0.wp.com\/lahoradelcampo.com.uy\/site\/wp-content\/uploads\/2022\/03\/pantallauruguayprecios.jpg?w=884&amp;ssl=1 884w, https:\/\/i0.wp.com\/lahoradelcampo.com.uy\/site\/wp-content\/uploads\/2022\/03\/pantallauruguayprecios.jpg?resize=300%2C122&amp;ssl=1 300w, https:\/\/i0.wp.com\/lahoradelcampo.com.uy\/site\/wp-content\/uploads\/2022\/03\/pantallauruguayprecios.jpg?resize=768%2C312&amp;ssl=1 768w\" sizes=\"auto, (max-width: 810px) 100vw, 810px\" \/><\/figure>\n\n\n\n<p>La oferta prevista para el d\u00eda de hoy jueves 31 de marzo, tambi\u00e9n desde la hora 9, comienza con los 2.247 ovinos, luego: 1.188 terneras, 1.137 terneros y terneras, 1.502 vaquillonas de 1 a 2 a\u00f1os, 437 vaquillonas sin servicio de 2 a 3 a\u00f1os, 1.561 vientres pre\u00f1ados, 117 vientres entorados, 883 piezas de cr\u00eda, 7 vientres PI y 1 toro.<\/p>\n\n\n\n<p>Salto, 31 de marzo de 2022<\/p>\n","protected":false},"excerpt":{"rendered":"<p>Pantalla Uruguay coloc\u00f3 el 100% de la oferta en su primer d\u00eda de ventas del remate 239, donde adem\u00e1s se incluye la primera Ganadera Brangus. Ayer se comercializ\u00f3 8.114 vacunos [&hellip;]<\/p>\n","protected":false},"author":5,"featured_media":34749,"comment_status":"open","ping_status":"open","sticky":false,"template":"","format":"standard","meta":{"_price":"","_stock":"","_tribe_ticket_header":"","_tribe_default_ticket_provider":"","_tribe_ticket_capacity":"0","_ticket_start_date":"","_ticket_end_date":"","_tribe_ticket_show_description":"","_tribe_ticket_show_not_going":false,"_tribe_ticket_use_global_stock":"","_tribe_ticket_global_stock_level":"","_global_stock_mode":"","_global_stock_cap":"","_tribe_rsvp_for_event":"","_tribe_ticket_going_count":"","_tribe_ticket_not_going_count":"","_tribe_tickets_list":"[]","_tribe_ticket_has_attendee_info_fields":false,"h5ap_radio_sources":[],"_jetpack_newsletter_access":"","_jetpack_dont_email_post_to_subs":false,"_jetpack_newsletter_tier_id":0,"_jetpack_memberships_contains_paywalled_content":false,"_jetpack_memberships_contains_paid_content":false,"footnotes":""},"categories":[21,5],"tags":[],"class_list":["post-40435","post","type-post","status-publish","format-standard","has-post-thumbnail","hentry","category-actualidad","category-ganaderia"],"jetpack_featured_media_url":"https:\/\/i0.wp.com\/lahoradelcampo.com.uy\/site\/wp-content\/uploads\/2021\/09\/Pantalla-otto.jpg?fit=880%2C440&ssl=1","jetpack_sharing_enabled":true,"jetpack_shortlink":"https:\/\/wp.me\/p99IaT-awb","jetpack-related-posts":[{"id":40367,"url":"https:\/\/lahoradelcampo.com.uy\/site\/15-000-vacunos-y-2-200-ovinos-en-el-remate-239-de-pantalla-uruguay\/","url_meta":{"origin":40435,"position":0},"title":"15.000 vacunos y 2.200 ovinos en  el remate 239 de Pantalla Uruguay","author":"La Hora del Campo","date":"30 marzo, 2022","format":false,"excerpt":"Pantalla Uruguay realizar\u00e1 hoy y ma\u00f1ana el remate 239 del consorcio y la primera Ganadera Brangus, como es tradicional desde el predio del Parque Tecnol\u00f3gico del LATU y transmitido por Tv Cable e Internet. Las ventas comenzaran a partir de las 9 horas y contar\u00e1 con una oferta de 14.909\u2026","rel":"","context":"En \u00abActualidad\u00bb","block_context":{"text":"Actualidad","link":"https:\/\/lahoradelcampo.com.uy\/site\/category\/actualidad\/"},"img":{"alt_text":"","src":"https:\/\/i0.wp.com\/lahoradelcampo.com.uy\/site\/wp-content\/uploads\/2021\/01\/Pantalla-Uruguay.jpg?fit=880%2C440&ssl=1&resize=350%2C200","width":350,"height":200,"srcset":"https:\/\/i0.wp.com\/lahoradelcampo.com.uy\/site\/wp-content\/uploads\/2021\/01\/Pantalla-Uruguay.jpg?fit=880%2C440&ssl=1&resize=350%2C200 1x, https:\/\/i0.wp.com\/lahoradelcampo.com.uy\/site\/wp-content\/uploads\/2021\/01\/Pantalla-Uruguay.jpg?fit=880%2C440&ssl=1&resize=525%2C300 1.5x, https:\/\/i0.wp.com\/lahoradelcampo.com.uy\/site\/wp-content\/uploads\/2021\/01\/Pantalla-Uruguay.jpg?fit=880%2C440&ssl=1&resize=700%2C400 2x"},"classes":[]},{"id":49690,"url":"https:\/\/lahoradelcampo.com.uy\/site\/pantalla-uruguay-cerro-con-subas-en-todas-las-categorias\/","url_meta":{"origin":40435,"position":1},"title":"Pantalla Uruguay cerr\u00f3 con subas en todas las categor\u00edas","author":"La Hora del Campo","date":"3 abril, 2023","format":false,"excerpt":"El remate de Pantalla Uruguay de este final de marzo se realiz\u00f3 en un contexto muy favorable para el sector agropecuario, luego de las abundantes lluvias que se registraron en todo el pa\u00eds. En dos jornadas de ventas, se vendieron 11.490 vacunos, lo que representa el 85,75% de la oferta,\u2026","rel":"","context":"En \u00abActualidad\u00bb","block_context":{"text":"Actualidad","link":"https:\/\/lahoradelcampo.com.uy\/site\/category\/actualidad\/"},"img":{"alt_text":"","src":"https:\/\/i0.wp.com\/lahoradelcampo.com.uy\/site\/wp-content\/uploads\/2017\/10\/Pantalla-Uruguay.jpg?fit=880%2C440&ssl=1&resize=350%2C200","width":350,"height":200,"srcset":"https:\/\/i0.wp.com\/lahoradelcampo.com.uy\/site\/wp-content\/uploads\/2017\/10\/Pantalla-Uruguay.jpg?fit=880%2C440&ssl=1&resize=350%2C200 1x, https:\/\/i0.wp.com\/lahoradelcampo.com.uy\/site\/wp-content\/uploads\/2017\/10\/Pantalla-Uruguay.jpg?fit=880%2C440&ssl=1&resize=525%2C300 1.5x, https:\/\/i0.wp.com\/lahoradelcampo.com.uy\/site\/wp-content\/uploads\/2017\/10\/Pantalla-Uruguay.jpg?fit=880%2C440&ssl=1&resize=700%2C400 2x"},"classes":[]},{"id":49558,"url":"https:\/\/lahoradelcampo.com.uy\/site\/bertsch-correa-y-san-roman-remataran-mas-de-1-100-vacunos-en-pantalla-uruguay\/","url_meta":{"origin":40435,"position":2},"title":"Bertsch, Correa y San Rom\u00e1n rematar\u00e1n m\u00e1s de 1.100 vacunos en Pantalla Uruguay","author":"La Hora del Campo","date":"29 marzo, 2023","format":false,"excerpt":"Bertsch, Correa y San Rom\u00e1n rematar\u00e1n m\u00e1s de 1.100 vacunos en el remate 254 de Pantalla Uruguay, que se llevar\u00e1 a cabo desde las instalaciones del Parque Tecnol\u00f3gico del LATU los d\u00edas 30 y 31 de marzo. El evento a nivel nacional contar\u00e1 con una oferta total de 10.736 vacunos\u2026","rel":"","context":"En \u00abActualidad\u00bb","block_context":{"text":"Actualidad","link":"https:\/\/lahoradelcampo.com.uy\/site\/category\/actualidad\/"},"img":{"alt_text":"","src":"https:\/\/i0.wp.com\/lahoradelcampo.com.uy\/site\/wp-content\/uploads\/2022\/04\/PU-Pantalla-Uruguay.jpg?fit=880%2C440&ssl=1&resize=350%2C200","width":350,"height":200,"srcset":"https:\/\/i0.wp.com\/lahoradelcampo.com.uy\/site\/wp-content\/uploads\/2022\/04\/PU-Pantalla-Uruguay.jpg?fit=880%2C440&ssl=1&resize=350%2C200 1x, https:\/\/i0.wp.com\/lahoradelcampo.com.uy\/site\/wp-content\/uploads\/2022\/04\/PU-Pantalla-Uruguay.jpg?fit=880%2C440&ssl=1&resize=525%2C300 1.5x, https:\/\/i0.wp.com\/lahoradelcampo.com.uy\/site\/wp-content\/uploads\/2022\/04\/PU-Pantalla-Uruguay.jpg?fit=880%2C440&ssl=1&resize=700%2C400 2x"},"classes":[]},{"id":10227,"url":"https:\/\/lahoradelcampo.com.uy\/site\/pantalla-uruguay-logro-el-95%de-colocacion-en-el-primer-dia-de-remate\/","url_meta":{"origin":40435,"position":3},"title":"Pantalla Uruguay logr\u00f3 el 95%de colocaci\u00f3n en el primer d\u00eda de remate","author":"La Hora del Campo","date":"26 abril, 2019","format":false,"excerpt":"Con agilidad en las ventas y el 95% de colocaci\u00f3n, Pantalla Uruguay concret\u00f3 el primer d\u00eda de comercializaci\u00f3n, en el remate mensual del consorcio de rematadores donde se incluye la 41a Ganadera Hereford. En la categor\u00eda de terneros, la m\u00e1s abultada en este remate, cont\u00f3 con un piso en los\u2026","rel":"","context":"En \u00abActualidad\u00bb","block_context":{"text":"Actualidad","link":"https:\/\/lahoradelcampo.com.uy\/site\/category\/actualidad\/"},"img":{"alt_text":"","src":"https:\/\/i0.wp.com\/lahoradelcampo.com.uy\/site\/wp-content\/uploads\/2019\/04\/Pantalla.jpg?fit=880%2C440&ssl=1&resize=350%2C200","width":350,"height":200,"srcset":"https:\/\/i0.wp.com\/lahoradelcampo.com.uy\/site\/wp-content\/uploads\/2019\/04\/Pantalla.jpg?fit=880%2C440&ssl=1&resize=350%2C200 1x, https:\/\/i0.wp.com\/lahoradelcampo.com.uy\/site\/wp-content\/uploads\/2019\/04\/Pantalla.jpg?fit=880%2C440&ssl=1&resize=525%2C300 1.5x, https:\/\/i0.wp.com\/lahoradelcampo.com.uy\/site\/wp-content\/uploads\/2019\/04\/Pantalla.jpg?fit=880%2C440&ssl=1&resize=700%2C400 2x"},"classes":[]},{"id":40071,"url":"https:\/\/lahoradelcampo.com.uy\/site\/bertsch-correa-san-roman-certifican-1-450-vacunos-para-pantalla-uruguay\/","url_meta":{"origin":40435,"position":4},"title":"Bertsch, Correa &#038; San Roman certifican 1.450 vacunos para Pantalla Uruguay","author":"La Hora del Campo","date":"20 marzo, 2022","format":false,"excerpt":"Pantalla Uruguay se encuentra certificando los ganados para su remate 239, que en esta oportunidad incluye la primera Ganadera Brangus. El escritorio Bertsch, Correa & San Rom\u00e1n se encuentran certificando 1.450 vacunos y 200 ovinos que han sido consignados a la firma para este remate. Carlos Mart\u00edn Correa, integrante de\u2026","rel":"","context":"En \u00abActualidad\u00bb","block_context":{"text":"Actualidad","link":"https:\/\/lahoradelcampo.com.uy\/site\/category\/actualidad\/"},"img":{"alt_text":"","src":"https:\/\/i0.wp.com\/lahoradelcampo.com.uy\/site\/wp-content\/uploads\/2022\/03\/Carlosmartincorrea1.jpg?fit=880%2C440&ssl=1&resize=350%2C200","width":350,"height":200,"srcset":"https:\/\/i0.wp.com\/lahoradelcampo.com.uy\/site\/wp-content\/uploads\/2022\/03\/Carlosmartincorrea1.jpg?fit=880%2C440&ssl=1&resize=350%2C200 1x, https:\/\/i0.wp.com\/lahoradelcampo.com.uy\/site\/wp-content\/uploads\/2022\/03\/Carlosmartincorrea1.jpg?fit=880%2C440&ssl=1&resize=525%2C300 1.5x, https:\/\/i0.wp.com\/lahoradelcampo.com.uy\/site\/wp-content\/uploads\/2022\/03\/Carlosmartincorrea1.jpg?fit=880%2C440&ssl=1&resize=700%2C400 2x"},"classes":[]},{"id":54111,"url":"https:\/\/lahoradelcampo.com.uy\/site\/pantalla-uruguay-con-100-de-los-vacunos-vendidos-en-el-primer-dia\/","url_meta":{"origin":40435,"position":5},"title":"Pantalla Uruguay con 100% de los vacunos vendidos en el primer d\u00eda","author":"La Hora del Campo","date":"31 julio, 2024","format":false,"excerpt":"El primer d\u00eda del remate 278 de Pantalla Uruguay, llevado a cabo en el LATU con la financiaci\u00f3n del banco Ita\u00fa, culmin\u00f3 con un \u00e9xito rotundo, logrando la venta del 100% de los vacunos de invernada y m\u00e1s del 80% de los casi 11.000 ovinos ofertados. Este evento, caracterizado por\u2026","rel":"","context":"En \u00abActualidad\u00bb","block_context":{"text":"Actualidad","link":"https:\/\/lahoradelcampo.com.uy\/site\/category\/actualidad\/"},"img":{"alt_text":"","src":"https:\/\/i0.wp.com\/lahoradelcampo.com.uy\/site\/wp-content\/uploads\/2023\/04\/Pantalla-Uruguay.jpg?fit=880%2C440&ssl=1&resize=350%2C200","width":350,"height":200,"srcset":"https:\/\/i0.wp.com\/lahoradelcampo.com.uy\/site\/wp-content\/uploads\/2023\/04\/Pantalla-Uruguay.jpg?fit=880%2C440&ssl=1&resize=350%2C200 1x, https:\/\/i0.wp.com\/lahoradelcampo.com.uy\/site\/wp-content\/uploads\/2023\/04\/Pantalla-Uruguay.jpg?fit=880%2C440&ssl=1&resize=525%2C300 1.5x, https:\/\/i0.wp.com\/lahoradelcampo.com.uy\/site\/wp-content\/uploads\/2023\/04\/Pantalla-Uruguay.jpg?fit=880%2C440&ssl=1&resize=700%2C400 2x"},"classes":[]}],"jetpack_likes_enabled":true,"_links":{"self":[{"href":"https:\/\/lahoradelcampo.com.uy\/site\/wp-json\/wp\/v2\/posts\/40435","targetHints":{"allow":["GET"]}}],"collection":[{"href":"https:\/\/lahoradelcampo.com.uy\/site\/wp-json\/wp\/v2\/posts"}],"about":[{"href":"https:\/\/lahoradelcampo.com.uy\/site\/wp-json\/wp\/v2\/types\/post"}],"author":[{"embeddable":true,"href":"https:\/\/lahoradelcampo.com.uy\/site\/wp-json\/wp\/v2\/users\/5"}],"replies":[{"embeddable":true,"href":"https:\/\/lahoradelcampo.com.uy\/site\/wp-json\/wp\/v2\/comments?post=40435"}],"version-history":[{"count":1,"href":"https:\/\/lahoradelcampo.com.uy\/site\/wp-json\/wp\/v2\/posts\/40435\/revisions"}],"predecessor-version":[{"id":40439,"href":"https:\/\/lahoradelcampo.com.uy\/site\/wp-json\/wp\/v2\/posts\/40435\/revisions\/40439"}],"wp:featuredmedia":[{"embeddable":true,"href":"https:\/\/lahoradelcampo.com.uy\/site\/wp-json\/wp\/v2\/media\/34749"}],"wp:attachment":[{"href":"https:\/\/lahoradelcampo.com.uy\/site\/wp-json\/wp\/v2\/media?parent=40435"}],"wp:term":[{"taxonomy":"category","embeddable":true,"href":"https:\/\/lahoradelcampo.com.uy\/site\/wp-json\/wp\/v2\/categories?post=40435"},{"taxonomy":"post_tag","embeddable":true,"href":"https:\/\/lahoradelcampo.com.uy\/site\/wp-json\/wp\/v2\/tags?post=40435"}],"curies":[{"name":"wp","href":"https:\/\/api.w.org\/{rel}","templated":true}]}}