{"id":40431,"date":"2022-03-31T06:30:50","date_gmt":"2022-03-31T09:30:50","guid":{"rendered":"http:\/\/lahoradelcampo.com.uy\/site\/?p=40431"},"modified":"2022-03-31T06:30:56","modified_gmt":"2022-03-31T09:30:56","slug":"el-novillo-impulsa-el-valor-promedio-del-novillo-en-el-mercosur","status":"publish","type":"post","link":"https:\/\/lahoradelcampo.com.uy\/site\/el-novillo-impulsa-el-valor-promedio-del-novillo-en-el-mercosur\/","title":{"rendered":"El novillo impulsa  el valor promedio del novillo en el Mercosur"},"content":{"rendered":"\n<figure class=\"wp-block-image\"><img data-recalc-dims=\"1\" loading=\"lazy\" decoding=\"async\" width=\"810\" height=\"405\" data-attachment-id=\"33633\" data-permalink=\"https:\/\/lahoradelcampo.com.uy\/site\/el-real-impulso-el-indice-faxcarne-del-novillo-mercosur\/boigordo1\/\" data-orig-file=\"https:\/\/i0.wp.com\/lahoradelcampo.com.uy\/site\/wp-content\/uploads\/2021\/09\/boigordo1.jpg?fit=880%2C440&amp;ssl=1\" data-orig-size=\"880,440\" data-comments-opened=\"1\" data-image-meta=\"{&quot;aperture&quot;:&quot;0&quot;,&quot;credit&quot;:&quot;&quot;,&quot;camera&quot;:&quot;&quot;,&quot;caption&quot;:&quot;&quot;,&quot;created_timestamp&quot;:&quot;0&quot;,&quot;copyright&quot;:&quot;&quot;,&quot;focal_length&quot;:&quot;0&quot;,&quot;iso&quot;:&quot;0&quot;,&quot;shutter_speed&quot;:&quot;0&quot;,&quot;title&quot;:&quot;&quot;,&quot;orientation&quot;:&quot;1&quot;}\" data-image-title=\"boigordo1\" data-image-description=\"\" data-image-caption=\"\" data-large-file=\"https:\/\/i0.wp.com\/lahoradelcampo.com.uy\/site\/wp-content\/uploads\/2021\/09\/boigordo1.jpg?fit=810%2C405&amp;ssl=1\" src=\"https:\/\/i0.wp.com\/lahoradelcampo.com.uy\/site\/wp-content\/uploads\/2021\/09\/boigordo1.jpg?resize=810%2C405\" alt=\"\" class=\"wp-image-33633\" srcset=\"https:\/\/i0.wp.com\/lahoradelcampo.com.uy\/site\/wp-content\/uploads\/2021\/09\/boigordo1.jpg?w=880&amp;ssl=1 880w, https:\/\/i0.wp.com\/lahoradelcampo.com.uy\/site\/wp-content\/uploads\/2021\/09\/boigordo1.jpg?resize=300%2C150&amp;ssl=1 300w, https:\/\/i0.wp.com\/lahoradelcampo.com.uy\/site\/wp-content\/uploads\/2021\/09\/boigordo1.jpg?resize=768%2C384&amp;ssl=1 768w, https:\/\/i0.wp.com\/lahoradelcampo.com.uy\/site\/wp-content\/uploads\/2021\/09\/boigordo1.jpg?resize=820%2C410&amp;ssl=1 820w\" sizes=\"auto, (max-width: 810px) 100vw, 810px\" \/><\/figure>\n\n\n\n<p>Durante la \u00faltima semana se registr\u00f3 una importante valorizaci\u00f3n de la moneda brasile\u00f1a frente al d\u00f3lar estadounidense, lo que impulso la valorizaci\u00f3n del novillo gordo para faena en el Mercosur. <br><\/p>\n\n\n\n<p>El \u00cdndice Faxcarne del Novillo Mercosur, elaborado por la consultora Tard\u00e1guila Agromercados, alcanz\u00f3 un m\u00e1ximo de US$ 4,53 el kilo carcasa, registrando un aumento semanal de ocho centavos. En Brasil el real se valoriz\u00f3 3,1% en la semana y acumula una suba de 8% en las dos \u00faltimas. Con ello, a pesar de que en la moneda local el macho para faena baj\u00f3, en d\u00f3lares se valoriz\u00f3 9 centavos a US$ 4,31 el kilo carcasa.<br><\/p>\n\n\n\n<p>Tambi\u00e9n fue importante el salto en los precios del gordo en Paraguay, siempre muy ligado a lo que sucede en Brasil. El macho para faena en Paraguay subi\u00f3 30 cents en la semana a US$ 3,70 el kilo carcasa.<br><\/p>\n\n\n\n<p>Lo propio sucede en Uruguay, donde la demanda por el momento no da se\u00f1ales de retracci\u00f3n. El novillo especial alcanz\u00f3 una referencia de US$ 5,25 el kilo carcasa.<br><\/p>\n\n\n\n<p>Donde los precios se mantuvieron estables esta \u00faltima semana fue en Argentina, dejando atr\u00e1s varias semanas consecutivas de valorizaci\u00f3n.  Teniendo en cuenta el tipo de cambio oficial y agreg\u00e1ndole el 9% de impuesto a la exportaci\u00f3n, el novillo especial qued\u00f3 con una referencia de US$ 5,10 el kilo.<\/p>\n\n\n\n<p>Salto, 31 de marzo de 2022<\/p>\n","protected":false},"excerpt":{"rendered":"<p>Durante la \u00faltima semana se registr\u00f3 una importante valorizaci\u00f3n de la moneda brasile\u00f1a frente al d\u00f3lar estadounidense, lo que impulso la valorizaci\u00f3n del novillo gordo para faena en el Mercosur. [&hellip;]<\/p>\n","protected":false},"author":5,"featured_media":33633,"comment_status":"open","ping_status":"open","sticky":false,"template":"","format":"standard","meta":{"_price":"","_stock":"","_tribe_ticket_header":"","_tribe_default_ticket_provider":"","_tribe_ticket_capacity":"0","_ticket_start_date":"","_ticket_end_date":"","_tribe_ticket_show_description":"","_tribe_ticket_show_not_going":false,"_tribe_ticket_use_global_stock":"","_tribe_ticket_global_stock_level":"","_global_stock_mode":"","_global_stock_cap":"","_tribe_rsvp_for_event":"","_tribe_ticket_going_count":"","_tribe_ticket_not_going_count":"","_tribe_tickets_list":"[]","_tribe_ticket_has_attendee_info_fields":false,"h5ap_radio_sources":[],"_jetpack_newsletter_access":"","_jetpack_dont_email_post_to_subs":false,"_jetpack_newsletter_tier_id":0,"_jetpack_memberships_contains_paywalled_content":false,"_jetpack_memberships_contains_paid_content":false,"footnotes":""},"categories":[21,15],"tags":[],"class_list":["post-40431","post","type-post","status-publish","format-standard","has-post-thumbnail","hentry","category-actualidad","category-columnistas"],"jetpack_featured_media_url":"https:\/\/i0.wp.com\/lahoradelcampo.com.uy\/site\/wp-content\/uploads\/2021\/09\/boigordo1.jpg?fit=880%2C440&ssl=1","jetpack_sharing_enabled":true,"jetpack_shortlink":"https:\/\/wp.me\/p99IaT-aw7","jetpack-related-posts":[{"id":40207,"url":"https:\/\/lahoradelcampo.com.uy\/site\/us-445-para-el-novillo-gordo-en-el-mercosur\/","url_meta":{"origin":40431,"position":0},"title":"US$ 4,45 para el Novillo Gordo en el Mercosur","author":"La Hora del Campo","date":"24 marzo, 2022","format":false,"excerpt":"Los precios en d\u00f3lares en la regi\u00f3n subieron fuerte esta semana como consecuencia de la valorizaci\u00f3n de las monedas, fundamentalmente del real, seg\u00fan inform\u00f3 la publicaci\u00f3n electr\u00f3nica especializada en el sector c\u00e1rnico, Faxcarne. El \u00cdndice Faxcarne para el Novillo Mercosur cotiza esta semana en US$ 4,45 por kilogramo de carcasa,\u2026","rel":"","context":"En \u00abActualidad\u00bb","block_context":{"text":"Actualidad","link":"https:\/\/lahoradelcampo.com.uy\/site\/category\/actualidad\/"},"img":{"alt_text":"","src":"https:\/\/i0.wp.com\/lahoradelcampo.com.uy\/site\/wp-content\/uploads\/2021\/10\/novillo-gordo.jpg?fit=880%2C440&ssl=1&resize=350%2C200","width":350,"height":200,"srcset":"https:\/\/i0.wp.com\/lahoradelcampo.com.uy\/site\/wp-content\/uploads\/2021\/10\/novillo-gordo.jpg?fit=880%2C440&ssl=1&resize=350%2C200 1x, https:\/\/i0.wp.com\/lahoradelcampo.com.uy\/site\/wp-content\/uploads\/2021\/10\/novillo-gordo.jpg?fit=880%2C440&ssl=1&resize=525%2C300 1.5x, https:\/\/i0.wp.com\/lahoradelcampo.com.uy\/site\/wp-content\/uploads\/2021\/10\/novillo-gordo.jpg?fit=880%2C440&ssl=1&resize=700%2C400 2x"},"classes":[]},{"id":40663,"url":"https:\/\/lahoradelcampo.com.uy\/site\/el-precio-del-gordo-subio-en-los-cuatro-paises-del-mercosur\/","url_meta":{"origin":40431,"position":1},"title":"El precio del gordo subi\u00f3 en los cuatro pa\u00edses del Mercosur","author":"La Hora del Campo","date":"8 abril, 2022","format":false,"excerpt":"El precio del ganado gordo para faena ha venido en aumento en todos los pa\u00edses del Mercosur, de acuerdo al relevamiento que realiza semana a semana la Consultora Tard\u00e1guila Agromercados. De esta manera el \u00cdndice Faxcarne del Novillo Mercosur subi\u00f3 5 centavos a US$ 4,58 el kilo carcasa. Uruguay volvi\u00f3\u2026","rel":"","context":"En \u00abActualidad\u00bb","block_context":{"text":"Actualidad","link":"https:\/\/lahoradelcampo.com.uy\/site\/category\/actualidad\/"},"img":{"alt_text":"","src":"https:\/\/i0.wp.com\/lahoradelcampo.com.uy\/site\/wp-content\/uploads\/2021\/11\/novillos.jpg?fit=880%2C440&ssl=1&resize=350%2C200","width":350,"height":200,"srcset":"https:\/\/i0.wp.com\/lahoradelcampo.com.uy\/site\/wp-content\/uploads\/2021\/11\/novillos.jpg?fit=880%2C440&ssl=1&resize=350%2C200 1x, https:\/\/i0.wp.com\/lahoradelcampo.com.uy\/site\/wp-content\/uploads\/2021\/11\/novillos.jpg?fit=880%2C440&ssl=1&resize=525%2C300 1.5x, https:\/\/i0.wp.com\/lahoradelcampo.com.uy\/site\/wp-content\/uploads\/2021\/11\/novillos.jpg?fit=880%2C440&ssl=1&resize=700%2C400 2x"},"classes":[]},{"id":49848,"url":"https:\/\/lahoradelcampo.com.uy\/site\/el-novillo-mercosur-en-su-valor-mas-alto-en-seis-meses\/","url_meta":{"origin":40431,"position":2},"title":"El Novillo Mercosur en su valor m\u00e1s alto en seis meses","author":"La Hora del Campo","date":"10 abril, 2023","format":false,"excerpt":"El valor del novillo en los pa\u00edses del Mercosur ha alcanzado su valor m\u00e1s alto en m\u00e1s de seis meses.Seg\u00fan el \u00cdndice Faxcarne del Novillo Mercosur, elaborado por la consultora Tard\u00e1guila Agromercados, el precio medio ha subido a US$ 3,74 el kilo carcasa. Esta recuperaci\u00f3n se debe a la mejora\u2026","rel":"","context":"En \u00abActualidad\u00bb","block_context":{"text":"Actualidad","link":"https:\/\/lahoradelcampo.com.uy\/site\/category\/actualidad\/"},"img":{"alt_text":"","src":"https:\/\/i0.wp.com\/lahoradelcampo.com.uy\/site\/wp-content\/uploads\/2017\/10\/Ganado-gordo.jpg?fit=880%2C440&ssl=1&resize=350%2C200","width":350,"height":200,"srcset":"https:\/\/i0.wp.com\/lahoradelcampo.com.uy\/site\/wp-content\/uploads\/2017\/10\/Ganado-gordo.jpg?fit=880%2C440&ssl=1&resize=350%2C200 1x, https:\/\/i0.wp.com\/lahoradelcampo.com.uy\/site\/wp-content\/uploads\/2017\/10\/Ganado-gordo.jpg?fit=880%2C440&ssl=1&resize=525%2C300 1.5x, https:\/\/i0.wp.com\/lahoradelcampo.com.uy\/site\/wp-content\/uploads\/2017\/10\/Ganado-gordo.jpg?fit=880%2C440&ssl=1&resize=700%2C400 2x"},"classes":[]},{"id":40971,"url":"https:\/\/lahoradelcampo.com.uy\/site\/el-indice-del-novillo-mercosur-volvio-a-bajar\/","url_meta":{"origin":40431,"position":3},"title":"El \u00cdndice del Novillo Mercosur volvi\u00f3 a bajar","author":"La Hora del Campo","date":"21 abril, 2022","format":false,"excerpt":"El valor medio del novillo en la regi\u00f3n baj\u00f3 por segunda semana consecutiva, presionado fundamentalmente por una nueva ca\u00edda de las referencias en Brasil. El \u00cdndice Faxcarne del Novillo Mercosur, elaborado por la consultora Tard\u00e1guila Agromercados, perdi\u00f3 4 cents en la semana a US$ 4,51 y qued\u00f3 7 centavos por\u2026","rel":"","context":"En \u00abActualidad\u00bb","block_context":{"text":"Actualidad","link":"https:\/\/lahoradelcampo.com.uy\/site\/category\/actualidad\/"},"img":{"alt_text":"","src":"https:\/\/i0.wp.com\/lahoradelcampo.com.uy\/site\/wp-content\/uploads\/2022\/03\/novillo-merco.jpg?fit=880%2C440&ssl=1&resize=350%2C200","width":350,"height":200,"srcset":"https:\/\/i0.wp.com\/lahoradelcampo.com.uy\/site\/wp-content\/uploads\/2022\/03\/novillo-merco.jpg?fit=880%2C440&ssl=1&resize=350%2C200 1x, https:\/\/i0.wp.com\/lahoradelcampo.com.uy\/site\/wp-content\/uploads\/2022\/03\/novillo-merco.jpg?fit=880%2C440&ssl=1&resize=525%2C300 1.5x, https:\/\/i0.wp.com\/lahoradelcampo.com.uy\/site\/wp-content\/uploads\/2022\/03\/novillo-merco.jpg?fit=880%2C440&ssl=1&resize=700%2C400 2x"},"classes":[]},{"id":32090,"url":"https:\/\/lahoradelcampo.com.uy\/site\/el-indice-novillo-mercosur-subio-3-centavos\/","url_meta":{"origin":40431,"position":4},"title":"El \u00cdndice Novillo Mercosur subi\u00f3 3 centavos","author":"La Hora del Campo","date":"15 julio, 2021","format":false,"excerpt":"El \u00cdndice Faxcarne del Novillo Mercosur subi\u00f3 3 centavos en la semana, situ\u00e1ndose en US$ 3,85 el kilo de carcasa en la industria frigor\u00edfica de la regi\u00f3n. Dicho indicador fue presionado la alza por aumentos en las referencias de precios en Uruguay, Argentina y Paraguay. En Brasil se registr\u00f3 un\u2026","rel":"","context":"En \u00abActualidad\u00bb","block_context":{"text":"Actualidad","link":"https:\/\/lahoradelcampo.com.uy\/site\/category\/actualidad\/"},"img":{"alt_text":"","src":"https:\/\/i0.wp.com\/lahoradelcampo.com.uy\/site\/wp-content\/uploads\/2021\/05\/boigordo.jpg?fit=880%2C440&ssl=1&resize=350%2C200","width":350,"height":200,"srcset":"https:\/\/i0.wp.com\/lahoradelcampo.com.uy\/site\/wp-content\/uploads\/2021\/05\/boigordo.jpg?fit=880%2C440&ssl=1&resize=350%2C200 1x, https:\/\/i0.wp.com\/lahoradelcampo.com.uy\/site\/wp-content\/uploads\/2021\/05\/boigordo.jpg?fit=880%2C440&ssl=1&resize=525%2C300 1.5x, https:\/\/i0.wp.com\/lahoradelcampo.com.uy\/site\/wp-content\/uploads\/2021\/05\/boigordo.jpg?fit=880%2C440&ssl=1&resize=700%2C400 2x"},"classes":[]},{"id":33629,"url":"https:\/\/lahoradelcampo.com.uy\/site\/el-real-impulso-el-indice-faxcarne-del-novillo-mercosur\/","url_meta":{"origin":40431,"position":5},"title":"El real impuls\u00f3 el \u00edndice Faxcarne del Novillo Mercosur","author":"La Hora del Campo","date":"1 septiembre, 2021","format":false,"excerpt":"De acuerdo al informe realizado por el Ing. Agr. Rafael Tard\u00e1guila en su bolet\u00edn electr\u00f3nico Faxcarne, la valorizaci\u00f3n de la moneda en Brasil gener\u00f3 un cambio en la tendencia bajista que se visualizaba en las \u00faltimas semanas para el valor del novillo en la regi\u00f3n. El \u00cdndice Faxcarne del Novillo\u2026","rel":"","context":"En \u00abActualidad\u00bb","block_context":{"text":"Actualidad","link":"https:\/\/lahoradelcampo.com.uy\/site\/category\/actualidad\/"},"img":{"alt_text":"","src":"https:\/\/i0.wp.com\/lahoradelcampo.com.uy\/site\/wp-content\/uploads\/2021\/09\/boigordo2.jpg?fit=880%2C440&ssl=1&resize=350%2C200","width":350,"height":200,"srcset":"https:\/\/i0.wp.com\/lahoradelcampo.com.uy\/site\/wp-content\/uploads\/2021\/09\/boigordo2.jpg?fit=880%2C440&ssl=1&resize=350%2C200 1x, https:\/\/i0.wp.com\/lahoradelcampo.com.uy\/site\/wp-content\/uploads\/2021\/09\/boigordo2.jpg?fit=880%2C440&ssl=1&resize=525%2C300 1.5x, https:\/\/i0.wp.com\/lahoradelcampo.com.uy\/site\/wp-content\/uploads\/2021\/09\/boigordo2.jpg?fit=880%2C440&ssl=1&resize=700%2C400 2x"},"classes":[]}],"jetpack_likes_enabled":true,"_links":{"self":[{"href":"https:\/\/lahoradelcampo.com.uy\/site\/wp-json\/wp\/v2\/posts\/40431","targetHints":{"allow":["GET"]}}],"collection":[{"href":"https:\/\/lahoradelcampo.com.uy\/site\/wp-json\/wp\/v2\/posts"}],"about":[{"href":"https:\/\/lahoradelcampo.com.uy\/site\/wp-json\/wp\/v2\/types\/post"}],"author":[{"embeddable":true,"href":"https:\/\/lahoradelcampo.com.uy\/site\/wp-json\/wp\/v2\/users\/5"}],"replies":[{"embeddable":true,"href":"https:\/\/lahoradelcampo.com.uy\/site\/wp-json\/wp\/v2\/comments?post=40431"}],"version-history":[{"count":1,"href":"https:\/\/lahoradelcampo.com.uy\/site\/wp-json\/wp\/v2\/posts\/40431\/revisions"}],"predecessor-version":[{"id":40433,"href":"https:\/\/lahoradelcampo.com.uy\/site\/wp-json\/wp\/v2\/posts\/40431\/revisions\/40433"}],"wp:featuredmedia":[{"embeddable":true,"href":"https:\/\/lahoradelcampo.com.uy\/site\/wp-json\/wp\/v2\/media\/33633"}],"wp:attachment":[{"href":"https:\/\/lahoradelcampo.com.uy\/site\/wp-json\/wp\/v2\/media?parent=40431"}],"wp:term":[{"taxonomy":"category","embeddable":true,"href":"https:\/\/lahoradelcampo.com.uy\/site\/wp-json\/wp\/v2\/categories?post=40431"},{"taxonomy":"post_tag","embeddable":true,"href":"https:\/\/lahoradelcampo.com.uy\/site\/wp-json\/wp\/v2\/tags?post=40431"}],"curies":[{"name":"wp","href":"https:\/\/api.w.org\/{rel}","templated":true}]}}