{"id":40425,"date":"2022-03-31T06:28:07","date_gmt":"2022-03-31T09:28:07","guid":{"rendered":"http:\/\/lahoradelcampo.com.uy\/site\/?p=40425"},"modified":"2022-03-31T06:28:12","modified_gmt":"2022-03-31T09:28:12","slug":"se-comercializo-un-50-mas-de-asado-en-la-ultima-semana","status":"publish","type":"post","link":"https:\/\/lahoradelcampo.com.uy\/site\/se-comercializo-un-50-mas-de-asado-en-la-ultima-semana\/","title":{"rendered":"Se comercializ\u00f3 un 50% m\u00e1s de asado en la \u00faltima semana"},"content":{"rendered":"\n<figure class=\"wp-block-image\"><img data-recalc-dims=\"1\" loading=\"lazy\" decoding=\"async\" width=\"810\" height=\"405\" data-attachment-id=\"32086\" data-permalink=\"https:\/\/lahoradelcampo.com.uy\/site\/conrado-ferber-asumio-como-presidente-de-inac\/conradoferber\/\" data-orig-file=\"https:\/\/i0.wp.com\/lahoradelcampo.com.uy\/site\/wp-content\/uploads\/2021\/07\/Conradoferber.jpg?fit=880%2C440&amp;ssl=1\" data-orig-size=\"880,440\" data-comments-opened=\"1\" data-image-meta=\"{&quot;aperture&quot;:&quot;0&quot;,&quot;credit&quot;:&quot;&quot;,&quot;camera&quot;:&quot;&quot;,&quot;caption&quot;:&quot;&quot;,&quot;created_timestamp&quot;:&quot;0&quot;,&quot;copyright&quot;:&quot;&quot;,&quot;focal_length&quot;:&quot;0&quot;,&quot;iso&quot;:&quot;0&quot;,&quot;shutter_speed&quot;:&quot;0&quot;,&quot;title&quot;:&quot;&quot;,&quot;orientation&quot;:&quot;1&quot;}\" data-image-title=\"Conradoferber\" data-image-description=\"\" data-image-caption=\"\" data-large-file=\"https:\/\/i0.wp.com\/lahoradelcampo.com.uy\/site\/wp-content\/uploads\/2021\/07\/Conradoferber.jpg?fit=810%2C405&amp;ssl=1\" src=\"https:\/\/i0.wp.com\/lahoradelcampo.com.uy\/site\/wp-content\/uploads\/2021\/07\/Conradoferber.jpg?resize=810%2C405\" alt=\"\" class=\"wp-image-32086\" srcset=\"https:\/\/i0.wp.com\/lahoradelcampo.com.uy\/site\/wp-content\/uploads\/2021\/07\/Conradoferber.jpg?w=880&amp;ssl=1 880w, https:\/\/i0.wp.com\/lahoradelcampo.com.uy\/site\/wp-content\/uploads\/2021\/07\/Conradoferber.jpg?resize=300%2C150&amp;ssl=1 300w, https:\/\/i0.wp.com\/lahoradelcampo.com.uy\/site\/wp-content\/uploads\/2021\/07\/Conradoferber.jpg?resize=768%2C384&amp;ssl=1 768w, https:\/\/i0.wp.com\/lahoradelcampo.com.uy\/site\/wp-content\/uploads\/2021\/07\/Conradoferber.jpg?resize=820%2C410&amp;ssl=1 820w\" sizes=\"auto, (max-width: 810px) 100vw, 810px\" \/><\/figure>\n\n\n\n<p>Al cabo de una semana desde que el Parlamento vot\u00f3 la exoneraci\u00f3n del IVA al asado por un mes y el Poder Ejecutivo acord\u00f3 con la cadena c\u00e1rnica el congelar los precios de los cortes con hueso, el balance de las medidas \u201ces positivo, de acuerdo a los testimonios que hemos venido recogiendo, fundamentalmente de distribuidores y carniceros que reportan ventas de asado un 50% por encima de la demanda normal para la \u00faltima semana del mes y en este momento del a\u00f1o\u201d, dijo el presidente del Instituto Nacional de Carnes (INAC).<br><\/p>\n\n\n\n<p>Conrado Ferber Artagaveytia dijo que \u201clos principales objetivos de las medidas se est\u00e1n cumpliendo. Por un lado, porque seg\u00fan se inform\u00f3 desde la Uni\u00f3n de Vendedores de Carne (UVC) y la Asociaci\u00f3n de Distribuidores e Importadores de Carne de Uruguay (ADICU), la venta del asado a $ 230 el kilo no solo ha sido bienvenida por los consumidores, sino que se est\u00e1 realizando en forma muy fluida, multiplicando la venta de este corte en relaci\u00f3n a lo que era normal para esta \u00e9poca y mejorando la venta de otros cortes\u201d.<br><\/p>\n\n\n\n<p>Por otro lado, se\u00f1al\u00f3 que el llamador de esta oferta \u201cha llevado de nuevo al p\u00fablico hasta los puntos de venta, y por m\u00e1s que va tras el asado barato, tambi\u00e9n facilita la venta de otros cortes, que si bien no han bajado de precio, se mantienen en los mismos valores en base a las listas de precios previas al acuerdo\u201d.<br><\/p>\n\n\n\n<p>En ese sentido, dijo que de diciembre a la fecha, la manta de asado \u201ctuvo subas de entre 3 y 4%, mientras que la media res, que le da todos los cortes al carnicero, aument\u00f3 10,3% el mismo per\u00edodo\u201d.<br><\/p>\n\n\n\n<p>Consider\u00f3 que la precisi\u00f3n vale, \u201cporque afirmando que la carne subi\u00f3 un 25% en general, no solo no se condice con la realidad, sino que llev\u00f3 a que el consumidor se retrajera en la compra del producto. Lo que se hizo desde el Poder Ejecutivo fue promover un corte de alto consumo entre los uruguayos eliminando el IVA por un mes y congelando el precio de todos los cortes con hueso. Todo eso fue posible por el acuerdo voluntario al que se lleg\u00f3 con la industria, los distribuidores, los carniceros y los supermercados\u201d.<br><\/p>\n\n\n\n<p>\u201cTodos resignaron ganancias para que la gente pueda acceder a este corte popular: el gobierno dej\u00f3 de cobrar IVA, la industria resign\u00f3 voluntariamente ajustar el precio en planchada de todos los cortes con hueso, los distribuidores que casi no marginan nada e incluso en algunos casos pierden con este corte y, finalmente los carniceros, que ganan menos de lo habitual buscando recuperar la clientela\u201d.<br><\/p>\n\n\n\n<p>Finalmente, asegur\u00f3 que la medida est\u00e1 permitiendo que cada vez m\u00e1s gente vaya a las carnicer\u00edas y ha dinamizado la venta de todos los cortes: \u201cse est\u00e1 vendiendo un 50% m\u00e1s de asado que lo normal para estas fechas\u201d.<br><\/p>\n\n\n\n<p>Al ser consultado sobre los planteos realizados por algunas carnicer\u00edas del interior, que aseguran que no les llega este corte de menor valor, dijo que el asado sin IVA \u201cdebe llegar a todos lados ya que la exoneraci\u00f3n es para todo el asado y en todo el pa\u00eds. Es importante que en estos casos el comerciante hable con su proveedor y solicite dicho corte que, sin IVA, le deber\u00eda de llegar a menos de $ 229 por kilo. Eventualmente le recomendamos que, de no llegar a un acuerdo y de ser posible, recurra a otro proveedor\u201d.<br><\/p>\n\n\n\n<p>El acuerdo del Poder Ejecutivo con los diferentes actores fue que el asado le debe llegar a todos los uruguayos por igual, pero se trata de un acuerdo voluntario y cada comerciante es libre de tomar la decisi\u00f3n que prefiera. \u201cEl carnicero evaluar\u00e1 la actitud de su proveedor de la misma forma que el consumidor lo har\u00e1 con su carnicero\u201d, expres\u00f3.<\/p>\n\n\n\n<p>Salto, 31 de marzo de 2022<\/p>\n","protected":false},"excerpt":{"rendered":"<p>Al cabo de una semana desde que el Parlamento vot\u00f3 la exoneraci\u00f3n del IVA al asado por un mes y el Poder Ejecutivo acord\u00f3 con la cadena c\u00e1rnica el congelar [&hellip;]<\/p>\n","protected":false},"author":5,"featured_media":32086,"comment_status":"open","ping_status":"open","sticky":false,"template":"","format":"standard","meta":{"_price":"","_stock":"","_tribe_ticket_header":"","_tribe_default_ticket_provider":"","_tribe_ticket_capacity":"0","_ticket_start_date":"","_ticket_end_date":"","_tribe_ticket_show_description":"","_tribe_ticket_show_not_going":false,"_tribe_ticket_use_global_stock":"","_tribe_ticket_global_stock_level":"","_global_stock_mode":"","_global_stock_cap":"","_tribe_rsvp_for_event":"","_tribe_ticket_going_count":"","_tribe_ticket_not_going_count":"","_tribe_tickets_list":"[]","_tribe_ticket_has_attendee_info_fields":false,"h5ap_radio_sources":[],"_jetpack_newsletter_access":"","_jetpack_dont_email_post_to_subs":false,"_jetpack_newsletter_tier_id":0,"_jetpack_memberships_contains_paywalled_content":false,"_jetpack_memberships_contains_paid_content":false,"footnotes":""},"categories":[21,5],"tags":[],"class_list":["post-40425","post","type-post","status-publish","format-standard","has-post-thumbnail","hentry","category-actualidad","category-ganaderia"],"jetpack_featured_media_url":"https:\/\/i0.wp.com\/lahoradelcampo.com.uy\/site\/wp-content\/uploads\/2021\/07\/Conradoferber.jpg?fit=880%2C440&ssl=1","jetpack_sharing_enabled":true,"jetpack_shortlink":"https:\/\/wp.me\/p99IaT-aw1","jetpack-related-posts":[{"id":41891,"url":"https:\/\/lahoradelcampo.com.uy\/site\/bajo-el-precio-y-aumento-el-consumo-de-asado-de-10-a-13-costillas-segun-inac\/","url_meta":{"origin":40425,"position":0},"title":"Bajo el precio y aumento el consumo de asado de 10 a 13 costillas seg\u00fan INAC","author":"La Hora del Campo","date":"17 mayo, 2022","format":false,"excerpt":"La aplicaci\u00f3n de la exoneraci\u00f3n del IVA (Ley 20.024, fecha 23\/03\/2022) del corte asado 10 o 13 costillas congelado o enfriado, gener\u00f3 a nivel minorista un doble efecto: Aumento en los vol\u00famenes: En las 5 semanas posteriores a la vigencia de la ley, se comercializaron al abasto 1.297 toneladas de\u2026","rel":"","context":"En \u00abActualidad\u00bb","block_context":{"text":"Actualidad","link":"https:\/\/lahoradelcampo.com.uy\/site\/category\/actualidad\/"},"img":{"alt_text":"","src":"https:\/\/i0.wp.com\/lahoradelcampo.com.uy\/site\/wp-content\/uploads\/2022\/05\/INAC-asado.jpg?fit=880%2C440&ssl=1&resize=350%2C200","width":350,"height":200,"srcset":"https:\/\/i0.wp.com\/lahoradelcampo.com.uy\/site\/wp-content\/uploads\/2022\/05\/INAC-asado.jpg?fit=880%2C440&ssl=1&resize=350%2C200 1x, https:\/\/i0.wp.com\/lahoradelcampo.com.uy\/site\/wp-content\/uploads\/2022\/05\/INAC-asado.jpg?fit=880%2C440&ssl=1&resize=525%2C300 1.5x, https:\/\/i0.wp.com\/lahoradelcampo.com.uy\/site\/wp-content\/uploads\/2022\/05\/INAC-asado.jpg?fit=880%2C440&ssl=1&resize=700%2C400 2x"},"classes":[]},{"id":38047,"url":"https:\/\/lahoradelcampo.com.uy\/site\/gobierno-argentino-libero-la-exportacion-de-carne-de-vaca-a-china\/","url_meta":{"origin":40425,"position":1},"title":"Gobierno argentino liber\u00f3 la exportaci\u00f3n de carne de vaca a China","author":"La Hora del Campo","date":"3 enero, 2022","format":false,"excerpt":"Luego de un 2021 de idas y venidas con las habilitaciones de exportaci\u00f3n de carnes desde Argentina, por parte del gobierno del vecino pa\u00eds, se ha llegado a un acuerdo entre privados y el Estado, donde se proh\u00edbe hasta diciembre de 2023 la exportaci\u00f3n de siete cortes considerados \"preferidos\" por\u2026","rel":"","context":"En \u00abActualidad\u00bb","block_context":{"text":"Actualidad","link":"https:\/\/lahoradelcampo.com.uy\/site\/category\/actualidad\/"},"img":{"alt_text":"","src":"https:\/\/i0.wp.com\/lahoradelcampo.com.uy\/site\/wp-content\/uploads\/2020\/08\/carneargentina.jpg?fit=880%2C440&ssl=1&resize=350%2C200","width":350,"height":200,"srcset":"https:\/\/i0.wp.com\/lahoradelcampo.com.uy\/site\/wp-content\/uploads\/2020\/08\/carneargentina.jpg?fit=880%2C440&ssl=1&resize=350%2C200 1x, https:\/\/i0.wp.com\/lahoradelcampo.com.uy\/site\/wp-content\/uploads\/2020\/08\/carneargentina.jpg?fit=880%2C440&ssl=1&resize=525%2C300 1.5x, https:\/\/i0.wp.com\/lahoradelcampo.com.uy\/site\/wp-content\/uploads\/2020\/08\/carneargentina.jpg?fit=880%2C440&ssl=1&resize=700%2C400 2x"},"classes":[]},{"id":21690,"url":"https:\/\/lahoradelcampo.com.uy\/site\/baja-en-el-precio-de-la-carne-vacuna-ayudo-a-contener-la-inflacion\/","url_meta":{"origin":40425,"position":2},"title":"Baja en el precio de la carne vacuna ayud\u00f3 a contener la inflaci\u00f3n","author":"La Hora del Campo","date":"10 julio, 2020","format":false,"excerpt":"Durante el primer semestre del a\u00f1o el precio de la carne vacuna registr\u00f3 una baja en promedio de 1,49 %, como consecuencia de la reducci\u00f3n de algunos cortes como el\u00a0asado de tira (-15,34%), vac\u00edo (-6,59%) y falda (-4,59%). A excepci\u00f3n de los meses de marzo y abril, en los cuales\u2026","rel":"","context":"En \u00abActualidad\u00bb","block_context":{"text":"Actualidad","link":"https:\/\/lahoradelcampo.com.uy\/site\/category\/actualidad\/"},"img":{"alt_text":"","src":"https:\/\/i0.wp.com\/lahoradelcampo.com.uy\/site\/wp-content\/uploads\/2019\/04\/Carnes.jpg?fit=880%2C440&ssl=1&resize=350%2C200","width":350,"height":200,"srcset":"https:\/\/i0.wp.com\/lahoradelcampo.com.uy\/site\/wp-content\/uploads\/2019\/04\/Carnes.jpg?fit=880%2C440&ssl=1&resize=350%2C200 1x, https:\/\/i0.wp.com\/lahoradelcampo.com.uy\/site\/wp-content\/uploads\/2019\/04\/Carnes.jpg?fit=880%2C440&ssl=1&resize=525%2C300 1.5x, https:\/\/i0.wp.com\/lahoradelcampo.com.uy\/site\/wp-content\/uploads\/2019\/04\/Carnes.jpg?fit=880%2C440&ssl=1&resize=700%2C400 2x"},"classes":[]},{"id":40019,"url":"https:\/\/lahoradelcampo.com.uy\/site\/buscan-acuerdo-para-congelar-precios-de-carne-vacuna\/","url_meta":{"origin":40425,"position":3},"title":"Buscan acuerdo para congelar precios de carne vacuna","author":"La Hora del Campo","date":"18 marzo, 2022","format":false,"excerpt":"Con un valor del novillo que supera los US$ 5,00 en cuarta balanza, un mercado internacional que ha comenzado el 2022 con un impulso adicional en la demanda para la carne uruguaya, los valores en el mercado interno tambi\u00e9n se han incrementado y presionan el bolsillo del consumidor final. En\u2026","rel":"","context":"En \u00abActualidad\u00bb","block_context":{"text":"Actualidad","link":"https:\/\/lahoradelcampo.com.uy\/site\/category\/actualidad\/"},"img":{"alt_text":"","src":"https:\/\/i0.wp.com\/lahoradelcampo.com.uy\/site\/wp-content\/uploads\/2021\/01\/Carnicerias.jpg?fit=880%2C440&ssl=1&resize=350%2C200","width":350,"height":200,"srcset":"https:\/\/i0.wp.com\/lahoradelcampo.com.uy\/site\/wp-content\/uploads\/2021\/01\/Carnicerias.jpg?fit=880%2C440&ssl=1&resize=350%2C200 1x, https:\/\/i0.wp.com\/lahoradelcampo.com.uy\/site\/wp-content\/uploads\/2021\/01\/Carnicerias.jpg?fit=880%2C440&ssl=1&resize=525%2C300 1.5x, https:\/\/i0.wp.com\/lahoradelcampo.com.uy\/site\/wp-content\/uploads\/2021\/01\/Carnicerias.jpg?fit=880%2C440&ssl=1&resize=700%2C400 2x"},"classes":[]},{"id":54644,"url":"https:\/\/lahoradelcampo.com.uy\/site\/el-sudeste-asiatico-le-dara-a-la-carne-vacuna-un-plus-en-valor-y-diversificacion-de-mercados\/","url_meta":{"origin":40425,"position":4},"title":"El sudeste asi\u00e1tico le dar\u00e1 a la carne vacuna \u00abun plus en valor y diversificaci\u00f3n de mercados\u00bb","author":"La Hora del Campo","date":"23 septiembre, 2024","format":false,"excerpt":"Uruguay tiene el 85% del mercado mundial de la carne disponible para las exportaciones de carne, con la gran mayor\u00eda de sus plantas habilitadas, de acuerdo con la informaci\u00f3n que se brindo en el marco de la Expo Prado 2024. El Ing. Agr. \u00c1lvaro Pereira Ramela, director de Acceso a\u2026","rel":"","context":"En \u00abActualidad\u00bb","block_context":{"text":"Actualidad","link":"https:\/\/lahoradelcampo.com.uy\/site\/category\/actualidad\/"},"img":{"alt_text":"","src":"https:\/\/i0.wp.com\/lahoradelcampo.com.uy\/site\/wp-content\/uploads\/2024\/09\/Alvaropereiraramela.jpg?fit=880%2C440&ssl=1&resize=350%2C200","width":350,"height":200,"srcset":"https:\/\/i0.wp.com\/lahoradelcampo.com.uy\/site\/wp-content\/uploads\/2024\/09\/Alvaropereiraramela.jpg?fit=880%2C440&ssl=1&resize=350%2C200 1x, https:\/\/i0.wp.com\/lahoradelcampo.com.uy\/site\/wp-content\/uploads\/2024\/09\/Alvaropereiraramela.jpg?fit=880%2C440&ssl=1&resize=525%2C300 1.5x, https:\/\/i0.wp.com\/lahoradelcampo.com.uy\/site\/wp-content\/uploads\/2024\/09\/Alvaropereiraramela.jpg?fit=880%2C440&ssl=1&resize=700%2C400 2x"},"classes":[]},{"id":13658,"url":"https:\/\/lahoradelcampo.com.uy\/site\/con-menor-volumen-de-carne-exportada-el-precio-de-la-tonelada-subio-un-10-en-el-mes-de-agosto\/","url_meta":{"origin":40425,"position":5},"title":"Con menor volumen de carne exportada el precio de la tonelada subi\u00f3 un 10% en el mes de agosto","author":"La Hora del Campo","date":"22 agosto, 2019","format":false,"excerpt":"Las exportaciones de carne vacuna en la \u00faltima semana de informaci\u00f3n del Instituto Nacional de Carnes, del 10 al 17 de agosto, sum\u00f3 un total de 5.497 toneladas peso canal, lo que signific\u00f3 un incremento de divisas al pa\u00eds de 22,5 millones de d\u00f3lares. Si bien este volumen crece respecto\u2026","rel":"","context":"En \u00abActualidad\u00bb","block_context":{"text":"Actualidad","link":"https:\/\/lahoradelcampo.com.uy\/site\/category\/actualidad\/"},"img":{"alt_text":"","src":"https:\/\/i0.wp.com\/lahoradelcampo.com.uy\/site\/wp-content\/uploads\/2019\/04\/Carne-vacuna.jpg?fit=880%2C440&ssl=1&resize=350%2C200","width":350,"height":200,"srcset":"https:\/\/i0.wp.com\/lahoradelcampo.com.uy\/site\/wp-content\/uploads\/2019\/04\/Carne-vacuna.jpg?fit=880%2C440&ssl=1&resize=350%2C200 1x, https:\/\/i0.wp.com\/lahoradelcampo.com.uy\/site\/wp-content\/uploads\/2019\/04\/Carne-vacuna.jpg?fit=880%2C440&ssl=1&resize=525%2C300 1.5x, https:\/\/i0.wp.com\/lahoradelcampo.com.uy\/site\/wp-content\/uploads\/2019\/04\/Carne-vacuna.jpg?fit=880%2C440&ssl=1&resize=700%2C400 2x"},"classes":[]}],"jetpack_likes_enabled":true,"_links":{"self":[{"href":"https:\/\/lahoradelcampo.com.uy\/site\/wp-json\/wp\/v2\/posts\/40425","targetHints":{"allow":["GET"]}}],"collection":[{"href":"https:\/\/lahoradelcampo.com.uy\/site\/wp-json\/wp\/v2\/posts"}],"about":[{"href":"https:\/\/lahoradelcampo.com.uy\/site\/wp-json\/wp\/v2\/types\/post"}],"author":[{"embeddable":true,"href":"https:\/\/lahoradelcampo.com.uy\/site\/wp-json\/wp\/v2\/users\/5"}],"replies":[{"embeddable":true,"href":"https:\/\/lahoradelcampo.com.uy\/site\/wp-json\/wp\/v2\/comments?post=40425"}],"version-history":[{"count":1,"href":"https:\/\/lahoradelcampo.com.uy\/site\/wp-json\/wp\/v2\/posts\/40425\/revisions"}],"predecessor-version":[{"id":40427,"href":"https:\/\/lahoradelcampo.com.uy\/site\/wp-json\/wp\/v2\/posts\/40425\/revisions\/40427"}],"wp:featuredmedia":[{"embeddable":true,"href":"https:\/\/lahoradelcampo.com.uy\/site\/wp-json\/wp\/v2\/media\/32086"}],"wp:attachment":[{"href":"https:\/\/lahoradelcampo.com.uy\/site\/wp-json\/wp\/v2\/media?parent=40425"}],"wp:term":[{"taxonomy":"category","embeddable":true,"href":"https:\/\/lahoradelcampo.com.uy\/site\/wp-json\/wp\/v2\/categories?post=40425"},{"taxonomy":"post_tag","embeddable":true,"href":"https:\/\/lahoradelcampo.com.uy\/site\/wp-json\/wp\/v2\/tags?post=40425"}],"curies":[{"name":"wp","href":"https:\/\/api.w.org\/{rel}","templated":true}]}}