{"id":40417,"date":"2022-03-30T16:04:59","date_gmt":"2022-03-30T19:04:59","guid":{"rendered":"http:\/\/lahoradelcampo.com.uy\/site\/?p=40417"},"modified":"2022-03-30T16:05:06","modified_gmt":"2022-03-30T19:05:06","slug":"comenzaron-las-inspecciones-de-criollos-2","status":"publish","type":"post","link":"https:\/\/lahoradelcampo.com.uy\/site\/comenzaron-las-inspecciones-de-criollos-2\/","title":{"rendered":"Comenzaron las inspecciones de criollos"},"content":{"rendered":"\n<figure class=\"wp-block-image\"><img data-recalc-dims=\"1\" loading=\"lazy\" decoding=\"async\" width=\"810\" height=\"405\" data-attachment-id=\"28346\" data-permalink=\"https:\/\/lahoradelcampo.com.uy\/site\/criollos-comenzaron-inspecciones-esta-semana\/criollos1\/\" data-orig-file=\"https:\/\/i0.wp.com\/lahoradelcampo.com.uy\/site\/wp-content\/uploads\/2021\/03\/criollos1.jpg?fit=880%2C440&amp;ssl=1\" data-orig-size=\"880,440\" data-comments-opened=\"1\" data-image-meta=\"{&quot;aperture&quot;:&quot;0&quot;,&quot;credit&quot;:&quot;&quot;,&quot;camera&quot;:&quot;&quot;,&quot;caption&quot;:&quot;&quot;,&quot;created_timestamp&quot;:&quot;0&quot;,&quot;copyright&quot;:&quot;&quot;,&quot;focal_length&quot;:&quot;0&quot;,&quot;iso&quot;:&quot;0&quot;,&quot;shutter_speed&quot;:&quot;0&quot;,&quot;title&quot;:&quot;&quot;,&quot;orientation&quot;:&quot;1&quot;}\" data-image-title=\"criollos1\" data-image-description=\"\" data-image-caption=\"\" data-large-file=\"https:\/\/i0.wp.com\/lahoradelcampo.com.uy\/site\/wp-content\/uploads\/2021\/03\/criollos1.jpg?fit=810%2C405&amp;ssl=1\" src=\"https:\/\/i0.wp.com\/lahoradelcampo.com.uy\/site\/wp-content\/uploads\/2021\/03\/criollos1.jpg?resize=810%2C405\" alt=\"\" class=\"wp-image-28346\" srcset=\"https:\/\/i0.wp.com\/lahoradelcampo.com.uy\/site\/wp-content\/uploads\/2021\/03\/criollos1.jpg?w=880&amp;ssl=1 880w, https:\/\/i0.wp.com\/lahoradelcampo.com.uy\/site\/wp-content\/uploads\/2021\/03\/criollos1.jpg?resize=300%2C150&amp;ssl=1 300w, https:\/\/i0.wp.com\/lahoradelcampo.com.uy\/site\/wp-content\/uploads\/2021\/03\/criollos1.jpg?resize=768%2C384&amp;ssl=1 768w, https:\/\/i0.wp.com\/lahoradelcampo.com.uy\/site\/wp-content\/uploads\/2021\/03\/criollos1.jpg?resize=820%2C410&amp;ssl=1 820w\" sizes=\"auto, (max-width: 810px) 100vw, 810px\" \/><\/figure>\n\n\n\n<p>Comenz\u00f3 una nueva gira de Inspecciones de la Sociedad de Criadores de Caballos Criollos del Uruguay, que se extender\u00e1 hasta el 30 de abril. En esta oportunidad se inspecciona la generaci\u00f3n 2019 o de a\u00f1os anteriores. \n<\/p>\n\n\n\n<p>El mi\u00e9rcoles 6 de abril comenzar\u00e1n los trabajos en el norte, a partir de las 8:30 horas en el local Chiflero de la Asociaci\u00f3n Agropecuaria de Artigas. La inspectora de la gremial ser\u00e1 la Sra. Alma Elorza y por la Asociaci\u00f3n&nbsp; Rural del Uruguay, Ignacio Repetto. \n<\/p>\n\n\n\n<p>El jueves 7 de abril, Elorza vsita San Telmo a las 8:30 y el local de la Asociaci\u00f3n Fomento Rural de Valentin a las 16 horas. El viernes 8 realizar\u00e1 trabajos en El Totoral en la ma\u00f1ana y por la tarde en el predio de la Asociaci\u00f3n Agropecuaria de Salto. \n<\/p>\n\n\n\n<p>El 12 de abril en el local de Sociedad Fomento de Gastel\u00fa, a partir de las 8 horas estar\u00e1 Martin Gurmendez realizando inspecciones y a la misma hora en La Pac\u00edfica estar\u00e1 Martin Praderi. Por la tarde, a las 15 horas, Gurmendez estar\u00e1 en el local de la Asociaci\u00f3n Rural de Tacuarembo. \n<\/p>\n\n\n\n<p>El mi\u00e9rcoles 13 de abril, Alma Elorza realizar\u00e1 inspecciones en Maria Cecilia de Mattiaudia en la ma\u00f1ana y por la tarde en&nbsp; el local de la Liga de Trabajo de Guichon, en Pausandu. \n<\/p>\n\n\n\n<p>El lunes 18 de abril, Ra\u00fal Posada realizar\u00e1 inspecciones en el local Palomas a partir de las 15 horas. Al d\u00eda siguiente visitar\u00e1 Ibirapita de Correa Hnos. y por la tarde el establecimiento La Navidad de Sanguinetti. \n<\/p>\n\n\n\n<p>El jueves 28 de abril se realizar\u00e1n inspecciones en El Abrojal de Mattiauda en la ma\u00f1ana y por la tarde en la caba\u00f1a El Rumbo, en tanto que el viernes 29 en la ma\u00f1ana se inspeccionara el el predio de la Exposici\u00f3n Feria de Paysandu. Las mismas estar\u00e1n a cargo de Martin Gurmendez. <\/p>\n\n\n\n<p>Salto, 30 de abril de 2022<\/p>\n","protected":false},"excerpt":{"rendered":"<p>Comenz\u00f3 una nueva gira de Inspecciones de la Sociedad de Criadores de Caballos Criollos del Uruguay, que se extender\u00e1 hasta el 30 de abril. En esta oportunidad se inspecciona la [&hellip;]<\/p>\n","protected":false},"author":5,"featured_media":28346,"comment_status":"open","ping_status":"open","sticky":false,"template":"","format":"standard","meta":{"_price":"","_stock":"","_tribe_ticket_header":"","_tribe_default_ticket_provider":"","_tribe_ticket_capacity":"0","_ticket_start_date":"","_ticket_end_date":"","_tribe_ticket_show_description":"","_tribe_ticket_show_not_going":false,"_tribe_ticket_use_global_stock":"","_tribe_ticket_global_stock_level":"","_global_stock_mode":"","_global_stock_cap":"","_tribe_rsvp_for_event":"","_tribe_ticket_going_count":"","_tribe_ticket_not_going_count":"","_tribe_tickets_list":"[]","_tribe_ticket_has_attendee_info_fields":false,"h5ap_radio_sources":[],"_jetpack_newsletter_access":"","_jetpack_dont_email_post_to_subs":false,"_jetpack_newsletter_tier_id":0,"_jetpack_memberships_contains_paywalled_content":false,"_jetpack_memberships_contains_paid_content":false,"footnotes":""},"categories":[21,23],"tags":[],"class_list":["post-40417","post","type-post","status-publish","format-standard","has-post-thumbnail","hentry","category-actualidad","category-equinos"],"jetpack_featured_media_url":"https:\/\/i0.wp.com\/lahoradelcampo.com.uy\/site\/wp-content\/uploads\/2021\/03\/criollos1.jpg?fit=880%2C440&ssl=1","jetpack_sharing_enabled":true,"jetpack_shortlink":"https:\/\/wp.me\/p99IaT-avT","jetpack-related-posts":[{"id":53699,"url":"https:\/\/lahoradelcampo.com.uy\/site\/inspecciones-de-criollos-para-el-mes-de-abril-en-el-norte\/","url_meta":{"origin":40417,"position":0},"title":"Inspecciones de criollos para el mes de abril en el norte","author":"La Hora del Campo","date":"4 abril, 2024","format":false,"excerpt":"Seg\u00fan se inform\u00f3 por la Sociedad de Criadores de Caballos Criollos del Uruguay (SCCCU), en la jornada de hoy, jueves 4 de abril, Mario Musto ser\u00e1 quien realice inspecciones en el predio de Eduardo Mattiauda en Paysand\u00fa. En tanto que ma\u00f1ana viernes 5 se trendr\u00e1 inspecciones en \"La Pac\u00edfica\" y\u2026","rel":"","context":"En \u00abActualidad\u00bb","block_context":{"text":"Actualidad","link":"https:\/\/lahoradelcampo.com.uy\/site\/category\/actualidad\/"},"img":{"alt_text":"","src":"https:\/\/i0.wp.com\/lahoradelcampo.com.uy\/site\/wp-content\/uploads\/2024\/04\/criollos-inspecciones.jpg?fit=880%2C440&ssl=1&resize=350%2C200","width":350,"height":200,"srcset":"https:\/\/i0.wp.com\/lahoradelcampo.com.uy\/site\/wp-content\/uploads\/2024\/04\/criollos-inspecciones.jpg?fit=880%2C440&ssl=1&resize=350%2C200 1x, https:\/\/i0.wp.com\/lahoradelcampo.com.uy\/site\/wp-content\/uploads\/2024\/04\/criollos-inspecciones.jpg?fit=880%2C440&ssl=1&resize=525%2C300 1.5x, https:\/\/i0.wp.com\/lahoradelcampo.com.uy\/site\/wp-content\/uploads\/2024\/04\/criollos-inspecciones.jpg?fit=880%2C440&ssl=1&resize=700%2C400 2x"},"classes":[]},{"id":49482,"url":"https:\/\/lahoradelcampo.com.uy\/site\/calendario-de-inspecciones-de-caballos-criollos\/","url_meta":{"origin":40417,"position":1},"title":"Calendario de inspecciones de caballos criollos","author":"La Hora del Campo","date":"26 marzo, 2023","format":false,"excerpt":"La Sociedad de Criadores de Caballos Criollos del Uruguay ha anunciado su calendario de inspecciones 2023, en el cual se visitarias distintos puntos del pa\u00eds, donde los inspectores de la SCCCU examinar\u00e1n caballos criollos para determinar si cumplen con los est\u00e1ndares de la raza. En el litoral norte del pa\u00eds,\u2026","rel":"","context":"En \u00abActualidad\u00bb","block_context":{"text":"Actualidad","link":"https:\/\/lahoradelcampo.com.uy\/site\/category\/actualidad\/"},"img":{"alt_text":"","src":"https:\/\/i0.wp.com\/lahoradelcampo.com.uy\/site\/wp-content\/uploads\/2020\/08\/criollosinspeccionesweb.jpg?fit=880%2C440&ssl=1&resize=350%2C200","width":350,"height":200,"srcset":"https:\/\/i0.wp.com\/lahoradelcampo.com.uy\/site\/wp-content\/uploads\/2020\/08\/criollosinspeccionesweb.jpg?fit=880%2C440&ssl=1&resize=350%2C200 1x, https:\/\/i0.wp.com\/lahoradelcampo.com.uy\/site\/wp-content\/uploads\/2020\/08\/criollosinspeccionesweb.jpg?fit=880%2C440&ssl=1&resize=525%2C300 1.5x, https:\/\/i0.wp.com\/lahoradelcampo.com.uy\/site\/wp-content\/uploads\/2020\/08\/criollosinspeccionesweb.jpg?fit=880%2C440&ssl=1&resize=700%2C400 2x"},"classes":[]},{"id":55910,"url":"https:\/\/lahoradelcampo.com.uy\/site\/criollistas-cierran-el-mes-con-varias-actividades-en-salto\/","url_meta":{"origin":40417,"position":2},"title":"Criollistas cierran el mes con varias actividades en Salto","author":"La Hora del Campo","date":"18 abril, 2025","format":false,"excerpt":"La Sociedad de criadores de caballos Criollos del Uruguay y la Agremiaci\u00f3n de criadores de caballos Criollos de Salto, tienen previstas varias actividades para el cierre del mes de abril en Salto. Adem\u00e1s de las inspecciones que ya iniciaron la pasada semana, se realizar\u00e1 en el departamento la segunda fecha\u2026","rel":"","context":"En \u00abActualidad\u00bb","block_context":{"text":"Actualidad","link":"https:\/\/lahoradelcampo.com.uy\/site\/category\/actualidad\/"},"img":{"alt_text":"","src":"https:\/\/i0.wp.com\/lahoradelcampo.com.uy\/site\/wp-content\/uploads\/2025\/04\/criollos-marchas.jpg?fit=880%2C440&ssl=1&resize=350%2C200","width":350,"height":200,"srcset":"https:\/\/i0.wp.com\/lahoradelcampo.com.uy\/site\/wp-content\/uploads\/2025\/04\/criollos-marchas.jpg?fit=880%2C440&ssl=1&resize=350%2C200 1x, https:\/\/i0.wp.com\/lahoradelcampo.com.uy\/site\/wp-content\/uploads\/2025\/04\/criollos-marchas.jpg?fit=880%2C440&ssl=1&resize=525%2C300 1.5x, https:\/\/i0.wp.com\/lahoradelcampo.com.uy\/site\/wp-content\/uploads\/2025\/04\/criollos-marchas.jpg?fit=880%2C440&ssl=1&resize=700%2C400 2x"},"classes":[]},{"id":22366,"url":"https:\/\/lahoradelcampo.com.uy\/site\/calendario-de-inspecciones-de-la-scccu-en-el-norte-del-pais\/","url_meta":{"origin":40417,"position":3},"title":"Calendario de inspecciones de la SCCCU en el norte del pa\u00eds","author":"La Hora del Campo","date":"3 agosto, 2020","format":false,"excerpt":"Martes 4 de agostoConcentraci\u00f3n: Masoller - Hora: 15:00Inspectores: Ra\u00fal Posada Casadei (SCCCU) y Repetto (ARU) Mi\u00e9rcoles 5 de agostoConcentraci\u00f3n: Local de la Asociaci\u00f3n Agropecuaria de Artigas. - Hora: 08:00Concentraci\u00f3n: Establecimiento Pingo Viejo - Hora: 14:00Inspectores: Raul Posada Casadei (SCCCU) y Repetto (ARU) Jueves 6 de agostoConcentraci\u00f3n: Establecimiento La Esperanza -\u2026","rel":"","context":"En \u00abActualidad\u00bb","block_context":{"text":"Actualidad","link":"https:\/\/lahoradelcampo.com.uy\/site\/category\/actualidad\/"},"img":{"alt_text":"","src":"https:\/\/i0.wp.com\/lahoradelcampo.com.uy\/site\/wp-content\/uploads\/2020\/08\/criollosinspeccionesweb.jpg?fit=880%2C440&ssl=1&resize=350%2C200","width":350,"height":200,"srcset":"https:\/\/i0.wp.com\/lahoradelcampo.com.uy\/site\/wp-content\/uploads\/2020\/08\/criollosinspeccionesweb.jpg?fit=880%2C440&ssl=1&resize=350%2C200 1x, https:\/\/i0.wp.com\/lahoradelcampo.com.uy\/site\/wp-content\/uploads\/2020\/08\/criollosinspeccionesweb.jpg?fit=880%2C440&ssl=1&resize=525%2C300 1.5x, https:\/\/i0.wp.com\/lahoradelcampo.com.uy\/site\/wp-content\/uploads\/2020\/08\/criollosinspeccionesweb.jpg?fit=880%2C440&ssl=1&resize=700%2C400 2x"},"classes":[]},{"id":17006,"url":"https:\/\/lahoradelcampo.com.uy\/site\/criollistas-se-preparan-para-un-ano-cargado-de-actividades-en-salto\/","url_meta":{"origin":40417,"position":4},"title":"Criollistas se preparan para un a\u00f1o cargado de actividades en Salto","author":"La Hora del Campo","date":"20 enero, 2020","format":false,"excerpt":"Luego de un a\u00f1o donde se realiz\u00f3 por primera vez una Credenciadora del Freno de Oro en Salto y contando adem\u00e1s con un n\u00famero r\u00e9cord de participantes, la Agremiaci\u00f3n de Criadores de Caballos Criollos del Norte (AACCN) y Sociedad de Criadores de Caballos Criollos del Uruguay (SCCCU), se preparan para\u2026","rel":"","context":"En \u00abActualidad\u00bb","block_context":{"text":"Actualidad","link":"https:\/\/lahoradelcampo.com.uy\/site\/category\/actualidad\/"},"img":{"alt_text":"","src":"https:\/\/i0.wp.com\/lahoradelcampo.com.uy\/site\/wp-content\/uploads\/2017\/10\/Criollos-aparte.jpg?fit=880%2C440&ssl=1&resize=350%2C200","width":350,"height":200,"srcset":"https:\/\/i0.wp.com\/lahoradelcampo.com.uy\/site\/wp-content\/uploads\/2017\/10\/Criollos-aparte.jpg?fit=880%2C440&ssl=1&resize=350%2C200 1x, https:\/\/i0.wp.com\/lahoradelcampo.com.uy\/site\/wp-content\/uploads\/2017\/10\/Criollos-aparte.jpg?fit=880%2C440&ssl=1&resize=525%2C300 1.5x, https:\/\/i0.wp.com\/lahoradelcampo.com.uy\/site\/wp-content\/uploads\/2017\/10\/Criollos-aparte.jpg?fit=880%2C440&ssl=1&resize=700%2C400 2x"},"classes":[]},{"id":6331,"url":"https:\/\/lahoradelcampo.com.uy\/site\/comenzaron-las-inspecciones-de-criollos\/","url_meta":{"origin":40417,"position":5},"title":"Comenzaron las inspecciones de criollos","author":"La Hora del Campo","date":"2 abril, 2018","format":false,"excerpt":"Comenz\u00f3 la tradicional actividad de inspecciones que realiza todos los a\u00f1os la Sociedad de Criadores de Caballos Criollos del Uruguay (Scccu) por todo el pa\u00eds, durante este mes de abril. Aqu\u00ed en el litoral norte del pa\u00eds, las actividades comenzaran a partir de este mi\u00e9rcoles en Paysand\u00fa. Inspecciones: Mi\u00e9rcoles 4:\u2026","rel":"","context":"En \u00abActualidad\u00bb","block_context":{"text":"Actualidad","link":"https:\/\/lahoradelcampo.com.uy\/site\/category\/actualidad\/"},"img":{"alt_text":"","src":"https:\/\/i0.wp.com\/lahoradelcampo.com.uy\/site\/wp-content\/uploads\/2018\/04\/criollos.jpg?fit=880%2C440&ssl=1&resize=350%2C200","width":350,"height":200,"srcset":"https:\/\/i0.wp.com\/lahoradelcampo.com.uy\/site\/wp-content\/uploads\/2018\/04\/criollos.jpg?fit=880%2C440&ssl=1&resize=350%2C200 1x, https:\/\/i0.wp.com\/lahoradelcampo.com.uy\/site\/wp-content\/uploads\/2018\/04\/criollos.jpg?fit=880%2C440&ssl=1&resize=525%2C300 1.5x, https:\/\/i0.wp.com\/lahoradelcampo.com.uy\/site\/wp-content\/uploads\/2018\/04\/criollos.jpg?fit=880%2C440&ssl=1&resize=700%2C400 2x"},"classes":[]}],"jetpack_likes_enabled":true,"_links":{"self":[{"href":"https:\/\/lahoradelcampo.com.uy\/site\/wp-json\/wp\/v2\/posts\/40417","targetHints":{"allow":["GET"]}}],"collection":[{"href":"https:\/\/lahoradelcampo.com.uy\/site\/wp-json\/wp\/v2\/posts"}],"about":[{"href":"https:\/\/lahoradelcampo.com.uy\/site\/wp-json\/wp\/v2\/types\/post"}],"author":[{"embeddable":true,"href":"https:\/\/lahoradelcampo.com.uy\/site\/wp-json\/wp\/v2\/users\/5"}],"replies":[{"embeddable":true,"href":"https:\/\/lahoradelcampo.com.uy\/site\/wp-json\/wp\/v2\/comments?post=40417"}],"version-history":[{"count":1,"href":"https:\/\/lahoradelcampo.com.uy\/site\/wp-json\/wp\/v2\/posts\/40417\/revisions"}],"predecessor-version":[{"id":40419,"href":"https:\/\/lahoradelcampo.com.uy\/site\/wp-json\/wp\/v2\/posts\/40417\/revisions\/40419"}],"wp:featuredmedia":[{"embeddable":true,"href":"https:\/\/lahoradelcampo.com.uy\/site\/wp-json\/wp\/v2\/media\/28346"}],"wp:attachment":[{"href":"https:\/\/lahoradelcampo.com.uy\/site\/wp-json\/wp\/v2\/media?parent=40417"}],"wp:term":[{"taxonomy":"category","embeddable":true,"href":"https:\/\/lahoradelcampo.com.uy\/site\/wp-json\/wp\/v2\/categories?post=40417"},{"taxonomy":"post_tag","embeddable":true,"href":"https:\/\/lahoradelcampo.com.uy\/site\/wp-json\/wp\/v2\/tags?post=40417"}],"curies":[{"name":"wp","href":"https:\/\/api.w.org\/{rel}","templated":true}]}}