{"id":40407,"date":"2022-03-30T15:31:33","date_gmt":"2022-03-30T18:31:33","guid":{"rendered":"http:\/\/lahoradelcampo.com.uy\/site\/?p=40407"},"modified":"2022-03-30T15:31:39","modified_gmt":"2022-03-30T18:31:39","slug":"cosecha-arrocera-lleva-un-38-de-avance","status":"publish","type":"post","link":"https:\/\/lahoradelcampo.com.uy\/site\/cosecha-arrocera-lleva-un-38-de-avance\/","title":{"rendered":"Cosecha arrocera lleva un 38% de avance"},"content":{"rendered":"\n<figure class=\"wp-block-image\"><img data-recalc-dims=\"1\" loading=\"lazy\" decoding=\"async\" width=\"810\" height=\"405\" data-attachment-id=\"9873\" data-permalink=\"https:\/\/lahoradelcampo.com.uy\/site\/en-marzo-subieron-un-1-los-precios-del-arroz-a-nivel-mundial\/arroz-5\/\" data-orig-file=\"https:\/\/i0.wp.com\/lahoradelcampo.com.uy\/site\/wp-content\/uploads\/2019\/04\/arroz-1.jpg?fit=880%2C440&amp;ssl=1\" data-orig-size=\"880,440\" data-comments-opened=\"1\" data-image-meta=\"{&quot;aperture&quot;:&quot;0&quot;,&quot;credit&quot;:&quot;&quot;,&quot;camera&quot;:&quot;&quot;,&quot;caption&quot;:&quot;&quot;,&quot;created_timestamp&quot;:&quot;0&quot;,&quot;copyright&quot;:&quot;&quot;,&quot;focal_length&quot;:&quot;0&quot;,&quot;iso&quot;:&quot;0&quot;,&quot;shutter_speed&quot;:&quot;0&quot;,&quot;title&quot;:&quot;&quot;,&quot;orientation&quot;:&quot;1&quot;}\" data-image-title=\"arroz\" data-image-description=\"\" data-image-caption=\"\" data-large-file=\"https:\/\/i0.wp.com\/lahoradelcampo.com.uy\/site\/wp-content\/uploads\/2019\/04\/arroz-1.jpg?fit=810%2C405&amp;ssl=1\" src=\"https:\/\/i0.wp.com\/lahoradelcampo.com.uy\/site\/wp-content\/uploads\/2019\/04\/arroz-1.jpg?resize=810%2C405\" alt=\"\" class=\"wp-image-9873\" srcset=\"https:\/\/i0.wp.com\/lahoradelcampo.com.uy\/site\/wp-content\/uploads\/2019\/04\/arroz-1.jpg?w=880&amp;ssl=1 880w, https:\/\/i0.wp.com\/lahoradelcampo.com.uy\/site\/wp-content\/uploads\/2019\/04\/arroz-1.jpg?resize=300%2C150&amp;ssl=1 300w, https:\/\/i0.wp.com\/lahoradelcampo.com.uy\/site\/wp-content\/uploads\/2019\/04\/arroz-1.jpg?resize=768%2C384&amp;ssl=1 768w, https:\/\/i0.wp.com\/lahoradelcampo.com.uy\/site\/wp-content\/uploads\/2019\/04\/arroz-1.jpg?resize=820%2C410&amp;ssl=1 820w\" sizes=\"auto, (max-width: 810px) 100vw, 810px\" \/><\/figure>\n\n\n\n<p>La cosecha de arroz est\u00e9 a\u00f1o comenz\u00f3 antes de lo previsto, debido a las condicionantes clim\u00e1ticas en el norte del pa\u00eds,&nbsp; y hasta el momento lleva un 38% de avance de un \u00e1rea total de 163.800 hect\u00e1reas, de acuerdo al \u00faltimo relevamiento realizado por la Asociaci\u00f3n de Cultivadores de Arroz del Uruguay (ACA). \n<\/p>\n\n\n\n<p>Comparado con la zafra anterior, el avance de cosecha es un 4% superior,&nbsp; aproximadamente unas 13.600 hect\u00e1reas. \n<\/p>\n\n\n\n<p>En la zona norte del pa\u00eds, el avance de cosecha se ubica en el 62% del \u00e1rea. Productores en el norte se\u00f1alan que la cosecha est\u00e1 m\u00e1s avanzada en el departamento de Artigas y viene retrasada en Salto. Por su parte en el Este del pa\u00eds la cosecha est\u00e1 en el 35%, mientras que en el centro en el 21%.\n<\/p>\n\n\n\n<p>El rendimiento promedio a nivel pa\u00eds est\u00e1 ubic\u00e1ndose por debajo del promedio del a\u00f1o pasado, sin embargo se estima que no descender\u00e1 de los 9.000 kilos por hect\u00e1rea, posicion\u00e1ndose as\u00ed por encima del promedio de la \u00faltima d\u00e9cada. <\/p>\n\n\n\n<p>Salto, 30 de marzo de 2022<\/p>\n","protected":false},"excerpt":{"rendered":"<p>La cosecha de arroz est\u00e9 a\u00f1o comenz\u00f3 antes de lo previsto, debido a las condicionantes clim\u00e1ticas en el norte del pa\u00eds,&nbsp; y hasta el momento lleva un 38% de avance [&hellip;]<\/p>\n","protected":false},"author":5,"featured_media":9873,"comment_status":"open","ping_status":"open","sticky":false,"template":"","format":"standard","meta":{"_price":"","_stock":"","_tribe_ticket_header":"","_tribe_default_ticket_provider":"","_tribe_ticket_capacity":"0","_ticket_start_date":"","_ticket_end_date":"","_tribe_ticket_show_description":"","_tribe_ticket_show_not_going":false,"_tribe_ticket_use_global_stock":"","_tribe_ticket_global_stock_level":"","_global_stock_mode":"","_global_stock_cap":"","_tribe_rsvp_for_event":"","_tribe_ticket_going_count":"","_tribe_ticket_not_going_count":"","_tribe_tickets_list":"[]","_tribe_ticket_has_attendee_info_fields":false,"h5ap_radio_sources":[],"_jetpack_newsletter_access":"","_jetpack_dont_email_post_to_subs":false,"_jetpack_newsletter_tier_id":0,"_jetpack_memberships_contains_paywalled_content":false,"_jetpack_memberships_contains_paid_content":false,"footnotes":""},"categories":[21,7],"tags":[],"class_list":["post-40407","post","type-post","status-publish","format-standard","has-post-thumbnail","hentry","category-actualidad","category-agricultura"],"jetpack_featured_media_url":"https:\/\/i0.wp.com\/lahoradelcampo.com.uy\/site\/wp-content\/uploads\/2019\/04\/arroz-1.jpg?fit=880%2C440&ssl=1","jetpack_sharing_enabled":true,"jetpack_shortlink":"https:\/\/wp.me\/p99IaT-avJ","jetpack-related-posts":[{"id":40825,"url":"https:\/\/lahoradelcampo.com.uy\/site\/avance-de-la-cosecha-de-arroz-llega-al-80-en-el-norte-del-pais\/","url_meta":{"origin":40407,"position":0},"title":"Avance de la cosecha de arroz llega al 80% en el norte del pa\u00eds","author":"La Hora del Campo","date":"18 abril, 2022","format":false,"excerpt":"El promedio general de la cosecha a nivel nacional se posiciona en el 63% de acuerdo al informe de esta semana, elaborado por la Asociaci\u00f3n de Cultivadores de Arroz del Uruguay (ACA). Recordemos que este porcentaje, es el \u00e1rea correspondiente a la cosecha en total de 163.800 hect\u00e1reas sembradas en\u2026","rel":"","context":"En \u00abActualidad\u00bb","block_context":{"text":"Actualidad","link":"https:\/\/lahoradelcampo.com.uy\/site\/category\/actualidad\/"},"img":{"alt_text":"","src":"https:\/\/i0.wp.com\/lahoradelcampo.com.uy\/site\/wp-content\/uploads\/2019\/05\/arroz-2.jpg?fit=880%2C440&ssl=1&resize=350%2C200","width":350,"height":200,"srcset":"https:\/\/i0.wp.com\/lahoradelcampo.com.uy\/site\/wp-content\/uploads\/2019\/05\/arroz-2.jpg?fit=880%2C440&ssl=1&resize=350%2C200 1x, https:\/\/i0.wp.com\/lahoradelcampo.com.uy\/site\/wp-content\/uploads\/2019\/05\/arroz-2.jpg?fit=880%2C440&ssl=1&resize=525%2C300 1.5x, https:\/\/i0.wp.com\/lahoradelcampo.com.uy\/site\/wp-content\/uploads\/2019\/05\/arroz-2.jpg?fit=880%2C440&ssl=1&resize=700%2C400 2x"},"classes":[]},{"id":56068,"url":"https:\/\/lahoradelcampo.com.uy\/site\/cosecha-arrocera-llega-al-86-del-area-en-el-pais\/","url_meta":{"origin":40407,"position":1},"title":"Cosecha arrocera llega al 86% del \u00e1rea en el pa\u00eds","author":"La Hora del Campo","date":"5 mayo, 2025","format":false,"excerpt":"La cosecha de arroz avanza a paso firme, alcanzando un promedio del 86% de la superficie total sembrada para la zafra 2024\/25. Con un \u00e1rea cultivada que totaliz\u00f3 182.874 hect\u00e1reas, el pa\u00eds se encamina hacia la finalizaci\u00f3n de las labores de recolecci\u00f3n. El progreso de la cosecha muestra que la\u2026","rel":"","context":"En \u00abActualidad\u00bb","block_context":{"text":"Actualidad","link":"https:\/\/lahoradelcampo.com.uy\/site\/category\/actualidad\/"},"img":{"alt_text":"","src":"https:\/\/i0.wp.com\/lahoradelcampo.com.uy\/site\/wp-content\/uploads\/2025\/05\/arroz-cosecha.jpg?fit=880%2C440&ssl=1&resize=350%2C200","width":350,"height":200,"srcset":"https:\/\/i0.wp.com\/lahoradelcampo.com.uy\/site\/wp-content\/uploads\/2025\/05\/arroz-cosecha.jpg?fit=880%2C440&ssl=1&resize=350%2C200 1x, https:\/\/i0.wp.com\/lahoradelcampo.com.uy\/site\/wp-content\/uploads\/2025\/05\/arroz-cosecha.jpg?fit=880%2C440&ssl=1&resize=525%2C300 1.5x, https:\/\/i0.wp.com\/lahoradelcampo.com.uy\/site\/wp-content\/uploads\/2025\/05\/arroz-cosecha.jpg?fit=880%2C440&ssl=1&resize=700%2C400 2x"},"classes":[]},{"id":41261,"url":"https:\/\/lahoradelcampo.com.uy\/site\/cosecha-arrocera-2021-2022-en-el-87\/","url_meta":{"origin":40407,"position":2},"title":"Cosecha arrocera 2021-2022 en el 87%","author":"La Hora del Campo","date":"28 abril, 2022","format":false,"excerpt":"La Asociaci\u00f3n de Cultivadores de Arroz (ACA) present\u00f3 ayer mi\u00e9rcoles el avance de la cosecha arrocera 2021-2022, la cual alcanz\u00f3 el 87% de un \u00e1rea total de 163.800 hect\u00e1reas. Seg\u00fan inform\u00f3 la gremial, contin\u00faa la t\u00f3nica que ha marcado la zafra y a pesar de las lluvias de los \u00faltimos\u2026","rel":"","context":"En \u00abActualidad\u00bb","block_context":{"text":"Actualidad","link":"https:\/\/lahoradelcampo.com.uy\/site\/category\/actualidad\/"},"img":{"alt_text":"","src":"https:\/\/i0.wp.com\/lahoradelcampo.com.uy\/site\/wp-content\/uploads\/2019\/04\/arroz-1.jpg?fit=880%2C440&ssl=1&resize=350%2C200","width":350,"height":200,"srcset":"https:\/\/i0.wp.com\/lahoradelcampo.com.uy\/site\/wp-content\/uploads\/2019\/04\/arroz-1.jpg?fit=880%2C440&ssl=1&resize=350%2C200 1x, https:\/\/i0.wp.com\/lahoradelcampo.com.uy\/site\/wp-content\/uploads\/2019\/04\/arroz-1.jpg?fit=880%2C440&ssl=1&resize=525%2C300 1.5x, https:\/\/i0.wp.com\/lahoradelcampo.com.uy\/site\/wp-content\/uploads\/2019\/04\/arroz-1.jpg?fit=880%2C440&ssl=1&resize=700%2C400 2x"},"classes":[]},{"id":40733,"url":"https:\/\/lahoradelcampo.com.uy\/site\/avance-de-la-cosecha-arrocera-alcanzo-el-50-del-area\/","url_meta":{"origin":40407,"position":3},"title":"Avance de la cosecha arrocera alcanz\u00f3 el 50% del \u00e1rea","author":"La Hora del Campo","date":"12 abril, 2022","format":false,"excerpt":"La Asociaci\u00f3n de Cultivadores de Arroz del Uruguay emiti\u00f3 un nuevo informe de actualizaci\u00f3n del avance de la cosecha arrocera en nuestro pa\u00eds. De acuerdo a la informaci\u00f3n brindada por la gremial, se ha levantado la mitad del \u00e1rea sembrada en la presente zafra 2021-2022, que recordemos est\u00e1 ubicada en\u2026","rel":"","context":"En \u00abActualidad\u00bb","block_context":{"text":"Actualidad","link":"https:\/\/lahoradelcampo.com.uy\/site\/category\/actualidad\/"},"img":{"alt_text":"","src":"https:\/\/i0.wp.com\/lahoradelcampo.com.uy\/site\/wp-content\/uploads\/2019\/04\/arroz-1.jpg?fit=880%2C440&ssl=1&resize=350%2C200","width":350,"height":200,"srcset":"https:\/\/i0.wp.com\/lahoradelcampo.com.uy\/site\/wp-content\/uploads\/2019\/04\/arroz-1.jpg?fit=880%2C440&ssl=1&resize=350%2C200 1x, https:\/\/i0.wp.com\/lahoradelcampo.com.uy\/site\/wp-content\/uploads\/2019\/04\/arroz-1.jpg?fit=880%2C440&ssl=1&resize=525%2C300 1.5x, https:\/\/i0.wp.com\/lahoradelcampo.com.uy\/site\/wp-content\/uploads\/2019\/04\/arroz-1.jpg?fit=880%2C440&ssl=1&resize=700%2C400 2x"},"classes":[]},{"id":53713,"url":"https:\/\/lahoradelcampo.com.uy\/site\/37-de-avance-de-la-cosecha-arrocera-con-perdidas-por-eventos-climaticos\/","url_meta":{"origin":40407,"position":4},"title":"37% de avance de la cosecha arrocera, con p\u00e9rdidas por eventos clim\u00e1ticos","author":"La Hora del Campo","date":"5 abril, 2024","format":false,"excerpt":"La zafra arrocera 23-24 en Uruguay alcanz\u00f3 un 37% de los trabajos de cosecha, sobre un \u00e1rea de 148.629 hect\u00e1reas sembradas a nivel pa\u00eds. La cosecha se ha encontrado con problemas clim\u00e1ticos que han atrasado las tareas. A nivel regional, el avance de siembra var\u00eda, con el Norte liderando con\u2026","rel":"","context":"En \u00abActualidad\u00bb","block_context":{"text":"Actualidad","link":"https:\/\/lahoradelcampo.com.uy\/site\/category\/actualidad\/"},"img":{"alt_text":"","src":"https:\/\/i0.wp.com\/lahoradelcampo.com.uy\/site\/wp-content\/uploads\/2024\/04\/aca-cosecha-arroz.jpg?fit=880%2C440&ssl=1&resize=350%2C200","width":350,"height":200,"srcset":"https:\/\/i0.wp.com\/lahoradelcampo.com.uy\/site\/wp-content\/uploads\/2024\/04\/aca-cosecha-arroz.jpg?fit=880%2C440&ssl=1&resize=350%2C200 1x, https:\/\/i0.wp.com\/lahoradelcampo.com.uy\/site\/wp-content\/uploads\/2024\/04\/aca-cosecha-arroz.jpg?fit=880%2C440&ssl=1&resize=525%2C300 1.5x, https:\/\/i0.wp.com\/lahoradelcampo.com.uy\/site\/wp-content\/uploads\/2024\/04\/aca-cosecha-arroz.jpg?fit=880%2C440&ssl=1&resize=700%2C400 2x"},"classes":[]},{"id":55883,"url":"https:\/\/lahoradelcampo.com.uy\/site\/avanza-la-cosecha-arrocera-con-buen-ritmo-y-rendimientos-alentadores\/","url_meta":{"origin":40407,"position":5},"title":"Avanza la cosecha arrocera con buen ritmo y rendimientos alentadores","author":"La Hora del Campo","date":"13 abril, 2025","format":false,"excerpt":"De acuerdo con el informe elaborado por la Asociaci\u00f3n de Cultivadores de Arroz del Uruguay (ACA), la zafra arrocera 2024-2025 avanza con un 55% del \u00e1rea cosechada a nivel nacional, sobre un total sembrado de 182.874 hect\u00e1reas. La regi\u00f3n Norte lidera el ritmo con un 70% de avance, seguida por\u2026","rel":"","context":"En \u00abActualidad\u00bb","block_context":{"text":"Actualidad","link":"https:\/\/lahoradelcampo.com.uy\/site\/category\/actualidad\/"},"img":{"alt_text":"","src":"https:\/\/i0.wp.com\/lahoradelcampo.com.uy\/site\/wp-content\/uploads\/2025\/04\/Arrocero-1.jpg?fit=880%2C440&ssl=1&resize=350%2C200","width":350,"height":200,"srcset":"https:\/\/i0.wp.com\/lahoradelcampo.com.uy\/site\/wp-content\/uploads\/2025\/04\/Arrocero-1.jpg?fit=880%2C440&ssl=1&resize=350%2C200 1x, https:\/\/i0.wp.com\/lahoradelcampo.com.uy\/site\/wp-content\/uploads\/2025\/04\/Arrocero-1.jpg?fit=880%2C440&ssl=1&resize=525%2C300 1.5x, https:\/\/i0.wp.com\/lahoradelcampo.com.uy\/site\/wp-content\/uploads\/2025\/04\/Arrocero-1.jpg?fit=880%2C440&ssl=1&resize=700%2C400 2x"},"classes":[]}],"jetpack_likes_enabled":true,"_links":{"self":[{"href":"https:\/\/lahoradelcampo.com.uy\/site\/wp-json\/wp\/v2\/posts\/40407","targetHints":{"allow":["GET"]}}],"collection":[{"href":"https:\/\/lahoradelcampo.com.uy\/site\/wp-json\/wp\/v2\/posts"}],"about":[{"href":"https:\/\/lahoradelcampo.com.uy\/site\/wp-json\/wp\/v2\/types\/post"}],"author":[{"embeddable":true,"href":"https:\/\/lahoradelcampo.com.uy\/site\/wp-json\/wp\/v2\/users\/5"}],"replies":[{"embeddable":true,"href":"https:\/\/lahoradelcampo.com.uy\/site\/wp-json\/wp\/v2\/comments?post=40407"}],"version-history":[{"count":1,"href":"https:\/\/lahoradelcampo.com.uy\/site\/wp-json\/wp\/v2\/posts\/40407\/revisions"}],"predecessor-version":[{"id":40413,"href":"https:\/\/lahoradelcampo.com.uy\/site\/wp-json\/wp\/v2\/posts\/40407\/revisions\/40413"}],"wp:featuredmedia":[{"embeddable":true,"href":"https:\/\/lahoradelcampo.com.uy\/site\/wp-json\/wp\/v2\/media\/9873"}],"wp:attachment":[{"href":"https:\/\/lahoradelcampo.com.uy\/site\/wp-json\/wp\/v2\/media?parent=40407"}],"wp:term":[{"taxonomy":"category","embeddable":true,"href":"https:\/\/lahoradelcampo.com.uy\/site\/wp-json\/wp\/v2\/categories?post=40407"},{"taxonomy":"post_tag","embeddable":true,"href":"https:\/\/lahoradelcampo.com.uy\/site\/wp-json\/wp\/v2\/tags?post=40407"}],"curies":[{"name":"wp","href":"https:\/\/api.w.org\/{rel}","templated":true}]}}