{"id":40383,"date":"2022-03-30T08:23:21","date_gmt":"2022-03-30T11:23:21","guid":{"rendered":"http:\/\/lahoradelcampo.com.uy\/site\/?p=40383"},"modified":"2022-03-30T08:32:36","modified_gmt":"2022-03-30T11:32:36","slug":"nos-encontramos-en-la-tercera-generacion-de-la-garrapata","status":"publish","type":"post","link":"https:\/\/lahoradelcampo.com.uy\/site\/nos-encontramos-en-la-tercera-generacion-de-la-garrapata\/","title":{"rendered":"Nos encontramos en la tercera generaci\u00f3n de la garrapata"},"content":{"rendered":"\n<p>En Uruguay nos encontramos en la tercera generaci\u00f3n de garrapata, la que tiene la mayor presencia del par\u00e1sito tanto a nivel de los campos, como tambi\u00e9n sobre el ganado, generando p\u00e9rdidas a nivel de la producci\u00f3n.<\/p>\n\n\n\n<p>El Dr. Horacio Mederos, Director t\u00e9cnico de Biog\u00e9nesis Bag\u00f3 recuerda la importancia de continuar con la planificaci\u00f3n sanitaria prevista, rotando los principios activos para disminuir la poblaci\u00f3n del par\u00e1sito. <\/p>\n\n\n\n<figure class=\"wp-block-embed-youtube wp-block-embed is-type-video is-provider-youtube wp-embed-aspect-16-9 wp-has-aspect-ratio\"><div class=\"wp-block-embed__wrapper\">\n<span class=\"embed-youtube\" style=\"text-align:center; display: block;\"><iframe loading=\"lazy\" class=\"youtube-player\" width=\"810\" height=\"456\" src=\"https:\/\/www.youtube.com\/embed\/bjDf2T3Xaac?version=3&#038;rel=1&#038;showsearch=0&#038;showinfo=1&#038;iv_load_policy=1&#038;fs=1&#038;hl=es-ES&#038;autohide=2&#038;wmode=transparent\" allowfullscreen=\"true\" style=\"border:0;\" sandbox=\"allow-scripts allow-same-origin allow-popups allow-presentation allow-popups-to-escape-sandbox\"><\/iframe><\/span>\n<\/div><\/figure>\n\n\n\n<p>\n\nBiog\u00e9nesis Bag\u00f3 una empresa global, con m\u00e1s de 30 a\u00f1os instalada en el Uruguay, con un fuerte arraigo a nivel local y cada vez m\u00e1s cerca de los productores y el comercio.\n\n<\/p>\n\n\n\n<p>Salto, 30 de marzo de 2022<\/p>\n","protected":false},"excerpt":{"rendered":"<p>En Uruguay nos encontramos en la tercera generaci\u00f3n de garrapata, la que tiene la mayor presencia del par\u00e1sito tanto a nivel de los campos, como tambi\u00e9n sobre el ganado, generando [&hellip;]<\/p>\n","protected":false},"author":5,"featured_media":28022,"comment_status":"open","ping_status":"open","sticky":false,"template":"","format":"standard","meta":{"_price":"","_stock":"","_tribe_ticket_header":"","_tribe_default_ticket_provider":"","_tribe_ticket_capacity":"0","_ticket_start_date":"","_ticket_end_date":"","_tribe_ticket_show_description":"","_tribe_ticket_show_not_going":false,"_tribe_ticket_use_global_stock":"","_tribe_ticket_global_stock_level":"","_global_stock_mode":"","_global_stock_cap":"","_tribe_rsvp_for_event":"","_tribe_ticket_going_count":"","_tribe_ticket_not_going_count":"","_tribe_tickets_list":"[]","_tribe_ticket_has_attendee_info_fields":false,"h5ap_radio_sources":[],"_jetpack_newsletter_access":"","_jetpack_dont_email_post_to_subs":false,"_jetpack_newsletter_tier_id":0,"_jetpack_memberships_contains_paywalled_content":false,"_jetpack_memberships_contains_paid_content":false,"footnotes":""},"categories":[21,5],"tags":[],"class_list":["post-40383","post","type-post","status-publish","format-standard","has-post-thumbnail","hentry","category-actualidad","category-ganaderia"],"jetpack_featured_media_url":"https:\/\/i0.wp.com\/lahoradelcampo.com.uy\/site\/wp-content\/uploads\/2021\/02\/biogenesis-2.jpg?fit=880%2C440&ssl=1","jetpack_sharing_enabled":true,"jetpack_shortlink":"https:\/\/wp.me\/p99IaT-avl","jetpack-related-posts":[{"id":45083,"url":"https:\/\/lahoradelcampo.com.uy\/site\/estamos-en-el-momento-ideal-para-un-buen-control-de-la-garrapata\/","url_meta":{"origin":40383,"position":0},"title":"Estamos en el momento ideal para un buen control de la garrapata","author":"La Hora del Campo","date":"29 agosto, 2022","format":false,"excerpt":"En el inicio de la primera generaci\u00f3n de la garrapata, que se desarrolla hasta el mes de noviembre, estamos en el momento propicio para realizar un buen control del par\u00e1sito, disminuir su presencia y la generaci\u00f3n de resistencia. El Dr. Horario Mederos, Director t\u00e9cnico de Biog\u00e9nesis Bag\u00f3, remarc\u00f3 la importancia\u2026","rel":"","context":"En \u00abActualidad\u00bb","block_context":{"text":"Actualidad","link":"https:\/\/lahoradelcampo.com.uy\/site\/category\/actualidad\/"},"img":{"alt_text":"","src":"https:\/\/i0.wp.com\/lahoradelcampo.com.uy\/site\/wp-content\/uploads\/2022\/05\/Biogenesis-Mederos.jpg?fit=880%2C440&ssl=1&resize=350%2C200","width":350,"height":200,"srcset":"https:\/\/i0.wp.com\/lahoradelcampo.com.uy\/site\/wp-content\/uploads\/2022\/05\/Biogenesis-Mederos.jpg?fit=880%2C440&ssl=1&resize=350%2C200 1x, https:\/\/i0.wp.com\/lahoradelcampo.com.uy\/site\/wp-content\/uploads\/2022\/05\/Biogenesis-Mederos.jpg?fit=880%2C440&ssl=1&resize=525%2C300 1.5x, https:\/\/i0.wp.com\/lahoradelcampo.com.uy\/site\/wp-content\/uploads\/2022\/05\/Biogenesis-Mederos.jpg?fit=880%2C440&ssl=1&resize=700%2C400 2x"},"classes":[]},{"id":33080,"url":"https:\/\/lahoradelcampo.com.uy\/site\/agosto-es-ideal-para-comenzar-un-buen-tratamiento-contra-la-garrapata\/","url_meta":{"origin":40383,"position":1},"title":"Agosto es ideal para comenzar un buen tratamiento contra la garrapata","author":"La Hora del Campo","date":"13 agosto, 2021","format":false,"excerpt":"En Agosto comienza el primer ciclo de la garrapata, de los tres que tiene el par\u00e1sito en nuestro pa\u00eds, por lo tanto es un buen momento para comenzar con un buen tratamiento, reducir la poblaci\u00f3n del par\u00e1sito y evitar la resistencia. En Uruguay hay tres generaciones de garrapata, la primera\u2026","rel":"","context":"En \u00abActualidad\u00bb","block_context":{"text":"Actualidad","link":"https:\/\/lahoradelcampo.com.uy\/site\/category\/actualidad\/"},"img":{"alt_text":"","src":"https:\/\/i0.wp.com\/lahoradelcampo.com.uy\/site\/wp-content\/uploads\/2021\/02\/biogenesis-2.jpg?fit=880%2C440&ssl=1&resize=350%2C200","width":350,"height":200,"srcset":"https:\/\/i0.wp.com\/lahoradelcampo.com.uy\/site\/wp-content\/uploads\/2021\/02\/biogenesis-2.jpg?fit=880%2C440&ssl=1&resize=350%2C200 1x, https:\/\/i0.wp.com\/lahoradelcampo.com.uy\/site\/wp-content\/uploads\/2021\/02\/biogenesis-2.jpg?fit=880%2C440&ssl=1&resize=525%2C300 1.5x, https:\/\/i0.wp.com\/lahoradelcampo.com.uy\/site\/wp-content\/uploads\/2021\/02\/biogenesis-2.jpg?fit=880%2C440&ssl=1&resize=700%2C400 2x"},"classes":[]},{"id":37675,"url":"https:\/\/lahoradelcampo.com.uy\/site\/comienza-la-2a-generacion-de-la-garrapata-y-hay-que-seguir-el-plan-sanitario\/","url_meta":{"origin":40383,"position":2},"title":"Comienza la 2\u00aa generaci\u00f3n de la garrapata y hay que seguir el plan sanitario","author":"La Hora del Campo","date":"17 diciembre, 2021","format":false,"excerpt":"Entramos en diciembre en la segunda generaci\u00f3n de la garrapata, que se extiende aproximadamente hasta fines de febrero, por lo que es importante continuar con el plan sanitario planificado con el m\u00e9dico veterinario, realizando la rotaci\u00f3n de los principios activos. El Dr. Horacio Mederos, de Biog\u00e9nesis Bag\u00f3, brind\u00f3 recomendaciones para\u2026","rel":"","context":"En \u00abActualidad\u00bb","block_context":{"text":"Actualidad","link":"https:\/\/lahoradelcampo.com.uy\/site\/category\/actualidad\/"},"img":{"alt_text":"","src":"https:\/\/i0.wp.com\/lahoradelcampo.com.uy\/site\/wp-content\/uploads\/2021\/12\/Biogenesis-garrapata.jpg?fit=880%2C440&ssl=1&resize=350%2C200","width":350,"height":200,"srcset":"https:\/\/i0.wp.com\/lahoradelcampo.com.uy\/site\/wp-content\/uploads\/2021\/12\/Biogenesis-garrapata.jpg?fit=880%2C440&ssl=1&resize=350%2C200 1x, https:\/\/i0.wp.com\/lahoradelcampo.com.uy\/site\/wp-content\/uploads\/2021\/12\/Biogenesis-garrapata.jpg?fit=880%2C440&ssl=1&resize=525%2C300 1.5x, https:\/\/i0.wp.com\/lahoradelcampo.com.uy\/site\/wp-content\/uploads\/2021\/12\/Biogenesis-garrapata.jpg?fit=880%2C440&ssl=1&resize=700%2C400 2x"},"classes":[]},{"id":28020,"url":"https:\/\/lahoradelcampo.com.uy\/site\/estamos-para-entrar-en-la-3a-generacion-de-garrapatas-conozca-como-combatirla\/","url_meta":{"origin":40383,"position":3},"title":"Estamos para entrar en la 3a generaci\u00f3n de garrapatas, conozca como combatirla","author":"La Hora del Campo","date":"26 febrero, 2021","format":false,"excerpt":"Estamos para entrar en la tercera generaci\u00f3n de la garrapata, por lo cual controlar y erradicar el par\u00e1sito es necesario para poder incrementar las ganancias de peso en el oto\u00f1o y evitar la p\u00e9rdida de ganados por la tristeza parasitaria. El Dr. Horacio Mederos, integrante del equipo t\u00e9cnico de Biog\u00e9nesis\u2026","rel":"","context":"En \u00abActualidad\u00bb","block_context":{"text":"Actualidad","link":"https:\/\/lahoradelcampo.com.uy\/site\/category\/actualidad\/"},"img":{"alt_text":"","src":"https:\/\/i0.wp.com\/lahoradelcampo.com.uy\/site\/wp-content\/uploads\/2021\/02\/biogenesis-2.jpg?fit=880%2C440&ssl=1&resize=350%2C200","width":350,"height":200,"srcset":"https:\/\/i0.wp.com\/lahoradelcampo.com.uy\/site\/wp-content\/uploads\/2021\/02\/biogenesis-2.jpg?fit=880%2C440&ssl=1&resize=350%2C200 1x, https:\/\/i0.wp.com\/lahoradelcampo.com.uy\/site\/wp-content\/uploads\/2021\/02\/biogenesis-2.jpg?fit=880%2C440&ssl=1&resize=525%2C300 1.5x, https:\/\/i0.wp.com\/lahoradelcampo.com.uy\/site\/wp-content\/uploads\/2021\/02\/biogenesis-2.jpg?fit=880%2C440&ssl=1&resize=700%2C400 2x"},"classes":[]},{"id":34607,"url":"https:\/\/lahoradelcampo.com.uy\/site\/es-momento-de-comenzar-el-control-generacional-de-la-garrapata\/","url_meta":{"origin":40383,"position":4},"title":"Es momento de comenzar el control generacional de la garrapata","author":"La Hora del Campo","date":"18 septiembre, 2021","format":false,"excerpt":"En el stand de Biog\u00e9nesis Bag\u00f3, en la Expo Prado 2021, la garrapata tambi\u00e9n fue un tema recurrente en las reuniones con los productores, principalmente con los ganaderos del norte del pa\u00eds. El Dr. Horacio Mederos, integrante del equipo t\u00e9cnico del laboratorio, dijo que es momento de comenzar con los\u2026","rel":"","context":"En \u00abActualidad\u00bb","block_context":{"text":"Actualidad","link":"https:\/\/lahoradelcampo.com.uy\/site\/category\/actualidad\/"},"img":{"alt_text":"","src":"https:\/\/i0.wp.com\/lahoradelcampo.com.uy\/site\/wp-content\/uploads\/2021\/02\/biogenesis-2.jpg?fit=880%2C440&ssl=1&resize=350%2C200","width":350,"height":200,"srcset":"https:\/\/i0.wp.com\/lahoradelcampo.com.uy\/site\/wp-content\/uploads\/2021\/02\/biogenesis-2.jpg?fit=880%2C440&ssl=1&resize=350%2C200 1x, https:\/\/i0.wp.com\/lahoradelcampo.com.uy\/site\/wp-content\/uploads\/2021\/02\/biogenesis-2.jpg?fit=880%2C440&ssl=1&resize=525%2C300 1.5x, https:\/\/i0.wp.com\/lahoradelcampo.com.uy\/site\/wp-content\/uploads\/2021\/02\/biogenesis-2.jpg?fit=880%2C440&ssl=1&resize=700%2C400 2x"},"classes":[]},{"id":40219,"url":"https:\/\/lahoradelcampo.com.uy\/site\/la-tristeza-parasitaria-es-una-de-las-principales-causas-de-muerte-en-bovinos\/","url_meta":{"origin":40383,"position":5},"title":"La tristeza parasitaria es una de las principales causas de muerte en bovinos","author":"La Hora del Campo","date":"24 marzo, 2022","format":false,"excerpt":"La tristeza parasitaria es transmitida por la garrapata y actualmente es una de las principales causas de muertes en bovinos en el pa\u00eds. El Dr. Horacio Mederos, integrante del departamento t\u00e9cnico de Biog\u00b4\u00b4enesis Bag\u00f3, nos brinda informaci\u00f3n sobre esta problem\u00e1tica sanitaria. Adem\u00e1s nos brinda recomendaciones para prevenir y como tratar\u2026","rel":"","context":"En \u00abActualidad\u00bb","block_context":{"text":"Actualidad","link":"https:\/\/lahoradelcampo.com.uy\/site\/category\/actualidad\/"},"img":{"alt_text":"","src":"https:\/\/i0.wp.com\/lahoradelcampo.com.uy\/site\/wp-content\/uploads\/2021\/02\/biogenesis-2.jpg?fit=880%2C440&ssl=1&resize=350%2C200","width":350,"height":200,"srcset":"https:\/\/i0.wp.com\/lahoradelcampo.com.uy\/site\/wp-content\/uploads\/2021\/02\/biogenesis-2.jpg?fit=880%2C440&ssl=1&resize=350%2C200 1x, https:\/\/i0.wp.com\/lahoradelcampo.com.uy\/site\/wp-content\/uploads\/2021\/02\/biogenesis-2.jpg?fit=880%2C440&ssl=1&resize=525%2C300 1.5x, https:\/\/i0.wp.com\/lahoradelcampo.com.uy\/site\/wp-content\/uploads\/2021\/02\/biogenesis-2.jpg?fit=880%2C440&ssl=1&resize=700%2C400 2x"},"classes":[]}],"jetpack_likes_enabled":true,"_links":{"self":[{"href":"https:\/\/lahoradelcampo.com.uy\/site\/wp-json\/wp\/v2\/posts\/40383","targetHints":{"allow":["GET"]}}],"collection":[{"href":"https:\/\/lahoradelcampo.com.uy\/site\/wp-json\/wp\/v2\/posts"}],"about":[{"href":"https:\/\/lahoradelcampo.com.uy\/site\/wp-json\/wp\/v2\/types\/post"}],"author":[{"embeddable":true,"href":"https:\/\/lahoradelcampo.com.uy\/site\/wp-json\/wp\/v2\/users\/5"}],"replies":[{"embeddable":true,"href":"https:\/\/lahoradelcampo.com.uy\/site\/wp-json\/wp\/v2\/comments?post=40383"}],"version-history":[{"count":1,"href":"https:\/\/lahoradelcampo.com.uy\/site\/wp-json\/wp\/v2\/posts\/40383\/revisions"}],"predecessor-version":[{"id":40385,"href":"https:\/\/lahoradelcampo.com.uy\/site\/wp-json\/wp\/v2\/posts\/40383\/revisions\/40385"}],"wp:featuredmedia":[{"embeddable":true,"href":"https:\/\/lahoradelcampo.com.uy\/site\/wp-json\/wp\/v2\/media\/28022"}],"wp:attachment":[{"href":"https:\/\/lahoradelcampo.com.uy\/site\/wp-json\/wp\/v2\/media?parent=40383"}],"wp:term":[{"taxonomy":"category","embeddable":true,"href":"https:\/\/lahoradelcampo.com.uy\/site\/wp-json\/wp\/v2\/categories?post=40383"},{"taxonomy":"post_tag","embeddable":true,"href":"https:\/\/lahoradelcampo.com.uy\/site\/wp-json\/wp\/v2\/tags?post=40383"}],"curies":[{"name":"wp","href":"https:\/\/api.w.org\/{rel}","templated":true}]}}