{"id":40379,"date":"2022-03-30T07:00:48","date_gmt":"2022-03-30T10:00:48","guid":{"rendered":"http:\/\/lahoradelcampo.com.uy\/site\/?p=40379"},"modified":"2022-03-30T07:52:55","modified_gmt":"2022-03-30T10:52:55","slug":"suffolk-realizara-su-primera-exposicion-nacional-el-3-de-abril","status":"publish","type":"post","link":"https:\/\/lahoradelcampo.com.uy\/site\/suffolk-realizara-su-primera-exposicion-nacional-el-3-de-abril\/","title":{"rendered":"Suffolk realizar\u00e1 su primera exposici\u00f3n nacional el 3 de abril"},"content":{"rendered":"\n<figure class=\"wp-block-image\"><img data-recalc-dims=\"1\" loading=\"lazy\" decoding=\"async\" width=\"810\" height=\"405\" data-attachment-id=\"931\" data-permalink=\"https:\/\/lahoradelcampo.com.uy\/site\/grandes-campeones-suffolk-y-ile-de-france-2017\/campeones-suffolk\/\" data-orig-file=\"https:\/\/i0.wp.com\/lahoradelcampo.com.uy\/site\/wp-content\/uploads\/2017\/09\/Campeones-suffolk.jpg?fit=880%2C440&amp;ssl=1\" data-orig-size=\"880,440\" data-comments-opened=\"1\" data-image-meta=\"{&quot;aperture&quot;:&quot;0&quot;,&quot;credit&quot;:&quot;Vicente-Manuel-Tort&quot;,&quot;camera&quot;:&quot;&quot;,&quot;caption&quot;:&quot;&quot;,&quot;created_timestamp&quot;:&quot;0&quot;,&quot;copyright&quot;:&quot;Presidencia de la Republica - Sec.Com.Inst.&quot;,&quot;focal_length&quot;:&quot;0&quot;,&quot;iso&quot;:&quot;0&quot;,&quot;shutter_speed&quot;:&quot;0&quot;,&quot;title&quot;:&quot;&quot;,&quot;orientation&quot;:&quot;1&quot;}\" data-image-title=\"Campeones suffolk\" data-image-description=\"\" data-image-caption=\"\" data-large-file=\"https:\/\/i0.wp.com\/lahoradelcampo.com.uy\/site\/wp-content\/uploads\/2017\/09\/Campeones-suffolk.jpg?fit=810%2C405&amp;ssl=1\" src=\"https:\/\/i0.wp.com\/lahoradelcampo.com.uy\/site\/wp-content\/uploads\/2017\/09\/Campeones-suffolk.jpg?resize=810%2C405\" alt=\"\" class=\"wp-image-931\" srcset=\"https:\/\/i0.wp.com\/lahoradelcampo.com.uy\/site\/wp-content\/uploads\/2017\/09\/Campeones-suffolk.jpg?w=880&amp;ssl=1 880w, https:\/\/i0.wp.com\/lahoradelcampo.com.uy\/site\/wp-content\/uploads\/2017\/09\/Campeones-suffolk.jpg?resize=300%2C150&amp;ssl=1 300w, https:\/\/i0.wp.com\/lahoradelcampo.com.uy\/site\/wp-content\/uploads\/2017\/09\/Campeones-suffolk.jpg?resize=768%2C384&amp;ssl=1 768w, https:\/\/i0.wp.com\/lahoradelcampo.com.uy\/site\/wp-content\/uploads\/2017\/09\/Campeones-suffolk.jpg?resize=820%2C410&amp;ssl=1 820w\" sizes=\"auto, (max-width: 810px) 100vw, 810px\" \/><\/figure>\n\n\n\n<p>La Sociedad de Criadores de Suffolk realizar\u00e1 en el marco de la Expo Melilla, su primera exposici\u00f3n Nacional, con la participaci\u00f3n de 52 ejemplares. <\/p>\n\n\n\n<p>La jura estar\u00e1 a cargo de Lucas Balinhas, un veterinario brasile\u00f1o conocedor de la raza y de amplia experiencia.<\/p>\n\n\n\n<p>Los animales comenzar\u00e1n a llegar a Melilla el jueves 31 y permanecer\u00e1n hasta el domingo 3 por lo que los animales podr\u00e1n verse cualquiera de esos d\u00edas, aunque algunas caba\u00f1as los ingresar\u00e1n el d\u00eda de la Nacional.<br><\/p>\n\n\n\n<p>La programaci\u00f3n del s\u00e1bado 2 inicia a las 09.30 horas y ser\u00e1 todo el d\u00eda recorrido \u201ccomenzando con el bozal, al medio d\u00eda habr\u00e1 una minipicada de corderos asados y en la tarde sigue el jurado de campo. Al final habr\u00e1 una charla informativa sobre la raza.<br><\/p>\n\n\n\n<p>Las caba\u00f1as participantes son Bella Vista, Caranegra, Do\u00f1a Agustina, Do\u00f1a Josela, El Capricho, el Camb\u00f3n, El Paso, Las Violetas, Nueve Lunas y \u00d1u Por\u00e1.<\/p>\n\n\n\n<p>Salto, 30 de marzo de 2022<\/p>\n","protected":false},"excerpt":{"rendered":"<p>La Sociedad de Criadores de Suffolk realizar\u00e1 en el marco de la Expo Melilla, su primera exposici\u00f3n Nacional, con la participaci\u00f3n de 52 ejemplares. La jura estar\u00e1 a cargo de [&hellip;]<\/p>\n","protected":false},"author":5,"featured_media":931,"comment_status":"open","ping_status":"open","sticky":false,"template":"","format":"standard","meta":{"_price":"","_stock":"","_tribe_ticket_header":"","_tribe_default_ticket_provider":"","_tribe_ticket_capacity":"0","_ticket_start_date":"","_ticket_end_date":"","_tribe_ticket_show_description":"","_tribe_ticket_show_not_going":false,"_tribe_ticket_use_global_stock":"","_tribe_ticket_global_stock_level":"","_global_stock_mode":"","_global_stock_cap":"","_tribe_rsvp_for_event":"","_tribe_ticket_going_count":"","_tribe_ticket_not_going_count":"","_tribe_tickets_list":"[]","_tribe_ticket_has_attendee_info_fields":false,"h5ap_radio_sources":[],"_jetpack_newsletter_access":"","_jetpack_dont_email_post_to_subs":false,"_jetpack_newsletter_tier_id":0,"_jetpack_memberships_contains_paywalled_content":false,"_jetpack_memberships_contains_paid_content":false,"footnotes":""},"categories":[21,13],"tags":[],"class_list":["post-40379","post","type-post","status-publish","format-standard","has-post-thumbnail","hentry","category-actualidad","category-ovinos"],"jetpack_featured_media_url":"https:\/\/i0.wp.com\/lahoradelcampo.com.uy\/site\/wp-content\/uploads\/2017\/09\/Campeones-suffolk.jpg?fit=880%2C440&ssl=1","jetpack_sharing_enabled":true,"jetpack_shortlink":"https:\/\/wp.me\/p99IaT-avh","jetpack-related-posts":[{"id":5243,"url":"https:\/\/lahoradelcampo.com.uy\/site\/primera-exposicion-nacional-del-hereford-se-realizara-en-paysandu\/","url_meta":{"origin":40379,"position":0},"title":"Primera exposici\u00f3n nacional del Hereford se realizar\u00e1 en Paysand\u00fa","author":"La Hora del Campo","date":"3 enero, 2018","format":false,"excerpt":"Los d\u00edas 4 y 5 de mayo del 2018, en el predio de la Asociaci\u00f3n Rural Exposici\u00f3n Feria de Paysand\u00fa, la Sociedad de Criadores de Hereford del Uruguay realizar\u00e1 la primera Exposici\u00f3n Nacional de la raza. Durante la misma se alternar\u00e1n diferentes actividades que tendr\u00e1n como principales protagonistas la muestra,\u2026","rel":"","context":"En \u00abActualidad\u00bb","block_context":{"text":"Actualidad","link":"https:\/\/lahoradelcampo.com.uy\/site\/category\/actualidad\/"},"img":{"alt_text":"","src":"https:\/\/i0.wp.com\/lahoradelcampo.com.uy\/site\/wp-content\/uploads\/2018\/01\/Hereford.jpg?fit=880%2C440&ssl=1&resize=350%2C200","width":350,"height":200,"srcset":"https:\/\/i0.wp.com\/lahoradelcampo.com.uy\/site\/wp-content\/uploads\/2018\/01\/Hereford.jpg?fit=880%2C440&ssl=1&resize=350%2C200 1x, https:\/\/i0.wp.com\/lahoradelcampo.com.uy\/site\/wp-content\/uploads\/2018\/01\/Hereford.jpg?fit=880%2C440&ssl=1&resize=525%2C300 1.5x, https:\/\/i0.wp.com\/lahoradelcampo.com.uy\/site\/wp-content\/uploads\/2018\/01\/Hereford.jpg?fit=880%2C440&ssl=1&resize=700%2C400 2x"},"classes":[]},{"id":49498,"url":"https:\/\/lahoradelcampo.com.uy\/site\/primer-congreso-texel-del-mercosur-y-la-4ta-exposicion-nacional\/","url_meta":{"origin":40379,"position":1},"title":"Primer Congreso Texel del Mercosur y la 4ta Exposici\u00f3n Nacional","author":"La Hora del Campo","date":"27 marzo, 2023","format":false,"excerpt":"La Sociedad de Criadores de Texel del Uruguay se prepara para realizar el Primer Congreso Texel del Mercosur, en el marco de la Expo Melilla, del 13 al 16 de abril de 2023. El evento promete ser un hito en la historia de la raza en la regi\u00f3n. En el\u2026","rel":"","context":"En \u00abActualidad\u00bb","block_context":{"text":"Actualidad","link":"https:\/\/lahoradelcampo.com.uy\/site\/category\/actualidad\/"},"img":{"alt_text":"","src":"https:\/\/i0.wp.com\/lahoradelcampo.com.uy\/site\/wp-content\/uploads\/2022\/09\/PRADO-GCTexel.jpg?fit=880%2C440&ssl=1&resize=350%2C200","width":350,"height":200,"srcset":"https:\/\/i0.wp.com\/lahoradelcampo.com.uy\/site\/wp-content\/uploads\/2022\/09\/PRADO-GCTexel.jpg?fit=880%2C440&ssl=1&resize=350%2C200 1x, https:\/\/i0.wp.com\/lahoradelcampo.com.uy\/site\/wp-content\/uploads\/2022\/09\/PRADO-GCTexel.jpg?fit=880%2C440&ssl=1&resize=525%2C300 1.5x, https:\/\/i0.wp.com\/lahoradelcampo.com.uy\/site\/wp-content\/uploads\/2022\/09\/PRADO-GCTexel.jpg?fit=880%2C440&ssl=1&resize=700%2C400 2x"},"classes":[]},{"id":54926,"url":"https:\/\/lahoradelcampo.com.uy\/site\/evaluan-como-excelente-la-3a-nacional-de-la-raza-suffolk-realizada-en-paysandu\/","url_meta":{"origin":40379,"position":2},"title":"Eval\u00faan como \u201cexcelente\u201d la 3a. Nacional de la raza Suffolk realizada en Paysand\u00fa","author":"La Hora del Campo","date":"20 octubre, 2024","format":false,"excerpt":"En el marco de la Exposici\u00f3n de la Rural de Paysand\u00fa, se desarroll\u00f3 la Tercera Expo Nacional de la raza Suffolk, evaluada como \u201cexcelente\u201d por parte de P\u00edo Segredo, presidente de la referida sociedad. \u201cNosotros siempre buscamos diferentes puntos para realizar las exposiciones nacionales. Las hemos hecho en el sur,\u2026","rel":"","context":"En \u00abOvinos\u00bb","block_context":{"text":"Ovinos","link":"https:\/\/lahoradelcampo.com.uy\/site\/category\/ovinos\/"},"img":{"alt_text":"","src":"https:\/\/i0.wp.com\/lahoradelcampo.com.uy\/site\/wp-content\/uploads\/2024\/10\/MerinoPaysandu.jpg?fit=880%2C440&ssl=1&resize=350%2C200","width":350,"height":200,"srcset":"https:\/\/i0.wp.com\/lahoradelcampo.com.uy\/site\/wp-content\/uploads\/2024\/10\/MerinoPaysandu.jpg?fit=880%2C440&ssl=1&resize=350%2C200 1x, https:\/\/i0.wp.com\/lahoradelcampo.com.uy\/site\/wp-content\/uploads\/2024\/10\/MerinoPaysandu.jpg?fit=880%2C440&ssl=1&resize=525%2C300 1.5x, https:\/\/i0.wp.com\/lahoradelcampo.com.uy\/site\/wp-content\/uploads\/2024\/10\/MerinoPaysandu.jpg?fit=880%2C440&ssl=1&resize=700%2C400 2x"},"classes":[]},{"id":34397,"url":"https:\/\/lahoradelcampo.com.uy\/site\/2-y-3-de-octubre-se-realiza-la-nacional-del-brangus-en-tacuarembo\/","url_meta":{"origin":40379,"position":3},"title":"2 y 3 de octubre se realiza la Nacional del Brangus en Tacuaremb\u00f3","author":"La Hora del Campo","date":"20 septiembre, 2021","format":false,"excerpt":"La Sociedad de Criadores de Brangus del Uruguay realiza el mi\u00e9rcoles 22 de setiembre la \u00faltima pesada de la 4ta Evaluaci\u00f3n Pastoril de Toros Brangus, de la cual participan 30 reproductores provenientes de 14 caba\u00f1as de distintos puntos de pa\u00eds. El presidente de la gremial, Adri\u00e1n Duarte, dijo que estos\u2026","rel":"","context":"En \u00abActualidad\u00bb","block_context":{"text":"Actualidad","link":"https:\/\/lahoradelcampo.com.uy\/site\/category\/actualidad\/"},"img":{"alt_text":"","src":"https:\/\/i0.wp.com\/lahoradelcampo.com.uy\/site\/wp-content\/uploads\/2021\/09\/Prado-Duarte.jpg?fit=880%2C440&ssl=1&resize=350%2C200","width":350,"height":200,"srcset":"https:\/\/i0.wp.com\/lahoradelcampo.com.uy\/site\/wp-content\/uploads\/2021\/09\/Prado-Duarte.jpg?fit=880%2C440&ssl=1&resize=350%2C200 1x, https:\/\/i0.wp.com\/lahoradelcampo.com.uy\/site\/wp-content\/uploads\/2021\/09\/Prado-Duarte.jpg?fit=880%2C440&ssl=1&resize=525%2C300 1.5x, https:\/\/i0.wp.com\/lahoradelcampo.com.uy\/site\/wp-content\/uploads\/2021\/09\/Prado-Duarte.jpg?fit=880%2C440&ssl=1&resize=700%2C400 2x"},"classes":[]},{"id":9883,"url":"https:\/\/lahoradelcampo.com.uy\/site\/bordaberry-sera-el-jurado-de-la-exposicion-nacional-hereford\/","url_meta":{"origin":40379,"position":4},"title":"Bordaberry ser\u00e1 el jurado de la Exposici\u00f3n Nacional Hereford","author":"La Hora del Campo","date":"17 abril, 2019","format":false,"excerpt":"La Sociedad de Criadores de Hereford del Uruguay realizar\u00e1 los d\u00edas 10 y 11 de mayo, su segunda Exposici\u00f3n Nacional de la raza, este a\u00f1o en el predio de la Sociedad Agropecuaria de Cerro Largo. El viernes 10 de mayo se realizar\u00e1 un remate virtual y presencial de ganados de\u2026","rel":"","context":"En \u00abActualidad\u00bb","block_context":{"text":"Actualidad","link":"https:\/\/lahoradelcampo.com.uy\/site\/category\/actualidad\/"},"img":{"alt_text":"","src":"https:\/\/i0.wp.com\/lahoradelcampo.com.uy\/site\/wp-content\/uploads\/2019\/04\/Hereford.jpg?fit=880%2C440&ssl=1&resize=350%2C200","width":350,"height":200,"srcset":"https:\/\/i0.wp.com\/lahoradelcampo.com.uy\/site\/wp-content\/uploads\/2019\/04\/Hereford.jpg?fit=880%2C440&ssl=1&resize=350%2C200 1x, https:\/\/i0.wp.com\/lahoradelcampo.com.uy\/site\/wp-content\/uploads\/2019\/04\/Hereford.jpg?fit=880%2C440&ssl=1&resize=525%2C300 1.5x, https:\/\/i0.wp.com\/lahoradelcampo.com.uy\/site\/wp-content\/uploads\/2019\/04\/Hereford.jpg?fit=880%2C440&ssl=1&resize=700%2C400 2x"},"classes":[]},{"id":54446,"url":"https:\/\/lahoradelcampo.com.uy\/site\/hampshire-down-celebra-120-anos-en-el-pais-con-95-ejemplares-en-el-prado\/","url_meta":{"origin":40379,"position":5},"title":"Hampshire Down celebra 120 a\u00f1os en el pa\u00eds con 95 ejemplares en el Prado","author":"La Hora del Campo","date":"8 septiembre, 2024","format":false,"excerpt":"La Sociedad de Criadores de Hampshire Down celebra este a\u00f1o, los 120 a\u00f1os de presencia de la raza en el pa\u00eds, con una destacada presencia de reproductores en el marco de la Expo Prado 2024. El presidente de la gremial, Washington Pereira, destac\u00f3 la importancia para la raza el lograr\u2026","rel":"","context":"En \u00abActualidad\u00bb","block_context":{"text":"Actualidad","link":"https:\/\/lahoradelcampo.com.uy\/site\/category\/actualidad\/"},"img":{"alt_text":"","src":"https:\/\/i0.wp.com\/lahoradelcampo.com.uy\/site\/wp-content\/uploads\/2024\/09\/Hampshire-Down.jpg?fit=880%2C440&ssl=1&resize=350%2C200","width":350,"height":200,"srcset":"https:\/\/i0.wp.com\/lahoradelcampo.com.uy\/site\/wp-content\/uploads\/2024\/09\/Hampshire-Down.jpg?fit=880%2C440&ssl=1&resize=350%2C200 1x, https:\/\/i0.wp.com\/lahoradelcampo.com.uy\/site\/wp-content\/uploads\/2024\/09\/Hampshire-Down.jpg?fit=880%2C440&ssl=1&resize=525%2C300 1.5x, https:\/\/i0.wp.com\/lahoradelcampo.com.uy\/site\/wp-content\/uploads\/2024\/09\/Hampshire-Down.jpg?fit=880%2C440&ssl=1&resize=700%2C400 2x"},"classes":[]}],"jetpack_likes_enabled":true,"_links":{"self":[{"href":"https:\/\/lahoradelcampo.com.uy\/site\/wp-json\/wp\/v2\/posts\/40379","targetHints":{"allow":["GET"]}}],"collection":[{"href":"https:\/\/lahoradelcampo.com.uy\/site\/wp-json\/wp\/v2\/posts"}],"about":[{"href":"https:\/\/lahoradelcampo.com.uy\/site\/wp-json\/wp\/v2\/types\/post"}],"author":[{"embeddable":true,"href":"https:\/\/lahoradelcampo.com.uy\/site\/wp-json\/wp\/v2\/users\/5"}],"replies":[{"embeddable":true,"href":"https:\/\/lahoradelcampo.com.uy\/site\/wp-json\/wp\/v2\/comments?post=40379"}],"version-history":[{"count":1,"href":"https:\/\/lahoradelcampo.com.uy\/site\/wp-json\/wp\/v2\/posts\/40379\/revisions"}],"predecessor-version":[{"id":40381,"href":"https:\/\/lahoradelcampo.com.uy\/site\/wp-json\/wp\/v2\/posts\/40379\/revisions\/40381"}],"wp:featuredmedia":[{"embeddable":true,"href":"https:\/\/lahoradelcampo.com.uy\/site\/wp-json\/wp\/v2\/media\/931"}],"wp:attachment":[{"href":"https:\/\/lahoradelcampo.com.uy\/site\/wp-json\/wp\/v2\/media?parent=40379"}],"wp:term":[{"taxonomy":"category","embeddable":true,"href":"https:\/\/lahoradelcampo.com.uy\/site\/wp-json\/wp\/v2\/categories?post=40379"},{"taxonomy":"post_tag","embeddable":true,"href":"https:\/\/lahoradelcampo.com.uy\/site\/wp-json\/wp\/v2\/tags?post=40379"}],"curies":[{"name":"wp","href":"https:\/\/api.w.org\/{rel}","templated":true}]}}