{"id":40371,"date":"2022-03-30T07:14:59","date_gmt":"2022-03-30T10:14:59","guid":{"rendered":"http:\/\/lahoradelcampo.com.uy\/site\/?p=40371"},"modified":"2022-03-30T07:15:05","modified_gmt":"2022-03-30T10:15:05","slug":"congreso-anual-de-la-federacion-rural-se-realizara-en-tacuarembo","status":"publish","type":"post","link":"https:\/\/lahoradelcampo.com.uy\/site\/congreso-anual-de-la-federacion-rural-se-realizara-en-tacuarembo\/","title":{"rendered":"Congreso Anual de la Federaci\u00f3n Rural se realizar\u00e1 en Tacuaremb\u00f3"},"content":{"rendered":"\n<figure class=\"wp-block-image\"><img data-recalc-dims=\"1\" loading=\"lazy\" decoding=\"async\" width=\"810\" height=\"405\" data-attachment-id=\"11137\" data-permalink=\"https:\/\/lahoradelcampo.com.uy\/site\/estamos-con-atraso-cambiario-todavia-por-suerte-ha-mejorado\/federacion-rural-1\/\" data-orig-file=\"https:\/\/i0.wp.com\/lahoradelcampo.com.uy\/site\/wp-content\/uploads\/2019\/05\/Federacion-Rural-1.jpg?fit=880%2C440&amp;ssl=1\" data-orig-size=\"880,440\" data-comments-opened=\"1\" data-image-meta=\"{&quot;aperture&quot;:&quot;0&quot;,&quot;credit&quot;:&quot;&quot;,&quot;camera&quot;:&quot;&quot;,&quot;caption&quot;:&quot;&quot;,&quot;created_timestamp&quot;:&quot;0&quot;,&quot;copyright&quot;:&quot;&quot;,&quot;focal_length&quot;:&quot;0&quot;,&quot;iso&quot;:&quot;0&quot;,&quot;shutter_speed&quot;:&quot;0&quot;,&quot;title&quot;:&quot;&quot;,&quot;orientation&quot;:&quot;1&quot;}\" data-image-title=\"Federacion Rural 1\" data-image-description=\"\" data-image-caption=\"\" data-large-file=\"https:\/\/i0.wp.com\/lahoradelcampo.com.uy\/site\/wp-content\/uploads\/2019\/05\/Federacion-Rural-1.jpg?fit=810%2C405&amp;ssl=1\" src=\"https:\/\/i0.wp.com\/lahoradelcampo.com.uy\/site\/wp-content\/uploads\/2019\/05\/Federacion-Rural-1.jpg?resize=810%2C405\" alt=\"\" class=\"wp-image-11137\" srcset=\"https:\/\/i0.wp.com\/lahoradelcampo.com.uy\/site\/wp-content\/uploads\/2019\/05\/Federacion-Rural-1.jpg?w=880&amp;ssl=1 880w, https:\/\/i0.wp.com\/lahoradelcampo.com.uy\/site\/wp-content\/uploads\/2019\/05\/Federacion-Rural-1.jpg?resize=300%2C150&amp;ssl=1 300w, https:\/\/i0.wp.com\/lahoradelcampo.com.uy\/site\/wp-content\/uploads\/2019\/05\/Federacion-Rural-1.jpg?resize=768%2C384&amp;ssl=1 768w, https:\/\/i0.wp.com\/lahoradelcampo.com.uy\/site\/wp-content\/uploads\/2019\/05\/Federacion-Rural-1.jpg?resize=820%2C410&amp;ssl=1 820w\" sizes=\"auto, (max-width: 810px) 100vw, 810px\" \/><\/figure>\n\n\n\n<p>Esta semana el Consejo Directivo de la Federaci\u00f3n Rural del Uruguay decidi\u00f3 realizar en Tacuaremb\u00f3 su pr\u00f3ximo Congreso Anual. <\/p>\n\n\n\n<p>En principio exist\u00edan cuatro posibles sedes para la realizaci\u00f3n del encuentro gremial, sin embargo a la votaci\u00f3n final estuvieron propuestos Durazno y Tacuaremb\u00f3. <\/p>\n\n\n\n<p>De acuerdo a la informaci\u00f3n recibida por La Hora del Campo la elecci\u00f3n se defini\u00f3 19 a 2 a favor de la propuesta realizada por la gremial de Tacuaremb\u00f3. <\/p>\n\n\n\n<p>Dicho encuentro se realizar\u00e1 durante el \u00faltimo fin de semana del mes de mayo. <\/p>\n\n\n\n<p>Salto, 30 de marzo de 2022<\/p>\n","protected":false},"excerpt":{"rendered":"<p>Esta semana el Consejo Directivo de la Federaci\u00f3n Rural del Uruguay decidi\u00f3 realizar en Tacuaremb\u00f3 su pr\u00f3ximo Congreso Anual. En principio exist\u00edan cuatro posibles sedes para la realizaci\u00f3n del encuentro [&hellip;]<\/p>\n","protected":false},"author":5,"featured_media":11137,"comment_status":"open","ping_status":"open","sticky":false,"template":"","format":"standard","meta":{"_price":"","_stock":"","_tribe_ticket_header":"","_tribe_default_ticket_provider":"","_tribe_ticket_capacity":"0","_ticket_start_date":"","_ticket_end_date":"","_tribe_ticket_show_description":"","_tribe_ticket_show_not_going":false,"_tribe_ticket_use_global_stock":"","_tribe_ticket_global_stock_level":"","_global_stock_mode":"","_global_stock_cap":"","_tribe_rsvp_for_event":"","_tribe_ticket_going_count":"","_tribe_ticket_not_going_count":"","_tribe_tickets_list":"[]","_tribe_ticket_has_attendee_info_fields":false,"h5ap_radio_sources":[],"_jetpack_newsletter_access":"","_jetpack_dont_email_post_to_subs":false,"_jetpack_newsletter_tier_id":0,"_jetpack_memberships_contains_paywalled_content":false,"_jetpack_memberships_contains_paid_content":false,"footnotes":""},"categories":[21,5],"tags":[],"class_list":["post-40371","post","type-post","status-publish","format-standard","has-post-thumbnail","hentry","category-actualidad","category-ganaderia"],"jetpack_featured_media_url":"https:\/\/i0.wp.com\/lahoradelcampo.com.uy\/site\/wp-content\/uploads\/2019\/05\/Federacion-Rural-1.jpg?fit=880%2C440&ssl=1","jetpack_sharing_enabled":true,"jetpack_shortlink":"https:\/\/wp.me\/p99IaT-av9","jetpack-related-posts":[{"id":10985,"url":"https:\/\/lahoradelcampo.com.uy\/site\/el-congreso-de-la-federacion-rural-reunira-a-los-presidenciables\/","url_meta":{"origin":40371,"position":0},"title":"El Congreso de la Federaci\u00f3n Rural reunir\u00e1 a los presidenciables","author":"La Hora del Campo","date":"22 mayo, 2019","format":false,"excerpt":"Durante los d\u00edas viernes 25 y s\u00e1bado 26 se realizar\u00e1 el 102\u00b0 Congreso Anual de la Federaci\u00f3n Rural del Uruguay denominado este a\u00f1o \"Diego Platero Garc\u00eda - Nuestra identidad en el coraz\u00f3n del pa\u00eds\". Este a\u00f1o el evento se realizar\u00e1 en el predio de la Sociedad Rural de Paso de\u2026","rel":"","context":"En \u00abActualidad\u00bb","block_context":{"text":"Actualidad","link":"https:\/\/lahoradelcampo.com.uy\/site\/category\/actualidad\/"},"img":{"alt_text":"","src":"https:\/\/i0.wp.com\/lahoradelcampo.com.uy\/site\/wp-content\/uploads\/2019\/05\/Federacion-rural.jpg?fit=880%2C440&ssl=1&resize=350%2C200","width":350,"height":200,"srcset":"https:\/\/i0.wp.com\/lahoradelcampo.com.uy\/site\/wp-content\/uploads\/2019\/05\/Federacion-rural.jpg?fit=880%2C440&ssl=1&resize=350%2C200 1x, https:\/\/i0.wp.com\/lahoradelcampo.com.uy\/site\/wp-content\/uploads\/2019\/05\/Federacion-rural.jpg?fit=880%2C440&ssl=1&resize=525%2C300 1.5x, https:\/\/i0.wp.com\/lahoradelcampo.com.uy\/site\/wp-content\/uploads\/2019\/05\/Federacion-rural.jpg?fit=880%2C440&ssl=1&resize=700%2C400 2x"},"classes":[]},{"id":41771,"url":"https:\/\/lahoradelcampo.com.uy\/site\/martin-uria-sera-el-proximo-presidente-de-la-federacion-rural\/","url_meta":{"origin":40371,"position":1},"title":"Mart\u00edn Ur\u00eda ser\u00e1 el pr\u00f3ximo presidente de la Federaci\u00f3n Rural","author":"La Hora del Campo","date":"13 mayo, 2022","format":false,"excerpt":"En la jornada de ayer venci\u00f3 el plazo para la presentaci\u00f3n de listas de cara al acto eleccionario en el marco del Congreso Anual de la Federaci\u00f3n Rural en Tacuaremb\u00f3 el pr\u00f3ximo 27 y 28 de mayo. Seg\u00fan public\u00f3 el colega Yonnatan Santos en su cuenta de Twitter, la elecci\u00f3n\u2026","rel":"","context":"En \u00abActualidad\u00bb","block_context":{"text":"Actualidad","link":"https:\/\/lahoradelcampo.com.uy\/site\/category\/actualidad\/"},"img":{"alt_text":"","src":"https:\/\/i0.wp.com\/lahoradelcampo.com.uy\/site\/wp-content\/uploads\/2021\/07\/MartinUria.jpg?fit=880%2C440&ssl=1&resize=350%2C200","width":350,"height":200,"srcset":"https:\/\/i0.wp.com\/lahoradelcampo.com.uy\/site\/wp-content\/uploads\/2021\/07\/MartinUria.jpg?fit=880%2C440&ssl=1&resize=350%2C200 1x, https:\/\/i0.wp.com\/lahoradelcampo.com.uy\/site\/wp-content\/uploads\/2021\/07\/MartinUria.jpg?fit=880%2C440&ssl=1&resize=525%2C300 1.5x, https:\/\/i0.wp.com\/lahoradelcampo.com.uy\/site\/wp-content\/uploads\/2021\/07\/MartinUria.jpg?fit=880%2C440&ssl=1&resize=700%2C400 2x"},"classes":[]},{"id":41639,"url":"https:\/\/lahoradelcampo.com.uy\/site\/27-y-28-de-mayo-se-realiza-en-tacuarembo-el-congreso-de-la-fr\/","url_meta":{"origin":40371,"position":2},"title":"27 y 28 de mayo se realiza en Tacuaremb\u00f3 el Congreso de la FR","author":"La Hora del Campo","date":"10 mayo, 2022","format":false,"excerpt":"Durante los d\u00edas viernes 27 y s\u00e1bado 28 de mayo, la Federaci\u00f3n Rural realizar\u00e1 su 105 Congreso Anual denominado \"Una Visi\u00f3n Actual del Agro\", que tendr\u00e1 como sede el predio de la Asociaci\u00f3n Rural de Tacuaremb\u00f3. La gremial presidida por la Sra. M\u00f3nica Silva, tendr\u00e1 como ejes centrales en este\u2026","rel":"","context":"En \u00abActualidad\u00bb","block_context":{"text":"Actualidad","link":"https:\/\/lahoradelcampo.com.uy\/site\/category\/actualidad\/"},"img":{"alt_text":"","src":"https:\/\/i0.wp.com\/lahoradelcampo.com.uy\/site\/wp-content\/uploads\/2020\/10\/ruraltacuarembo.jpg?fit=880%2C440&ssl=1&resize=350%2C200","width":350,"height":200,"srcset":"https:\/\/i0.wp.com\/lahoradelcampo.com.uy\/site\/wp-content\/uploads\/2020\/10\/ruraltacuarembo.jpg?fit=880%2C440&ssl=1&resize=350%2C200 1x, https:\/\/i0.wp.com\/lahoradelcampo.com.uy\/site\/wp-content\/uploads\/2020\/10\/ruraltacuarembo.jpg?fit=880%2C440&ssl=1&resize=525%2C300 1.5x, https:\/\/i0.wp.com\/lahoradelcampo.com.uy\/site\/wp-content\/uploads\/2020\/10\/ruraltacuarembo.jpg?fit=880%2C440&ssl=1&resize=700%2C400 2x"},"classes":[]},{"id":20364,"url":"https:\/\/lahoradelcampo.com.uy\/site\/federacion-rural-realizara-su-congreso-anual-de-forma-virtual\/","url_meta":{"origin":40371,"position":3},"title":"Federaci\u00f3n Rural realizar\u00e1 su congreso anual de forma virtual","author":"La Hora del Campo","date":"29 mayo, 2020","format":false,"excerpt":"La Federaci\u00f3n Rural del Uruguay planific\u00f3 para los d\u00edas 29 y 30 de mayo de 2020, la realizaci\u00f3n de su Congreso Anual, que este a\u00f1o se realizar\u00eda en la ciudad de Rocha. Sin embargo, y debido a la situaci\u00f3n de emergencia sanitaria por el Covid-19, el Consejo Directivo de la\u2026","rel":"","context":"En \u00abActualidad\u00bb","block_context":{"text":"Actualidad","link":"https:\/\/lahoradelcampo.com.uy\/site\/category\/actualidad\/"},"img":{"alt_text":"","src":"https:\/\/i0.wp.com\/lahoradelcampo.com.uy\/site\/wp-content\/uploads\/2018\/03\/web-federacion.jpg?fit=880%2C440&ssl=1&resize=350%2C200","width":350,"height":200,"srcset":"https:\/\/i0.wp.com\/lahoradelcampo.com.uy\/site\/wp-content\/uploads\/2018\/03\/web-federacion.jpg?fit=880%2C440&ssl=1&resize=350%2C200 1x, https:\/\/i0.wp.com\/lahoradelcampo.com.uy\/site\/wp-content\/uploads\/2018\/03\/web-federacion.jpg?fit=880%2C440&ssl=1&resize=525%2C300 1.5x, https:\/\/i0.wp.com\/lahoradelcampo.com.uy\/site\/wp-content\/uploads\/2018\/03\/web-federacion.jpg?fit=880%2C440&ssl=1&resize=700%2C400 2x"},"classes":[]},{"id":6759,"url":"https:\/\/lahoradelcampo.com.uy\/site\/paso-de-los-toros-busca-ser-la-sede-del-congreso-de-federacion-rural-en-2019\/","url_meta":{"origin":40371,"position":4},"title":"Paso de los Toros busca ser la sede del Congreso de Federaci\u00f3n Rural en 2019","author":"La Hora del Campo","date":"2 mayo, 2018","format":false,"excerpt":"El Congreso de la Federaci\u00f3n Rural del Uruguay es rotativo en las diferentes regiones del pa\u00eds, el \u00faltimo realizado en el norte fue en Artigas en 2015, con motivo del 98\u00ba encuentro de las federadas. Posteriormente se traslado a Florida en 2016 (en el centro del pa\u00eds), a Lascano en\u2026","rel":"","context":"En \u00abActualidad\u00bb","block_context":{"text":"Actualidad","link":"https:\/\/lahoradelcampo.com.uy\/site\/category\/actualidad\/"},"img":{"alt_text":"","src":"https:\/\/i0.wp.com\/lahoradelcampo.com.uy\/site\/wp-content\/uploads\/2018\/05\/Paso-de-los-toros.jpg?fit=880%2C440&ssl=1&resize=350%2C200","width":350,"height":200,"srcset":"https:\/\/i0.wp.com\/lahoradelcampo.com.uy\/site\/wp-content\/uploads\/2018\/05\/Paso-de-los-toros.jpg?fit=880%2C440&ssl=1&resize=350%2C200 1x, https:\/\/i0.wp.com\/lahoradelcampo.com.uy\/site\/wp-content\/uploads\/2018\/05\/Paso-de-los-toros.jpg?fit=880%2C440&ssl=1&resize=525%2C300 1.5x, https:\/\/i0.wp.com\/lahoradelcampo.com.uy\/site\/wp-content\/uploads\/2018\/05\/Paso-de-los-toros.jpg?fit=880%2C440&ssl=1&resize=700%2C400 2x"},"classes":[]},{"id":31514,"url":"https:\/\/lahoradelcampo.com.uy\/site\/manana-se-realiza-el-congreso-de-la-federacion-rural-del-uruguay\/","url_meta":{"origin":40371,"position":5},"title":"Ma\u00f1ana se realiza el Congreso de la Federaci\u00f3n Rural del Uruguay","author":"La Hora del Campo","date":"25 junio, 2021","format":false,"excerpt":"En la jornada de ma\u00f1ana s\u00e1bado, 26 de junio, se realiza el Congreso Anual de la Federaci\u00f3n Rural del Uruguay. A pesar del pedido de las federadas que el congreso se realizara de forma presencial, con los referentes de los distintos puntos del pa\u00eds y debatir las diferentes ponencias de\u2026","rel":"","context":"En \u00abActualidad\u00bb","block_context":{"text":"Actualidad","link":"https:\/\/lahoradelcampo.com.uy\/site\/category\/actualidad\/"},"img":{"alt_text":"","src":"https:\/\/i0.wp.com\/lahoradelcampo.com.uy\/site\/wp-content\/uploads\/2018\/03\/web-federacion.jpg?fit=880%2C440&ssl=1&resize=350%2C200","width":350,"height":200,"srcset":"https:\/\/i0.wp.com\/lahoradelcampo.com.uy\/site\/wp-content\/uploads\/2018\/03\/web-federacion.jpg?fit=880%2C440&ssl=1&resize=350%2C200 1x, https:\/\/i0.wp.com\/lahoradelcampo.com.uy\/site\/wp-content\/uploads\/2018\/03\/web-federacion.jpg?fit=880%2C440&ssl=1&resize=525%2C300 1.5x, https:\/\/i0.wp.com\/lahoradelcampo.com.uy\/site\/wp-content\/uploads\/2018\/03\/web-federacion.jpg?fit=880%2C440&ssl=1&resize=700%2C400 2x"},"classes":[]}],"jetpack_likes_enabled":true,"_links":{"self":[{"href":"https:\/\/lahoradelcampo.com.uy\/site\/wp-json\/wp\/v2\/posts\/40371","targetHints":{"allow":["GET"]}}],"collection":[{"href":"https:\/\/lahoradelcampo.com.uy\/site\/wp-json\/wp\/v2\/posts"}],"about":[{"href":"https:\/\/lahoradelcampo.com.uy\/site\/wp-json\/wp\/v2\/types\/post"}],"author":[{"embeddable":true,"href":"https:\/\/lahoradelcampo.com.uy\/site\/wp-json\/wp\/v2\/users\/5"}],"replies":[{"embeddable":true,"href":"https:\/\/lahoradelcampo.com.uy\/site\/wp-json\/wp\/v2\/comments?post=40371"}],"version-history":[{"count":1,"href":"https:\/\/lahoradelcampo.com.uy\/site\/wp-json\/wp\/v2\/posts\/40371\/revisions"}],"predecessor-version":[{"id":40373,"href":"https:\/\/lahoradelcampo.com.uy\/site\/wp-json\/wp\/v2\/posts\/40371\/revisions\/40373"}],"wp:featuredmedia":[{"embeddable":true,"href":"https:\/\/lahoradelcampo.com.uy\/site\/wp-json\/wp\/v2\/media\/11137"}],"wp:attachment":[{"href":"https:\/\/lahoradelcampo.com.uy\/site\/wp-json\/wp\/v2\/media?parent=40371"}],"wp:term":[{"taxonomy":"category","embeddable":true,"href":"https:\/\/lahoradelcampo.com.uy\/site\/wp-json\/wp\/v2\/categories?post=40371"},{"taxonomy":"post_tag","embeddable":true,"href":"https:\/\/lahoradelcampo.com.uy\/site\/wp-json\/wp\/v2\/tags?post=40371"}],"curies":[{"name":"wp","href":"https:\/\/api.w.org\/{rel}","templated":true}]}}